{"id":97005,"date":"2022-11-08T23:33:59","date_gmt":"2022-11-08T23:33:59","guid":{"rendered":"https:\/\/quehacerpolitico.mx\/?p=97005"},"modified":"2022-11-08T23:34:03","modified_gmt":"2022-11-08T23:34:03","slug":"ricardo-monreal-obtiene-amparo-contra-menciones-en-programa-de-layda-sansores","status":"publish","type":"post","link":"https:\/\/quehacerpolitico.mx\/?p=97005","title":{"rendered":"Ricardo Monreal obtiene amparo contra menciones en programa de Layda Sansores"},"content":{"rendered":"\n<p>Por Redacci\u00f3n QP<\/p>\n\n\n\n<p>La gobernadora de Campeche deber\u00e1 bajar de inmediato de redes sociales las publicaciones que se refieren al senador<\/p>\n\n\n\n<p>Un juez admiti\u00f3 la demanda de amparo interpuesta por el senador Ricardo Monreal, a quien se le concedi\u00f3 la suspensi\u00f3n provisional que, de acuerdo con la tesis de jurisprudencia de la Suprema Corte de Justicia de la Naci\u00f3n, procede para que la gobernadora de Campeche, Layda Sansores, y dem\u00e1s autoridades\u00a0<strong>eliminen de Internet y de las redes sociales las publicaciones &#8220;que a todas luces son falsas<\/strong>, carentes de veracidad, objetividad e imparcialidad, adem\u00e1s de que con su utilizaci\u00f3n las autoridades act\u00faan con ilegalidad, rebasando sus facultades&#8221;.<\/p>\n\n\n\n<p>El equipo legal del legislador se\u00f1al\u00f3 que haber optado por la v\u00eda de la autoridad persecutora de delitos y la jurisdiccional tiene por prop\u00f3sito evidenciar\u00a0<strong>las burdas e ilegales maniobras de ataques sistem\u00e1ticos, con motivaciones pol\u00edticas, emprendidas contra el senador Ricardo Monreal.<\/strong><\/p>\n\n\n\n<p>Record\u00f3 que con motivo de las intervenciones de comunicaciones privadas que realiz\u00f3 y difundi\u00f3 Layda Sansores, el senador Ricardo Monreal interpuso ante la Fiscal\u00eda General de la Rep\u00fablica una denuncia penal por varios delitos, entre ellos, intervenci\u00f3n y difusi\u00f3n de conversaciones privadas y peculado, por lo que la carpeta de investigaci\u00f3n se est\u00e1 integrando, y se procede a su desahogo en t\u00e9rminos de ley.<\/p>\n\n\n\n<p><strong>Los mensajes fueron publicados el 23 de octubre y el 1 de noviembre de 2022 en diversas redes sociales<\/strong>, as\u00ed como el 25 de octubre de 2022 en el programa<strong>&nbsp;&#8220;El Martes del Jaguar&#8221;.<\/strong><\/p>\n\n\n\n<p>Independientemente de esta denuncia penal, el senador Ricardo Monreal \u00c1vila promovi\u00f3 una demanda de amparo contra actos ilegales de la gobernadora del estado de Campeche y otras autoridades, misma que est\u00e1 registrada en el juicio 1819\/2022, de fecha jueves 3 de noviembre del presente a\u00f1o.<\/p>\n\n\n\n<p>Con informaci\u00f3n de SUN<\/p>\n","protected":false},"excerpt":{"rendered":"<p>Por Redacci\u00f3n QP La gobernadora de Campeche deber\u00e1 bajar de inmediato de redes sociales las&#8230;<\/p>\n","protected":false},"author":2,"featured_media":97006,"comment_status":"open","ping_status":"open","sticky":false,"template":"","format":"standard","meta":{"_monsterinsights_skip_tracking":false,"_monsterinsights_sitenote_active":false,"_monsterinsights_sitenote_note":"","_monsterinsights_sitenote_category":0,"footnotes":""},"categories":[2],"tags":[],"class_list":["post-97005","post","type-post","status-publish","format-standard","has-post-thumbnail","hentry","category-noticias"],"yoast_head":"<!-- This site is optimized with the Yoast SEO plugin v27.3 - https:\/\/yoast.com\/product\/yoast-seo-wordpress\/ -->\n<title>Ricardo Monreal obtiene amparo contra menciones en programa de Layda Sansores -<\/title>\n<meta name=\"robots\" content=\"index, follow, max-snippet:-1, max-image-preview:large, max-video-preview:-1\" \/>\n<link rel=\"canonical\" href=\"https:\/\/quehacerpolitico.mx\/?p=97005\" \/>\n<meta property=\"og:locale\" content=\"es_MX\" \/>\n<meta property=\"og:type\" content=\"article\" \/>\n<meta property=\"og:title\" content=\"Ricardo Monreal obtiene amparo contra menciones en programa de Layda Sansores -\" \/>\n<meta property=\"og:description\" content=\"Por Redacci\u00f3n QP La gobernadora de Campeche deber\u00e1 bajar de inmediato de redes sociales las...\" \/>\n<meta property=\"og:url\" content=\"https:\/\/quehacerpolitico.mx\/?p=97005\" \/>\n<meta property=\"article:published_time\" content=\"2022-11-08T23:33:59+00:00\" \/>\n<meta property=\"article:modified_time\" content=\"2022-11-08T23:34:03+00:00\" \/>\n<meta property=\"og:image\" content=\"https:\/\/quehacerpolitico.mx\/wp-content\/uploads\/2022\/11\/CF4ED835-F9CC-4182-9B50-FA31D02AB993.jpeg\" \/>\n\t<meta property=\"og:image:width\" content=\"1280\" \/>\n\t<meta property=\"og:image:height\" content=\"850\" \/>\n\t<meta property=\"og:image:type\" content=\"image\/jpeg\" \/>\n<meta name=\"author\" content=\"Redacci\u00f3n QP\" \/>\n<meta name=\"twitter:card\" content=\"summary_large_image\" \/>\n<meta name=\"twitter:label1\" content=\"Escrito por\" \/>\n\t<meta name=\"twitter:data1\" content=\"Redacci\u00f3n QP\" \/>\n\t<meta name=\"twitter:label2\" content=\"Tiempo de lectura\" \/>\n\t<meta name=\"twitter:data2\" content=\"2 minutos\" \/>\n<script type=\"application\/ld+json\" class=\"yoast-schema-graph\">{\"@context\":\"https:\\\/\\\/schema.org\",\"@graph\":[{\"@type\":\"Article\",\"@id\":\"https:\\\/\\\/quehacerpolitico.mx\\\/?p=97005#article\",\"isPartOf\":{\"@id\":\"https:\\\/\\\/quehacerpolitico.mx\\\/?p=97005\"},\"author\":{\"name\":\"Redacci\u00f3n QP\",\"@id\":\"https:\\\/\\\/quehacerpolitico.mx\\\/#\\\/schema\\\/person\\\/496d8ad2d1d3f8036101dca7ee39e585\"},\"headline\":\"Ricardo Monreal obtiene amparo contra menciones en programa de Layda Sansores\",\"datePublished\":\"2022-11-08T23:33:59+00:00\",\"dateModified\":\"2022-11-08T23:34:03+00:00\",\"mainEntityOfPage\":{\"@id\":\"https:\\\/\\\/quehacerpolitico.mx\\\/?p=97005\"},\"wordCount\":321,\"commentCount\":0,\"image\":{\"@id\":\"https:\\\/\\\/quehacerpolitico.mx\\\/?p=97005#primaryimage\"},\"thumbnailUrl\":\"https:\\\/\\\/quehacerpolitico.mx\\\/wp-content\\\/uploads\\\/2022\\\/11\\\/CF4ED835-F9CC-4182-9B50-FA31D02AB993.jpeg\",\"articleSection\":[\"Noticias\"],\"inLanguage\":\"es\",\"potentialAction\":[{\"@type\":\"CommentAction\",\"name\":\"Comment\",\"target\":[\"https:\\\/\\\/quehacerpolitico.mx\\\/?p=97005#respond\"]}]},{\"@type\":\"WebPage\",\"@id\":\"https:\\\/\\\/quehacerpolitico.mx\\\/?p=97005\",\"url\":\"https:\\\/\\\/quehacerpolitico.mx\\\/?p=97005\",\"name\":\"Ricardo Monreal obtiene amparo contra menciones en programa de Layda Sansores -\",\"isPartOf\":{\"@id\":\"https:\\\/\\\/quehacerpolitico.mx\\\/#website\"},\"primaryImageOfPage\":{\"@id\":\"https:\\\/\\\/quehacerpolitico.mx\\\/?p=97005#primaryimage\"},\"image\":{\"@id\":\"https:\\\/\\\/quehacerpolitico.mx\\\/?p=97005#primaryimage\"},\"thumbnailUrl\":\"https:\\\/\\\/quehacerpolitico.mx\\\/wp-content\\\/uploads\\\/2022\\\/11\\\/CF4ED835-F9CC-4182-9B50-FA31D02AB993.jpeg\",\"datePublished\":\"2022-11-08T23:33:59+00:00\",\"dateModified\":\"2022-11-08T23:34:03+00:00\",\"author\":{\"@id\":\"https:\\\/\\\/quehacerpolitico.mx\\\/#\\\/schema\\\/person\\\/496d8ad2d1d3f8036101dca7ee39e585\"},\"breadcrumb\":{\"@id\":\"https:\\\/\\\/quehacerpolitico.mx\\\/?p=97005#breadcrumb\"},\"inLanguage\":\"es\",\"potentialAction\":[{\"@type\":\"ReadAction\",\"target\":[\"https:\\\/\\\/quehacerpolitico.mx\\\/?p=97005\"]}]},{\"@type\":\"ImageObject\",\"inLanguage\":\"es\",\"@id\":\"https:\\\/\\\/quehacerpolitico.mx\\\/?p=97005#primaryimage\",\"url\":\"https:\\\/\\\/quehacerpolitico.mx\\\/wp-content\\\/uploads\\\/2022\\\/11\\\/CF4ED835-F9CC-4182-9B50-FA31D02AB993.jpeg\",\"contentUrl\":\"https:\\\/\\\/quehacerpolitico.mx\\\/wp-content\\\/uploads\\\/2022\\\/11\\\/CF4ED835-F9CC-4182-9B50-FA31D02AB993.jpeg\",\"width\":1280,\"height\":850},{\"@type\":\"BreadcrumbList\",\"@id\":\"https:\\\/\\\/quehacerpolitico.mx\\\/?p=97005#breadcrumb\",\"itemListElement\":[{\"@type\":\"ListItem\",\"position\":1,\"name\":\"Inicio\",\"item\":\"https:\\\/\\\/quehacerpolitico.mx\\\/\"},{\"@type\":\"ListItem\",\"position\":2,\"name\":\"Ricardo Monreal obtiene amparo contra menciones en programa de Layda Sansores\"}]},{\"@type\":\"WebSite\",\"@id\":\"https:\\\/\\\/quehacerpolitico.mx\\\/#website\",\"url\":\"https:\\\/\\\/quehacerpolitico.mx\\\/\",\"name\":\"\",\"description\":\"\",\"potentialAction\":[{\"@type\":\"SearchAction\",\"target\":{\"@type\":\"EntryPoint\",\"urlTemplate\":\"https:\\\/\\\/quehacerpolitico.mx\\\/?s={search_term_string}\"},\"query-input\":{\"@type\":\"PropertyValueSpecification\",\"valueRequired\":true,\"valueName\":\"search_term_string\"}}],\"inLanguage\":\"es\"},{\"@type\":\"Person\",\"@id\":\"https:\\\/\\\/quehacerpolitico.mx\\\/#\\\/schema\\\/person\\\/496d8ad2d1d3f8036101dca7ee39e585\",\"name\":\"Redacci\u00f3n QP\",\"image\":{\"@type\":\"ImageObject\",\"inLanguage\":\"es\",\"@id\":\"https:\\\/\\\/secure.gravatar.com\\\/avatar\\\/c7164ed6fdec453195284ad24a5ae5b6e1eed2b848477fa2a4787ba9adf39a41?s=96&d=mm&r=g\",\"url\":\"https:\\\/\\\/secure.gravatar.com\\\/avatar\\\/c7164ed6fdec453195284ad24a5ae5b6e1eed2b848477fa2a4787ba9adf39a41?s=96&d=mm&r=g\",\"contentUrl\":\"https:\\\/\\\/secure.gravatar.com\\\/avatar\\\/c7164ed6fdec453195284ad24a5ae5b6e1eed2b848477fa2a4787ba9adf39a41?s=96&d=mm&r=g\",\"caption\":\"Redacci\u00f3n QP\"},\"url\":\"https:\\\/\\\/quehacerpolitico.mx\\\/?author=2\"}]}<\/script>\n<!-- \/ Yoast SEO plugin. -->","yoast_head_json":{"title":"Ricardo Monreal obtiene amparo contra menciones en programa de Layda Sansores -","robots":{"index":"index","follow":"follow","max-snippet":"max-snippet:-1","max-image-preview":"max-image-preview:large","max-video-preview":"max-video-preview:-1"},"canonical":"https:\/\/quehacerpolitico.mx\/?p=97005","og_locale":"es_MX","og_type":"article","og_title":"Ricardo Monreal obtiene amparo contra menciones en programa de Layda Sansores -","og_description":"Por Redacci\u00f3n QP La gobernadora de Campeche deber\u00e1 bajar de inmediato de redes sociales las...","og_url":"https:\/\/quehacerpolitico.mx\/?p=97005","article_published_time":"2022-11-08T23:33:59+00:00","article_modified_time":"2022-11-08T23:34:03+00:00","og_image":[{"width":1280,"height":850,"url":"https:\/\/quehacerpolitico.mx\/wp-content\/uploads\/2022\/11\/CF4ED835-F9CC-4182-9B50-FA31D02AB993.jpeg","type":"image\/jpeg"}],"author":"Redacci\u00f3n QP","twitter_card":"summary_large_image","twitter_misc":{"Escrito por":"Redacci\u00f3n QP","Tiempo de lectura":"2 minutos"},"schema":{"@context":"https:\/\/schema.org","@graph":[{"@type":"Article","@id":"https:\/\/quehacerpolitico.mx\/?p=97005#article","isPartOf":{"@id":"https:\/\/quehacerpolitico.mx\/?p=97005"},"author":{"name":"Redacci\u00f3n QP","@id":"https:\/\/quehacerpolitico.mx\/#\/schema\/person\/496d8ad2d1d3f8036101dca7ee39e585"},"headline":"Ricardo Monreal obtiene amparo contra menciones en programa de Layda Sansores","datePublished":"2022-11-08T23:33:59+00:00","dateModified":"2022-11-08T23:34:03+00:00","mainEntityOfPage":{"@id":"https:\/\/quehacerpolitico.mx\/?p=97005"},"wordCount":321,"commentCount":0,"image":{"@id":"https:\/\/quehacerpolitico.mx\/?p=97005#primaryimage"},"thumbnailUrl":"https:\/\/quehacerpolitico.mx\/wp-content\/uploads\/2022\/11\/CF4ED835-F9CC-4182-9B50-FA31D02AB993.jpeg","articleSection":["Noticias"],"inLanguage":"es","potentialAction":[{"@type":"CommentAction","name":"Comment","target":["https:\/\/quehacerpolitico.mx\/?p=97005#respond"]}]},{"@type":"WebPage","@id":"https:\/\/quehacerpolitico.mx\/?p=97005","url":"https:\/\/quehacerpolitico.mx\/?p=97005","name":"Ricardo Monreal obtiene amparo contra menciones en programa de Layda Sansores -","isPartOf":{"@id":"https:\/\/quehacerpolitico.mx\/#website"},"primaryImageOfPage":{"@id":"https:\/\/quehacerpolitico.mx\/?p=97005#primaryimage"},"image":{"@id":"https:\/\/quehacerpolitico.mx\/?p=97005#primaryimage"},"thumbnailUrl":"https:\/\/quehacerpolitico.mx\/wp-content\/uploads\/2022\/11\/CF4ED835-F9CC-4182-9B50-FA31D02AB993.jpeg","datePublished":"2022-11-08T23:33:59+00:00","dateModified":"2022-11-08T23:34:03+00:00","author":{"@id":"https:\/\/quehacerpolitico.mx\/#\/schema\/person\/496d8ad2d1d3f8036101dca7ee39e585"},"breadcrumb":{"@id":"https:\/\/quehacerpolitico.mx\/?p=97005#breadcrumb"},"inLanguage":"es","potentialAction":[{"@type":"ReadAction","target":["https:\/\/quehacerpolitico.mx\/?p=97005"]}]},{"@type":"ImageObject","inLanguage":"es","@id":"https:\/\/quehacerpolitico.mx\/?p=97005#primaryimage","url":"https:\/\/quehacerpolitico.mx\/wp-content\/uploads\/2022\/11\/CF4ED835-F9CC-4182-9B50-FA31D02AB993.jpeg","contentUrl":"https:\/\/quehacerpolitico.mx\/wp-content\/uploads\/2022\/11\/CF4ED835-F9CC-4182-9B50-FA31D02AB993.jpeg","width":1280,"height":850},{"@type":"BreadcrumbList","@id":"https:\/\/quehacerpolitico.mx\/?p=97005#breadcrumb","itemListElement":[{"@type":"ListItem","position":1,"name":"Inicio","item":"https:\/\/quehacerpolitico.mx\/"},{"@type":"ListItem","position":2,"name":"Ricardo Monreal obtiene amparo contra menciones en programa de Layda Sansores"}]},{"@type":"WebSite","@id":"https:\/\/quehacerpolitico.mx\/#website","url":"https:\/\/quehacerpolitico.mx\/","name":"","description":"","potentialAction":[{"@type":"SearchAction","target":{"@type":"EntryPoint","urlTemplate":"https:\/\/quehacerpolitico.mx\/?s={search_term_string}"},"query-input":{"@type":"PropertyValueSpecification","valueRequired":true,"valueName":"search_term_string"}}],"inLanguage":"es"},{"@type":"Person","@id":"https:\/\/quehacerpolitico.mx\/#\/schema\/person\/496d8ad2d1d3f8036101dca7ee39e585","name":"Redacci\u00f3n QP","image":{"@type":"ImageObject","inLanguage":"es","@id":"https:\/\/secure.gravatar.com\/avatar\/c7164ed6fdec453195284ad24a5ae5b6e1eed2b848477fa2a4787ba9adf39a41?s=96&d=mm&r=g","url":"https:\/\/secure.gravatar.com\/avatar\/c7164ed6fdec453195284ad24a5ae5b6e1eed2b848477fa2a4787ba9adf39a41?s=96&d=mm&r=g","contentUrl":"https:\/\/secure.gravatar.com\/avatar\/c7164ed6fdec453195284ad24a5ae5b6e1eed2b848477fa2a4787ba9adf39a41?s=96&d=mm&r=g","caption":"Redacci\u00f3n QP"},"url":"https:\/\/quehacerpolitico.mx\/?author=2"}]}},"featured_image_urls":{"full":["https:\/\/quehacerpolitico.mx\/wp-content\/uploads\/2022\/11\/CF4ED835-F9CC-4182-9B50-FA31D02AB993.jpeg",1280,850,false],"thumbnail":["https:\/\/quehacerpolitico.mx\/wp-content\/uploads\/2022\/11\/CF4ED835-F9CC-4182-9B50-FA31D02AB993-150x150.jpeg",150,150,true],"medium":["https:\/\/quehacerpolitico.mx\/wp-content\/uploads\/2022\/11\/CF4ED835-F9CC-4182-9B50-FA31D02AB993-300x199.jpeg",300,199,true],"medium_large":["https:\/\/quehacerpolitico.mx\/wp-content\/uploads\/2022\/11\/CF4ED835-F9CC-4182-9B50-FA31D02AB993-768x510.jpeg",640,425,true],"large":["https:\/\/quehacerpolitico.mx\/wp-content\/uploads\/2022\/11\/CF4ED835-F9CC-4182-9B50-FA31D02AB993-1024x680.jpeg",640,425,true],"1536x1536":["https:\/\/quehacerpolitico.mx\/wp-content\/uploads\/2022\/11\/CF4ED835-F9CC-4182-9B50-FA31D02AB993.jpeg",1280,850,false],"2048x2048":["https:\/\/quehacerpolitico.mx\/wp-content\/uploads\/2022\/11\/CF4ED835-F9CC-4182-9B50-FA31D02AB993.jpeg",1280,850,false],"covernews-featured":["https:\/\/quehacerpolitico.mx\/wp-content\/uploads\/2022\/11\/CF4ED835-F9CC-4182-9B50-FA31D02AB993.jpeg",1024,680,false],"covernews-medium":["https:\/\/quehacerpolitico.mx\/wp-content\/uploads\/2022\/11\/CF4ED835-F9CC-4182-9B50-FA31D02AB993.jpeg",512,340,false]},"author_info":{"display_name":"Redacci\u00f3n QP","author_link":"https:\/\/quehacerpolitico.mx\/?author=2"},"category_info":"<a href=\"https:\/\/quehacerpolitico.mx\/?cat=2\" rel=\"category\">Noticias<\/a>","tag_info":"Noticias","comment_count":"0","_links":{"self":[{"href":"https:\/\/quehacerpolitico.mx\/index.php?rest_route=\/wp\/v2\/posts\/97005","targetHints":{"allow":["GET"]}}],"collection":[{"href":"https:\/\/quehacerpolitico.mx\/index.php?rest_route=\/wp\/v2\/posts"}],"about":[{"href":"https:\/\/quehacerpolitico.mx\/index.php?rest_route=\/wp\/v2\/types\/post"}],"author":[{"embeddable":true,"href":"https:\/\/quehacerpolitico.mx\/index.php?rest_route=\/wp\/v2\/users\/2"}],"replies":[{"embeddable":true,"href":"https:\/\/quehacerpolitico.mx\/index.php?rest_route=%2Fwp%2Fv2%2Fcomments&post=97005"}],"version-history":[{"count":1,"href":"https:\/\/quehacerpolitico.mx\/index.php?rest_route=\/wp\/v2\/posts\/97005\/revisions"}],"predecessor-version":[{"id":97007,"href":"https:\/\/quehacerpolitico.mx\/index.php?rest_route=\/wp\/v2\/posts\/97005\/revisions\/97007"}],"wp:featuredmedia":[{"embeddable":true,"href":"https:\/\/quehacerpolitico.mx\/index.php?rest_route=\/wp\/v2\/media\/97006"}],"wp:attachment":[{"href":"https:\/\/quehacerpolitico.mx\/index.php?rest_route=%2Fwp%2Fv2%2Fmedia&parent=97005"}],"wp:term":[{"taxonomy":"category","embeddable":true,"href":"https:\/\/quehacerpolitico.mx\/index.php?rest_route=%2Fwp%2Fv2%2Fcategories&post=97005"},{"taxonomy":"post_tag","embeddable":true,"href":"https:\/\/quehacerpolitico.mx\/index.php?rest_route=%2Fwp%2Fv2%2Ftags&post=97005"}],"curies":[{"name":"wp","href":"https:\/\/api.w.org\/{rel}","templated":true}]}}