{"id":97002,"date":"2022-11-08T23:12:13","date_gmt":"2022-11-08T23:12:13","guid":{"rendered":"https:\/\/quehacerpolitico.mx\/?p=97002"},"modified":"2022-11-08T23:12:16","modified_gmt":"2022-11-08T23:12:16","slug":"dictan-prision-preventiva-a-rautel-n-por-feminicidio","status":"publish","type":"post","link":"https:\/\/quehacerpolitico.mx\/?p=97002","title":{"rendered":"Dictan prisi\u00f3n preventiva a Rautel &#8220;N&#8221; por feminicidio"},"content":{"rendered":"\n<p>Por Redacci\u00f3n QP<\/p>\n\n\n\n<p>Su defensa solicit\u00f3 la simplicidad del t\u00e9rmino y la audiencia continuar\u00e1 el pr\u00f3ximo domingo, mientras permanecer\u00e1 en prisi\u00f3n en el Reclusorio Norte<\/p>\n\n\n\n<p>En su primera audiencia\u00a0<strong>se le dict\u00f3 prisi\u00f3n preventiva a Rautel &#8220;N&#8221; por el feminicidio de Ariadna Fernanda<\/strong>.<\/p>\n\n\n\n<p><strong>Su defensa solicit\u00f3 la simplicidad del t\u00e9rmino y la audiencia continuar\u00e1 el pr\u00f3ximo domingo<\/strong>, mientras\u00a0<strong>permanecer\u00e1 en prisi\u00f3n en el Reclusorio Norte<\/strong>.<\/p>\n\n\n\n<figure class=\"wp-block-embed is-type-video is-provider-youtube wp-block-embed-youtube wp-embed-aspect-16-9 wp-has-aspect-ratio\"><div class=\"wp-block-embed__wrapper\">\n<iframe loading=\"lazy\" title=\"Dictan prisi\u00f3n preventiva a Rautel &quot;N&quot; por el feminicidio de Ariadna Fernanda\" width=\"640\" height=\"360\" src=\"https:\/\/www.youtube.com\/embed\/LS0OdzpxLko?feature=oembed\" frameborder=\"0\" allow=\"accelerometer; autoplay; clipboard-write; encrypted-media; gyroscope; picture-in-picture; web-share\" referrerpolicy=\"strict-origin-when-cross-origin\" allowfullscreen><\/iframe>\n<\/div><\/figure>\n\n\n\n<h2 class=\"wp-block-heading\">De amigos a feminicidas de Ariadna Fernanda<\/h2>\n\n\n\n<p><strong>Rautel &#8220;N&#8221; y su pareja Vanessa &#8220;N&#8221; son se\u00f1alados por la Fiscal\u00eda capitalina por el feminicidio de Ariadna Fernanda<\/strong>, joven de 27 a\u00f1os que desapareci\u00f3 el 30 de octubre y un d\u00eda despu\u00e9s hallada muerta en el estado de Morelos.<\/p>\n\n\n\n<p><strong>Las autoridades capitalinas presumen que Rautel &#8220;N&#8221; ten\u00eda alg\u00fan v\u00ednculo con personal de la Fiscal\u00eda de Morelos<\/strong>, lo que le favoreci\u00f3 para que dicha dependencia descartara que se trataba de un feminicidio y que la joven hab\u00eda muerto por congesti\u00f3n alcoh\u00f3lica.<\/p>\n\n\n\n<figure class=\"wp-block-embed is-type-rich is-provider-twitter wp-block-embed-twitter\"><div class=\"wp-block-embed__wrapper\">\nhttps:\/\/twitter.com\/c4jimenez\/status\/1590107178798841857?s=46&#038;t=k_EN6A9v1GGn3GVbapsJsA\n<\/div><\/figure>\n\n\n\n<figure class=\"wp-block-embed is-type-rich is-provider-twitter wp-block-embed-twitter\"><div class=\"wp-block-embed__wrapper\">\nhttps:\/\/twitter.com\/c4jimenez\/status\/1590086240657104898?s=46&#038;t=k_EN6A9v1GGn3GVbapsJsA\n<\/div><\/figure>\n\n\n\n<p>Su pareja, Vanessa &#8220;N&#8221;, tambi\u00e9n fue detenida la madrugada del domingo en Ecatepec.<\/p>\n\n\n\n<p><strong>Ambos, antes de su detenci\u00f3n, hicieron muestras y declaraciones p\u00fablicas, para desviar la atenci\u00f3n<\/strong>.<\/p>\n\n\n\n<p>Con informaci\u00f3n de SUN <\/p>\n","protected":false},"excerpt":{"rendered":"<p>Por Redacci\u00f3n QP Su defensa solicit\u00f3 la simplicidad del t\u00e9rmino y la audiencia continuar\u00e1 el&#8230;<\/p>\n","protected":false},"author":2,"featured_media":97003,"comment_status":"open","ping_status":"open","sticky":false,"template":"","format":"standard","meta":{"_monsterinsights_skip_tracking":false,"_monsterinsights_sitenote_active":false,"_monsterinsights_sitenote_note":"","_monsterinsights_sitenote_category":0,"footnotes":""},"categories":[55],"tags":[],"class_list":["post-97002","post","type-post","status-publish","format-standard","has-post-thumbnail","hentry","category-cdmx"],"yoast_head":"<!-- This site is optimized with the Yoast SEO plugin v27.3 - https:\/\/yoast.com\/product\/yoast-seo-wordpress\/ -->\n<title>Dictan prisi\u00f3n preventiva a Rautel &quot;N&quot; por feminicidio -<\/title>\n<meta name=\"robots\" content=\"index, follow, max-snippet:-1, max-image-preview:large, max-video-preview:-1\" \/>\n<link rel=\"canonical\" href=\"https:\/\/quehacerpolitico.mx\/?p=97002\" \/>\n<meta property=\"og:locale\" content=\"es_MX\" \/>\n<meta property=\"og:type\" content=\"article\" \/>\n<meta property=\"og:title\" content=\"Dictan prisi\u00f3n preventiva a Rautel &quot;N&quot; por feminicidio -\" \/>\n<meta property=\"og:description\" content=\"Por Redacci\u00f3n QP Su defensa solicit\u00f3 la simplicidad del t\u00e9rmino y la audiencia continuar\u00e1 el...\" \/>\n<meta property=\"og:url\" content=\"https:\/\/quehacerpolitico.mx\/?p=97002\" \/>\n<meta property=\"article:published_time\" content=\"2022-11-08T23:12:13+00:00\" \/>\n<meta property=\"article:modified_time\" content=\"2022-11-08T23:12:16+00:00\" \/>\n<meta property=\"og:image\" content=\"https:\/\/quehacerpolitico.mx\/wp-content\/uploads\/2022\/11\/ECAF88E2-3F8B-4486-A9BD-E62499FCD96C.jpeg\" \/>\n\t<meta property=\"og:image:width\" content=\"868\" \/>\n\t<meta property=\"og:image:height\" content=\"910\" \/>\n\t<meta property=\"og:image:type\" content=\"image\/jpeg\" \/>\n<meta name=\"author\" content=\"Redacci\u00f3n QP\" \/>\n<meta name=\"twitter:card\" content=\"summary_large_image\" \/>\n<meta name=\"twitter:label1\" content=\"Escrito por\" \/>\n\t<meta name=\"twitter:data1\" content=\"Redacci\u00f3n QP\" \/>\n\t<meta name=\"twitter:label2\" content=\"Tiempo de lectura\" \/>\n\t<meta name=\"twitter:data2\" content=\"1 minuto\" \/>\n<script type=\"application\/ld+json\" class=\"yoast-schema-graph\">{\"@context\":\"https:\\\/\\\/schema.org\",\"@graph\":[{\"@type\":\"Article\",\"@id\":\"https:\\\/\\\/quehacerpolitico.mx\\\/?p=97002#article\",\"isPartOf\":{\"@id\":\"https:\\\/\\\/quehacerpolitico.mx\\\/?p=97002\"},\"author\":{\"name\":\"Redacci\u00f3n QP\",\"@id\":\"https:\\\/\\\/quehacerpolitico.mx\\\/#\\\/schema\\\/person\\\/496d8ad2d1d3f8036101dca7ee39e585\"},\"headline\":\"Dictan prisi\u00f3n preventiva a Rautel &#8220;N&#8221; por feminicidio\",\"datePublished\":\"2022-11-08T23:12:13+00:00\",\"dateModified\":\"2022-11-08T23:12:16+00:00\",\"mainEntityOfPage\":{\"@id\":\"https:\\\/\\\/quehacerpolitico.mx\\\/?p=97002\"},\"wordCount\":251,\"commentCount\":0,\"image\":{\"@id\":\"https:\\\/\\\/quehacerpolitico.mx\\\/?p=97002#primaryimage\"},\"thumbnailUrl\":\"https:\\\/\\\/quehacerpolitico.mx\\\/wp-content\\\/uploads\\\/2022\\\/11\\\/ECAF88E2-3F8B-4486-A9BD-E62499FCD96C.jpeg\",\"articleSection\":[\"CDMX\"],\"inLanguage\":\"es\",\"potentialAction\":[{\"@type\":\"CommentAction\",\"name\":\"Comment\",\"target\":[\"https:\\\/\\\/quehacerpolitico.mx\\\/?p=97002#respond\"]}]},{\"@type\":\"WebPage\",\"@id\":\"https:\\\/\\\/quehacerpolitico.mx\\\/?p=97002\",\"url\":\"https:\\\/\\\/quehacerpolitico.mx\\\/?p=97002\",\"name\":\"Dictan prisi\u00f3n preventiva a Rautel \\\"N\\\" por feminicidio -\",\"isPartOf\":{\"@id\":\"https:\\\/\\\/quehacerpolitico.mx\\\/#website\"},\"primaryImageOfPage\":{\"@id\":\"https:\\\/\\\/quehacerpolitico.mx\\\/?p=97002#primaryimage\"},\"image\":{\"@id\":\"https:\\\/\\\/quehacerpolitico.mx\\\/?p=97002#primaryimage\"},\"thumbnailUrl\":\"https:\\\/\\\/quehacerpolitico.mx\\\/wp-content\\\/uploads\\\/2022\\\/11\\\/ECAF88E2-3F8B-4486-A9BD-E62499FCD96C.jpeg\",\"datePublished\":\"2022-11-08T23:12:13+00:00\",\"dateModified\":\"2022-11-08T23:12:16+00:00\",\"author\":{\"@id\":\"https:\\\/\\\/quehacerpolitico.mx\\\/#\\\/schema\\\/person\\\/496d8ad2d1d3f8036101dca7ee39e585\"},\"breadcrumb\":{\"@id\":\"https:\\\/\\\/quehacerpolitico.mx\\\/?p=97002#breadcrumb\"},\"inLanguage\":\"es\",\"potentialAction\":[{\"@type\":\"ReadAction\",\"target\":[\"https:\\\/\\\/quehacerpolitico.mx\\\/?p=97002\"]}]},{\"@type\":\"ImageObject\",\"inLanguage\":\"es\",\"@id\":\"https:\\\/\\\/quehacerpolitico.mx\\\/?p=97002#primaryimage\",\"url\":\"https:\\\/\\\/quehacerpolitico.mx\\\/wp-content\\\/uploads\\\/2022\\\/11\\\/ECAF88E2-3F8B-4486-A9BD-E62499FCD96C.jpeg\",\"contentUrl\":\"https:\\\/\\\/quehacerpolitico.mx\\\/wp-content\\\/uploads\\\/2022\\\/11\\\/ECAF88E2-3F8B-4486-A9BD-E62499FCD96C.jpeg\",\"width\":868,\"height\":910},{\"@type\":\"BreadcrumbList\",\"@id\":\"https:\\\/\\\/quehacerpolitico.mx\\\/?p=97002#breadcrumb\",\"itemListElement\":[{\"@type\":\"ListItem\",\"position\":1,\"name\":\"Inicio\",\"item\":\"https:\\\/\\\/quehacerpolitico.mx\\\/\"},{\"@type\":\"ListItem\",\"position\":2,\"name\":\"Dictan prisi\u00f3n preventiva a Rautel &#8220;N&#8221; por feminicidio\"}]},{\"@type\":\"WebSite\",\"@id\":\"https:\\\/\\\/quehacerpolitico.mx\\\/#website\",\"url\":\"https:\\\/\\\/quehacerpolitico.mx\\\/\",\"name\":\"\",\"description\":\"\",\"potentialAction\":[{\"@type\":\"SearchAction\",\"target\":{\"@type\":\"EntryPoint\",\"urlTemplate\":\"https:\\\/\\\/quehacerpolitico.mx\\\/?s={search_term_string}\"},\"query-input\":{\"@type\":\"PropertyValueSpecification\",\"valueRequired\":true,\"valueName\":\"search_term_string\"}}],\"inLanguage\":\"es\"},{\"@type\":\"Person\",\"@id\":\"https:\\\/\\\/quehacerpolitico.mx\\\/#\\\/schema\\\/person\\\/496d8ad2d1d3f8036101dca7ee39e585\",\"name\":\"Redacci\u00f3n QP\",\"image\":{\"@type\":\"ImageObject\",\"inLanguage\":\"es\",\"@id\":\"https:\\\/\\\/secure.gravatar.com\\\/avatar\\\/c7164ed6fdec453195284ad24a5ae5b6e1eed2b848477fa2a4787ba9adf39a41?s=96&d=mm&r=g\",\"url\":\"https:\\\/\\\/secure.gravatar.com\\\/avatar\\\/c7164ed6fdec453195284ad24a5ae5b6e1eed2b848477fa2a4787ba9adf39a41?s=96&d=mm&r=g\",\"contentUrl\":\"https:\\\/\\\/secure.gravatar.com\\\/avatar\\\/c7164ed6fdec453195284ad24a5ae5b6e1eed2b848477fa2a4787ba9adf39a41?s=96&d=mm&r=g\",\"caption\":\"Redacci\u00f3n QP\"},\"url\":\"https:\\\/\\\/quehacerpolitico.mx\\\/?author=2\"}]}<\/script>\n<!-- \/ Yoast SEO plugin. -->","yoast_head_json":{"title":"Dictan prisi\u00f3n preventiva a Rautel \"N\" por feminicidio -","robots":{"index":"index","follow":"follow","max-snippet":"max-snippet:-1","max-image-preview":"max-image-preview:large","max-video-preview":"max-video-preview:-1"},"canonical":"https:\/\/quehacerpolitico.mx\/?p=97002","og_locale":"es_MX","og_type":"article","og_title":"Dictan prisi\u00f3n preventiva a Rautel \"N\" por feminicidio -","og_description":"Por Redacci\u00f3n QP Su defensa solicit\u00f3 la simplicidad del t\u00e9rmino y la audiencia continuar\u00e1 el...","og_url":"https:\/\/quehacerpolitico.mx\/?p=97002","article_published_time":"2022-11-08T23:12:13+00:00","article_modified_time":"2022-11-08T23:12:16+00:00","og_image":[{"width":868,"height":910,"url":"https:\/\/quehacerpolitico.mx\/wp-content\/uploads\/2022\/11\/ECAF88E2-3F8B-4486-A9BD-E62499FCD96C.jpeg","type":"image\/jpeg"}],"author":"Redacci\u00f3n QP","twitter_card":"summary_large_image","twitter_misc":{"Escrito por":"Redacci\u00f3n QP","Tiempo de lectura":"1 minuto"},"schema":{"@context":"https:\/\/schema.org","@graph":[{"@type":"Article","@id":"https:\/\/quehacerpolitico.mx\/?p=97002#article","isPartOf":{"@id":"https:\/\/quehacerpolitico.mx\/?p=97002"},"author":{"name":"Redacci\u00f3n QP","@id":"https:\/\/quehacerpolitico.mx\/#\/schema\/person\/496d8ad2d1d3f8036101dca7ee39e585"},"headline":"Dictan prisi\u00f3n preventiva a Rautel &#8220;N&#8221; por feminicidio","datePublished":"2022-11-08T23:12:13+00:00","dateModified":"2022-11-08T23:12:16+00:00","mainEntityOfPage":{"@id":"https:\/\/quehacerpolitico.mx\/?p=97002"},"wordCount":251,"commentCount":0,"image":{"@id":"https:\/\/quehacerpolitico.mx\/?p=97002#primaryimage"},"thumbnailUrl":"https:\/\/quehacerpolitico.mx\/wp-content\/uploads\/2022\/11\/ECAF88E2-3F8B-4486-A9BD-E62499FCD96C.jpeg","articleSection":["CDMX"],"inLanguage":"es","potentialAction":[{"@type":"CommentAction","name":"Comment","target":["https:\/\/quehacerpolitico.mx\/?p=97002#respond"]}]},{"@type":"WebPage","@id":"https:\/\/quehacerpolitico.mx\/?p=97002","url":"https:\/\/quehacerpolitico.mx\/?p=97002","name":"Dictan prisi\u00f3n preventiva a Rautel \"N\" por feminicidio -","isPartOf":{"@id":"https:\/\/quehacerpolitico.mx\/#website"},"primaryImageOfPage":{"@id":"https:\/\/quehacerpolitico.mx\/?p=97002#primaryimage"},"image":{"@id":"https:\/\/quehacerpolitico.mx\/?p=97002#primaryimage"},"thumbnailUrl":"https:\/\/quehacerpolitico.mx\/wp-content\/uploads\/2022\/11\/ECAF88E2-3F8B-4486-A9BD-E62499FCD96C.jpeg","datePublished":"2022-11-08T23:12:13+00:00","dateModified":"2022-11-08T23:12:16+00:00","author":{"@id":"https:\/\/quehacerpolitico.mx\/#\/schema\/person\/496d8ad2d1d3f8036101dca7ee39e585"},"breadcrumb":{"@id":"https:\/\/quehacerpolitico.mx\/?p=97002#breadcrumb"},"inLanguage":"es","potentialAction":[{"@type":"ReadAction","target":["https:\/\/quehacerpolitico.mx\/?p=97002"]}]},{"@type":"ImageObject","inLanguage":"es","@id":"https:\/\/quehacerpolitico.mx\/?p=97002#primaryimage","url":"https:\/\/quehacerpolitico.mx\/wp-content\/uploads\/2022\/11\/ECAF88E2-3F8B-4486-A9BD-E62499FCD96C.jpeg","contentUrl":"https:\/\/quehacerpolitico.mx\/wp-content\/uploads\/2022\/11\/ECAF88E2-3F8B-4486-A9BD-E62499FCD96C.jpeg","width":868,"height":910},{"@type":"BreadcrumbList","@id":"https:\/\/quehacerpolitico.mx\/?p=97002#breadcrumb","itemListElement":[{"@type":"ListItem","position":1,"name":"Inicio","item":"https:\/\/quehacerpolitico.mx\/"},{"@type":"ListItem","position":2,"name":"Dictan prisi\u00f3n preventiva a Rautel &#8220;N&#8221; por feminicidio"}]},{"@type":"WebSite","@id":"https:\/\/quehacerpolitico.mx\/#website","url":"https:\/\/quehacerpolitico.mx\/","name":"","description":"","potentialAction":[{"@type":"SearchAction","target":{"@type":"EntryPoint","urlTemplate":"https:\/\/quehacerpolitico.mx\/?s={search_term_string}"},"query-input":{"@type":"PropertyValueSpecification","valueRequired":true,"valueName":"search_term_string"}}],"inLanguage":"es"},{"@type":"Person","@id":"https:\/\/quehacerpolitico.mx\/#\/schema\/person\/496d8ad2d1d3f8036101dca7ee39e585","name":"Redacci\u00f3n QP","image":{"@type":"ImageObject","inLanguage":"es","@id":"https:\/\/secure.gravatar.com\/avatar\/c7164ed6fdec453195284ad24a5ae5b6e1eed2b848477fa2a4787ba9adf39a41?s=96&d=mm&r=g","url":"https:\/\/secure.gravatar.com\/avatar\/c7164ed6fdec453195284ad24a5ae5b6e1eed2b848477fa2a4787ba9adf39a41?s=96&d=mm&r=g","contentUrl":"https:\/\/secure.gravatar.com\/avatar\/c7164ed6fdec453195284ad24a5ae5b6e1eed2b848477fa2a4787ba9adf39a41?s=96&d=mm&r=g","caption":"Redacci\u00f3n QP"},"url":"https:\/\/quehacerpolitico.mx\/?author=2"}]}},"featured_image_urls":{"full":["https:\/\/quehacerpolitico.mx\/wp-content\/uploads\/2022\/11\/ECAF88E2-3F8B-4486-A9BD-E62499FCD96C.jpeg",868,910,false],"thumbnail":["https:\/\/quehacerpolitico.mx\/wp-content\/uploads\/2022\/11\/ECAF88E2-3F8B-4486-A9BD-E62499FCD96C-150x150.jpeg",150,150,true],"medium":["https:\/\/quehacerpolitico.mx\/wp-content\/uploads\/2022\/11\/ECAF88E2-3F8B-4486-A9BD-E62499FCD96C-286x300.jpeg",286,300,true],"medium_large":["https:\/\/quehacerpolitico.mx\/wp-content\/uploads\/2022\/11\/ECAF88E2-3F8B-4486-A9BD-E62499FCD96C-768x805.jpeg",640,671,true],"large":["https:\/\/quehacerpolitico.mx\/wp-content\/uploads\/2022\/11\/ECAF88E2-3F8B-4486-A9BD-E62499FCD96C.jpeg",640,671,false],"1536x1536":["https:\/\/quehacerpolitico.mx\/wp-content\/uploads\/2022\/11\/ECAF88E2-3F8B-4486-A9BD-E62499FCD96C.jpeg",868,910,false],"2048x2048":["https:\/\/quehacerpolitico.mx\/wp-content\/uploads\/2022\/11\/ECAF88E2-3F8B-4486-A9BD-E62499FCD96C.jpeg",868,910,false],"covernews-featured":["https:\/\/quehacerpolitico.mx\/wp-content\/uploads\/2022\/11\/ECAF88E2-3F8B-4486-A9BD-E62499FCD96C.jpeg",868,910,false],"covernews-medium":["https:\/\/quehacerpolitico.mx\/wp-content\/uploads\/2022\/11\/ECAF88E2-3F8B-4486-A9BD-E62499FCD96C.jpeg",324,340,false]},"author_info":{"display_name":"Redacci\u00f3n QP","author_link":"https:\/\/quehacerpolitico.mx\/?author=2"},"category_info":"<a href=\"https:\/\/quehacerpolitico.mx\/?cat=55\" rel=\"category\">CDMX<\/a>","tag_info":"CDMX","comment_count":"0","_links":{"self":[{"href":"https:\/\/quehacerpolitico.mx\/index.php?rest_route=\/wp\/v2\/posts\/97002","targetHints":{"allow":["GET"]}}],"collection":[{"href":"https:\/\/quehacerpolitico.mx\/index.php?rest_route=\/wp\/v2\/posts"}],"about":[{"href":"https:\/\/quehacerpolitico.mx\/index.php?rest_route=\/wp\/v2\/types\/post"}],"author":[{"embeddable":true,"href":"https:\/\/quehacerpolitico.mx\/index.php?rest_route=\/wp\/v2\/users\/2"}],"replies":[{"embeddable":true,"href":"https:\/\/quehacerpolitico.mx\/index.php?rest_route=%2Fwp%2Fv2%2Fcomments&post=97002"}],"version-history":[{"count":1,"href":"https:\/\/quehacerpolitico.mx\/index.php?rest_route=\/wp\/v2\/posts\/97002\/revisions"}],"predecessor-version":[{"id":97004,"href":"https:\/\/quehacerpolitico.mx\/index.php?rest_route=\/wp\/v2\/posts\/97002\/revisions\/97004"}],"wp:featuredmedia":[{"embeddable":true,"href":"https:\/\/quehacerpolitico.mx\/index.php?rest_route=\/wp\/v2\/media\/97003"}],"wp:attachment":[{"href":"https:\/\/quehacerpolitico.mx\/index.php?rest_route=%2Fwp%2Fv2%2Fmedia&parent=97002"}],"wp:term":[{"taxonomy":"category","embeddable":true,"href":"https:\/\/quehacerpolitico.mx\/index.php?rest_route=%2Fwp%2Fv2%2Fcategories&post=97002"},{"taxonomy":"post_tag","embeddable":true,"href":"https:\/\/quehacerpolitico.mx\/index.php?rest_route=%2Fwp%2Fv2%2Ftags&post=97002"}],"curies":[{"name":"wp","href":"https:\/\/api.w.org\/{rel}","templated":true}]}}