{"id":96989,"date":"2022-11-08T19:48:31","date_gmt":"2022-11-08T19:48:31","guid":{"rendered":"https:\/\/quehacerpolitico.mx\/?p=96989"},"modified":"2022-11-08T19:48:34","modified_gmt":"2022-11-08T19:48:34","slug":"lopez-obrador-recomienda-que-fgr-atraiga-investigacion-de-ariadna-fernanda","status":"publish","type":"post","link":"https:\/\/quehacerpolitico.mx\/?p=96989","title":{"rendered":"L\u00f3pez Obrador recomienda que FGR atraiga investigaci\u00f3n de Ariadna Fernanda"},"content":{"rendered":"\n<p>Por Redacci\u00f3n QP<\/p>\n\n\n\n<p>El Presidente Andres Manuel Lopez Obrador recomend\u00f3 que la FGR atraiga la investigaci\u00f3n del feminicidio de Ariadna Fernanda L\u00f3pez, cuyo cuerpo fue encontrado en la carretera rumbo a Tepoztl\u00e1n, Morelos, en el cual \u2013dijo-\u00a0<strong>debe tener una perspectiva de derechos humanos e incluir a todas las autoridades<\/strong>.<\/p>\n\n\n\n<p>Ayer lunes, la jefa de Gobierno de la Ciudad de M\u00e9xico, Claudia Sheinbaum, acus\u00f3 al fiscal general del estado de Morelos, Uriel Carmona G\u00e1ndara, de&nbsp;<strong>querer encubrir el feminicidio de Ariadna Fernanda L\u00f3pez<\/strong>, debido a que tiene presuntos nexos con Rautel, acusado por la Fiscal\u00eda General de Justicia capitalina (FGJ) de participar en el asesinato.<\/p>\n\n\n\n<p>El Presidente L\u00f3pez Obrador dijo que este es un asunto de justicia que tiene que ver con un asesinato, que\u00a0<strong>tiene que ver con la actuaci\u00f3n de autoridad y es una aberrante violaci\u00f3n de derechos humanos, el hecho horroroso<\/strong>.<\/p>\n\n\n\n<h2 class=\"wp-block-heading\">No debe quedar sin una investigaci\u00f3n de fondo, dice L\u00f3pez Obrador<\/h2>\n\n\n\n<p><strong>&#8220;No debe quedar sin una investigaci\u00f3n de fondo y que no importe para nada qu\u00e9 autoridad fue la que trat\u00f3 de cambiar los hechos\u2026&#8221;<\/strong><\/p>\n\n\n\n<p>&#8220;Como corresponde a las fiscal\u00edas estatales,\u00a0<strong>mi recomendaci\u00f3n es que el asunto lo atraiga la Fiscal\u00eda General de la Rep\u00fablica con un enfoque de derechos humanos para que se resuelva esto lo m\u00e1s pronto posible&#8221;<\/strong>.<\/p>\n\n\n\n<figure class=\"wp-block-embed is-type-rich is-provider-twitter wp-block-embed-twitter\"><div class=\"wp-block-embed__wrapper\">\n<blockquote class=\"twitter-tweet\" data-width=\"550\" data-dnt=\"true\"><p lang=\"es\" dir=\"ltr\">El presidente <a href=\"https:\/\/twitter.com\/lopezobrador_?ref_src=twsrc%5Etfw\">@lopezobrador_<\/a> recomienda que la Fiscal\u00eda General se encargue de la investigaci\u00f3n del feminicidio de Ariadna. <a href=\"https:\/\/t.co\/cDY43iOSNa\">pic.twitter.com\/cDY43iOSNa<\/a><\/p>&mdash; Ruido en la Red (@RuidoEnLaRed) <a href=\"https:\/\/twitter.com\/RuidoEnLaRed\/status\/1590024746842099713?ref_src=twsrc%5Etfw\">November 8, 2022<\/a><\/blockquote><script async src=\"https:\/\/platform.twitter.com\/widgets.js\" charset=\"utf-8\"><\/script>\n<\/div><\/figure>\n\n\n\n<p>Al cuestionarlo si&nbsp;<strong>debe renunciar el Fiscal de Morelos<\/strong>, el Jefe del Ejecutivo dijo que&nbsp;<strong>no se debe adelantar nada, primero se tienen que tener las pruebas<\/strong>.<\/p>\n\n\n\n<p>&#8220;Nosotros nos enteramos temprano porque la Jefa de Gobierno plante\u00f3 el tema en la reuni\u00f3n de Gabinete de seguridad (el lunes por la ma\u00f1ana)&#8221;.<\/p>\n\n\n\n<p>El Presidente L\u00f3pez Obrador expres\u00f3\u00a0<strong>su respaldo a la jefa de Gobierno de la Ciudad de M\u00e9xico<\/strong>\u00a0y al gobernar del Morelos, Cuauht\u00e9moc Blanco, porque todo mundo sabe all\u00e1 que le han hecho la vida pol\u00edtica imposible, por intereses de la delincuencia organizada y de cuello blanco.<\/p>\n\n\n\n<p>Con informaci\u00f3n de SUN<\/p>\n","protected":false},"excerpt":{"rendered":"<p>Por Redacci\u00f3n QP El Presidente Andres Manuel Lopez Obrador recomend\u00f3 que la FGR atraiga la&#8230;<\/p>\n","protected":false},"author":2,"featured_media":96990,"comment_status":"open","ping_status":"open","sticky":false,"template":"","format":"standard","meta":{"_monsterinsights_skip_tracking":false,"_monsterinsights_sitenote_active":false,"_monsterinsights_sitenote_note":"","_monsterinsights_sitenote_category":0,"footnotes":""},"categories":[2],"tags":[],"class_list":["post-96989","post","type-post","status-publish","format-standard","has-post-thumbnail","hentry","category-noticias"],"yoast_head":"<!-- This site is optimized with the Yoast SEO plugin v27.3 - https:\/\/yoast.com\/product\/yoast-seo-wordpress\/ -->\n<title>L\u00f3pez Obrador recomienda que FGR atraiga investigaci\u00f3n de Ariadna Fernanda -<\/title>\n<meta name=\"robots\" content=\"index, follow, max-snippet:-1, max-image-preview:large, max-video-preview:-1\" \/>\n<link rel=\"canonical\" href=\"https:\/\/quehacerpolitico.mx\/?p=96989\" \/>\n<meta property=\"og:locale\" content=\"es_MX\" \/>\n<meta property=\"og:type\" content=\"article\" \/>\n<meta property=\"og:title\" content=\"L\u00f3pez Obrador recomienda que FGR atraiga investigaci\u00f3n de Ariadna Fernanda -\" \/>\n<meta property=\"og:description\" content=\"Por Redacci\u00f3n QP El Presidente Andres Manuel Lopez Obrador recomend\u00f3 que la FGR atraiga la...\" \/>\n<meta property=\"og:url\" content=\"https:\/\/quehacerpolitico.mx\/?p=96989\" \/>\n<meta property=\"article:published_time\" content=\"2022-11-08T19:48:31+00:00\" \/>\n<meta property=\"article:modified_time\" content=\"2022-11-08T19:48:34+00:00\" \/>\n<meta property=\"og:image\" content=\"https:\/\/quehacerpolitico.mx\/wp-content\/uploads\/2022\/11\/70A49EC2-872D-4697-95DF-BC84775445AF.jpeg\" \/>\n\t<meta property=\"og:image:width\" content=\"1284\" \/>\n\t<meta property=\"og:image:height\" content=\"676\" \/>\n\t<meta property=\"og:image:type\" content=\"image\/jpeg\" \/>\n<meta name=\"author\" content=\"Redacci\u00f3n QP\" \/>\n<meta name=\"twitter:card\" content=\"summary_large_image\" \/>\n<meta name=\"twitter:label1\" content=\"Escrito por\" \/>\n\t<meta name=\"twitter:data1\" content=\"Redacci\u00f3n QP\" \/>\n\t<meta name=\"twitter:label2\" content=\"Tiempo de lectura\" \/>\n\t<meta name=\"twitter:data2\" content=\"2 minutos\" \/>\n<script type=\"application\/ld+json\" class=\"yoast-schema-graph\">{\"@context\":\"https:\\\/\\\/schema.org\",\"@graph\":[{\"@type\":\"Article\",\"@id\":\"https:\\\/\\\/quehacerpolitico.mx\\\/?p=96989#article\",\"isPartOf\":{\"@id\":\"https:\\\/\\\/quehacerpolitico.mx\\\/?p=96989\"},\"author\":{\"name\":\"Redacci\u00f3n QP\",\"@id\":\"https:\\\/\\\/quehacerpolitico.mx\\\/#\\\/schema\\\/person\\\/496d8ad2d1d3f8036101dca7ee39e585\"},\"headline\":\"L\u00f3pez Obrador recomienda que FGR atraiga investigaci\u00f3n de Ariadna Fernanda\",\"datePublished\":\"2022-11-08T19:48:31+00:00\",\"dateModified\":\"2022-11-08T19:48:34+00:00\",\"mainEntityOfPage\":{\"@id\":\"https:\\\/\\\/quehacerpolitico.mx\\\/?p=96989\"},\"wordCount\":371,\"commentCount\":0,\"image\":{\"@id\":\"https:\\\/\\\/quehacerpolitico.mx\\\/?p=96989#primaryimage\"},\"thumbnailUrl\":\"https:\\\/\\\/quehacerpolitico.mx\\\/wp-content\\\/uploads\\\/2022\\\/11\\\/70A49EC2-872D-4697-95DF-BC84775445AF.jpeg\",\"articleSection\":[\"Noticias\"],\"inLanguage\":\"es\",\"potentialAction\":[{\"@type\":\"CommentAction\",\"name\":\"Comment\",\"target\":[\"https:\\\/\\\/quehacerpolitico.mx\\\/?p=96989#respond\"]}]},{\"@type\":\"WebPage\",\"@id\":\"https:\\\/\\\/quehacerpolitico.mx\\\/?p=96989\",\"url\":\"https:\\\/\\\/quehacerpolitico.mx\\\/?p=96989\",\"name\":\"L\u00f3pez Obrador recomienda que FGR atraiga investigaci\u00f3n de Ariadna Fernanda -\",\"isPartOf\":{\"@id\":\"https:\\\/\\\/quehacerpolitico.mx\\\/#website\"},\"primaryImageOfPage\":{\"@id\":\"https:\\\/\\\/quehacerpolitico.mx\\\/?p=96989#primaryimage\"},\"image\":{\"@id\":\"https:\\\/\\\/quehacerpolitico.mx\\\/?p=96989#primaryimage\"},\"thumbnailUrl\":\"https:\\\/\\\/quehacerpolitico.mx\\\/wp-content\\\/uploads\\\/2022\\\/11\\\/70A49EC2-872D-4697-95DF-BC84775445AF.jpeg\",\"datePublished\":\"2022-11-08T19:48:31+00:00\",\"dateModified\":\"2022-11-08T19:48:34+00:00\",\"author\":{\"@id\":\"https:\\\/\\\/quehacerpolitico.mx\\\/#\\\/schema\\\/person\\\/496d8ad2d1d3f8036101dca7ee39e585\"},\"breadcrumb\":{\"@id\":\"https:\\\/\\\/quehacerpolitico.mx\\\/?p=96989#breadcrumb\"},\"inLanguage\":\"es\",\"potentialAction\":[{\"@type\":\"ReadAction\",\"target\":[\"https:\\\/\\\/quehacerpolitico.mx\\\/?p=96989\"]}]},{\"@type\":\"ImageObject\",\"inLanguage\":\"es\",\"@id\":\"https:\\\/\\\/quehacerpolitico.mx\\\/?p=96989#primaryimage\",\"url\":\"https:\\\/\\\/quehacerpolitico.mx\\\/wp-content\\\/uploads\\\/2022\\\/11\\\/70A49EC2-872D-4697-95DF-BC84775445AF.jpeg\",\"contentUrl\":\"https:\\\/\\\/quehacerpolitico.mx\\\/wp-content\\\/uploads\\\/2022\\\/11\\\/70A49EC2-872D-4697-95DF-BC84775445AF.jpeg\",\"width\":1284,\"height\":676},{\"@type\":\"BreadcrumbList\",\"@id\":\"https:\\\/\\\/quehacerpolitico.mx\\\/?p=96989#breadcrumb\",\"itemListElement\":[{\"@type\":\"ListItem\",\"position\":1,\"name\":\"Inicio\",\"item\":\"https:\\\/\\\/quehacerpolitico.mx\\\/\"},{\"@type\":\"ListItem\",\"position\":2,\"name\":\"L\u00f3pez Obrador recomienda que FGR atraiga investigaci\u00f3n de Ariadna Fernanda\"}]},{\"@type\":\"WebSite\",\"@id\":\"https:\\\/\\\/quehacerpolitico.mx\\\/#website\",\"url\":\"https:\\\/\\\/quehacerpolitico.mx\\\/\",\"name\":\"\",\"description\":\"\",\"potentialAction\":[{\"@type\":\"SearchAction\",\"target\":{\"@type\":\"EntryPoint\",\"urlTemplate\":\"https:\\\/\\\/quehacerpolitico.mx\\\/?s={search_term_string}\"},\"query-input\":{\"@type\":\"PropertyValueSpecification\",\"valueRequired\":true,\"valueName\":\"search_term_string\"}}],\"inLanguage\":\"es\"},{\"@type\":\"Person\",\"@id\":\"https:\\\/\\\/quehacerpolitico.mx\\\/#\\\/schema\\\/person\\\/496d8ad2d1d3f8036101dca7ee39e585\",\"name\":\"Redacci\u00f3n QP\",\"image\":{\"@type\":\"ImageObject\",\"inLanguage\":\"es\",\"@id\":\"https:\\\/\\\/secure.gravatar.com\\\/avatar\\\/c7164ed6fdec453195284ad24a5ae5b6e1eed2b848477fa2a4787ba9adf39a41?s=96&d=mm&r=g\",\"url\":\"https:\\\/\\\/secure.gravatar.com\\\/avatar\\\/c7164ed6fdec453195284ad24a5ae5b6e1eed2b848477fa2a4787ba9adf39a41?s=96&d=mm&r=g\",\"contentUrl\":\"https:\\\/\\\/secure.gravatar.com\\\/avatar\\\/c7164ed6fdec453195284ad24a5ae5b6e1eed2b848477fa2a4787ba9adf39a41?s=96&d=mm&r=g\",\"caption\":\"Redacci\u00f3n QP\"},\"url\":\"https:\\\/\\\/quehacerpolitico.mx\\\/?author=2\"}]}<\/script>\n<!-- \/ Yoast SEO plugin. -->","yoast_head_json":{"title":"L\u00f3pez Obrador recomienda que FGR atraiga investigaci\u00f3n de Ariadna Fernanda -","robots":{"index":"index","follow":"follow","max-snippet":"max-snippet:-1","max-image-preview":"max-image-preview:large","max-video-preview":"max-video-preview:-1"},"canonical":"https:\/\/quehacerpolitico.mx\/?p=96989","og_locale":"es_MX","og_type":"article","og_title":"L\u00f3pez Obrador recomienda que FGR atraiga investigaci\u00f3n de Ariadna Fernanda -","og_description":"Por Redacci\u00f3n QP El Presidente Andres Manuel Lopez Obrador recomend\u00f3 que la FGR atraiga la...","og_url":"https:\/\/quehacerpolitico.mx\/?p=96989","article_published_time":"2022-11-08T19:48:31+00:00","article_modified_time":"2022-11-08T19:48:34+00:00","og_image":[{"width":1284,"height":676,"url":"https:\/\/quehacerpolitico.mx\/wp-content\/uploads\/2022\/11\/70A49EC2-872D-4697-95DF-BC84775445AF.jpeg","type":"image\/jpeg"}],"author":"Redacci\u00f3n QP","twitter_card":"summary_large_image","twitter_misc":{"Escrito por":"Redacci\u00f3n QP","Tiempo de lectura":"2 minutos"},"schema":{"@context":"https:\/\/schema.org","@graph":[{"@type":"Article","@id":"https:\/\/quehacerpolitico.mx\/?p=96989#article","isPartOf":{"@id":"https:\/\/quehacerpolitico.mx\/?p=96989"},"author":{"name":"Redacci\u00f3n QP","@id":"https:\/\/quehacerpolitico.mx\/#\/schema\/person\/496d8ad2d1d3f8036101dca7ee39e585"},"headline":"L\u00f3pez Obrador recomienda que FGR atraiga investigaci\u00f3n de Ariadna Fernanda","datePublished":"2022-11-08T19:48:31+00:00","dateModified":"2022-11-08T19:48:34+00:00","mainEntityOfPage":{"@id":"https:\/\/quehacerpolitico.mx\/?p=96989"},"wordCount":371,"commentCount":0,"image":{"@id":"https:\/\/quehacerpolitico.mx\/?p=96989#primaryimage"},"thumbnailUrl":"https:\/\/quehacerpolitico.mx\/wp-content\/uploads\/2022\/11\/70A49EC2-872D-4697-95DF-BC84775445AF.jpeg","articleSection":["Noticias"],"inLanguage":"es","potentialAction":[{"@type":"CommentAction","name":"Comment","target":["https:\/\/quehacerpolitico.mx\/?p=96989#respond"]}]},{"@type":"WebPage","@id":"https:\/\/quehacerpolitico.mx\/?p=96989","url":"https:\/\/quehacerpolitico.mx\/?p=96989","name":"L\u00f3pez Obrador recomienda que FGR atraiga investigaci\u00f3n de Ariadna Fernanda -","isPartOf":{"@id":"https:\/\/quehacerpolitico.mx\/#website"},"primaryImageOfPage":{"@id":"https:\/\/quehacerpolitico.mx\/?p=96989#primaryimage"},"image":{"@id":"https:\/\/quehacerpolitico.mx\/?p=96989#primaryimage"},"thumbnailUrl":"https:\/\/quehacerpolitico.mx\/wp-content\/uploads\/2022\/11\/70A49EC2-872D-4697-95DF-BC84775445AF.jpeg","datePublished":"2022-11-08T19:48:31+00:00","dateModified":"2022-11-08T19:48:34+00:00","author":{"@id":"https:\/\/quehacerpolitico.mx\/#\/schema\/person\/496d8ad2d1d3f8036101dca7ee39e585"},"breadcrumb":{"@id":"https:\/\/quehacerpolitico.mx\/?p=96989#breadcrumb"},"inLanguage":"es","potentialAction":[{"@type":"ReadAction","target":["https:\/\/quehacerpolitico.mx\/?p=96989"]}]},{"@type":"ImageObject","inLanguage":"es","@id":"https:\/\/quehacerpolitico.mx\/?p=96989#primaryimage","url":"https:\/\/quehacerpolitico.mx\/wp-content\/uploads\/2022\/11\/70A49EC2-872D-4697-95DF-BC84775445AF.jpeg","contentUrl":"https:\/\/quehacerpolitico.mx\/wp-content\/uploads\/2022\/11\/70A49EC2-872D-4697-95DF-BC84775445AF.jpeg","width":1284,"height":676},{"@type":"BreadcrumbList","@id":"https:\/\/quehacerpolitico.mx\/?p=96989#breadcrumb","itemListElement":[{"@type":"ListItem","position":1,"name":"Inicio","item":"https:\/\/quehacerpolitico.mx\/"},{"@type":"ListItem","position":2,"name":"L\u00f3pez Obrador recomienda que FGR atraiga investigaci\u00f3n de Ariadna Fernanda"}]},{"@type":"WebSite","@id":"https:\/\/quehacerpolitico.mx\/#website","url":"https:\/\/quehacerpolitico.mx\/","name":"","description":"","potentialAction":[{"@type":"SearchAction","target":{"@type":"EntryPoint","urlTemplate":"https:\/\/quehacerpolitico.mx\/?s={search_term_string}"},"query-input":{"@type":"PropertyValueSpecification","valueRequired":true,"valueName":"search_term_string"}}],"inLanguage":"es"},{"@type":"Person","@id":"https:\/\/quehacerpolitico.mx\/#\/schema\/person\/496d8ad2d1d3f8036101dca7ee39e585","name":"Redacci\u00f3n QP","image":{"@type":"ImageObject","inLanguage":"es","@id":"https:\/\/secure.gravatar.com\/avatar\/c7164ed6fdec453195284ad24a5ae5b6e1eed2b848477fa2a4787ba9adf39a41?s=96&d=mm&r=g","url":"https:\/\/secure.gravatar.com\/avatar\/c7164ed6fdec453195284ad24a5ae5b6e1eed2b848477fa2a4787ba9adf39a41?s=96&d=mm&r=g","contentUrl":"https:\/\/secure.gravatar.com\/avatar\/c7164ed6fdec453195284ad24a5ae5b6e1eed2b848477fa2a4787ba9adf39a41?s=96&d=mm&r=g","caption":"Redacci\u00f3n QP"},"url":"https:\/\/quehacerpolitico.mx\/?author=2"}]}},"featured_image_urls":{"full":["https:\/\/quehacerpolitico.mx\/wp-content\/uploads\/2022\/11\/70A49EC2-872D-4697-95DF-BC84775445AF.jpeg",1284,676,false],"thumbnail":["https:\/\/quehacerpolitico.mx\/wp-content\/uploads\/2022\/11\/70A49EC2-872D-4697-95DF-BC84775445AF-150x150.jpeg",150,150,true],"medium":["https:\/\/quehacerpolitico.mx\/wp-content\/uploads\/2022\/11\/70A49EC2-872D-4697-95DF-BC84775445AF-300x158.jpeg",300,158,true],"medium_large":["https:\/\/quehacerpolitico.mx\/wp-content\/uploads\/2022\/11\/70A49EC2-872D-4697-95DF-BC84775445AF-768x404.jpeg",640,337,true],"large":["https:\/\/quehacerpolitico.mx\/wp-content\/uploads\/2022\/11\/70A49EC2-872D-4697-95DF-BC84775445AF-1024x539.jpeg",640,337,true],"1536x1536":["https:\/\/quehacerpolitico.mx\/wp-content\/uploads\/2022\/11\/70A49EC2-872D-4697-95DF-BC84775445AF.jpeg",1284,676,false],"2048x2048":["https:\/\/quehacerpolitico.mx\/wp-content\/uploads\/2022\/11\/70A49EC2-872D-4697-95DF-BC84775445AF.jpeg",1284,676,false],"covernews-featured":["https:\/\/quehacerpolitico.mx\/wp-content\/uploads\/2022\/11\/70A49EC2-872D-4697-95DF-BC84775445AF.jpeg",1024,539,false],"covernews-medium":["https:\/\/quehacerpolitico.mx\/wp-content\/uploads\/2022\/11\/70A49EC2-872D-4697-95DF-BC84775445AF.jpeg",540,284,false]},"author_info":{"display_name":"Redacci\u00f3n QP","author_link":"https:\/\/quehacerpolitico.mx\/?author=2"},"category_info":"<a href=\"https:\/\/quehacerpolitico.mx\/?cat=2\" rel=\"category\">Noticias<\/a>","tag_info":"Noticias","comment_count":"0","_links":{"self":[{"href":"https:\/\/quehacerpolitico.mx\/index.php?rest_route=\/wp\/v2\/posts\/96989","targetHints":{"allow":["GET"]}}],"collection":[{"href":"https:\/\/quehacerpolitico.mx\/index.php?rest_route=\/wp\/v2\/posts"}],"about":[{"href":"https:\/\/quehacerpolitico.mx\/index.php?rest_route=\/wp\/v2\/types\/post"}],"author":[{"embeddable":true,"href":"https:\/\/quehacerpolitico.mx\/index.php?rest_route=\/wp\/v2\/users\/2"}],"replies":[{"embeddable":true,"href":"https:\/\/quehacerpolitico.mx\/index.php?rest_route=%2Fwp%2Fv2%2Fcomments&post=96989"}],"version-history":[{"count":1,"href":"https:\/\/quehacerpolitico.mx\/index.php?rest_route=\/wp\/v2\/posts\/96989\/revisions"}],"predecessor-version":[{"id":96991,"href":"https:\/\/quehacerpolitico.mx\/index.php?rest_route=\/wp\/v2\/posts\/96989\/revisions\/96991"}],"wp:featuredmedia":[{"embeddable":true,"href":"https:\/\/quehacerpolitico.mx\/index.php?rest_route=\/wp\/v2\/media\/96990"}],"wp:attachment":[{"href":"https:\/\/quehacerpolitico.mx\/index.php?rest_route=%2Fwp%2Fv2%2Fmedia&parent=96989"}],"wp:term":[{"taxonomy":"category","embeddable":true,"href":"https:\/\/quehacerpolitico.mx\/index.php?rest_route=%2Fwp%2Fv2%2Fcategories&post=96989"},{"taxonomy":"post_tag","embeddable":true,"href":"https:\/\/quehacerpolitico.mx\/index.php?rest_route=%2Fwp%2Fv2%2Ftags&post=96989"}],"curies":[{"name":"wp","href":"https:\/\/api.w.org\/{rel}","templated":true}]}}