{"id":96980,"date":"2022-11-08T19:06:55","date_gmt":"2022-11-08T19:06:55","guid":{"rendered":"https:\/\/quehacerpolitico.mx\/?p=96980"},"modified":"2022-11-08T19:06:58","modified_gmt":"2022-11-08T19:06:58","slug":"entre-risas-lopez-obrador-se-niega-a-disculparse-con-cordova","status":"publish","type":"post","link":"https:\/\/quehacerpolitico.mx\/?p=96980","title":{"rendered":"Entre risas, L\u00f3pez Obrador se niega a disculparse con C\u00f3rdova"},"content":{"rendered":"\n<p>Por Redacci\u00f3n QP<\/p>\n\n\n\n<p>Por haberlo destapado\u00a0como candidato de la oposici\u00f3n para las elecciones presidenciales de 2024<\/p>\n\n\n\n<p>Entre risas, el Presidente\u00a0Andres Manuel Lopez Obrador se neg\u00f3 a dar una disculpa a Lorenzo C\u00f3rdova, consejero presidente del Instituto Nacional Electoral (INE)\u00a0<strong>por haberlo destapado\u00a0como candidato de la oposici\u00f3n para las elecciones presidenciales de 2024<\/strong>.<\/p>\n\n\n\n<p>En\u00a0conferencia de prensa \u201cma\u00f1anera\u201d y a pregunta expresa, el jefe del Ejecutivo federal\u00a0<strong>se\u00f1al\u00f3 que \u00e9l solo dio a conocer la lista de 43 pol\u00edticos y figuras que aparecen en notas period\u00edsticas como posibles candidatos<\/strong>\u00a0y en donde se ha mencionado al consejero presidente del INE.<\/p>\n\n\n\n<p>Adelant\u00f3 que\u00a0<strong>actualizar\u00e1 esta lista porque ya suman cerca de 100 aspirantes<\/strong>\u00a0para las elecciones de 2024.<\/p>\n\n\n\n<p>&#8220;Ayer el consejero presidente del INE, Lorenzo C\u00f3rdova lo acusa que usted fue quien lo destap\u00f3 como candidato de la oposici\u00f3n y ni siquiera se ha disculpado porque \u00e9l est\u00e1 impedido constitucionalmente, \u00bfQu\u00e9 le responde al respecto?&#8221;, se le pregunt\u00f3.<\/p>\n\n\n\n<p><strong>&#8220;Nada&#8221;<\/strong>, respondi\u00f3 entre risa.<\/p>\n\n\n\n<figure class=\"wp-block-embed is-type-video is-provider-youtube wp-block-embed-youtube wp-embed-aspect-16-9 wp-has-aspect-ratio\"><div class=\"wp-block-embed__wrapper\">\n<iframe loading=\"lazy\" title=\"AMLO se niega a disculparse con Lorenzo C\u00f3rdova por haberlo destapado para 2024\" width=\"640\" height=\"360\" src=\"https:\/\/www.youtube.com\/embed\/nFC420ucnTk?feature=oembed\" frameborder=\"0\" allow=\"accelerometer; autoplay; clipboard-write; encrypted-media; gyroscope; picture-in-picture; web-share\" referrerpolicy=\"strict-origin-when-cross-origin\" allowfullscreen><\/iframe>\n<\/div><\/figure>\n\n\n\n<p>&#8220;\u00bfNo emitir\u00eda esta disculpa que pide el consejero?&#8221;, se le sigui\u00f3 cuestionando.<\/p>\n\n\n\n<p>&#8220;No, yo di a conocer aqu\u00ed una lista de los que se ha pronunciado o los han propuesto o aparecen en las notas period\u00edsticas y \u00e9l aparece como posible candidato. C<strong>reo que di a conocer 43, ahora ya deben de ser m\u00e1s de 100, ya voy a dar conocer la nueva, la voy a actualizar&#8221;<\/strong>, dijo.<\/p>\n\n\n\n<p>&#8220;Lo que \u00e9l dice es que fue usted quien sugiri\u00f3 que ser\u00eda el candidato de la oposici\u00f3n con el af\u00e1n de mermar el trabajo del Instituto&#8221;, se le se\u00f1al\u00f3.<\/p>\n\n\n\n<p>&#8220;No, desde antes ya lo hab\u00edan dicho, de eso no tengo duda, ya hab\u00eda algunos manifestando, ya se hab\u00eda hecho p\u00fablico de que su actuaci\u00f3n ten\u00eda que ver con la idea de que \u00e9l fuese candidato del bloque conservador, pero si no puede legalmente, pues no&#8221;, respondi\u00f3.<\/p>\n\n\n\n<p>Con informaci\u00f3n de SUN<\/p>\n","protected":false},"excerpt":{"rendered":"<p>Por Redacci\u00f3n QP Por haberlo destapado\u00a0como candidato de la oposici\u00f3n para las elecciones presidenciales de&#8230;<\/p>\n","protected":false},"author":2,"featured_media":96981,"comment_status":"open","ping_status":"open","sticky":false,"template":"","format":"standard","meta":{"_monsterinsights_skip_tracking":false,"_monsterinsights_sitenote_active":false,"_monsterinsights_sitenote_note":"","_monsterinsights_sitenote_category":0,"footnotes":""},"categories":[2],"tags":[],"class_list":["post-96980","post","type-post","status-publish","format-standard","has-post-thumbnail","hentry","category-noticias"],"yoast_head":"<!-- This site is optimized with the Yoast SEO plugin v27.3 - https:\/\/yoast.com\/product\/yoast-seo-wordpress\/ -->\n<title>Entre risas, L\u00f3pez Obrador se niega a disculparse con C\u00f3rdova -<\/title>\n<meta name=\"robots\" content=\"index, follow, max-snippet:-1, max-image-preview:large, max-video-preview:-1\" \/>\n<link rel=\"canonical\" href=\"https:\/\/quehacerpolitico.mx\/?p=96980\" \/>\n<meta property=\"og:locale\" content=\"es_MX\" \/>\n<meta property=\"og:type\" content=\"article\" \/>\n<meta property=\"og:title\" content=\"Entre risas, L\u00f3pez Obrador se niega a disculparse con C\u00f3rdova -\" \/>\n<meta property=\"og:description\" content=\"Por Redacci\u00f3n QP Por haberlo destapado\u00a0como candidato de la oposici\u00f3n para las elecciones presidenciales de...\" \/>\n<meta property=\"og:url\" content=\"https:\/\/quehacerpolitico.mx\/?p=96980\" \/>\n<meta property=\"article:published_time\" content=\"2022-11-08T19:06:55+00:00\" \/>\n<meta property=\"article:modified_time\" content=\"2022-11-08T19:06:58+00:00\" \/>\n<meta property=\"og:image\" content=\"https:\/\/quehacerpolitico.mx\/wp-content\/uploads\/2022\/11\/EEA2DC2B-571D-443B-AABF-3EA2AF237BEF.jpeg\" \/>\n\t<meta property=\"og:image:width\" content=\"945\" \/>\n\t<meta property=\"og:image:height\" content=\"704\" \/>\n\t<meta property=\"og:image:type\" content=\"image\/jpeg\" \/>\n<meta name=\"author\" content=\"Redacci\u00f3n QP\" \/>\n<meta name=\"twitter:card\" content=\"summary_large_image\" \/>\n<meta name=\"twitter:label1\" content=\"Escrito por\" \/>\n\t<meta name=\"twitter:data1\" content=\"Redacci\u00f3n QP\" \/>\n\t<meta name=\"twitter:label2\" content=\"Tiempo de lectura\" \/>\n\t<meta name=\"twitter:data2\" content=\"2 minutos\" \/>\n<script type=\"application\/ld+json\" class=\"yoast-schema-graph\">{\"@context\":\"https:\\\/\\\/schema.org\",\"@graph\":[{\"@type\":\"Article\",\"@id\":\"https:\\\/\\\/quehacerpolitico.mx\\\/?p=96980#article\",\"isPartOf\":{\"@id\":\"https:\\\/\\\/quehacerpolitico.mx\\\/?p=96980\"},\"author\":{\"name\":\"Redacci\u00f3n QP\",\"@id\":\"https:\\\/\\\/quehacerpolitico.mx\\\/#\\\/schema\\\/person\\\/496d8ad2d1d3f8036101dca7ee39e585\"},\"headline\":\"Entre risas, L\u00f3pez Obrador se niega a disculparse con C\u00f3rdova\",\"datePublished\":\"2022-11-08T19:06:55+00:00\",\"dateModified\":\"2022-11-08T19:06:58+00:00\",\"mainEntityOfPage\":{\"@id\":\"https:\\\/\\\/quehacerpolitico.mx\\\/?p=96980\"},\"wordCount\":345,\"commentCount\":0,\"image\":{\"@id\":\"https:\\\/\\\/quehacerpolitico.mx\\\/?p=96980#primaryimage\"},\"thumbnailUrl\":\"https:\\\/\\\/quehacerpolitico.mx\\\/wp-content\\\/uploads\\\/2022\\\/11\\\/EEA2DC2B-571D-443B-AABF-3EA2AF237BEF.jpeg\",\"articleSection\":[\"Noticias\"],\"inLanguage\":\"es\",\"potentialAction\":[{\"@type\":\"CommentAction\",\"name\":\"Comment\",\"target\":[\"https:\\\/\\\/quehacerpolitico.mx\\\/?p=96980#respond\"]}]},{\"@type\":\"WebPage\",\"@id\":\"https:\\\/\\\/quehacerpolitico.mx\\\/?p=96980\",\"url\":\"https:\\\/\\\/quehacerpolitico.mx\\\/?p=96980\",\"name\":\"Entre risas, L\u00f3pez Obrador se niega a disculparse con C\u00f3rdova -\",\"isPartOf\":{\"@id\":\"https:\\\/\\\/quehacerpolitico.mx\\\/#website\"},\"primaryImageOfPage\":{\"@id\":\"https:\\\/\\\/quehacerpolitico.mx\\\/?p=96980#primaryimage\"},\"image\":{\"@id\":\"https:\\\/\\\/quehacerpolitico.mx\\\/?p=96980#primaryimage\"},\"thumbnailUrl\":\"https:\\\/\\\/quehacerpolitico.mx\\\/wp-content\\\/uploads\\\/2022\\\/11\\\/EEA2DC2B-571D-443B-AABF-3EA2AF237BEF.jpeg\",\"datePublished\":\"2022-11-08T19:06:55+00:00\",\"dateModified\":\"2022-11-08T19:06:58+00:00\",\"author\":{\"@id\":\"https:\\\/\\\/quehacerpolitico.mx\\\/#\\\/schema\\\/person\\\/496d8ad2d1d3f8036101dca7ee39e585\"},\"breadcrumb\":{\"@id\":\"https:\\\/\\\/quehacerpolitico.mx\\\/?p=96980#breadcrumb\"},\"inLanguage\":\"es\",\"potentialAction\":[{\"@type\":\"ReadAction\",\"target\":[\"https:\\\/\\\/quehacerpolitico.mx\\\/?p=96980\"]}]},{\"@type\":\"ImageObject\",\"inLanguage\":\"es\",\"@id\":\"https:\\\/\\\/quehacerpolitico.mx\\\/?p=96980#primaryimage\",\"url\":\"https:\\\/\\\/quehacerpolitico.mx\\\/wp-content\\\/uploads\\\/2022\\\/11\\\/EEA2DC2B-571D-443B-AABF-3EA2AF237BEF.jpeg\",\"contentUrl\":\"https:\\\/\\\/quehacerpolitico.mx\\\/wp-content\\\/uploads\\\/2022\\\/11\\\/EEA2DC2B-571D-443B-AABF-3EA2AF237BEF.jpeg\",\"width\":945,\"height\":704},{\"@type\":\"BreadcrumbList\",\"@id\":\"https:\\\/\\\/quehacerpolitico.mx\\\/?p=96980#breadcrumb\",\"itemListElement\":[{\"@type\":\"ListItem\",\"position\":1,\"name\":\"Inicio\",\"item\":\"https:\\\/\\\/quehacerpolitico.mx\\\/\"},{\"@type\":\"ListItem\",\"position\":2,\"name\":\"Entre risas, L\u00f3pez Obrador se niega a disculparse con C\u00f3rdova\"}]},{\"@type\":\"WebSite\",\"@id\":\"https:\\\/\\\/quehacerpolitico.mx\\\/#website\",\"url\":\"https:\\\/\\\/quehacerpolitico.mx\\\/\",\"name\":\"\",\"description\":\"\",\"potentialAction\":[{\"@type\":\"SearchAction\",\"target\":{\"@type\":\"EntryPoint\",\"urlTemplate\":\"https:\\\/\\\/quehacerpolitico.mx\\\/?s={search_term_string}\"},\"query-input\":{\"@type\":\"PropertyValueSpecification\",\"valueRequired\":true,\"valueName\":\"search_term_string\"}}],\"inLanguage\":\"es\"},{\"@type\":\"Person\",\"@id\":\"https:\\\/\\\/quehacerpolitico.mx\\\/#\\\/schema\\\/person\\\/496d8ad2d1d3f8036101dca7ee39e585\",\"name\":\"Redacci\u00f3n QP\",\"image\":{\"@type\":\"ImageObject\",\"inLanguage\":\"es\",\"@id\":\"https:\\\/\\\/secure.gravatar.com\\\/avatar\\\/c7164ed6fdec453195284ad24a5ae5b6e1eed2b848477fa2a4787ba9adf39a41?s=96&d=mm&r=g\",\"url\":\"https:\\\/\\\/secure.gravatar.com\\\/avatar\\\/c7164ed6fdec453195284ad24a5ae5b6e1eed2b848477fa2a4787ba9adf39a41?s=96&d=mm&r=g\",\"contentUrl\":\"https:\\\/\\\/secure.gravatar.com\\\/avatar\\\/c7164ed6fdec453195284ad24a5ae5b6e1eed2b848477fa2a4787ba9adf39a41?s=96&d=mm&r=g\",\"caption\":\"Redacci\u00f3n QP\"},\"url\":\"https:\\\/\\\/quehacerpolitico.mx\\\/?author=2\"}]}<\/script>\n<!-- \/ Yoast SEO plugin. -->","yoast_head_json":{"title":"Entre risas, L\u00f3pez Obrador se niega a disculparse con C\u00f3rdova -","robots":{"index":"index","follow":"follow","max-snippet":"max-snippet:-1","max-image-preview":"max-image-preview:large","max-video-preview":"max-video-preview:-1"},"canonical":"https:\/\/quehacerpolitico.mx\/?p=96980","og_locale":"es_MX","og_type":"article","og_title":"Entre risas, L\u00f3pez Obrador se niega a disculparse con C\u00f3rdova -","og_description":"Por Redacci\u00f3n QP Por haberlo destapado\u00a0como candidato de la oposici\u00f3n para las elecciones presidenciales de...","og_url":"https:\/\/quehacerpolitico.mx\/?p=96980","article_published_time":"2022-11-08T19:06:55+00:00","article_modified_time":"2022-11-08T19:06:58+00:00","og_image":[{"width":945,"height":704,"url":"https:\/\/quehacerpolitico.mx\/wp-content\/uploads\/2022\/11\/EEA2DC2B-571D-443B-AABF-3EA2AF237BEF.jpeg","type":"image\/jpeg"}],"author":"Redacci\u00f3n QP","twitter_card":"summary_large_image","twitter_misc":{"Escrito por":"Redacci\u00f3n QP","Tiempo de lectura":"2 minutos"},"schema":{"@context":"https:\/\/schema.org","@graph":[{"@type":"Article","@id":"https:\/\/quehacerpolitico.mx\/?p=96980#article","isPartOf":{"@id":"https:\/\/quehacerpolitico.mx\/?p=96980"},"author":{"name":"Redacci\u00f3n QP","@id":"https:\/\/quehacerpolitico.mx\/#\/schema\/person\/496d8ad2d1d3f8036101dca7ee39e585"},"headline":"Entre risas, L\u00f3pez Obrador se niega a disculparse con C\u00f3rdova","datePublished":"2022-11-08T19:06:55+00:00","dateModified":"2022-11-08T19:06:58+00:00","mainEntityOfPage":{"@id":"https:\/\/quehacerpolitico.mx\/?p=96980"},"wordCount":345,"commentCount":0,"image":{"@id":"https:\/\/quehacerpolitico.mx\/?p=96980#primaryimage"},"thumbnailUrl":"https:\/\/quehacerpolitico.mx\/wp-content\/uploads\/2022\/11\/EEA2DC2B-571D-443B-AABF-3EA2AF237BEF.jpeg","articleSection":["Noticias"],"inLanguage":"es","potentialAction":[{"@type":"CommentAction","name":"Comment","target":["https:\/\/quehacerpolitico.mx\/?p=96980#respond"]}]},{"@type":"WebPage","@id":"https:\/\/quehacerpolitico.mx\/?p=96980","url":"https:\/\/quehacerpolitico.mx\/?p=96980","name":"Entre risas, L\u00f3pez Obrador se niega a disculparse con C\u00f3rdova -","isPartOf":{"@id":"https:\/\/quehacerpolitico.mx\/#website"},"primaryImageOfPage":{"@id":"https:\/\/quehacerpolitico.mx\/?p=96980#primaryimage"},"image":{"@id":"https:\/\/quehacerpolitico.mx\/?p=96980#primaryimage"},"thumbnailUrl":"https:\/\/quehacerpolitico.mx\/wp-content\/uploads\/2022\/11\/EEA2DC2B-571D-443B-AABF-3EA2AF237BEF.jpeg","datePublished":"2022-11-08T19:06:55+00:00","dateModified":"2022-11-08T19:06:58+00:00","author":{"@id":"https:\/\/quehacerpolitico.mx\/#\/schema\/person\/496d8ad2d1d3f8036101dca7ee39e585"},"breadcrumb":{"@id":"https:\/\/quehacerpolitico.mx\/?p=96980#breadcrumb"},"inLanguage":"es","potentialAction":[{"@type":"ReadAction","target":["https:\/\/quehacerpolitico.mx\/?p=96980"]}]},{"@type":"ImageObject","inLanguage":"es","@id":"https:\/\/quehacerpolitico.mx\/?p=96980#primaryimage","url":"https:\/\/quehacerpolitico.mx\/wp-content\/uploads\/2022\/11\/EEA2DC2B-571D-443B-AABF-3EA2AF237BEF.jpeg","contentUrl":"https:\/\/quehacerpolitico.mx\/wp-content\/uploads\/2022\/11\/EEA2DC2B-571D-443B-AABF-3EA2AF237BEF.jpeg","width":945,"height":704},{"@type":"BreadcrumbList","@id":"https:\/\/quehacerpolitico.mx\/?p=96980#breadcrumb","itemListElement":[{"@type":"ListItem","position":1,"name":"Inicio","item":"https:\/\/quehacerpolitico.mx\/"},{"@type":"ListItem","position":2,"name":"Entre risas, L\u00f3pez Obrador se niega a disculparse con C\u00f3rdova"}]},{"@type":"WebSite","@id":"https:\/\/quehacerpolitico.mx\/#website","url":"https:\/\/quehacerpolitico.mx\/","name":"","description":"","potentialAction":[{"@type":"SearchAction","target":{"@type":"EntryPoint","urlTemplate":"https:\/\/quehacerpolitico.mx\/?s={search_term_string}"},"query-input":{"@type":"PropertyValueSpecification","valueRequired":true,"valueName":"search_term_string"}}],"inLanguage":"es"},{"@type":"Person","@id":"https:\/\/quehacerpolitico.mx\/#\/schema\/person\/496d8ad2d1d3f8036101dca7ee39e585","name":"Redacci\u00f3n QP","image":{"@type":"ImageObject","inLanguage":"es","@id":"https:\/\/secure.gravatar.com\/avatar\/c7164ed6fdec453195284ad24a5ae5b6e1eed2b848477fa2a4787ba9adf39a41?s=96&d=mm&r=g","url":"https:\/\/secure.gravatar.com\/avatar\/c7164ed6fdec453195284ad24a5ae5b6e1eed2b848477fa2a4787ba9adf39a41?s=96&d=mm&r=g","contentUrl":"https:\/\/secure.gravatar.com\/avatar\/c7164ed6fdec453195284ad24a5ae5b6e1eed2b848477fa2a4787ba9adf39a41?s=96&d=mm&r=g","caption":"Redacci\u00f3n QP"},"url":"https:\/\/quehacerpolitico.mx\/?author=2"}]}},"featured_image_urls":{"full":["https:\/\/quehacerpolitico.mx\/wp-content\/uploads\/2022\/11\/EEA2DC2B-571D-443B-AABF-3EA2AF237BEF.jpeg",945,704,false],"thumbnail":["https:\/\/quehacerpolitico.mx\/wp-content\/uploads\/2022\/11\/EEA2DC2B-571D-443B-AABF-3EA2AF237BEF-150x150.jpeg",150,150,true],"medium":["https:\/\/quehacerpolitico.mx\/wp-content\/uploads\/2022\/11\/EEA2DC2B-571D-443B-AABF-3EA2AF237BEF-300x223.jpeg",300,223,true],"medium_large":["https:\/\/quehacerpolitico.mx\/wp-content\/uploads\/2022\/11\/EEA2DC2B-571D-443B-AABF-3EA2AF237BEF-768x572.jpeg",640,477,true],"large":["https:\/\/quehacerpolitico.mx\/wp-content\/uploads\/2022\/11\/EEA2DC2B-571D-443B-AABF-3EA2AF237BEF.jpeg",640,477,false],"1536x1536":["https:\/\/quehacerpolitico.mx\/wp-content\/uploads\/2022\/11\/EEA2DC2B-571D-443B-AABF-3EA2AF237BEF.jpeg",945,704,false],"2048x2048":["https:\/\/quehacerpolitico.mx\/wp-content\/uploads\/2022\/11\/EEA2DC2B-571D-443B-AABF-3EA2AF237BEF.jpeg",945,704,false],"covernews-featured":["https:\/\/quehacerpolitico.mx\/wp-content\/uploads\/2022\/11\/EEA2DC2B-571D-443B-AABF-3EA2AF237BEF.jpeg",945,704,false],"covernews-medium":["https:\/\/quehacerpolitico.mx\/wp-content\/uploads\/2022\/11\/EEA2DC2B-571D-443B-AABF-3EA2AF237BEF.jpeg",456,340,false]},"author_info":{"display_name":"Redacci\u00f3n QP","author_link":"https:\/\/quehacerpolitico.mx\/?author=2"},"category_info":"<a href=\"https:\/\/quehacerpolitico.mx\/?cat=2\" rel=\"category\">Noticias<\/a>","tag_info":"Noticias","comment_count":"0","_links":{"self":[{"href":"https:\/\/quehacerpolitico.mx\/index.php?rest_route=\/wp\/v2\/posts\/96980","targetHints":{"allow":["GET"]}}],"collection":[{"href":"https:\/\/quehacerpolitico.mx\/index.php?rest_route=\/wp\/v2\/posts"}],"about":[{"href":"https:\/\/quehacerpolitico.mx\/index.php?rest_route=\/wp\/v2\/types\/post"}],"author":[{"embeddable":true,"href":"https:\/\/quehacerpolitico.mx\/index.php?rest_route=\/wp\/v2\/users\/2"}],"replies":[{"embeddable":true,"href":"https:\/\/quehacerpolitico.mx\/index.php?rest_route=%2Fwp%2Fv2%2Fcomments&post=96980"}],"version-history":[{"count":1,"href":"https:\/\/quehacerpolitico.mx\/index.php?rest_route=\/wp\/v2\/posts\/96980\/revisions"}],"predecessor-version":[{"id":96982,"href":"https:\/\/quehacerpolitico.mx\/index.php?rest_route=\/wp\/v2\/posts\/96980\/revisions\/96982"}],"wp:featuredmedia":[{"embeddable":true,"href":"https:\/\/quehacerpolitico.mx\/index.php?rest_route=\/wp\/v2\/media\/96981"}],"wp:attachment":[{"href":"https:\/\/quehacerpolitico.mx\/index.php?rest_route=%2Fwp%2Fv2%2Fmedia&parent=96980"}],"wp:term":[{"taxonomy":"category","embeddable":true,"href":"https:\/\/quehacerpolitico.mx\/index.php?rest_route=%2Fwp%2Fv2%2Fcategories&post=96980"},{"taxonomy":"post_tag","embeddable":true,"href":"https:\/\/quehacerpolitico.mx\/index.php?rest_route=%2Fwp%2Fv2%2Ftags&post=96980"}],"curies":[{"name":"wp","href":"https:\/\/api.w.org\/{rel}","templated":true}]}}