{"id":96977,"date":"2022-11-08T18:31:38","date_gmt":"2022-11-08T18:31:38","guid":{"rendered":"https:\/\/quehacerpolitico.mx\/?p=96977"},"modified":"2022-11-08T18:31:42","modified_gmt":"2022-11-08T18:31:42","slug":"indigna-muerte-de-nino-de-seis-anos-en-colegio-de-la-cdmx","status":"publish","type":"post","link":"https:\/\/quehacerpolitico.mx\/?p=96977","title":{"rendered":"Indigna muerte de ni\u00f1o de seis a\u00f1os en colegio de la CDMX"},"content":{"rendered":"\n<p>Por Redacci\u00f3n QP<\/p>\n\n\n\n<p>Abner muri\u00f3 mientras tomaba clases de nataci\u00f3n en la alberca del Colegio Williams el d\u00eda de ayer lunes<\/p>\n\n\n\n<p>El caso de Abner, un ni\u00f1o de seis a\u00f1os que muri\u00f3 ahogado mientras tomaba clases de nataci\u00f3n en la alberca del Colegio Williams, en la CDMX, ha causado indignaci\u00f3n entre padres de familia, que hoy se manifiestan para exigir justicia.<\/p>\n\n\n\n<figure class=\"wp-block-embed is-type-rich is-provider-twitter wp-block-embed-twitter\"><div class=\"wp-block-embed__wrapper\">\n<blockquote class=\"twitter-tweet\" data-width=\"550\" data-dnt=\"true\"><p lang=\"es\" dir=\"ltr\">\ud83d\udcccEl peque\u00f1o Abner Leonel de 6 a\u00f1os de edad pierde la vida ahogado, cuando tomaba sus clases de nataci\u00f3n en la alberca del Colegio Williams plantel Mixcoac, <a href=\"https:\/\/twitter.com\/hashtag\/CDMX?src=hash&amp;ref_src=twsrc%5Etfw\">#CDMX<\/a><br><br>La periodista, Liset Gonzalez, nos comparte los detalles de la manifestaci\u00f3n por parte de los padres de familia <a href=\"https:\/\/t.co\/2FOPken3Bg\">pic.twitter.com\/2FOPken3Bg<\/a><\/p>&mdash; As\u00ed Las Cosas (@asilascosasw) <a href=\"https:\/\/twitter.com\/asilascosasw\/status\/1590001880197128192?ref_src=twsrc%5Etfw\">November 8, 2022<\/a><\/blockquote><script async src=\"https:\/\/platform.twitter.com\/widgets.js\" charset=\"utf-8\"><\/script>\n<\/div><\/figure>\n\n\n\n<p>De acuerdo con la denuncia que interpusieron ante la Fiscal\u00eda General de Justicia de la Ciudad de M\u00e9xico (FGJCDMX), los padres del menor identificado como Abner Leonel &#8220;N&#8221;, de seis a\u00f1os de edad y que qued\u00f3 asentada en la carpeta de investigaci\u00f3n FIMC\/UAF-MC-2\/UI-1 S\/D\/01990\/11-2022, el hecho ocurri\u00f3 durante la ma\u00f1ana del lunes 7 de noviembre.<\/p>\n\n\n\n<figure class=\"wp-block-embed is-type-rich is-provider-twitter wp-block-embed-twitter\"><div class=\"wp-block-embed__wrapper\">\n<blockquote class=\"twitter-tweet\" data-width=\"550\" data-dnt=\"true\"><p lang=\"es\" dir=\"ltr\">Autoridades escolares dialogan con familiares del ni\u00f1o Abner y se\u00f1alan que las autoridades realizan una investigaci\u00f3n para conocer las causas del deceso del menor. <a href=\"https:\/\/twitter.com\/hashtag\/ExpresoDeLaMa%C3%B1ana?src=hash&amp;ref_src=twsrc%5Etfw\">#ExpresoDeLaMa\u00f1ana<\/a> con <a href=\"https:\/\/twitter.com\/AnaOrdonana?ref_src=twsrc%5Etfw\">@AnaOrdonana<\/a> | <a href=\"https:\/\/twitter.com\/hashtag\/SiempreEnVivo?src=hash&amp;ref_src=twsrc%5Etfw\">#SiempreEnVivo<\/a> | <a href=\"https:\/\/twitter.com\/hashtag\/SiempreContigo?src=hash&amp;ref_src=twsrc%5Etfw\">#SiempreContigo<\/a> | Sigue la se\u00f1al por <a href=\"https:\/\/t.co\/R0rtaHhPAE\">https:\/\/t.co\/R0rtaHhPAE<\/a> <a href=\"https:\/\/t.co\/PpL3DM5WTr\">pic.twitter.com\/PpL3DM5WTr<\/a><\/p>&mdash; N+ FORO (@nmasforo) <a href=\"https:\/\/twitter.com\/nmasforo\/status\/1590000314676977665?ref_src=twsrc%5Etfw\">November 8, 2022<\/a><\/blockquote><script async src=\"https:\/\/platform.twitter.com\/widgets.js\" charset=\"utf-8\"><\/script>\n<\/div><\/figure>\n\n\n\n<figure class=\"wp-block-embed is-type-video is-provider-youtube wp-block-embed-youtube wp-embed-aspect-16-9 wp-has-aspect-ratio\"><div class=\"wp-block-embed__wrapper\">\n<iframe loading=\"lazy\" title=\"Muere ahogado un ni\u00f1o de 6 a\u00f1os en Colegio Williams; Fiscal\u00eda investiga\" width=\"640\" height=\"360\" src=\"https:\/\/www.youtube.com\/embed\/bTKm91wosx8?feature=oembed\" frameborder=\"0\" allow=\"accelerometer; autoplay; clipboard-write; encrypted-media; gyroscope; picture-in-picture; web-share\" referrerpolicy=\"strict-origin-when-cross-origin\" allowfullscreen><\/iframe>\n<\/div><\/figure>\n\n\n\n<h4 class=\"wp-block-heading\">\u00bfQu\u00e9 pas\u00f3 en el Colegio Williams?<\/h4>\n\n\n\n<p>En la investigaci\u00f3n se lee que, los padres del menor fueron a dejarlo a la escuela alrededor de las 07:30 que es la hora de entrada, y\u00a0<strong>dos horas despu\u00e9s, ya en casa, recibieron una llamada de los directivos del plantel, en la cual les dijeron que Abner hab\u00eda tenido un accidente<\/strong>.<\/p>\n\n\n\n<figure class=\"wp-block-embed is-type-rich is-provider-twitter wp-block-embed-twitter\"><div class=\"wp-block-embed__wrapper\">\n<blockquote class=\"twitter-tweet\" data-width=\"550\" data-dnt=\"true\"><p lang=\"es\" dir=\"ltr\">Se confirm\u00f3 lo que el <a href=\"https:\/\/twitter.com\/colegiowilliams?ref_src=twsrc%5Etfw\">@colegiowilliams<\/a> est\u00e1 ocultando: la negligencia con la que se han conducido desde el minuto uno de esta historia de terror. <br><br>Mi sobrino muri\u00f3 por asfixia por sumersi\u00f3n, de acuerdo al certificado de defunci\u00f3n de la Secretar\u00eda de Salud. <a href=\"https:\/\/twitter.com\/hashtag\/JusticiaParaAbner?src=hash&amp;ref_src=twsrc%5Etfw\">#JusticiaParaAbner<\/a> <a href=\"https:\/\/t.co\/wnmwbV7LwC\">pic.twitter.com\/wnmwbV7LwC<\/a><\/p>&mdash; Lorena Alvarez (@Lorealmon) <a href=\"https:\/\/twitter.com\/Lorealmon\/status\/1589971144266113026?ref_src=twsrc%5Etfw\">November 8, 2022<\/a><\/blockquote><script async src=\"https:\/\/platform.twitter.com\/widgets.js\" charset=\"utf-8\"><\/script>\n<\/div><\/figure>\n\n\n\n<p>Ambos padres de inmediato se dirigieron al lugar y les comentaron que estaban tratando de reanimar al peque\u00f1o y que tambi\u00e9n esperaban una ambulancia para que lo trasladara de emergencia a un hospital. Sin embargo, el peque\u00f1o muri\u00f3.<\/p>\n\n\n\n<figure class=\"wp-block-embed is-type-rich is-provider-twitter wp-block-embed-twitter\"><div class=\"wp-block-embed__wrapper\">\n<blockquote class=\"twitter-tweet\" data-width=\"550\" data-dnt=\"true\"><p lang=\"es\" dir=\"ltr\">De madrugada y ocult\u00e1ndonos su versi\u00f3n oficial, el <a href=\"https:\/\/twitter.com\/colegiowilliams?ref_src=twsrc%5Etfw\">@colegiowilliams<\/a> inform\u00f3 la muerte de mi sobrino. Sin empat\u00eda o solidaridad, est\u00e1n ocupados en su imagen y no en esclarecer su negligencia. <br><br>Ay\u00fadame a difundir <a href=\"https:\/\/twitter.com\/hashtag\/JusticiaParaAbner?src=hash&amp;ref_src=twsrc%5Etfw\">#JusticiaParaAbner<\/a> \ud83d\ude4f\ud83c\udffd <a href=\"https:\/\/twitter.com\/FiscaliaCDMX?ref_src=twsrc%5Etfw\">@FiscaliaCDMX<\/a> <a href=\"https:\/\/t.co\/Un0dzrDEEj\">pic.twitter.com\/Un0dzrDEEj<\/a><\/p>&mdash; Lorena Alvarez (@Lorealmon) <a href=\"https:\/\/twitter.com\/Lorealmon\/status\/1589893799886876673?ref_src=twsrc%5Etfw\">November 8, 2022<\/a><\/blockquote><script async src=\"https:\/\/platform.twitter.com\/widgets.js\" charset=\"utf-8\"><\/script>\n<\/div><\/figure>\n\n\n\n<p>Con informaci\u00f3n de SUN<\/p>\n","protected":false},"excerpt":{"rendered":"<p>Por Redacci\u00f3n QP Abner muri\u00f3 mientras tomaba clases de nataci\u00f3n en la alberca del Colegio&#8230;<\/p>\n","protected":false},"author":2,"featured_media":96978,"comment_status":"open","ping_status":"open","sticky":false,"template":"","format":"standard","meta":{"_monsterinsights_skip_tracking":false,"_monsterinsights_sitenote_active":false,"_monsterinsights_sitenote_note":"","_monsterinsights_sitenote_category":0,"footnotes":""},"categories":[55],"tags":[],"class_list":["post-96977","post","type-post","status-publish","format-standard","has-post-thumbnail","hentry","category-cdmx"],"yoast_head":"<!-- This site is optimized with the Yoast SEO plugin v27.3 - https:\/\/yoast.com\/product\/yoast-seo-wordpress\/ -->\n<title>Indigna muerte de ni\u00f1o de seis a\u00f1os en colegio de la CDMX -<\/title>\n<meta name=\"robots\" content=\"index, follow, max-snippet:-1, max-image-preview:large, max-video-preview:-1\" \/>\n<link rel=\"canonical\" href=\"https:\/\/quehacerpolitico.mx\/?p=96977\" \/>\n<meta property=\"og:locale\" content=\"es_MX\" \/>\n<meta property=\"og:type\" content=\"article\" \/>\n<meta property=\"og:title\" content=\"Indigna muerte de ni\u00f1o de seis a\u00f1os en colegio de la CDMX -\" \/>\n<meta property=\"og:description\" content=\"Por Redacci\u00f3n QP Abner muri\u00f3 mientras tomaba clases de nataci\u00f3n en la alberca del Colegio...\" \/>\n<meta property=\"og:url\" content=\"https:\/\/quehacerpolitico.mx\/?p=96977\" \/>\n<meta property=\"article:published_time\" content=\"2022-11-08T18:31:38+00:00\" \/>\n<meta property=\"article:modified_time\" content=\"2022-11-08T18:31:42+00:00\" \/>\n<meta property=\"og:image\" content=\"https:\/\/quehacerpolitico.mx\/wp-content\/uploads\/2022\/11\/3B51EFA3-F1AE-406D-9F83-7618FD81D18E.jpeg\" \/>\n\t<meta property=\"og:image:width\" content=\"345\" \/>\n\t<meta property=\"og:image:height\" content=\"215\" \/>\n\t<meta property=\"og:image:type\" content=\"image\/jpeg\" \/>\n<meta name=\"author\" content=\"Redacci\u00f3n QP\" \/>\n<meta name=\"twitter:card\" content=\"summary_large_image\" \/>\n<meta name=\"twitter:label1\" content=\"Escrito por\" \/>\n\t<meta name=\"twitter:data1\" content=\"Redacci\u00f3n QP\" \/>\n\t<meta name=\"twitter:label2\" content=\"Tiempo de lectura\" \/>\n\t<meta name=\"twitter:data2\" content=\"1 minuto\" \/>\n<script type=\"application\/ld+json\" class=\"yoast-schema-graph\">{\"@context\":\"https:\\\/\\\/schema.org\",\"@graph\":[{\"@type\":\"Article\",\"@id\":\"https:\\\/\\\/quehacerpolitico.mx\\\/?p=96977#article\",\"isPartOf\":{\"@id\":\"https:\\\/\\\/quehacerpolitico.mx\\\/?p=96977\"},\"author\":{\"name\":\"Redacci\u00f3n QP\",\"@id\":\"https:\\\/\\\/quehacerpolitico.mx\\\/#\\\/schema\\\/person\\\/496d8ad2d1d3f8036101dca7ee39e585\"},\"headline\":\"Indigna muerte de ni\u00f1o de seis a\u00f1os en colegio de la CDMX\",\"datePublished\":\"2022-11-08T18:31:38+00:00\",\"dateModified\":\"2022-11-08T18:31:42+00:00\",\"mainEntityOfPage\":{\"@id\":\"https:\\\/\\\/quehacerpolitico.mx\\\/?p=96977\"},\"wordCount\":304,\"commentCount\":0,\"image\":{\"@id\":\"https:\\\/\\\/quehacerpolitico.mx\\\/?p=96977#primaryimage\"},\"thumbnailUrl\":\"https:\\\/\\\/quehacerpolitico.mx\\\/wp-content\\\/uploads\\\/2022\\\/11\\\/3B51EFA3-F1AE-406D-9F83-7618FD81D18E.jpeg\",\"articleSection\":[\"CDMX\"],\"inLanguage\":\"es\",\"potentialAction\":[{\"@type\":\"CommentAction\",\"name\":\"Comment\",\"target\":[\"https:\\\/\\\/quehacerpolitico.mx\\\/?p=96977#respond\"]}]},{\"@type\":\"WebPage\",\"@id\":\"https:\\\/\\\/quehacerpolitico.mx\\\/?p=96977\",\"url\":\"https:\\\/\\\/quehacerpolitico.mx\\\/?p=96977\",\"name\":\"Indigna muerte de ni\u00f1o de seis a\u00f1os en colegio de la CDMX -\",\"isPartOf\":{\"@id\":\"https:\\\/\\\/quehacerpolitico.mx\\\/#website\"},\"primaryImageOfPage\":{\"@id\":\"https:\\\/\\\/quehacerpolitico.mx\\\/?p=96977#primaryimage\"},\"image\":{\"@id\":\"https:\\\/\\\/quehacerpolitico.mx\\\/?p=96977#primaryimage\"},\"thumbnailUrl\":\"https:\\\/\\\/quehacerpolitico.mx\\\/wp-content\\\/uploads\\\/2022\\\/11\\\/3B51EFA3-F1AE-406D-9F83-7618FD81D18E.jpeg\",\"datePublished\":\"2022-11-08T18:31:38+00:00\",\"dateModified\":\"2022-11-08T18:31:42+00:00\",\"author\":{\"@id\":\"https:\\\/\\\/quehacerpolitico.mx\\\/#\\\/schema\\\/person\\\/496d8ad2d1d3f8036101dca7ee39e585\"},\"breadcrumb\":{\"@id\":\"https:\\\/\\\/quehacerpolitico.mx\\\/?p=96977#breadcrumb\"},\"inLanguage\":\"es\",\"potentialAction\":[{\"@type\":\"ReadAction\",\"target\":[\"https:\\\/\\\/quehacerpolitico.mx\\\/?p=96977\"]}]},{\"@type\":\"ImageObject\",\"inLanguage\":\"es\",\"@id\":\"https:\\\/\\\/quehacerpolitico.mx\\\/?p=96977#primaryimage\",\"url\":\"https:\\\/\\\/quehacerpolitico.mx\\\/wp-content\\\/uploads\\\/2022\\\/11\\\/3B51EFA3-F1AE-406D-9F83-7618FD81D18E.jpeg\",\"contentUrl\":\"https:\\\/\\\/quehacerpolitico.mx\\\/wp-content\\\/uploads\\\/2022\\\/11\\\/3B51EFA3-F1AE-406D-9F83-7618FD81D18E.jpeg\",\"width\":345,\"height\":215},{\"@type\":\"BreadcrumbList\",\"@id\":\"https:\\\/\\\/quehacerpolitico.mx\\\/?p=96977#breadcrumb\",\"itemListElement\":[{\"@type\":\"ListItem\",\"position\":1,\"name\":\"Inicio\",\"item\":\"https:\\\/\\\/quehacerpolitico.mx\\\/\"},{\"@type\":\"ListItem\",\"position\":2,\"name\":\"Indigna muerte de ni\u00f1o de seis a\u00f1os en colegio de la CDMX\"}]},{\"@type\":\"WebSite\",\"@id\":\"https:\\\/\\\/quehacerpolitico.mx\\\/#website\",\"url\":\"https:\\\/\\\/quehacerpolitico.mx\\\/\",\"name\":\"\",\"description\":\"\",\"potentialAction\":[{\"@type\":\"SearchAction\",\"target\":{\"@type\":\"EntryPoint\",\"urlTemplate\":\"https:\\\/\\\/quehacerpolitico.mx\\\/?s={search_term_string}\"},\"query-input\":{\"@type\":\"PropertyValueSpecification\",\"valueRequired\":true,\"valueName\":\"search_term_string\"}}],\"inLanguage\":\"es\"},{\"@type\":\"Person\",\"@id\":\"https:\\\/\\\/quehacerpolitico.mx\\\/#\\\/schema\\\/person\\\/496d8ad2d1d3f8036101dca7ee39e585\",\"name\":\"Redacci\u00f3n QP\",\"image\":{\"@type\":\"ImageObject\",\"inLanguage\":\"es\",\"@id\":\"https:\\\/\\\/secure.gravatar.com\\\/avatar\\\/c7164ed6fdec453195284ad24a5ae5b6e1eed2b848477fa2a4787ba9adf39a41?s=96&d=mm&r=g\",\"url\":\"https:\\\/\\\/secure.gravatar.com\\\/avatar\\\/c7164ed6fdec453195284ad24a5ae5b6e1eed2b848477fa2a4787ba9adf39a41?s=96&d=mm&r=g\",\"contentUrl\":\"https:\\\/\\\/secure.gravatar.com\\\/avatar\\\/c7164ed6fdec453195284ad24a5ae5b6e1eed2b848477fa2a4787ba9adf39a41?s=96&d=mm&r=g\",\"caption\":\"Redacci\u00f3n QP\"},\"url\":\"https:\\\/\\\/quehacerpolitico.mx\\\/?author=2\"}]}<\/script>\n<!-- \/ Yoast SEO plugin. -->","yoast_head_json":{"title":"Indigna muerte de ni\u00f1o de seis a\u00f1os en colegio de la CDMX -","robots":{"index":"index","follow":"follow","max-snippet":"max-snippet:-1","max-image-preview":"max-image-preview:large","max-video-preview":"max-video-preview:-1"},"canonical":"https:\/\/quehacerpolitico.mx\/?p=96977","og_locale":"es_MX","og_type":"article","og_title":"Indigna muerte de ni\u00f1o de seis a\u00f1os en colegio de la CDMX -","og_description":"Por Redacci\u00f3n QP Abner muri\u00f3 mientras tomaba clases de nataci\u00f3n en la alberca del Colegio...","og_url":"https:\/\/quehacerpolitico.mx\/?p=96977","article_published_time":"2022-11-08T18:31:38+00:00","article_modified_time":"2022-11-08T18:31:42+00:00","og_image":[{"width":345,"height":215,"url":"https:\/\/quehacerpolitico.mx\/wp-content\/uploads\/2022\/11\/3B51EFA3-F1AE-406D-9F83-7618FD81D18E.jpeg","type":"image\/jpeg"}],"author":"Redacci\u00f3n QP","twitter_card":"summary_large_image","twitter_misc":{"Escrito por":"Redacci\u00f3n QP","Tiempo de lectura":"1 minuto"},"schema":{"@context":"https:\/\/schema.org","@graph":[{"@type":"Article","@id":"https:\/\/quehacerpolitico.mx\/?p=96977#article","isPartOf":{"@id":"https:\/\/quehacerpolitico.mx\/?p=96977"},"author":{"name":"Redacci\u00f3n QP","@id":"https:\/\/quehacerpolitico.mx\/#\/schema\/person\/496d8ad2d1d3f8036101dca7ee39e585"},"headline":"Indigna muerte de ni\u00f1o de seis a\u00f1os en colegio de la CDMX","datePublished":"2022-11-08T18:31:38+00:00","dateModified":"2022-11-08T18:31:42+00:00","mainEntityOfPage":{"@id":"https:\/\/quehacerpolitico.mx\/?p=96977"},"wordCount":304,"commentCount":0,"image":{"@id":"https:\/\/quehacerpolitico.mx\/?p=96977#primaryimage"},"thumbnailUrl":"https:\/\/quehacerpolitico.mx\/wp-content\/uploads\/2022\/11\/3B51EFA3-F1AE-406D-9F83-7618FD81D18E.jpeg","articleSection":["CDMX"],"inLanguage":"es","potentialAction":[{"@type":"CommentAction","name":"Comment","target":["https:\/\/quehacerpolitico.mx\/?p=96977#respond"]}]},{"@type":"WebPage","@id":"https:\/\/quehacerpolitico.mx\/?p=96977","url":"https:\/\/quehacerpolitico.mx\/?p=96977","name":"Indigna muerte de ni\u00f1o de seis a\u00f1os en colegio de la CDMX -","isPartOf":{"@id":"https:\/\/quehacerpolitico.mx\/#website"},"primaryImageOfPage":{"@id":"https:\/\/quehacerpolitico.mx\/?p=96977#primaryimage"},"image":{"@id":"https:\/\/quehacerpolitico.mx\/?p=96977#primaryimage"},"thumbnailUrl":"https:\/\/quehacerpolitico.mx\/wp-content\/uploads\/2022\/11\/3B51EFA3-F1AE-406D-9F83-7618FD81D18E.jpeg","datePublished":"2022-11-08T18:31:38+00:00","dateModified":"2022-11-08T18:31:42+00:00","author":{"@id":"https:\/\/quehacerpolitico.mx\/#\/schema\/person\/496d8ad2d1d3f8036101dca7ee39e585"},"breadcrumb":{"@id":"https:\/\/quehacerpolitico.mx\/?p=96977#breadcrumb"},"inLanguage":"es","potentialAction":[{"@type":"ReadAction","target":["https:\/\/quehacerpolitico.mx\/?p=96977"]}]},{"@type":"ImageObject","inLanguage":"es","@id":"https:\/\/quehacerpolitico.mx\/?p=96977#primaryimage","url":"https:\/\/quehacerpolitico.mx\/wp-content\/uploads\/2022\/11\/3B51EFA3-F1AE-406D-9F83-7618FD81D18E.jpeg","contentUrl":"https:\/\/quehacerpolitico.mx\/wp-content\/uploads\/2022\/11\/3B51EFA3-F1AE-406D-9F83-7618FD81D18E.jpeg","width":345,"height":215},{"@type":"BreadcrumbList","@id":"https:\/\/quehacerpolitico.mx\/?p=96977#breadcrumb","itemListElement":[{"@type":"ListItem","position":1,"name":"Inicio","item":"https:\/\/quehacerpolitico.mx\/"},{"@type":"ListItem","position":2,"name":"Indigna muerte de ni\u00f1o de seis a\u00f1os en colegio de la CDMX"}]},{"@type":"WebSite","@id":"https:\/\/quehacerpolitico.mx\/#website","url":"https:\/\/quehacerpolitico.mx\/","name":"","description":"","potentialAction":[{"@type":"SearchAction","target":{"@type":"EntryPoint","urlTemplate":"https:\/\/quehacerpolitico.mx\/?s={search_term_string}"},"query-input":{"@type":"PropertyValueSpecification","valueRequired":true,"valueName":"search_term_string"}}],"inLanguage":"es"},{"@type":"Person","@id":"https:\/\/quehacerpolitico.mx\/#\/schema\/person\/496d8ad2d1d3f8036101dca7ee39e585","name":"Redacci\u00f3n QP","image":{"@type":"ImageObject","inLanguage":"es","@id":"https:\/\/secure.gravatar.com\/avatar\/c7164ed6fdec453195284ad24a5ae5b6e1eed2b848477fa2a4787ba9adf39a41?s=96&d=mm&r=g","url":"https:\/\/secure.gravatar.com\/avatar\/c7164ed6fdec453195284ad24a5ae5b6e1eed2b848477fa2a4787ba9adf39a41?s=96&d=mm&r=g","contentUrl":"https:\/\/secure.gravatar.com\/avatar\/c7164ed6fdec453195284ad24a5ae5b6e1eed2b848477fa2a4787ba9adf39a41?s=96&d=mm&r=g","caption":"Redacci\u00f3n QP"},"url":"https:\/\/quehacerpolitico.mx\/?author=2"}]}},"featured_image_urls":{"full":["https:\/\/quehacerpolitico.mx\/wp-content\/uploads\/2022\/11\/3B51EFA3-F1AE-406D-9F83-7618FD81D18E.jpeg",345,215,false],"thumbnail":["https:\/\/quehacerpolitico.mx\/wp-content\/uploads\/2022\/11\/3B51EFA3-F1AE-406D-9F83-7618FD81D18E-150x150.jpeg",150,150,true],"medium":["https:\/\/quehacerpolitico.mx\/wp-content\/uploads\/2022\/11\/3B51EFA3-F1AE-406D-9F83-7618FD81D18E-300x187.jpeg",300,187,true],"medium_large":["https:\/\/quehacerpolitico.mx\/wp-content\/uploads\/2022\/11\/3B51EFA3-F1AE-406D-9F83-7618FD81D18E.jpeg",345,215,false],"large":["https:\/\/quehacerpolitico.mx\/wp-content\/uploads\/2022\/11\/3B51EFA3-F1AE-406D-9F83-7618FD81D18E.jpeg",345,215,false],"1536x1536":["https:\/\/quehacerpolitico.mx\/wp-content\/uploads\/2022\/11\/3B51EFA3-F1AE-406D-9F83-7618FD81D18E.jpeg",345,215,false],"2048x2048":["https:\/\/quehacerpolitico.mx\/wp-content\/uploads\/2022\/11\/3B51EFA3-F1AE-406D-9F83-7618FD81D18E.jpeg",345,215,false],"covernews-featured":["https:\/\/quehacerpolitico.mx\/wp-content\/uploads\/2022\/11\/3B51EFA3-F1AE-406D-9F83-7618FD81D18E.jpeg",345,215,false],"covernews-medium":["https:\/\/quehacerpolitico.mx\/wp-content\/uploads\/2022\/11\/3B51EFA3-F1AE-406D-9F83-7618FD81D18E.jpeg",345,215,false]},"author_info":{"display_name":"Redacci\u00f3n QP","author_link":"https:\/\/quehacerpolitico.mx\/?author=2"},"category_info":"<a href=\"https:\/\/quehacerpolitico.mx\/?cat=55\" rel=\"category\">CDMX<\/a>","tag_info":"CDMX","comment_count":"0","_links":{"self":[{"href":"https:\/\/quehacerpolitico.mx\/index.php?rest_route=\/wp\/v2\/posts\/96977","targetHints":{"allow":["GET"]}}],"collection":[{"href":"https:\/\/quehacerpolitico.mx\/index.php?rest_route=\/wp\/v2\/posts"}],"about":[{"href":"https:\/\/quehacerpolitico.mx\/index.php?rest_route=\/wp\/v2\/types\/post"}],"author":[{"embeddable":true,"href":"https:\/\/quehacerpolitico.mx\/index.php?rest_route=\/wp\/v2\/users\/2"}],"replies":[{"embeddable":true,"href":"https:\/\/quehacerpolitico.mx\/index.php?rest_route=%2Fwp%2Fv2%2Fcomments&post=96977"}],"version-history":[{"count":1,"href":"https:\/\/quehacerpolitico.mx\/index.php?rest_route=\/wp\/v2\/posts\/96977\/revisions"}],"predecessor-version":[{"id":96979,"href":"https:\/\/quehacerpolitico.mx\/index.php?rest_route=\/wp\/v2\/posts\/96977\/revisions\/96979"}],"wp:featuredmedia":[{"embeddable":true,"href":"https:\/\/quehacerpolitico.mx\/index.php?rest_route=\/wp\/v2\/media\/96978"}],"wp:attachment":[{"href":"https:\/\/quehacerpolitico.mx\/index.php?rest_route=%2Fwp%2Fv2%2Fmedia&parent=96977"}],"wp:term":[{"taxonomy":"category","embeddable":true,"href":"https:\/\/quehacerpolitico.mx\/index.php?rest_route=%2Fwp%2Fv2%2Fcategories&post=96977"},{"taxonomy":"post_tag","embeddable":true,"href":"https:\/\/quehacerpolitico.mx\/index.php?rest_route=%2Fwp%2Fv2%2Ftags&post=96977"}],"curies":[{"name":"wp","href":"https:\/\/api.w.org\/{rel}","templated":true}]}}