{"id":96971,"date":"2022-11-08T17:56:22","date_gmt":"2022-11-08T17:56:22","guid":{"rendered":"https:\/\/quehacerpolitico.mx\/?p=96971"},"modified":"2022-11-08T17:56:27","modified_gmt":"2022-11-08T17:56:27","slug":"tecatito-corona-queda-fuera-del-mundial-qatar-2022-por-lesion","status":"publish","type":"post","link":"https:\/\/quehacerpolitico.mx\/?p=96971","title":{"rendered":"Tecatito corona queda fuera del mundial Qatar 2022 por lesi\u00f3n"},"content":{"rendered":"\n<p>Por Redacci\u00f3n QP<\/p>\n\n\n\n<p>\u2018Tecatito\u2019 Corona se perder\u00e1 el Mundial de Qatar debido a que no ha completado su proceso de recuperaci\u00f3n por la lesi\u00f3n sufrida en agosto<\/p>\n\n\n\n<p><strong>Jes\u00fas \u2018Tecatito\u2019 Corona<\/strong>\u00a0fue descartado para participar con la\u00a0<strong>Selecci\u00f3n Nacional de M\u00e9xico<\/strong>\u00a0en el\u00a0<strong>Mundial de<\/strong>\u00a0<strong>Qatar<\/strong>, a pesar de figurar en la\u00a0prelista de seleccionados<\/p>\n\n\n\n<p>La decisi\u00f3n fue tomada por el propio jugador en comunicaci\u00f3n con\u00a0<strong>Gerardo Martino<\/strong>, director t\u00e9cnico del Tri.<\/p>\n\n\n\n<figure class=\"wp-block-embed is-type-rich is-provider-twitter wp-block-embed-twitter\"><div class=\"wp-block-embed__wrapper\">\n<blockquote class=\"twitter-tweet\" data-width=\"550\" data-dnt=\"true\"><p lang=\"es\" dir=\"ltr\">\u00a1A \ud83c\uddf6\ud83c\udde6 vamos todos juntos! \ud83c\uddf2\ud83c\uddfd \ud83d\udc4a\ud83c\udffb<br>Sabemos que estar\u00e1s con nosotros, Jes\u00fas Manuel Corona. \ud83d\udc9a <a href=\"https:\/\/twitter.com\/hashtag\/M%C3%A9xicoDeMiVida?src=hash&amp;ref_src=twsrc%5Etfw\">#M\u00e9xicoDeMiVida<\/a> <a href=\"https:\/\/t.co\/CnNv2jYgME\">pic.twitter.com\/CnNv2jYgME<\/a><\/p>&mdash; Selecci\u00f3n Nacional (@miseleccionmx) <a href=\"https:\/\/twitter.com\/miseleccionmx\/status\/1590022632342425600?ref_src=twsrc%5Etfw\">November 8, 2022<\/a><\/blockquote><script async src=\"https:\/\/platform.twitter.com\/widgets.js\" charset=\"utf-8\"><\/script>\n<\/div><\/figure>\n\n\n\n<p>\u2018<strong>Tecatito<\/strong>\u2018\u00a0<strong>Corona<\/strong>\u00a0se perder\u00e1 el\u00a0<strong>Mundial de Qatar<\/strong>\u00a0debido a que no ha completado su proceso de recuperaci\u00f3n por la\u00a0<strong>lesi\u00f3n<\/strong> sufrida en\u00a0agosto pasado<\/p>\n\n\n\n<p>El equipo de Selecciones Nacionales seguir\u00e1 al pendiente de su evoluci\u00f3n, en espera de que Jes\u00fas tenga un exitoso y pronto regreso a las canchas\u201d, se indic\u00f3 en un\u00a0comunicado<\/p>\n\n\n\n<p>El extremo mexicano del Sevilla sufri\u00f3 una\u00a0<strong>rotura de peron\u00e9 y ligamentos<\/strong>\u00a0en el tobillo izquierdo durante un entrenamiento, lesi\u00f3n que lo llev\u00f3 a ser\u00a0<strong>operado<\/strong>\u00a0en un hospital de la red FREMAP de Espa\u00f1a.<\/p>\n","protected":false},"excerpt":{"rendered":"<p>Por Redacci\u00f3n QP \u2018Tecatito\u2019 Corona se perder\u00e1 el Mundial de Qatar debido a que no&#8230;<\/p>\n","protected":false},"author":2,"featured_media":96972,"comment_status":"open","ping_status":"open","sticky":false,"template":"","format":"standard","meta":{"_monsterinsights_skip_tracking":false,"_monsterinsights_sitenote_active":false,"_monsterinsights_sitenote_note":"","_monsterinsights_sitenote_category":0,"footnotes":""},"categories":[54],"tags":[],"class_list":["post-96971","post","type-post","status-publish","format-standard","has-post-thumbnail","hentry","category-deportes"],"yoast_head":"<!-- This site is optimized with the Yoast SEO plugin v27.3 - https:\/\/yoast.com\/product\/yoast-seo-wordpress\/ -->\n<title>Tecatito corona queda fuera del mundial Qatar 2022 por lesi\u00f3n -<\/title>\n<meta name=\"robots\" content=\"index, follow, max-snippet:-1, max-image-preview:large, max-video-preview:-1\" \/>\n<link rel=\"canonical\" href=\"https:\/\/quehacerpolitico.mx\/?p=96971\" \/>\n<meta property=\"og:locale\" content=\"es_MX\" \/>\n<meta property=\"og:type\" content=\"article\" \/>\n<meta property=\"og:title\" content=\"Tecatito corona queda fuera del mundial Qatar 2022 por lesi\u00f3n -\" \/>\n<meta property=\"og:description\" content=\"Por Redacci\u00f3n QP \u2018Tecatito\u2019 Corona se perder\u00e1 el Mundial de Qatar debido a que no...\" \/>\n<meta property=\"og:url\" content=\"https:\/\/quehacerpolitico.mx\/?p=96971\" \/>\n<meta property=\"article:published_time\" content=\"2022-11-08T17:56:22+00:00\" \/>\n<meta property=\"article:modified_time\" content=\"2022-11-08T17:56:27+00:00\" \/>\n<meta property=\"og:image\" content=\"https:\/\/quehacerpolitico.mx\/wp-content\/uploads\/2022\/11\/ABBEF256-ADFC-46B3-8767-81A6C43E7348.jpeg\" \/>\n\t<meta property=\"og:image:width\" content=\"783\" \/>\n\t<meta property=\"og:image:height\" content=\"391\" \/>\n\t<meta property=\"og:image:type\" content=\"image\/jpeg\" \/>\n<meta name=\"author\" content=\"Redacci\u00f3n QP\" \/>\n<meta name=\"twitter:card\" content=\"summary_large_image\" \/>\n<meta name=\"twitter:label1\" content=\"Escrito por\" \/>\n\t<meta name=\"twitter:data1\" content=\"Redacci\u00f3n QP\" \/>\n\t<meta name=\"twitter:label2\" content=\"Tiempo de lectura\" \/>\n\t<meta name=\"twitter:data2\" content=\"1 minuto\" \/>\n<script type=\"application\/ld+json\" class=\"yoast-schema-graph\">{\"@context\":\"https:\\\/\\\/schema.org\",\"@graph\":[{\"@type\":\"Article\",\"@id\":\"https:\\\/\\\/quehacerpolitico.mx\\\/?p=96971#article\",\"isPartOf\":{\"@id\":\"https:\\\/\\\/quehacerpolitico.mx\\\/?p=96971\"},\"author\":{\"name\":\"Redacci\u00f3n QP\",\"@id\":\"https:\\\/\\\/quehacerpolitico.mx\\\/#\\\/schema\\\/person\\\/496d8ad2d1d3f8036101dca7ee39e585\"},\"headline\":\"Tecatito corona queda fuera del mundial Qatar 2022 por lesi\u00f3n\",\"datePublished\":\"2022-11-08T17:56:22+00:00\",\"dateModified\":\"2022-11-08T17:56:27+00:00\",\"mainEntityOfPage\":{\"@id\":\"https:\\\/\\\/quehacerpolitico.mx\\\/?p=96971\"},\"wordCount\":198,\"commentCount\":0,\"image\":{\"@id\":\"https:\\\/\\\/quehacerpolitico.mx\\\/?p=96971#primaryimage\"},\"thumbnailUrl\":\"https:\\\/\\\/quehacerpolitico.mx\\\/wp-content\\\/uploads\\\/2022\\\/11\\\/ABBEF256-ADFC-46B3-8767-81A6C43E7348.jpeg\",\"articleSection\":[\"Deportes\"],\"inLanguage\":\"es\",\"potentialAction\":[{\"@type\":\"CommentAction\",\"name\":\"Comment\",\"target\":[\"https:\\\/\\\/quehacerpolitico.mx\\\/?p=96971#respond\"]}]},{\"@type\":\"WebPage\",\"@id\":\"https:\\\/\\\/quehacerpolitico.mx\\\/?p=96971\",\"url\":\"https:\\\/\\\/quehacerpolitico.mx\\\/?p=96971\",\"name\":\"Tecatito corona queda fuera del mundial Qatar 2022 por lesi\u00f3n -\",\"isPartOf\":{\"@id\":\"https:\\\/\\\/quehacerpolitico.mx\\\/#website\"},\"primaryImageOfPage\":{\"@id\":\"https:\\\/\\\/quehacerpolitico.mx\\\/?p=96971#primaryimage\"},\"image\":{\"@id\":\"https:\\\/\\\/quehacerpolitico.mx\\\/?p=96971#primaryimage\"},\"thumbnailUrl\":\"https:\\\/\\\/quehacerpolitico.mx\\\/wp-content\\\/uploads\\\/2022\\\/11\\\/ABBEF256-ADFC-46B3-8767-81A6C43E7348.jpeg\",\"datePublished\":\"2022-11-08T17:56:22+00:00\",\"dateModified\":\"2022-11-08T17:56:27+00:00\",\"author\":{\"@id\":\"https:\\\/\\\/quehacerpolitico.mx\\\/#\\\/schema\\\/person\\\/496d8ad2d1d3f8036101dca7ee39e585\"},\"breadcrumb\":{\"@id\":\"https:\\\/\\\/quehacerpolitico.mx\\\/?p=96971#breadcrumb\"},\"inLanguage\":\"es\",\"potentialAction\":[{\"@type\":\"ReadAction\",\"target\":[\"https:\\\/\\\/quehacerpolitico.mx\\\/?p=96971\"]}]},{\"@type\":\"ImageObject\",\"inLanguage\":\"es\",\"@id\":\"https:\\\/\\\/quehacerpolitico.mx\\\/?p=96971#primaryimage\",\"url\":\"https:\\\/\\\/quehacerpolitico.mx\\\/wp-content\\\/uploads\\\/2022\\\/11\\\/ABBEF256-ADFC-46B3-8767-81A6C43E7348.jpeg\",\"contentUrl\":\"https:\\\/\\\/quehacerpolitico.mx\\\/wp-content\\\/uploads\\\/2022\\\/11\\\/ABBEF256-ADFC-46B3-8767-81A6C43E7348.jpeg\",\"width\":783,\"height\":391},{\"@type\":\"BreadcrumbList\",\"@id\":\"https:\\\/\\\/quehacerpolitico.mx\\\/?p=96971#breadcrumb\",\"itemListElement\":[{\"@type\":\"ListItem\",\"position\":1,\"name\":\"Inicio\",\"item\":\"https:\\\/\\\/quehacerpolitico.mx\\\/\"},{\"@type\":\"ListItem\",\"position\":2,\"name\":\"Tecatito corona queda fuera del mundial Qatar 2022 por lesi\u00f3n\"}]},{\"@type\":\"WebSite\",\"@id\":\"https:\\\/\\\/quehacerpolitico.mx\\\/#website\",\"url\":\"https:\\\/\\\/quehacerpolitico.mx\\\/\",\"name\":\"\",\"description\":\"\",\"potentialAction\":[{\"@type\":\"SearchAction\",\"target\":{\"@type\":\"EntryPoint\",\"urlTemplate\":\"https:\\\/\\\/quehacerpolitico.mx\\\/?s={search_term_string}\"},\"query-input\":{\"@type\":\"PropertyValueSpecification\",\"valueRequired\":true,\"valueName\":\"search_term_string\"}}],\"inLanguage\":\"es\"},{\"@type\":\"Person\",\"@id\":\"https:\\\/\\\/quehacerpolitico.mx\\\/#\\\/schema\\\/person\\\/496d8ad2d1d3f8036101dca7ee39e585\",\"name\":\"Redacci\u00f3n QP\",\"image\":{\"@type\":\"ImageObject\",\"inLanguage\":\"es\",\"@id\":\"https:\\\/\\\/secure.gravatar.com\\\/avatar\\\/c7164ed6fdec453195284ad24a5ae5b6e1eed2b848477fa2a4787ba9adf39a41?s=96&d=mm&r=g\",\"url\":\"https:\\\/\\\/secure.gravatar.com\\\/avatar\\\/c7164ed6fdec453195284ad24a5ae5b6e1eed2b848477fa2a4787ba9adf39a41?s=96&d=mm&r=g\",\"contentUrl\":\"https:\\\/\\\/secure.gravatar.com\\\/avatar\\\/c7164ed6fdec453195284ad24a5ae5b6e1eed2b848477fa2a4787ba9adf39a41?s=96&d=mm&r=g\",\"caption\":\"Redacci\u00f3n QP\"},\"url\":\"https:\\\/\\\/quehacerpolitico.mx\\\/?author=2\"}]}<\/script>\n<!-- \/ Yoast SEO plugin. -->","yoast_head_json":{"title":"Tecatito corona queda fuera del mundial Qatar 2022 por lesi\u00f3n -","robots":{"index":"index","follow":"follow","max-snippet":"max-snippet:-1","max-image-preview":"max-image-preview:large","max-video-preview":"max-video-preview:-1"},"canonical":"https:\/\/quehacerpolitico.mx\/?p=96971","og_locale":"es_MX","og_type":"article","og_title":"Tecatito corona queda fuera del mundial Qatar 2022 por lesi\u00f3n -","og_description":"Por Redacci\u00f3n QP \u2018Tecatito\u2019 Corona se perder\u00e1 el Mundial de Qatar debido a que no...","og_url":"https:\/\/quehacerpolitico.mx\/?p=96971","article_published_time":"2022-11-08T17:56:22+00:00","article_modified_time":"2022-11-08T17:56:27+00:00","og_image":[{"width":783,"height":391,"url":"https:\/\/quehacerpolitico.mx\/wp-content\/uploads\/2022\/11\/ABBEF256-ADFC-46B3-8767-81A6C43E7348.jpeg","type":"image\/jpeg"}],"author":"Redacci\u00f3n QP","twitter_card":"summary_large_image","twitter_misc":{"Escrito por":"Redacci\u00f3n QP","Tiempo de lectura":"1 minuto"},"schema":{"@context":"https:\/\/schema.org","@graph":[{"@type":"Article","@id":"https:\/\/quehacerpolitico.mx\/?p=96971#article","isPartOf":{"@id":"https:\/\/quehacerpolitico.mx\/?p=96971"},"author":{"name":"Redacci\u00f3n QP","@id":"https:\/\/quehacerpolitico.mx\/#\/schema\/person\/496d8ad2d1d3f8036101dca7ee39e585"},"headline":"Tecatito corona queda fuera del mundial Qatar 2022 por lesi\u00f3n","datePublished":"2022-11-08T17:56:22+00:00","dateModified":"2022-11-08T17:56:27+00:00","mainEntityOfPage":{"@id":"https:\/\/quehacerpolitico.mx\/?p=96971"},"wordCount":198,"commentCount":0,"image":{"@id":"https:\/\/quehacerpolitico.mx\/?p=96971#primaryimage"},"thumbnailUrl":"https:\/\/quehacerpolitico.mx\/wp-content\/uploads\/2022\/11\/ABBEF256-ADFC-46B3-8767-81A6C43E7348.jpeg","articleSection":["Deportes"],"inLanguage":"es","potentialAction":[{"@type":"CommentAction","name":"Comment","target":["https:\/\/quehacerpolitico.mx\/?p=96971#respond"]}]},{"@type":"WebPage","@id":"https:\/\/quehacerpolitico.mx\/?p=96971","url":"https:\/\/quehacerpolitico.mx\/?p=96971","name":"Tecatito corona queda fuera del mundial Qatar 2022 por lesi\u00f3n -","isPartOf":{"@id":"https:\/\/quehacerpolitico.mx\/#website"},"primaryImageOfPage":{"@id":"https:\/\/quehacerpolitico.mx\/?p=96971#primaryimage"},"image":{"@id":"https:\/\/quehacerpolitico.mx\/?p=96971#primaryimage"},"thumbnailUrl":"https:\/\/quehacerpolitico.mx\/wp-content\/uploads\/2022\/11\/ABBEF256-ADFC-46B3-8767-81A6C43E7348.jpeg","datePublished":"2022-11-08T17:56:22+00:00","dateModified":"2022-11-08T17:56:27+00:00","author":{"@id":"https:\/\/quehacerpolitico.mx\/#\/schema\/person\/496d8ad2d1d3f8036101dca7ee39e585"},"breadcrumb":{"@id":"https:\/\/quehacerpolitico.mx\/?p=96971#breadcrumb"},"inLanguage":"es","potentialAction":[{"@type":"ReadAction","target":["https:\/\/quehacerpolitico.mx\/?p=96971"]}]},{"@type":"ImageObject","inLanguage":"es","@id":"https:\/\/quehacerpolitico.mx\/?p=96971#primaryimage","url":"https:\/\/quehacerpolitico.mx\/wp-content\/uploads\/2022\/11\/ABBEF256-ADFC-46B3-8767-81A6C43E7348.jpeg","contentUrl":"https:\/\/quehacerpolitico.mx\/wp-content\/uploads\/2022\/11\/ABBEF256-ADFC-46B3-8767-81A6C43E7348.jpeg","width":783,"height":391},{"@type":"BreadcrumbList","@id":"https:\/\/quehacerpolitico.mx\/?p=96971#breadcrumb","itemListElement":[{"@type":"ListItem","position":1,"name":"Inicio","item":"https:\/\/quehacerpolitico.mx\/"},{"@type":"ListItem","position":2,"name":"Tecatito corona queda fuera del mundial Qatar 2022 por lesi\u00f3n"}]},{"@type":"WebSite","@id":"https:\/\/quehacerpolitico.mx\/#website","url":"https:\/\/quehacerpolitico.mx\/","name":"","description":"","potentialAction":[{"@type":"SearchAction","target":{"@type":"EntryPoint","urlTemplate":"https:\/\/quehacerpolitico.mx\/?s={search_term_string}"},"query-input":{"@type":"PropertyValueSpecification","valueRequired":true,"valueName":"search_term_string"}}],"inLanguage":"es"},{"@type":"Person","@id":"https:\/\/quehacerpolitico.mx\/#\/schema\/person\/496d8ad2d1d3f8036101dca7ee39e585","name":"Redacci\u00f3n QP","image":{"@type":"ImageObject","inLanguage":"es","@id":"https:\/\/secure.gravatar.com\/avatar\/c7164ed6fdec453195284ad24a5ae5b6e1eed2b848477fa2a4787ba9adf39a41?s=96&d=mm&r=g","url":"https:\/\/secure.gravatar.com\/avatar\/c7164ed6fdec453195284ad24a5ae5b6e1eed2b848477fa2a4787ba9adf39a41?s=96&d=mm&r=g","contentUrl":"https:\/\/secure.gravatar.com\/avatar\/c7164ed6fdec453195284ad24a5ae5b6e1eed2b848477fa2a4787ba9adf39a41?s=96&d=mm&r=g","caption":"Redacci\u00f3n QP"},"url":"https:\/\/quehacerpolitico.mx\/?author=2"}]}},"featured_image_urls":{"full":["https:\/\/quehacerpolitico.mx\/wp-content\/uploads\/2022\/11\/ABBEF256-ADFC-46B3-8767-81A6C43E7348.jpeg",783,391,false],"thumbnail":["https:\/\/quehacerpolitico.mx\/wp-content\/uploads\/2022\/11\/ABBEF256-ADFC-46B3-8767-81A6C43E7348-150x150.jpeg",150,150,true],"medium":["https:\/\/quehacerpolitico.mx\/wp-content\/uploads\/2022\/11\/ABBEF256-ADFC-46B3-8767-81A6C43E7348-300x150.jpeg",300,150,true],"medium_large":["https:\/\/quehacerpolitico.mx\/wp-content\/uploads\/2022\/11\/ABBEF256-ADFC-46B3-8767-81A6C43E7348-768x384.jpeg",640,320,true],"large":["https:\/\/quehacerpolitico.mx\/wp-content\/uploads\/2022\/11\/ABBEF256-ADFC-46B3-8767-81A6C43E7348.jpeg",640,320,false],"1536x1536":["https:\/\/quehacerpolitico.mx\/wp-content\/uploads\/2022\/11\/ABBEF256-ADFC-46B3-8767-81A6C43E7348.jpeg",783,391,false],"2048x2048":["https:\/\/quehacerpolitico.mx\/wp-content\/uploads\/2022\/11\/ABBEF256-ADFC-46B3-8767-81A6C43E7348.jpeg",783,391,false],"covernews-featured":["https:\/\/quehacerpolitico.mx\/wp-content\/uploads\/2022\/11\/ABBEF256-ADFC-46B3-8767-81A6C43E7348.jpeg",783,391,false],"covernews-medium":["https:\/\/quehacerpolitico.mx\/wp-content\/uploads\/2022\/11\/ABBEF256-ADFC-46B3-8767-81A6C43E7348.jpeg",540,270,false]},"author_info":{"display_name":"Redacci\u00f3n QP","author_link":"https:\/\/quehacerpolitico.mx\/?author=2"},"category_info":"<a href=\"https:\/\/quehacerpolitico.mx\/?cat=54\" rel=\"category\">Deportes<\/a>","tag_info":"Deportes","comment_count":"0","_links":{"self":[{"href":"https:\/\/quehacerpolitico.mx\/index.php?rest_route=\/wp\/v2\/posts\/96971","targetHints":{"allow":["GET"]}}],"collection":[{"href":"https:\/\/quehacerpolitico.mx\/index.php?rest_route=\/wp\/v2\/posts"}],"about":[{"href":"https:\/\/quehacerpolitico.mx\/index.php?rest_route=\/wp\/v2\/types\/post"}],"author":[{"embeddable":true,"href":"https:\/\/quehacerpolitico.mx\/index.php?rest_route=\/wp\/v2\/users\/2"}],"replies":[{"embeddable":true,"href":"https:\/\/quehacerpolitico.mx\/index.php?rest_route=%2Fwp%2Fv2%2Fcomments&post=96971"}],"version-history":[{"count":1,"href":"https:\/\/quehacerpolitico.mx\/index.php?rest_route=\/wp\/v2\/posts\/96971\/revisions"}],"predecessor-version":[{"id":96973,"href":"https:\/\/quehacerpolitico.mx\/index.php?rest_route=\/wp\/v2\/posts\/96971\/revisions\/96973"}],"wp:featuredmedia":[{"embeddable":true,"href":"https:\/\/quehacerpolitico.mx\/index.php?rest_route=\/wp\/v2\/media\/96972"}],"wp:attachment":[{"href":"https:\/\/quehacerpolitico.mx\/index.php?rest_route=%2Fwp%2Fv2%2Fmedia&parent=96971"}],"wp:term":[{"taxonomy":"category","embeddable":true,"href":"https:\/\/quehacerpolitico.mx\/index.php?rest_route=%2Fwp%2Fv2%2Fcategories&post=96971"},{"taxonomy":"post_tag","embeddable":true,"href":"https:\/\/quehacerpolitico.mx\/index.php?rest_route=%2Fwp%2Fv2%2Ftags&post=96971"}],"curies":[{"name":"wp","href":"https:\/\/api.w.org\/{rel}","templated":true}]}}