{"id":96963,"date":"2022-11-08T16:41:27","date_gmt":"2022-11-08T16:41:27","guid":{"rendered":"https:\/\/quehacerpolitico.mx\/?p=96963"},"modified":"2022-11-08T16:41:30","modified_gmt":"2022-11-08T16:41:30","slug":"asi-fue-la-llegada-del-presunto-feminicida-rautel-n-a-la-cdmx-video","status":"publish","type":"post","link":"https:\/\/quehacerpolitico.mx\/?p=96963","title":{"rendered":"As\u00ed fue la llegada del presunto feminicida Rautel &#8220;N&#8221; a la CDMX (VIDEO)"},"content":{"rendered":"\n<p>Por Redacci\u00f3n QP<\/p>\n\n\n\n<p>Rautel &#8220;N&#8221;, se\u00f1alado por la Fiscal\u00eda capitalina por el feminicidio de Ariadna Fernanda, qued\u00f3 a disposici\u00f3n del juez de control<\/p>\n\n\n\n<p>En vuelo comercial desde Nuevo Le\u00f3n, d\u00f3nde se entreg\u00f3 voluntariamente, y custodiado por elementos de la Fiscal\u00eda de la Ciudad de M\u00e9xico, Rautel &#8220;N&#8221; arrib\u00f3 al Aeropuerto Internacional de la Ciudad de M\u00e9xico (AICM).<\/p>\n\n\n\n<figure class=\"wp-block-image size-large\"><img loading=\"lazy\" decoding=\"async\" width=\"1024\" height=\"766\" src=\"https:\/\/quehacerpolitico.mx\/wp-content\/uploads\/2022\/11\/image-10-1024x766.jpeg\" alt=\"\" class=\"wp-image-96966\" srcset=\"https:\/\/quehacerpolitico.mx\/wp-content\/uploads\/2022\/11\/image-10-1024x766.jpeg 1024w, https:\/\/quehacerpolitico.mx\/wp-content\/uploads\/2022\/11\/image-10-300x224.jpeg 300w, https:\/\/quehacerpolitico.mx\/wp-content\/uploads\/2022\/11\/image-10-768x575.jpeg 768w, https:\/\/quehacerpolitico.mx\/wp-content\/uploads\/2022\/11\/image-10-195x146.jpeg 195w, https:\/\/quehacerpolitico.mx\/wp-content\/uploads\/2022\/11\/image-10-50x37.jpeg 50w, https:\/\/quehacerpolitico.mx\/wp-content\/uploads\/2022\/11\/image-10-100x75.jpeg 100w, https:\/\/quehacerpolitico.mx\/wp-content\/uploads\/2022\/11\/image-10.jpeg 1160w\" sizes=\"auto, (max-width: 1024px) 100vw, 1024px\" \/><\/figure>\n\n\n\n<figure class=\"wp-block-image size-full\"><img loading=\"lazy\" decoding=\"async\" width=\"868\" height=\"910\" src=\"https:\/\/quehacerpolitico.mx\/wp-content\/uploads\/2022\/11\/image-9.jpeg\" alt=\"\" class=\"wp-image-96965\" srcset=\"https:\/\/quehacerpolitico.mx\/wp-content\/uploads\/2022\/11\/image-9.jpeg 868w, https:\/\/quehacerpolitico.mx\/wp-content\/uploads\/2022\/11\/image-9-286x300.jpeg 286w, https:\/\/quehacerpolitico.mx\/wp-content\/uploads\/2022\/11\/image-9-768x805.jpeg 768w, https:\/\/quehacerpolitico.mx\/wp-content\/uploads\/2022\/11\/image-9-139x146.jpeg 139w, https:\/\/quehacerpolitico.mx\/wp-content\/uploads\/2022\/11\/image-9-48x50.jpeg 48w, https:\/\/quehacerpolitico.mx\/wp-content\/uploads\/2022\/11\/image-9-72x75.jpeg 72w\" sizes=\"auto, (max-width: 868px) 100vw, 868px\" \/><\/figure>\n\n\n\n<figure class=\"wp-block-embed is-type-rich is-provider-twitter wp-block-embed-twitter\"><div class=\"wp-block-embed__wrapper\">\nhttps:\/\/twitter.com\/c4jimenez\/status\/1589861775402729473?s=46&#038;t=JL0pcQC1wjdhEyGkW9SOkA\n<\/div><\/figure>\n\n\n\n<p>Luego&nbsp;<strong>fue trasladado al Ministerio P\u00fablico de la Coordinaci\u00f3n Territorial en Iztapalapa 9 para su certificaci\u00f3n m\u00e9dica y posteriormente fue ingresado al Reclusorio Preventivo Varonil Oriente<\/strong>, donde qued\u00f3 a disposici\u00f3n del juez de control.<\/p>\n\n\n\n<h2 class=\"wp-block-heading\">De amigos a feminicidas de Ariadna Fernanda<\/h2>\n\n\n\n<p><strong>Rautel &#8220;N&#8221; y su pareja Vanessa &#8220;N&#8221; son se\u00f1alados por la Fiscal\u00eda capitalina por el feminicidio de Ariadna Fernanda<\/strong>, joven de 27 a\u00f1os que desapareci\u00f3 el 30 de octubre y un d\u00eda despu\u00e9s hallada muerta en el estado de Morelos.<\/p>\n\n\n\n<p><strong>Las autoridades capitalinas presumen que Rautel &#8220;N&#8221; ten\u00eda alg\u00fan v\u00ednculo con personal de la Fiscal\u00eda de Morelos<\/strong>, lo que le favoreci\u00f3 para que dicha dependencia descartara que se trataba de un feminicidio y que la joven hab\u00eda muerto por congesti\u00f3n alcoh\u00f3lica.<\/p>\n\n\n\n<figure class=\"wp-block-embed is-type-rich is-provider-twitter wp-block-embed-twitter\"><div class=\"wp-block-embed__wrapper\">\nhttps:\/\/twitter.com\/c4jimenez\/status\/1589827679900966912?s=46&#038;t=JL0pcQC1wjdhEyGkW9SOkA\n<\/div><\/figure>\n\n\n\n<p>Su pareja, Vanessa &#8220;N&#8221;, tambi\u00e9n fue detenida la madrugada del domingo en Ecatepec.<\/p>\n\n\n\n<p><strong>Ambos, antes de su detenci\u00f3n, hicieron muestras y declaraciones p\u00fablicas, para desviar la atenci\u00f3n<\/strong>.<\/p>\n\n\n\n<p>Con informaci\u00f3n de SUN<\/p>\n","protected":false},"excerpt":{"rendered":"<p>Por Redacci\u00f3n QP Rautel &#8220;N&#8221;, se\u00f1alado por la Fiscal\u00eda capitalina por el feminicidio de Ariadna&#8230;<\/p>\n","protected":false},"author":2,"featured_media":96964,"comment_status":"open","ping_status":"open","sticky":false,"template":"","format":"standard","meta":{"_monsterinsights_skip_tracking":false,"_monsterinsights_sitenote_active":false,"_monsterinsights_sitenote_note":"","_monsterinsights_sitenote_category":0,"footnotes":""},"categories":[55],"tags":[],"class_list":["post-96963","post","type-post","status-publish","format-standard","has-post-thumbnail","hentry","category-cdmx"],"yoast_head":"<!-- This site is optimized with the Yoast SEO plugin v27.3 - https:\/\/yoast.com\/product\/yoast-seo-wordpress\/ -->\n<title>As\u00ed fue la llegada del presunto feminicida Rautel &quot;N&quot; a la CDMX (VIDEO) -<\/title>\n<meta name=\"robots\" content=\"index, follow, max-snippet:-1, max-image-preview:large, max-video-preview:-1\" \/>\n<link rel=\"canonical\" href=\"https:\/\/quehacerpolitico.mx\/?p=96963\" \/>\n<meta property=\"og:locale\" content=\"es_MX\" \/>\n<meta property=\"og:type\" content=\"article\" \/>\n<meta property=\"og:title\" content=\"As\u00ed fue la llegada del presunto feminicida Rautel &quot;N&quot; a la CDMX (VIDEO) -\" \/>\n<meta property=\"og:description\" content=\"Por Redacci\u00f3n QP Rautel &#8220;N&#8221;, se\u00f1alado por la Fiscal\u00eda capitalina por el feminicidio de Ariadna...\" \/>\n<meta property=\"og:url\" content=\"https:\/\/quehacerpolitico.mx\/?p=96963\" \/>\n<meta property=\"article:published_time\" content=\"2022-11-08T16:41:27+00:00\" \/>\n<meta property=\"article:modified_time\" content=\"2022-11-08T16:41:30+00:00\" \/>\n<meta property=\"og:image\" content=\"https:\/\/quehacerpolitico.mx\/wp-content\/uploads\/2022\/11\/506989BF-99E5-4D86-841C-040A1BE92C31.jpeg\" \/>\n\t<meta property=\"og:image:width\" content=\"1284\" \/>\n\t<meta property=\"og:image:height\" content=\"681\" \/>\n\t<meta property=\"og:image:type\" content=\"image\/jpeg\" \/>\n<meta name=\"author\" content=\"Redacci\u00f3n QP\" \/>\n<meta name=\"twitter:card\" content=\"summary_large_image\" \/>\n<meta name=\"twitter:label1\" content=\"Escrito por\" \/>\n\t<meta name=\"twitter:data1\" content=\"Redacci\u00f3n QP\" \/>\n\t<meta name=\"twitter:label2\" content=\"Tiempo de lectura\" \/>\n\t<meta name=\"twitter:data2\" content=\"1 minuto\" \/>\n<script type=\"application\/ld+json\" class=\"yoast-schema-graph\">{\"@context\":\"https:\\\/\\\/schema.org\",\"@graph\":[{\"@type\":\"Article\",\"@id\":\"https:\\\/\\\/quehacerpolitico.mx\\\/?p=96963#article\",\"isPartOf\":{\"@id\":\"https:\\\/\\\/quehacerpolitico.mx\\\/?p=96963\"},\"author\":{\"name\":\"Redacci\u00f3n QP\",\"@id\":\"https:\\\/\\\/quehacerpolitico.mx\\\/#\\\/schema\\\/person\\\/496d8ad2d1d3f8036101dca7ee39e585\"},\"headline\":\"As\u00ed fue la llegada del presunto feminicida Rautel &#8220;N&#8221; a la CDMX (VIDEO)\",\"datePublished\":\"2022-11-08T16:41:27+00:00\",\"dateModified\":\"2022-11-08T16:41:30+00:00\",\"mainEntityOfPage\":{\"@id\":\"https:\\\/\\\/quehacerpolitico.mx\\\/?p=96963\"},\"wordCount\":278,\"commentCount\":0,\"image\":{\"@id\":\"https:\\\/\\\/quehacerpolitico.mx\\\/?p=96963#primaryimage\"},\"thumbnailUrl\":\"https:\\\/\\\/quehacerpolitico.mx\\\/wp-content\\\/uploads\\\/2022\\\/11\\\/506989BF-99E5-4D86-841C-040A1BE92C31.jpeg\",\"articleSection\":[\"CDMX\"],\"inLanguage\":\"es\",\"potentialAction\":[{\"@type\":\"CommentAction\",\"name\":\"Comment\",\"target\":[\"https:\\\/\\\/quehacerpolitico.mx\\\/?p=96963#respond\"]}]},{\"@type\":\"WebPage\",\"@id\":\"https:\\\/\\\/quehacerpolitico.mx\\\/?p=96963\",\"url\":\"https:\\\/\\\/quehacerpolitico.mx\\\/?p=96963\",\"name\":\"As\u00ed fue la llegada del presunto feminicida Rautel \\\"N\\\" a la CDMX (VIDEO) -\",\"isPartOf\":{\"@id\":\"https:\\\/\\\/quehacerpolitico.mx\\\/#website\"},\"primaryImageOfPage\":{\"@id\":\"https:\\\/\\\/quehacerpolitico.mx\\\/?p=96963#primaryimage\"},\"image\":{\"@id\":\"https:\\\/\\\/quehacerpolitico.mx\\\/?p=96963#primaryimage\"},\"thumbnailUrl\":\"https:\\\/\\\/quehacerpolitico.mx\\\/wp-content\\\/uploads\\\/2022\\\/11\\\/506989BF-99E5-4D86-841C-040A1BE92C31.jpeg\",\"datePublished\":\"2022-11-08T16:41:27+00:00\",\"dateModified\":\"2022-11-08T16:41:30+00:00\",\"author\":{\"@id\":\"https:\\\/\\\/quehacerpolitico.mx\\\/#\\\/schema\\\/person\\\/496d8ad2d1d3f8036101dca7ee39e585\"},\"breadcrumb\":{\"@id\":\"https:\\\/\\\/quehacerpolitico.mx\\\/?p=96963#breadcrumb\"},\"inLanguage\":\"es\",\"potentialAction\":[{\"@type\":\"ReadAction\",\"target\":[\"https:\\\/\\\/quehacerpolitico.mx\\\/?p=96963\"]}]},{\"@type\":\"ImageObject\",\"inLanguage\":\"es\",\"@id\":\"https:\\\/\\\/quehacerpolitico.mx\\\/?p=96963#primaryimage\",\"url\":\"https:\\\/\\\/quehacerpolitico.mx\\\/wp-content\\\/uploads\\\/2022\\\/11\\\/506989BF-99E5-4D86-841C-040A1BE92C31.jpeg\",\"contentUrl\":\"https:\\\/\\\/quehacerpolitico.mx\\\/wp-content\\\/uploads\\\/2022\\\/11\\\/506989BF-99E5-4D86-841C-040A1BE92C31.jpeg\",\"width\":1284,\"height\":681},{\"@type\":\"BreadcrumbList\",\"@id\":\"https:\\\/\\\/quehacerpolitico.mx\\\/?p=96963#breadcrumb\",\"itemListElement\":[{\"@type\":\"ListItem\",\"position\":1,\"name\":\"Inicio\",\"item\":\"https:\\\/\\\/quehacerpolitico.mx\\\/\"},{\"@type\":\"ListItem\",\"position\":2,\"name\":\"As\u00ed fue la llegada del presunto feminicida Rautel &#8220;N&#8221; a la CDMX (VIDEO)\"}]},{\"@type\":\"WebSite\",\"@id\":\"https:\\\/\\\/quehacerpolitico.mx\\\/#website\",\"url\":\"https:\\\/\\\/quehacerpolitico.mx\\\/\",\"name\":\"\",\"description\":\"\",\"potentialAction\":[{\"@type\":\"SearchAction\",\"target\":{\"@type\":\"EntryPoint\",\"urlTemplate\":\"https:\\\/\\\/quehacerpolitico.mx\\\/?s={search_term_string}\"},\"query-input\":{\"@type\":\"PropertyValueSpecification\",\"valueRequired\":true,\"valueName\":\"search_term_string\"}}],\"inLanguage\":\"es\"},{\"@type\":\"Person\",\"@id\":\"https:\\\/\\\/quehacerpolitico.mx\\\/#\\\/schema\\\/person\\\/496d8ad2d1d3f8036101dca7ee39e585\",\"name\":\"Redacci\u00f3n QP\",\"image\":{\"@type\":\"ImageObject\",\"inLanguage\":\"es\",\"@id\":\"https:\\\/\\\/secure.gravatar.com\\\/avatar\\\/c7164ed6fdec453195284ad24a5ae5b6e1eed2b848477fa2a4787ba9adf39a41?s=96&d=mm&r=g\",\"url\":\"https:\\\/\\\/secure.gravatar.com\\\/avatar\\\/c7164ed6fdec453195284ad24a5ae5b6e1eed2b848477fa2a4787ba9adf39a41?s=96&d=mm&r=g\",\"contentUrl\":\"https:\\\/\\\/secure.gravatar.com\\\/avatar\\\/c7164ed6fdec453195284ad24a5ae5b6e1eed2b848477fa2a4787ba9adf39a41?s=96&d=mm&r=g\",\"caption\":\"Redacci\u00f3n QP\"},\"url\":\"https:\\\/\\\/quehacerpolitico.mx\\\/?author=2\"}]}<\/script>\n<!-- \/ Yoast SEO plugin. -->","yoast_head_json":{"title":"As\u00ed fue la llegada del presunto feminicida Rautel \"N\" a la CDMX (VIDEO) -","robots":{"index":"index","follow":"follow","max-snippet":"max-snippet:-1","max-image-preview":"max-image-preview:large","max-video-preview":"max-video-preview:-1"},"canonical":"https:\/\/quehacerpolitico.mx\/?p=96963","og_locale":"es_MX","og_type":"article","og_title":"As\u00ed fue la llegada del presunto feminicida Rautel \"N\" a la CDMX (VIDEO) -","og_description":"Por Redacci\u00f3n QP Rautel &#8220;N&#8221;, se\u00f1alado por la Fiscal\u00eda capitalina por el feminicidio de Ariadna...","og_url":"https:\/\/quehacerpolitico.mx\/?p=96963","article_published_time":"2022-11-08T16:41:27+00:00","article_modified_time":"2022-11-08T16:41:30+00:00","og_image":[{"width":1284,"height":681,"url":"https:\/\/quehacerpolitico.mx\/wp-content\/uploads\/2022\/11\/506989BF-99E5-4D86-841C-040A1BE92C31.jpeg","type":"image\/jpeg"}],"author":"Redacci\u00f3n QP","twitter_card":"summary_large_image","twitter_misc":{"Escrito por":"Redacci\u00f3n QP","Tiempo de lectura":"1 minuto"},"schema":{"@context":"https:\/\/schema.org","@graph":[{"@type":"Article","@id":"https:\/\/quehacerpolitico.mx\/?p=96963#article","isPartOf":{"@id":"https:\/\/quehacerpolitico.mx\/?p=96963"},"author":{"name":"Redacci\u00f3n QP","@id":"https:\/\/quehacerpolitico.mx\/#\/schema\/person\/496d8ad2d1d3f8036101dca7ee39e585"},"headline":"As\u00ed fue la llegada del presunto feminicida Rautel &#8220;N&#8221; a la CDMX (VIDEO)","datePublished":"2022-11-08T16:41:27+00:00","dateModified":"2022-11-08T16:41:30+00:00","mainEntityOfPage":{"@id":"https:\/\/quehacerpolitico.mx\/?p=96963"},"wordCount":278,"commentCount":0,"image":{"@id":"https:\/\/quehacerpolitico.mx\/?p=96963#primaryimage"},"thumbnailUrl":"https:\/\/quehacerpolitico.mx\/wp-content\/uploads\/2022\/11\/506989BF-99E5-4D86-841C-040A1BE92C31.jpeg","articleSection":["CDMX"],"inLanguage":"es","potentialAction":[{"@type":"CommentAction","name":"Comment","target":["https:\/\/quehacerpolitico.mx\/?p=96963#respond"]}]},{"@type":"WebPage","@id":"https:\/\/quehacerpolitico.mx\/?p=96963","url":"https:\/\/quehacerpolitico.mx\/?p=96963","name":"As\u00ed fue la llegada del presunto feminicida Rautel \"N\" a la CDMX (VIDEO) -","isPartOf":{"@id":"https:\/\/quehacerpolitico.mx\/#website"},"primaryImageOfPage":{"@id":"https:\/\/quehacerpolitico.mx\/?p=96963#primaryimage"},"image":{"@id":"https:\/\/quehacerpolitico.mx\/?p=96963#primaryimage"},"thumbnailUrl":"https:\/\/quehacerpolitico.mx\/wp-content\/uploads\/2022\/11\/506989BF-99E5-4D86-841C-040A1BE92C31.jpeg","datePublished":"2022-11-08T16:41:27+00:00","dateModified":"2022-11-08T16:41:30+00:00","author":{"@id":"https:\/\/quehacerpolitico.mx\/#\/schema\/person\/496d8ad2d1d3f8036101dca7ee39e585"},"breadcrumb":{"@id":"https:\/\/quehacerpolitico.mx\/?p=96963#breadcrumb"},"inLanguage":"es","potentialAction":[{"@type":"ReadAction","target":["https:\/\/quehacerpolitico.mx\/?p=96963"]}]},{"@type":"ImageObject","inLanguage":"es","@id":"https:\/\/quehacerpolitico.mx\/?p=96963#primaryimage","url":"https:\/\/quehacerpolitico.mx\/wp-content\/uploads\/2022\/11\/506989BF-99E5-4D86-841C-040A1BE92C31.jpeg","contentUrl":"https:\/\/quehacerpolitico.mx\/wp-content\/uploads\/2022\/11\/506989BF-99E5-4D86-841C-040A1BE92C31.jpeg","width":1284,"height":681},{"@type":"BreadcrumbList","@id":"https:\/\/quehacerpolitico.mx\/?p=96963#breadcrumb","itemListElement":[{"@type":"ListItem","position":1,"name":"Inicio","item":"https:\/\/quehacerpolitico.mx\/"},{"@type":"ListItem","position":2,"name":"As\u00ed fue la llegada del presunto feminicida Rautel &#8220;N&#8221; a la CDMX (VIDEO)"}]},{"@type":"WebSite","@id":"https:\/\/quehacerpolitico.mx\/#website","url":"https:\/\/quehacerpolitico.mx\/","name":"","description":"","potentialAction":[{"@type":"SearchAction","target":{"@type":"EntryPoint","urlTemplate":"https:\/\/quehacerpolitico.mx\/?s={search_term_string}"},"query-input":{"@type":"PropertyValueSpecification","valueRequired":true,"valueName":"search_term_string"}}],"inLanguage":"es"},{"@type":"Person","@id":"https:\/\/quehacerpolitico.mx\/#\/schema\/person\/496d8ad2d1d3f8036101dca7ee39e585","name":"Redacci\u00f3n QP","image":{"@type":"ImageObject","inLanguage":"es","@id":"https:\/\/secure.gravatar.com\/avatar\/c7164ed6fdec453195284ad24a5ae5b6e1eed2b848477fa2a4787ba9adf39a41?s=96&d=mm&r=g","url":"https:\/\/secure.gravatar.com\/avatar\/c7164ed6fdec453195284ad24a5ae5b6e1eed2b848477fa2a4787ba9adf39a41?s=96&d=mm&r=g","contentUrl":"https:\/\/secure.gravatar.com\/avatar\/c7164ed6fdec453195284ad24a5ae5b6e1eed2b848477fa2a4787ba9adf39a41?s=96&d=mm&r=g","caption":"Redacci\u00f3n QP"},"url":"https:\/\/quehacerpolitico.mx\/?author=2"}]}},"featured_image_urls":{"full":["https:\/\/quehacerpolitico.mx\/wp-content\/uploads\/2022\/11\/506989BF-99E5-4D86-841C-040A1BE92C31.jpeg",1284,681,false],"thumbnail":["https:\/\/quehacerpolitico.mx\/wp-content\/uploads\/2022\/11\/506989BF-99E5-4D86-841C-040A1BE92C31-150x150.jpeg",150,150,true],"medium":["https:\/\/quehacerpolitico.mx\/wp-content\/uploads\/2022\/11\/506989BF-99E5-4D86-841C-040A1BE92C31-300x159.jpeg",300,159,true],"medium_large":["https:\/\/quehacerpolitico.mx\/wp-content\/uploads\/2022\/11\/506989BF-99E5-4D86-841C-040A1BE92C31-768x407.jpeg",640,339,true],"large":["https:\/\/quehacerpolitico.mx\/wp-content\/uploads\/2022\/11\/506989BF-99E5-4D86-841C-040A1BE92C31-1024x543.jpeg",640,339,true],"1536x1536":["https:\/\/quehacerpolitico.mx\/wp-content\/uploads\/2022\/11\/506989BF-99E5-4D86-841C-040A1BE92C31.jpeg",1284,681,false],"2048x2048":["https:\/\/quehacerpolitico.mx\/wp-content\/uploads\/2022\/11\/506989BF-99E5-4D86-841C-040A1BE92C31.jpeg",1284,681,false],"covernews-featured":["https:\/\/quehacerpolitico.mx\/wp-content\/uploads\/2022\/11\/506989BF-99E5-4D86-841C-040A1BE92C31.jpeg",1024,543,false],"covernews-medium":["https:\/\/quehacerpolitico.mx\/wp-content\/uploads\/2022\/11\/506989BF-99E5-4D86-841C-040A1BE92C31.jpeg",540,286,false]},"author_info":{"display_name":"Redacci\u00f3n QP","author_link":"https:\/\/quehacerpolitico.mx\/?author=2"},"category_info":"<a href=\"https:\/\/quehacerpolitico.mx\/?cat=55\" rel=\"category\">CDMX<\/a>","tag_info":"CDMX","comment_count":"0","_links":{"self":[{"href":"https:\/\/quehacerpolitico.mx\/index.php?rest_route=\/wp\/v2\/posts\/96963","targetHints":{"allow":["GET"]}}],"collection":[{"href":"https:\/\/quehacerpolitico.mx\/index.php?rest_route=\/wp\/v2\/posts"}],"about":[{"href":"https:\/\/quehacerpolitico.mx\/index.php?rest_route=\/wp\/v2\/types\/post"}],"author":[{"embeddable":true,"href":"https:\/\/quehacerpolitico.mx\/index.php?rest_route=\/wp\/v2\/users\/2"}],"replies":[{"embeddable":true,"href":"https:\/\/quehacerpolitico.mx\/index.php?rest_route=%2Fwp%2Fv2%2Fcomments&post=96963"}],"version-history":[{"count":1,"href":"https:\/\/quehacerpolitico.mx\/index.php?rest_route=\/wp\/v2\/posts\/96963\/revisions"}],"predecessor-version":[{"id":96967,"href":"https:\/\/quehacerpolitico.mx\/index.php?rest_route=\/wp\/v2\/posts\/96963\/revisions\/96967"}],"wp:featuredmedia":[{"embeddable":true,"href":"https:\/\/quehacerpolitico.mx\/index.php?rest_route=\/wp\/v2\/media\/96964"}],"wp:attachment":[{"href":"https:\/\/quehacerpolitico.mx\/index.php?rest_route=%2Fwp%2Fv2%2Fmedia&parent=96963"}],"wp:term":[{"taxonomy":"category","embeddable":true,"href":"https:\/\/quehacerpolitico.mx\/index.php?rest_route=%2Fwp%2Fv2%2Fcategories&post=96963"},{"taxonomy":"post_tag","embeddable":true,"href":"https:\/\/quehacerpolitico.mx\/index.php?rest_route=%2Fwp%2Fv2%2Ftags&post=96963"}],"curies":[{"name":"wp","href":"https:\/\/api.w.org\/{rel}","templated":true}]}}