{"id":96956,"date":"2022-11-07T23:38:51","date_gmt":"2022-11-07T23:38:51","guid":{"rendered":"https:\/\/quehacerpolitico.mx\/?p=96956"},"modified":"2022-11-07T23:38:55","modified_gmt":"2022-11-07T23:38:55","slug":"internacionales-carolina-alonso-romei-celebran-comunistas-rusos-el-105-aniversario-de-la-revolucion-bolchevique","status":"publish","type":"post","link":"https:\/\/quehacerpolitico.mx\/?p=96956","title":{"rendered":"Internacionales\/\/\/Carolina Alonso Romei\/\/\/Celebran comunistas rusos el 105 aniversario de la Revoluci\u00f3n Bolchevique"},"content":{"rendered":"\n<p>Por Carolina Alonso Romei <\/p>\n\n\n\n<p>Comunistas rusos llevaron a cabo este lunes las celebraciones por el 105 aniversario de la Revoluci\u00f3n Bolchevique<\/p>\n\n\n\n<figure class=\"wp-block-embed is-type-video is-provider-youtube wp-block-embed-youtube wp-embed-aspect-16-9 wp-has-aspect-ratio\"><div class=\"wp-block-embed__wrapper\">\n<iframe loading=\"lazy\" title=\"El Partido Comunista ruso celebra el aniversario del inicio de la Revoluci\u00f3n Bolchevique\" width=\"640\" height=\"360\" src=\"https:\/\/www.youtube.com\/embed\/n2cucN_UnpA?feature=oembed\" frameborder=\"0\" allow=\"accelerometer; autoplay; clipboard-write; encrypted-media; gyroscope; picture-in-picture; web-share\" referrerpolicy=\"strict-origin-when-cross-origin\" allowfullscreen><\/iframe>\n<\/div><\/figure>\n\n\n\n<p>Los<strong>&nbsp;comunistas rusos<\/strong>&nbsp;celebraron este lunes el&nbsp;<strong>105 aniversario<\/strong>de la&nbsp;<strong>Revoluci\u00f3n Bolchevique<\/strong>, una efem\u00e9ride abiertamente silenciada por el Kremlin y que condujo a la creaci\u00f3n del primer Estado comunista del mundo: la ya desaparecida&nbsp;<strong>Uni\u00f3n Sovi\u00e9tica<\/strong>.<\/p>\n\n\n\n<p>El l\u00edder del\u00a0Partido Comunista de Rusia\u00a0(PCR),\u00a0<strong>Guennadi Ziug\u00e1nov<\/strong>, presidi\u00f3 las tradicionales ofrendas florales en el mausoleo de<strong>\u00a0Vlad\u00edmir Lenin<\/strong>, el l\u00edder bolchevique, en la Plaza Roja de Mosc\u00fa, junto a la muralla del Kremlin.<\/p>\n\n\n\n<figure class=\"wp-block-embed is-type-rich is-provider-twitter wp-block-embed-twitter\"><div class=\"wp-block-embed__wrapper\">\n<blockquote class=\"twitter-tweet\" data-width=\"550\" data-dnt=\"true\"><p lang=\"ru\" dir=\"ltr\">\u041f\u043e\u0431\u0435\u0434\u0435 \u0441\u043e\u0446\u0438\u0430\u043b\u0438\u0441\u0442\u0438\u0447\u0435\u0441\u043a\u043e\u0439 \u0440\u0435\u0432\u043e\u043b\u044e\u0446\u0438\u0438 \u2013 105 \u043b\u0435\u0442!<br><br>\u041f\u043e\u0437\u0434\u0440\u0430\u0432\u043b\u0435\u043d\u0438\u0435 \u041f\u0440\u0435\u0434\u0441\u0435\u0434\u0430\u0442\u0435\u043b\u044f \u0426\u041a \u041a\u041f\u0420\u0424 \u0413.\u0410. \u0417\u044e\u0433\u0430\u043d\u043e\u0432\u0430 \u0441 7 \u043d\u043e\u044f\u0431\u0440\u044f.<a href=\"https:\/\/t.co\/gPpVHqwjzq\">https:\/\/t.co\/gPpVHqwjzq<\/a> <a href=\"https:\/\/t.co\/sOrQJEy7Bt\">pic.twitter.com\/sOrQJEy7Bt<\/a><\/p>&mdash; \u041a\u041f\u0420\u0424 (@kprf) <a href=\"https:\/\/twitter.com\/kprf\/status\/1589520838143148032?ref_src=twsrc%5Etfw\">November 7, 2022<\/a><\/blockquote><script async src=\"https:\/\/platform.twitter.com\/widgets.js\" charset=\"utf-8\"><\/script>\n<\/div><\/figure>\n\n\n\n<p>Tambi\u00e9n deposit\u00f3 flores en la tumba del dictador sovi\u00e9tico I\u00f3sif Stalin.<\/p>\n\n\n\n<p>Los comunistas estuvieron acompa\u00f1ados por<strong>&nbsp;Sergu\u00e9i Udaltsov<\/strong>, dirigente del Frente de Izquierdas y sus afines.<\/p>\n\n\n\n<p>Los comunistas rusos suelen organizar actos conmemorativos de la Revoluci\u00f3n Bolchevique cada a\u00f1o, aunque dicha fecha dej\u00f3 de ser fiesta oficial en Rusia hace ahora catorce a\u00f1os.<\/p>\n\n\n\n<p>Adem\u00e1s, cada 7 de noviembre Mosc\u00fa suele acoger una parada militar que recuerda el desfile en la plaza Roja celebrado en 1941, tras el cual los soldados marcharon directamente al frente para combatir a las tropas nazis, que se hallaban ya a las afueras de la ciudad.<\/p>\n\n\n\n<p>Fiel a la propaganda del Kremlin, que justifica la intervenci\u00f3n b\u00e9lica con la lucha contra el \u201cr\u00e9gimen nazi de Kiev\u201d, pese a que el presidente de Ucrania,&nbsp;<strong>Volod\u00edmir Zelenski<\/strong>, es de origen jud\u00edo y rusoparlante, Ziug\u00e1nov repiti\u00f3 este argumentario.<\/p>\n\n\n\n<p>\u201cEstamos aqu\u00ed defendiendo nuestra gran historia milenaria, nuestra historia victoriosa. Nosotros, como padres y abuelos, estamos logrando otra haza\u00f1a, aplastando a los nazis, fascistas, a (Step\u00e1n) Bandera\u201d, dijo, en referencia al que durante la Segunda Guerra Mundial se aline\u00f3 inicialmente con los alemanes para buscar la independencia de la Uni\u00f3n Sovi\u00e9tica, aunque termin\u00f3 en un campo de concentraci\u00f3n nazi.<\/p>\n\n\n\n<p>\u201cY hay que entender muy bien: no son un ruso y un ucraniano los que est\u00e1n luchando all\u00ed, estamos luchando contra nazis, bandidos, fascistas, estadounidenses, anglosajones, que odian todo lo ruso, sovi\u00e9tico\u201d, indic\u00f3.<\/p>\n\n\n\n<p>Con informaci\u00f3n de EFE<\/p>\n","protected":false},"excerpt":{"rendered":"<p>Por Carolina Alonso Romei Comunistas rusos llevaron a cabo este lunes las celebraciones por el&#8230;<\/p>\n","protected":false},"author":2,"featured_media":96957,"comment_status":"open","ping_status":"open","sticky":false,"template":"","format":"standard","meta":{"_monsterinsights_skip_tracking":false,"_monsterinsights_sitenote_active":false,"_monsterinsights_sitenote_note":"","_monsterinsights_sitenote_category":0,"footnotes":""},"categories":[1],"tags":[],"class_list":["post-96956","post","type-post","status-publish","format-standard","has-post-thumbnail","hentry","category-sin-categoria"],"yoast_head":"<!-- This site is optimized with the Yoast SEO plugin v27.3 - https:\/\/yoast.com\/product\/yoast-seo-wordpress\/ -->\n<title>Internacionales\/\/\/Carolina Alonso Romei\/\/\/Celebran comunistas rusos el 105 aniversario de la Revoluci\u00f3n Bolchevique -<\/title>\n<meta name=\"robots\" content=\"index, follow, max-snippet:-1, max-image-preview:large, max-video-preview:-1\" \/>\n<link rel=\"canonical\" href=\"https:\/\/quehacerpolitico.mx\/?p=96956\" \/>\n<meta property=\"og:locale\" content=\"es_MX\" \/>\n<meta property=\"og:type\" content=\"article\" \/>\n<meta property=\"og:title\" content=\"Internacionales\/\/\/Carolina Alonso Romei\/\/\/Celebran comunistas rusos el 105 aniversario de la Revoluci\u00f3n Bolchevique -\" \/>\n<meta property=\"og:description\" content=\"Por Carolina Alonso Romei Comunistas rusos llevaron a cabo este lunes las celebraciones por el...\" \/>\n<meta property=\"og:url\" content=\"https:\/\/quehacerpolitico.mx\/?p=96956\" \/>\n<meta property=\"article:published_time\" content=\"2022-11-07T23:38:51+00:00\" \/>\n<meta property=\"article:modified_time\" content=\"2022-11-07T23:38:55+00:00\" \/>\n<meta property=\"og:image\" content=\"https:\/\/quehacerpolitico.mx\/wp-content\/uploads\/2022\/11\/2305A99F-D8F6-4422-AD53-1E84A0CCE19A.jpeg\" \/>\n\t<meta property=\"og:image:width\" content=\"1280\" \/>\n\t<meta property=\"og:image:height\" content=\"644\" \/>\n\t<meta property=\"og:image:type\" content=\"image\/jpeg\" \/>\n<meta name=\"author\" content=\"Redacci\u00f3n QP\" \/>\n<meta name=\"twitter:card\" content=\"summary_large_image\" \/>\n<meta name=\"twitter:label1\" content=\"Escrito por\" \/>\n\t<meta name=\"twitter:data1\" content=\"Redacci\u00f3n QP\" \/>\n\t<meta name=\"twitter:label2\" content=\"Tiempo de lectura\" \/>\n\t<meta name=\"twitter:data2\" content=\"2 minutos\" \/>\n<script type=\"application\/ld+json\" class=\"yoast-schema-graph\">{\"@context\":\"https:\\\/\\\/schema.org\",\"@graph\":[{\"@type\":\"Article\",\"@id\":\"https:\\\/\\\/quehacerpolitico.mx\\\/?p=96956#article\",\"isPartOf\":{\"@id\":\"https:\\\/\\\/quehacerpolitico.mx\\\/?p=96956\"},\"author\":{\"name\":\"Redacci\u00f3n QP\",\"@id\":\"https:\\\/\\\/quehacerpolitico.mx\\\/#\\\/schema\\\/person\\\/496d8ad2d1d3f8036101dca7ee39e585\"},\"headline\":\"Internacionales\\\/\\\/\\\/Carolina Alonso Romei\\\/\\\/\\\/Celebran comunistas rusos el 105 aniversario de la Revoluci\u00f3n Bolchevique\",\"datePublished\":\"2022-11-07T23:38:51+00:00\",\"dateModified\":\"2022-11-07T23:38:55+00:00\",\"mainEntityOfPage\":{\"@id\":\"https:\\\/\\\/quehacerpolitico.mx\\\/?p=96956\"},\"wordCount\":396,\"commentCount\":0,\"image\":{\"@id\":\"https:\\\/\\\/quehacerpolitico.mx\\\/?p=96956#primaryimage\"},\"thumbnailUrl\":\"https:\\\/\\\/quehacerpolitico.mx\\\/wp-content\\\/uploads\\\/2022\\\/11\\\/2305A99F-D8F6-4422-AD53-1E84A0CCE19A.jpeg\",\"articleSection\":[\"Internacionales\"],\"inLanguage\":\"es\",\"potentialAction\":[{\"@type\":\"CommentAction\",\"name\":\"Comment\",\"target\":[\"https:\\\/\\\/quehacerpolitico.mx\\\/?p=96956#respond\"]}]},{\"@type\":\"WebPage\",\"@id\":\"https:\\\/\\\/quehacerpolitico.mx\\\/?p=96956\",\"url\":\"https:\\\/\\\/quehacerpolitico.mx\\\/?p=96956\",\"name\":\"Internacionales\\\/\\\/\\\/Carolina Alonso Romei\\\/\\\/\\\/Celebran comunistas rusos el 105 aniversario de la Revoluci\u00f3n Bolchevique -\",\"isPartOf\":{\"@id\":\"https:\\\/\\\/quehacerpolitico.mx\\\/#website\"},\"primaryImageOfPage\":{\"@id\":\"https:\\\/\\\/quehacerpolitico.mx\\\/?p=96956#primaryimage\"},\"image\":{\"@id\":\"https:\\\/\\\/quehacerpolitico.mx\\\/?p=96956#primaryimage\"},\"thumbnailUrl\":\"https:\\\/\\\/quehacerpolitico.mx\\\/wp-content\\\/uploads\\\/2022\\\/11\\\/2305A99F-D8F6-4422-AD53-1E84A0CCE19A.jpeg\",\"datePublished\":\"2022-11-07T23:38:51+00:00\",\"dateModified\":\"2022-11-07T23:38:55+00:00\",\"author\":{\"@id\":\"https:\\\/\\\/quehacerpolitico.mx\\\/#\\\/schema\\\/person\\\/496d8ad2d1d3f8036101dca7ee39e585\"},\"breadcrumb\":{\"@id\":\"https:\\\/\\\/quehacerpolitico.mx\\\/?p=96956#breadcrumb\"},\"inLanguage\":\"es\",\"potentialAction\":[{\"@type\":\"ReadAction\",\"target\":[\"https:\\\/\\\/quehacerpolitico.mx\\\/?p=96956\"]}]},{\"@type\":\"ImageObject\",\"inLanguage\":\"es\",\"@id\":\"https:\\\/\\\/quehacerpolitico.mx\\\/?p=96956#primaryimage\",\"url\":\"https:\\\/\\\/quehacerpolitico.mx\\\/wp-content\\\/uploads\\\/2022\\\/11\\\/2305A99F-D8F6-4422-AD53-1E84A0CCE19A.jpeg\",\"contentUrl\":\"https:\\\/\\\/quehacerpolitico.mx\\\/wp-content\\\/uploads\\\/2022\\\/11\\\/2305A99F-D8F6-4422-AD53-1E84A0CCE19A.jpeg\",\"width\":1280,\"height\":644},{\"@type\":\"BreadcrumbList\",\"@id\":\"https:\\\/\\\/quehacerpolitico.mx\\\/?p=96956#breadcrumb\",\"itemListElement\":[{\"@type\":\"ListItem\",\"position\":1,\"name\":\"Inicio\",\"item\":\"https:\\\/\\\/quehacerpolitico.mx\\\/\"},{\"@type\":\"ListItem\",\"position\":2,\"name\":\"Internacionales\\\/\\\/\\\/Carolina Alonso Romei\\\/\\\/\\\/Celebran comunistas rusos el 105 aniversario de la Revoluci\u00f3n Bolchevique\"}]},{\"@type\":\"WebSite\",\"@id\":\"https:\\\/\\\/quehacerpolitico.mx\\\/#website\",\"url\":\"https:\\\/\\\/quehacerpolitico.mx\\\/\",\"name\":\"\",\"description\":\"\",\"potentialAction\":[{\"@type\":\"SearchAction\",\"target\":{\"@type\":\"EntryPoint\",\"urlTemplate\":\"https:\\\/\\\/quehacerpolitico.mx\\\/?s={search_term_string}\"},\"query-input\":{\"@type\":\"PropertyValueSpecification\",\"valueRequired\":true,\"valueName\":\"search_term_string\"}}],\"inLanguage\":\"es\"},{\"@type\":\"Person\",\"@id\":\"https:\\\/\\\/quehacerpolitico.mx\\\/#\\\/schema\\\/person\\\/496d8ad2d1d3f8036101dca7ee39e585\",\"name\":\"Redacci\u00f3n QP\",\"image\":{\"@type\":\"ImageObject\",\"inLanguage\":\"es\",\"@id\":\"https:\\\/\\\/secure.gravatar.com\\\/avatar\\\/c7164ed6fdec453195284ad24a5ae5b6e1eed2b848477fa2a4787ba9adf39a41?s=96&d=mm&r=g\",\"url\":\"https:\\\/\\\/secure.gravatar.com\\\/avatar\\\/c7164ed6fdec453195284ad24a5ae5b6e1eed2b848477fa2a4787ba9adf39a41?s=96&d=mm&r=g\",\"contentUrl\":\"https:\\\/\\\/secure.gravatar.com\\\/avatar\\\/c7164ed6fdec453195284ad24a5ae5b6e1eed2b848477fa2a4787ba9adf39a41?s=96&d=mm&r=g\",\"caption\":\"Redacci\u00f3n QP\"},\"url\":\"https:\\\/\\\/quehacerpolitico.mx\\\/?author=2\"}]}<\/script>\n<!-- \/ Yoast SEO plugin. -->","yoast_head_json":{"title":"Internacionales\/\/\/Carolina Alonso Romei\/\/\/Celebran comunistas rusos el 105 aniversario de la Revoluci\u00f3n Bolchevique -","robots":{"index":"index","follow":"follow","max-snippet":"max-snippet:-1","max-image-preview":"max-image-preview:large","max-video-preview":"max-video-preview:-1"},"canonical":"https:\/\/quehacerpolitico.mx\/?p=96956","og_locale":"es_MX","og_type":"article","og_title":"Internacionales\/\/\/Carolina Alonso Romei\/\/\/Celebran comunistas rusos el 105 aniversario de la Revoluci\u00f3n Bolchevique -","og_description":"Por Carolina Alonso Romei Comunistas rusos llevaron a cabo este lunes las celebraciones por el...","og_url":"https:\/\/quehacerpolitico.mx\/?p=96956","article_published_time":"2022-11-07T23:38:51+00:00","article_modified_time":"2022-11-07T23:38:55+00:00","og_image":[{"width":1280,"height":644,"url":"https:\/\/quehacerpolitico.mx\/wp-content\/uploads\/2022\/11\/2305A99F-D8F6-4422-AD53-1E84A0CCE19A.jpeg","type":"image\/jpeg"}],"author":"Redacci\u00f3n QP","twitter_card":"summary_large_image","twitter_misc":{"Escrito por":"Redacci\u00f3n QP","Tiempo de lectura":"2 minutos"},"schema":{"@context":"https:\/\/schema.org","@graph":[{"@type":"Article","@id":"https:\/\/quehacerpolitico.mx\/?p=96956#article","isPartOf":{"@id":"https:\/\/quehacerpolitico.mx\/?p=96956"},"author":{"name":"Redacci\u00f3n QP","@id":"https:\/\/quehacerpolitico.mx\/#\/schema\/person\/496d8ad2d1d3f8036101dca7ee39e585"},"headline":"Internacionales\/\/\/Carolina Alonso Romei\/\/\/Celebran comunistas rusos el 105 aniversario de la Revoluci\u00f3n Bolchevique","datePublished":"2022-11-07T23:38:51+00:00","dateModified":"2022-11-07T23:38:55+00:00","mainEntityOfPage":{"@id":"https:\/\/quehacerpolitico.mx\/?p=96956"},"wordCount":396,"commentCount":0,"image":{"@id":"https:\/\/quehacerpolitico.mx\/?p=96956#primaryimage"},"thumbnailUrl":"https:\/\/quehacerpolitico.mx\/wp-content\/uploads\/2022\/11\/2305A99F-D8F6-4422-AD53-1E84A0CCE19A.jpeg","articleSection":["Internacionales"],"inLanguage":"es","potentialAction":[{"@type":"CommentAction","name":"Comment","target":["https:\/\/quehacerpolitico.mx\/?p=96956#respond"]}]},{"@type":"WebPage","@id":"https:\/\/quehacerpolitico.mx\/?p=96956","url":"https:\/\/quehacerpolitico.mx\/?p=96956","name":"Internacionales\/\/\/Carolina Alonso Romei\/\/\/Celebran comunistas rusos el 105 aniversario de la Revoluci\u00f3n Bolchevique -","isPartOf":{"@id":"https:\/\/quehacerpolitico.mx\/#website"},"primaryImageOfPage":{"@id":"https:\/\/quehacerpolitico.mx\/?p=96956#primaryimage"},"image":{"@id":"https:\/\/quehacerpolitico.mx\/?p=96956#primaryimage"},"thumbnailUrl":"https:\/\/quehacerpolitico.mx\/wp-content\/uploads\/2022\/11\/2305A99F-D8F6-4422-AD53-1E84A0CCE19A.jpeg","datePublished":"2022-11-07T23:38:51+00:00","dateModified":"2022-11-07T23:38:55+00:00","author":{"@id":"https:\/\/quehacerpolitico.mx\/#\/schema\/person\/496d8ad2d1d3f8036101dca7ee39e585"},"breadcrumb":{"@id":"https:\/\/quehacerpolitico.mx\/?p=96956#breadcrumb"},"inLanguage":"es","potentialAction":[{"@type":"ReadAction","target":["https:\/\/quehacerpolitico.mx\/?p=96956"]}]},{"@type":"ImageObject","inLanguage":"es","@id":"https:\/\/quehacerpolitico.mx\/?p=96956#primaryimage","url":"https:\/\/quehacerpolitico.mx\/wp-content\/uploads\/2022\/11\/2305A99F-D8F6-4422-AD53-1E84A0CCE19A.jpeg","contentUrl":"https:\/\/quehacerpolitico.mx\/wp-content\/uploads\/2022\/11\/2305A99F-D8F6-4422-AD53-1E84A0CCE19A.jpeg","width":1280,"height":644},{"@type":"BreadcrumbList","@id":"https:\/\/quehacerpolitico.mx\/?p=96956#breadcrumb","itemListElement":[{"@type":"ListItem","position":1,"name":"Inicio","item":"https:\/\/quehacerpolitico.mx\/"},{"@type":"ListItem","position":2,"name":"Internacionales\/\/\/Carolina Alonso Romei\/\/\/Celebran comunistas rusos el 105 aniversario de la Revoluci\u00f3n Bolchevique"}]},{"@type":"WebSite","@id":"https:\/\/quehacerpolitico.mx\/#website","url":"https:\/\/quehacerpolitico.mx\/","name":"","description":"","potentialAction":[{"@type":"SearchAction","target":{"@type":"EntryPoint","urlTemplate":"https:\/\/quehacerpolitico.mx\/?s={search_term_string}"},"query-input":{"@type":"PropertyValueSpecification","valueRequired":true,"valueName":"search_term_string"}}],"inLanguage":"es"},{"@type":"Person","@id":"https:\/\/quehacerpolitico.mx\/#\/schema\/person\/496d8ad2d1d3f8036101dca7ee39e585","name":"Redacci\u00f3n QP","image":{"@type":"ImageObject","inLanguage":"es","@id":"https:\/\/secure.gravatar.com\/avatar\/c7164ed6fdec453195284ad24a5ae5b6e1eed2b848477fa2a4787ba9adf39a41?s=96&d=mm&r=g","url":"https:\/\/secure.gravatar.com\/avatar\/c7164ed6fdec453195284ad24a5ae5b6e1eed2b848477fa2a4787ba9adf39a41?s=96&d=mm&r=g","contentUrl":"https:\/\/secure.gravatar.com\/avatar\/c7164ed6fdec453195284ad24a5ae5b6e1eed2b848477fa2a4787ba9adf39a41?s=96&d=mm&r=g","caption":"Redacci\u00f3n QP"},"url":"https:\/\/quehacerpolitico.mx\/?author=2"}]}},"featured_image_urls":{"full":["https:\/\/quehacerpolitico.mx\/wp-content\/uploads\/2022\/11\/2305A99F-D8F6-4422-AD53-1E84A0CCE19A.jpeg",1280,644,false],"thumbnail":["https:\/\/quehacerpolitico.mx\/wp-content\/uploads\/2022\/11\/2305A99F-D8F6-4422-AD53-1E84A0CCE19A-150x150.jpeg",150,150,true],"medium":["https:\/\/quehacerpolitico.mx\/wp-content\/uploads\/2022\/11\/2305A99F-D8F6-4422-AD53-1E84A0CCE19A-300x151.jpeg",300,151,true],"medium_large":["https:\/\/quehacerpolitico.mx\/wp-content\/uploads\/2022\/11\/2305A99F-D8F6-4422-AD53-1E84A0CCE19A-768x386.jpeg",640,322,true],"large":["https:\/\/quehacerpolitico.mx\/wp-content\/uploads\/2022\/11\/2305A99F-D8F6-4422-AD53-1E84A0CCE19A-1024x515.jpeg",640,322,true],"1536x1536":["https:\/\/quehacerpolitico.mx\/wp-content\/uploads\/2022\/11\/2305A99F-D8F6-4422-AD53-1E84A0CCE19A.jpeg",1280,644,false],"2048x2048":["https:\/\/quehacerpolitico.mx\/wp-content\/uploads\/2022\/11\/2305A99F-D8F6-4422-AD53-1E84A0CCE19A.jpeg",1280,644,false],"covernews-featured":["https:\/\/quehacerpolitico.mx\/wp-content\/uploads\/2022\/11\/2305A99F-D8F6-4422-AD53-1E84A0CCE19A.jpeg",1024,515,false],"covernews-medium":["https:\/\/quehacerpolitico.mx\/wp-content\/uploads\/2022\/11\/2305A99F-D8F6-4422-AD53-1E84A0CCE19A.jpeg",540,272,false]},"author_info":{"display_name":"Redacci\u00f3n QP","author_link":"https:\/\/quehacerpolitico.mx\/?author=2"},"category_info":"<a href=\"https:\/\/quehacerpolitico.mx\/?cat=1\" rel=\"category\">Internacionales<\/a>","tag_info":"Internacionales","comment_count":"0","_links":{"self":[{"href":"https:\/\/quehacerpolitico.mx\/index.php?rest_route=\/wp\/v2\/posts\/96956","targetHints":{"allow":["GET"]}}],"collection":[{"href":"https:\/\/quehacerpolitico.mx\/index.php?rest_route=\/wp\/v2\/posts"}],"about":[{"href":"https:\/\/quehacerpolitico.mx\/index.php?rest_route=\/wp\/v2\/types\/post"}],"author":[{"embeddable":true,"href":"https:\/\/quehacerpolitico.mx\/index.php?rest_route=\/wp\/v2\/users\/2"}],"replies":[{"embeddable":true,"href":"https:\/\/quehacerpolitico.mx\/index.php?rest_route=%2Fwp%2Fv2%2Fcomments&post=96956"}],"version-history":[{"count":1,"href":"https:\/\/quehacerpolitico.mx\/index.php?rest_route=\/wp\/v2\/posts\/96956\/revisions"}],"predecessor-version":[{"id":96958,"href":"https:\/\/quehacerpolitico.mx\/index.php?rest_route=\/wp\/v2\/posts\/96956\/revisions\/96958"}],"wp:featuredmedia":[{"embeddable":true,"href":"https:\/\/quehacerpolitico.mx\/index.php?rest_route=\/wp\/v2\/media\/96957"}],"wp:attachment":[{"href":"https:\/\/quehacerpolitico.mx\/index.php?rest_route=%2Fwp%2Fv2%2Fmedia&parent=96956"}],"wp:term":[{"taxonomy":"category","embeddable":true,"href":"https:\/\/quehacerpolitico.mx\/index.php?rest_route=%2Fwp%2Fv2%2Fcategories&post=96956"},{"taxonomy":"post_tag","embeddable":true,"href":"https:\/\/quehacerpolitico.mx\/index.php?rest_route=%2Fwp%2Fv2%2Ftags&post=96956"}],"curies":[{"name":"wp","href":"https:\/\/api.w.org\/{rel}","templated":true}]}}