{"id":96953,"date":"2022-11-07T23:04:36","date_gmt":"2022-11-07T23:04:36","guid":{"rendered":"https:\/\/quehacerpolitico.mx\/?p=96953"},"modified":"2022-11-07T23:04:39","modified_gmt":"2022-11-07T23:04:39","slug":"ricardo-anaya-reitera-llamado-para-defender-al-ine","status":"publish","type":"post","link":"https:\/\/quehacerpolitico.mx\/?p=96953","title":{"rendered":"Ricardo Anaya reitera llamado para defender al INE"},"content":{"rendered":"\n<p>Por Redacci\u00f3n QP<\/p>\n\n\n\n<p>Ricardo Anaya Cort\u00e9s hace\u00a0un nuevo llamado a la ciudadan\u00eda y partidos de oposici\u00f3n para defender al Instituto Nacional Electoral (INE)<\/p>\n\n\n\n<p>El excandidato presidencial, Ricardo Anaya Cort\u00e9s, hizo un nuevo llamado a la ciudadan\u00eda y partidos de oposici\u00f3n para defender al Instituto Nacional Electoral (INE).<\/p>\n\n\n\n<p>En un nuevo video que comparti\u00f3 en sus redes sociales, dijo que el Presidente\u00a0Andres Manuel Lopez Obrador quiere desaparecer a dicho \u00f3rgano electoral para volver a los 70, cuando un solo partido gobernaba a todo el pa\u00eds.<\/p>\n\n\n\n<figure class=\"wp-block-embed is-type-video is-provider-youtube wp-block-embed-youtube wp-embed-aspect-16-9 wp-has-aspect-ratio\"><div class=\"wp-block-embed__wrapper\">\n<iframe loading=\"lazy\" title=\"\u00bfPor qu\u00e9 quiere desaparecer al INE?\" width=\"640\" height=\"360\" src=\"https:\/\/www.youtube.com\/embed\/tQKA3PC-kZg?feature=oembed\" frameborder=\"0\" allow=\"accelerometer; autoplay; clipboard-write; encrypted-media; gyroscope; picture-in-picture; web-share\" referrerpolicy=\"strict-origin-when-cross-origin\" allowfullscreen><\/iframe>\n<\/div><\/figure>\n\n\n\n<p><strong>&#8220;Cuando un solo partido gobernaba todo, cuando el gobierno era juez y parte y organizaba las elecciones&#8221;<\/strong>, se\u00f1al\u00f3.<\/p>\n\n\n\n<p>Record\u00f3 que &#8220;despu\u00e9s del fraude de 1988&#8221; y gracias a una serie de reformas &#8220;siempre impulsadas por la oposici\u00f3n&#8221; (1989-90, 1993, 1994 y 1996), surgi\u00f3 el IFE, hoy INE, como el instituto encargado de organizar las elecciones.<\/p>\n\n\n\n<p><strong>&#8220;Este salto democr\u00e1tico se afianz\u00f3 cuando el IFE alcanz\u00f3 su plena autonom\u00eda. Desde entonces, los ciudadanos mandan en M\u00e9xico, o sea, la gente con su voto pone y quita a los gobernantes&#8221;<\/strong>, indic\u00f3.<\/p>\n\n\n\n<p>El l\u00edder panista, sostuvo que gracias al IFE y a la creciente participaci\u00f3n ciudadana,&nbsp;<strong>&#8220;qued\u00f3 atr\u00e1s la \u00e9poca en que un solo partido gobernaba todo&#8221;<\/strong>. Por eso hoy el mapa pol\u00edtico de M\u00e9xico es tan distinto al de antes del IFE, hace 25 a\u00f1os.<\/p>\n\n\n\n<p>&#8220;Hoy, la gente decide, tan es as\u00ed, que en el 67% de las elecciones hay alternancia, es decir, los ciudadanos quitan al que est\u00e1 en el gobierno y ponen a un partido distinto. Eso significa que hoy los pol\u00edticos saben que si no hacen las cosas bien los pueden quitar. Si no atienden a la gente, si no resuelven problemas, si no dan resultados, la gente los puede quitar. Como m\u00e1s de la mitad de las veces pasa&#8221;, explic\u00f3.<\/p>\n\n\n\n<p><strong>Anaya Cort\u00e9s acus\u00f3 al Ejecutivo Federal de querer echar atr\u00e1s los avances en democracia<\/strong>.<\/p>\n\n\n\n<p>&#8220;La raz\u00f3n es bien sencilla: quiere tomar el control de las elecciones. Quiere todo el control, todo el poder, como era antes. No es de extra\u00f1ar, si se recuerda d\u00f3nde estaban Bartlett y L\u00f3pez Obrador en aquellas \u00e9pocas en que no exist\u00eda el INE. Bartlett era el encargado de las elecciones cuando se hac\u00eda fraude, fue el autor de la ca\u00edda del sistema en 1988, \u00bfY d\u00f3nde estaba L\u00f3pez Obrador el d\u00eda de ese fraude? L\u00f3pez Obrador era parte del PRI cuando fue el fraude del 88, con la supuesta ca\u00edda del sistema&#8221;, declar\u00f3.<\/p>\n\n\n\n<p>Finalmente, Ricardo Anaya,\u00a0<strong>advirti\u00f3 que la reforma electoral implicar\u00eda &#8220;un grave retroceso democr\u00e1tico, que le har\u00eda mucho da\u00f1o al pa\u00eds<\/strong>&#8220;, por lo que insisti\u00f3 en no permitir que debiliten ni mucho menos desaparezcan al INE:\u00a0<strong>&#8220;Digamos s\u00ed a la democracia. S\u00ed, a un INE fuerte, aut\u00f3nomo e independiente&#8221;<\/strong>.<\/p>\n\n\n\n<p>Con informaci\u00f3n de SUN<\/p>\n","protected":false},"excerpt":{"rendered":"<p>Por Redacci\u00f3n QP Ricardo Anaya Cort\u00e9s hace\u00a0un nuevo llamado a la ciudadan\u00eda y partidos de&#8230;<\/p>\n","protected":false},"author":2,"featured_media":96954,"comment_status":"open","ping_status":"open","sticky":false,"template":"","format":"standard","meta":{"_monsterinsights_skip_tracking":false,"_monsterinsights_sitenote_active":false,"_monsterinsights_sitenote_note":"","_monsterinsights_sitenote_category":0,"footnotes":""},"categories":[2],"tags":[],"class_list":["post-96953","post","type-post","status-publish","format-standard","has-post-thumbnail","hentry","category-noticias"],"yoast_head":"<!-- This site is optimized with the Yoast SEO plugin v27.3 - https:\/\/yoast.com\/product\/yoast-seo-wordpress\/ -->\n<title>Ricardo Anaya reitera llamado para defender al INE -<\/title>\n<meta name=\"robots\" content=\"index, follow, max-snippet:-1, max-image-preview:large, max-video-preview:-1\" \/>\n<link rel=\"canonical\" href=\"https:\/\/quehacerpolitico.mx\/?p=96953\" \/>\n<meta property=\"og:locale\" content=\"es_MX\" \/>\n<meta property=\"og:type\" content=\"article\" \/>\n<meta property=\"og:title\" content=\"Ricardo Anaya reitera llamado para defender al INE -\" \/>\n<meta property=\"og:description\" content=\"Por Redacci\u00f3n QP Ricardo Anaya Cort\u00e9s hace\u00a0un nuevo llamado a la ciudadan\u00eda y partidos de...\" \/>\n<meta property=\"og:url\" content=\"https:\/\/quehacerpolitico.mx\/?p=96953\" \/>\n<meta property=\"article:published_time\" content=\"2022-11-07T23:04:36+00:00\" \/>\n<meta property=\"article:modified_time\" content=\"2022-11-07T23:04:39+00:00\" \/>\n<meta property=\"og:image\" content=\"https:\/\/quehacerpolitico.mx\/wp-content\/uploads\/2022\/11\/2D325B62-C722-4837-BAD7-1F91931F8D9B.jpeg\" \/>\n\t<meta property=\"og:image:width\" content=\"1284\" \/>\n\t<meta property=\"og:image:height\" content=\"679\" \/>\n\t<meta property=\"og:image:type\" content=\"image\/jpeg\" \/>\n<meta name=\"author\" content=\"Redacci\u00f3n QP\" \/>\n<meta name=\"twitter:card\" content=\"summary_large_image\" \/>\n<meta name=\"twitter:label1\" content=\"Escrito por\" \/>\n\t<meta name=\"twitter:data1\" content=\"Redacci\u00f3n QP\" \/>\n\t<meta name=\"twitter:label2\" content=\"Tiempo de lectura\" \/>\n\t<meta name=\"twitter:data2\" content=\"2 minutos\" \/>\n<script type=\"application\/ld+json\" class=\"yoast-schema-graph\">{\"@context\":\"https:\\\/\\\/schema.org\",\"@graph\":[{\"@type\":\"Article\",\"@id\":\"https:\\\/\\\/quehacerpolitico.mx\\\/?p=96953#article\",\"isPartOf\":{\"@id\":\"https:\\\/\\\/quehacerpolitico.mx\\\/?p=96953\"},\"author\":{\"name\":\"Redacci\u00f3n QP\",\"@id\":\"https:\\\/\\\/quehacerpolitico.mx\\\/#\\\/schema\\\/person\\\/496d8ad2d1d3f8036101dca7ee39e585\"},\"headline\":\"Ricardo Anaya reitera llamado para defender al INE\",\"datePublished\":\"2022-11-07T23:04:36+00:00\",\"dateModified\":\"2022-11-07T23:04:39+00:00\",\"mainEntityOfPage\":{\"@id\":\"https:\\\/\\\/quehacerpolitico.mx\\\/?p=96953\"},\"wordCount\":505,\"commentCount\":0,\"image\":{\"@id\":\"https:\\\/\\\/quehacerpolitico.mx\\\/?p=96953#primaryimage\"},\"thumbnailUrl\":\"https:\\\/\\\/quehacerpolitico.mx\\\/wp-content\\\/uploads\\\/2022\\\/11\\\/2D325B62-C722-4837-BAD7-1F91931F8D9B.jpeg\",\"articleSection\":[\"Noticias\"],\"inLanguage\":\"es\",\"potentialAction\":[{\"@type\":\"CommentAction\",\"name\":\"Comment\",\"target\":[\"https:\\\/\\\/quehacerpolitico.mx\\\/?p=96953#respond\"]}]},{\"@type\":\"WebPage\",\"@id\":\"https:\\\/\\\/quehacerpolitico.mx\\\/?p=96953\",\"url\":\"https:\\\/\\\/quehacerpolitico.mx\\\/?p=96953\",\"name\":\"Ricardo Anaya reitera llamado para defender al INE -\",\"isPartOf\":{\"@id\":\"https:\\\/\\\/quehacerpolitico.mx\\\/#website\"},\"primaryImageOfPage\":{\"@id\":\"https:\\\/\\\/quehacerpolitico.mx\\\/?p=96953#primaryimage\"},\"image\":{\"@id\":\"https:\\\/\\\/quehacerpolitico.mx\\\/?p=96953#primaryimage\"},\"thumbnailUrl\":\"https:\\\/\\\/quehacerpolitico.mx\\\/wp-content\\\/uploads\\\/2022\\\/11\\\/2D325B62-C722-4837-BAD7-1F91931F8D9B.jpeg\",\"datePublished\":\"2022-11-07T23:04:36+00:00\",\"dateModified\":\"2022-11-07T23:04:39+00:00\",\"author\":{\"@id\":\"https:\\\/\\\/quehacerpolitico.mx\\\/#\\\/schema\\\/person\\\/496d8ad2d1d3f8036101dca7ee39e585\"},\"breadcrumb\":{\"@id\":\"https:\\\/\\\/quehacerpolitico.mx\\\/?p=96953#breadcrumb\"},\"inLanguage\":\"es\",\"potentialAction\":[{\"@type\":\"ReadAction\",\"target\":[\"https:\\\/\\\/quehacerpolitico.mx\\\/?p=96953\"]}]},{\"@type\":\"ImageObject\",\"inLanguage\":\"es\",\"@id\":\"https:\\\/\\\/quehacerpolitico.mx\\\/?p=96953#primaryimage\",\"url\":\"https:\\\/\\\/quehacerpolitico.mx\\\/wp-content\\\/uploads\\\/2022\\\/11\\\/2D325B62-C722-4837-BAD7-1F91931F8D9B.jpeg\",\"contentUrl\":\"https:\\\/\\\/quehacerpolitico.mx\\\/wp-content\\\/uploads\\\/2022\\\/11\\\/2D325B62-C722-4837-BAD7-1F91931F8D9B.jpeg\",\"width\":1284,\"height\":679},{\"@type\":\"BreadcrumbList\",\"@id\":\"https:\\\/\\\/quehacerpolitico.mx\\\/?p=96953#breadcrumb\",\"itemListElement\":[{\"@type\":\"ListItem\",\"position\":1,\"name\":\"Inicio\",\"item\":\"https:\\\/\\\/quehacerpolitico.mx\\\/\"},{\"@type\":\"ListItem\",\"position\":2,\"name\":\"Ricardo Anaya reitera llamado para defender al INE\"}]},{\"@type\":\"WebSite\",\"@id\":\"https:\\\/\\\/quehacerpolitico.mx\\\/#website\",\"url\":\"https:\\\/\\\/quehacerpolitico.mx\\\/\",\"name\":\"\",\"description\":\"\",\"potentialAction\":[{\"@type\":\"SearchAction\",\"target\":{\"@type\":\"EntryPoint\",\"urlTemplate\":\"https:\\\/\\\/quehacerpolitico.mx\\\/?s={search_term_string}\"},\"query-input\":{\"@type\":\"PropertyValueSpecification\",\"valueRequired\":true,\"valueName\":\"search_term_string\"}}],\"inLanguage\":\"es\"},{\"@type\":\"Person\",\"@id\":\"https:\\\/\\\/quehacerpolitico.mx\\\/#\\\/schema\\\/person\\\/496d8ad2d1d3f8036101dca7ee39e585\",\"name\":\"Redacci\u00f3n QP\",\"image\":{\"@type\":\"ImageObject\",\"inLanguage\":\"es\",\"@id\":\"https:\\\/\\\/secure.gravatar.com\\\/avatar\\\/c7164ed6fdec453195284ad24a5ae5b6e1eed2b848477fa2a4787ba9adf39a41?s=96&d=mm&r=g\",\"url\":\"https:\\\/\\\/secure.gravatar.com\\\/avatar\\\/c7164ed6fdec453195284ad24a5ae5b6e1eed2b848477fa2a4787ba9adf39a41?s=96&d=mm&r=g\",\"contentUrl\":\"https:\\\/\\\/secure.gravatar.com\\\/avatar\\\/c7164ed6fdec453195284ad24a5ae5b6e1eed2b848477fa2a4787ba9adf39a41?s=96&d=mm&r=g\",\"caption\":\"Redacci\u00f3n QP\"},\"url\":\"https:\\\/\\\/quehacerpolitico.mx\\\/?author=2\"}]}<\/script>\n<!-- \/ Yoast SEO plugin. -->","yoast_head_json":{"title":"Ricardo Anaya reitera llamado para defender al INE -","robots":{"index":"index","follow":"follow","max-snippet":"max-snippet:-1","max-image-preview":"max-image-preview:large","max-video-preview":"max-video-preview:-1"},"canonical":"https:\/\/quehacerpolitico.mx\/?p=96953","og_locale":"es_MX","og_type":"article","og_title":"Ricardo Anaya reitera llamado para defender al INE -","og_description":"Por Redacci\u00f3n QP Ricardo Anaya Cort\u00e9s hace\u00a0un nuevo llamado a la ciudadan\u00eda y partidos de...","og_url":"https:\/\/quehacerpolitico.mx\/?p=96953","article_published_time":"2022-11-07T23:04:36+00:00","article_modified_time":"2022-11-07T23:04:39+00:00","og_image":[{"width":1284,"height":679,"url":"https:\/\/quehacerpolitico.mx\/wp-content\/uploads\/2022\/11\/2D325B62-C722-4837-BAD7-1F91931F8D9B.jpeg","type":"image\/jpeg"}],"author":"Redacci\u00f3n QP","twitter_card":"summary_large_image","twitter_misc":{"Escrito por":"Redacci\u00f3n QP","Tiempo de lectura":"2 minutos"},"schema":{"@context":"https:\/\/schema.org","@graph":[{"@type":"Article","@id":"https:\/\/quehacerpolitico.mx\/?p=96953#article","isPartOf":{"@id":"https:\/\/quehacerpolitico.mx\/?p=96953"},"author":{"name":"Redacci\u00f3n QP","@id":"https:\/\/quehacerpolitico.mx\/#\/schema\/person\/496d8ad2d1d3f8036101dca7ee39e585"},"headline":"Ricardo Anaya reitera llamado para defender al INE","datePublished":"2022-11-07T23:04:36+00:00","dateModified":"2022-11-07T23:04:39+00:00","mainEntityOfPage":{"@id":"https:\/\/quehacerpolitico.mx\/?p=96953"},"wordCount":505,"commentCount":0,"image":{"@id":"https:\/\/quehacerpolitico.mx\/?p=96953#primaryimage"},"thumbnailUrl":"https:\/\/quehacerpolitico.mx\/wp-content\/uploads\/2022\/11\/2D325B62-C722-4837-BAD7-1F91931F8D9B.jpeg","articleSection":["Noticias"],"inLanguage":"es","potentialAction":[{"@type":"CommentAction","name":"Comment","target":["https:\/\/quehacerpolitico.mx\/?p=96953#respond"]}]},{"@type":"WebPage","@id":"https:\/\/quehacerpolitico.mx\/?p=96953","url":"https:\/\/quehacerpolitico.mx\/?p=96953","name":"Ricardo Anaya reitera llamado para defender al INE -","isPartOf":{"@id":"https:\/\/quehacerpolitico.mx\/#website"},"primaryImageOfPage":{"@id":"https:\/\/quehacerpolitico.mx\/?p=96953#primaryimage"},"image":{"@id":"https:\/\/quehacerpolitico.mx\/?p=96953#primaryimage"},"thumbnailUrl":"https:\/\/quehacerpolitico.mx\/wp-content\/uploads\/2022\/11\/2D325B62-C722-4837-BAD7-1F91931F8D9B.jpeg","datePublished":"2022-11-07T23:04:36+00:00","dateModified":"2022-11-07T23:04:39+00:00","author":{"@id":"https:\/\/quehacerpolitico.mx\/#\/schema\/person\/496d8ad2d1d3f8036101dca7ee39e585"},"breadcrumb":{"@id":"https:\/\/quehacerpolitico.mx\/?p=96953#breadcrumb"},"inLanguage":"es","potentialAction":[{"@type":"ReadAction","target":["https:\/\/quehacerpolitico.mx\/?p=96953"]}]},{"@type":"ImageObject","inLanguage":"es","@id":"https:\/\/quehacerpolitico.mx\/?p=96953#primaryimage","url":"https:\/\/quehacerpolitico.mx\/wp-content\/uploads\/2022\/11\/2D325B62-C722-4837-BAD7-1F91931F8D9B.jpeg","contentUrl":"https:\/\/quehacerpolitico.mx\/wp-content\/uploads\/2022\/11\/2D325B62-C722-4837-BAD7-1F91931F8D9B.jpeg","width":1284,"height":679},{"@type":"BreadcrumbList","@id":"https:\/\/quehacerpolitico.mx\/?p=96953#breadcrumb","itemListElement":[{"@type":"ListItem","position":1,"name":"Inicio","item":"https:\/\/quehacerpolitico.mx\/"},{"@type":"ListItem","position":2,"name":"Ricardo Anaya reitera llamado para defender al INE"}]},{"@type":"WebSite","@id":"https:\/\/quehacerpolitico.mx\/#website","url":"https:\/\/quehacerpolitico.mx\/","name":"","description":"","potentialAction":[{"@type":"SearchAction","target":{"@type":"EntryPoint","urlTemplate":"https:\/\/quehacerpolitico.mx\/?s={search_term_string}"},"query-input":{"@type":"PropertyValueSpecification","valueRequired":true,"valueName":"search_term_string"}}],"inLanguage":"es"},{"@type":"Person","@id":"https:\/\/quehacerpolitico.mx\/#\/schema\/person\/496d8ad2d1d3f8036101dca7ee39e585","name":"Redacci\u00f3n QP","image":{"@type":"ImageObject","inLanguage":"es","@id":"https:\/\/secure.gravatar.com\/avatar\/c7164ed6fdec453195284ad24a5ae5b6e1eed2b848477fa2a4787ba9adf39a41?s=96&d=mm&r=g","url":"https:\/\/secure.gravatar.com\/avatar\/c7164ed6fdec453195284ad24a5ae5b6e1eed2b848477fa2a4787ba9adf39a41?s=96&d=mm&r=g","contentUrl":"https:\/\/secure.gravatar.com\/avatar\/c7164ed6fdec453195284ad24a5ae5b6e1eed2b848477fa2a4787ba9adf39a41?s=96&d=mm&r=g","caption":"Redacci\u00f3n QP"},"url":"https:\/\/quehacerpolitico.mx\/?author=2"}]}},"featured_image_urls":{"full":["https:\/\/quehacerpolitico.mx\/wp-content\/uploads\/2022\/11\/2D325B62-C722-4837-BAD7-1F91931F8D9B.jpeg",1284,679,false],"thumbnail":["https:\/\/quehacerpolitico.mx\/wp-content\/uploads\/2022\/11\/2D325B62-C722-4837-BAD7-1F91931F8D9B-150x150.jpeg",150,150,true],"medium":["https:\/\/quehacerpolitico.mx\/wp-content\/uploads\/2022\/11\/2D325B62-C722-4837-BAD7-1F91931F8D9B-300x159.jpeg",300,159,true],"medium_large":["https:\/\/quehacerpolitico.mx\/wp-content\/uploads\/2022\/11\/2D325B62-C722-4837-BAD7-1F91931F8D9B-768x406.jpeg",640,338,true],"large":["https:\/\/quehacerpolitico.mx\/wp-content\/uploads\/2022\/11\/2D325B62-C722-4837-BAD7-1F91931F8D9B-1024x542.jpeg",640,339,true],"1536x1536":["https:\/\/quehacerpolitico.mx\/wp-content\/uploads\/2022\/11\/2D325B62-C722-4837-BAD7-1F91931F8D9B.jpeg",1284,679,false],"2048x2048":["https:\/\/quehacerpolitico.mx\/wp-content\/uploads\/2022\/11\/2D325B62-C722-4837-BAD7-1F91931F8D9B.jpeg",1284,679,false],"covernews-featured":["https:\/\/quehacerpolitico.mx\/wp-content\/uploads\/2022\/11\/2D325B62-C722-4837-BAD7-1F91931F8D9B.jpeg",1024,542,false],"covernews-medium":["https:\/\/quehacerpolitico.mx\/wp-content\/uploads\/2022\/11\/2D325B62-C722-4837-BAD7-1F91931F8D9B.jpeg",540,286,false]},"author_info":{"display_name":"Redacci\u00f3n QP","author_link":"https:\/\/quehacerpolitico.mx\/?author=2"},"category_info":"<a href=\"https:\/\/quehacerpolitico.mx\/?cat=2\" rel=\"category\">Noticias<\/a>","tag_info":"Noticias","comment_count":"0","_links":{"self":[{"href":"https:\/\/quehacerpolitico.mx\/index.php?rest_route=\/wp\/v2\/posts\/96953","targetHints":{"allow":["GET"]}}],"collection":[{"href":"https:\/\/quehacerpolitico.mx\/index.php?rest_route=\/wp\/v2\/posts"}],"about":[{"href":"https:\/\/quehacerpolitico.mx\/index.php?rest_route=\/wp\/v2\/types\/post"}],"author":[{"embeddable":true,"href":"https:\/\/quehacerpolitico.mx\/index.php?rest_route=\/wp\/v2\/users\/2"}],"replies":[{"embeddable":true,"href":"https:\/\/quehacerpolitico.mx\/index.php?rest_route=%2Fwp%2Fv2%2Fcomments&post=96953"}],"version-history":[{"count":1,"href":"https:\/\/quehacerpolitico.mx\/index.php?rest_route=\/wp\/v2\/posts\/96953\/revisions"}],"predecessor-version":[{"id":96955,"href":"https:\/\/quehacerpolitico.mx\/index.php?rest_route=\/wp\/v2\/posts\/96953\/revisions\/96955"}],"wp:featuredmedia":[{"embeddable":true,"href":"https:\/\/quehacerpolitico.mx\/index.php?rest_route=\/wp\/v2\/media\/96954"}],"wp:attachment":[{"href":"https:\/\/quehacerpolitico.mx\/index.php?rest_route=%2Fwp%2Fv2%2Fmedia&parent=96953"}],"wp:term":[{"taxonomy":"category","embeddable":true,"href":"https:\/\/quehacerpolitico.mx\/index.php?rest_route=%2Fwp%2Fv2%2Fcategories&post=96953"},{"taxonomy":"post_tag","embeddable":true,"href":"https:\/\/quehacerpolitico.mx\/index.php?rest_route=%2Fwp%2Fv2%2Ftags&post=96953"}],"curies":[{"name":"wp","href":"https:\/\/api.w.org\/{rel}","templated":true}]}}