{"id":96950,"date":"2022-11-07T22:42:42","date_gmt":"2022-11-07T22:42:42","guid":{"rendered":"https:\/\/quehacerpolitico.mx\/?p=96950"},"modified":"2022-11-07T22:42:46","modified_gmt":"2022-11-07T22:42:46","slug":"sandra-cuevas-alcaldesa-de-cuauhtemoc-anuncia-inversion-de-presupuesto-para-el-segundo-ano-de-gobierno","status":"publish","type":"post","link":"https:\/\/quehacerpolitico.mx\/?p=96950","title":{"rendered":"<strong>SANDRA CUEVAS, ALCALDESA DE CUAUHT\u00c9MOC ANUNCIA INVERSI\u00d3N DE PRESUPUESTO PARA EL SEGUNDO A\u00d1O DE GOBIERNO<\/strong>"},"content":{"rendered":"\n<p>Por Redacci\u00f3n QP<\/p>\n\n\n\n<p>La Alcaldesa de Cuauht\u00e9moc, Sandra Cuevas, anunci\u00f3 ante vecinos y vecinas de la demarcaci\u00f3n su propuesta de Inversi\u00f3n de Presupuesto para el Segundo A\u00f1o de Gobierno en donde los tres grandes retos ser\u00e1n:<\/p>\n\n\n\n<p>Uno: La Alcald\u00eda m\u00e1s iluminada de la Ciudad de M\u00e9xico<\/p>\n\n\n\n<p>Dos: Cero baches.<\/p>\n\n\n\n<p>Tres; remodelaci\u00f3n de parques y jardines.<\/p>\n\n\n\n<p>Ante m\u00e1s de 3 mil 500 asistentes congregados en la Explanada de la Alcald\u00eda, Sandra Cuevas inform\u00f3 a los vecinos de las 33 colonias de las 8 territoriales de la demarcaci\u00f3n que las acciones inmediatas ser\u00e1n el mantenimiento al Kiosco Morisco en Santa Mar\u00eda la Ribera, la Remodelaci\u00f3n del Parque P\u00fablico San Sim\u00f3n mejor conocido como la \u201cBallenita\u201d.<\/p>\n\n\n\n<p>Indic\u00f3 que este martes inician las obras en La Ballenita el cual se convertir\u00e1 en el primer balneario y parque de atracciones de la Alcald\u00eda Cuauht\u00e9moc y recalc\u00f3 que esta revisi\u00f3n de cuentas es importante para que sepan los vecinos c\u00f3mo y en qu\u00e9 se gastan los impuestos que pagan.<\/p>\n\n\n\n<p>Sandra Cuevas, fue clara al precisar que el techo presupuestal estimado para el 2023 es de 3 mil 610 millones de pesos y para este segundo a\u00f1o de gobierno se estima una inversi\u00f3n mayor para obra p\u00fablica.<\/p>\n\n\n\n<p>Dijo que el gobierno de la Alcald\u00eda Cuauht\u00e9moc debe ser un gobierno inteligente, que no de cosas u otorgue beneficios que duren un a\u00f1o o un d\u00eda sino obras que perduren, es por esa raz\u00f3n que esta vez se dise\u00f1\u00f3 el presupuesto de una forma distinta y los resultados se ver\u00e1n en los pr\u00f3ximos seis meses.<\/p>\n\n\n\n<p>Expuso que del monto de inversi\u00f3n directa, 16.1 por ciento ser\u00e1n de la Direcci\u00f3n General de Obras y Desarrollo Urbano lo que representa 100 millones de pesos; 10.6 por ciento de la Direcci\u00f3n General de Servicios Urbanos lo que representa 65.5 millones de pesos y 23 por ciento de Presupuesto Participativo que implica un monto por 132 millones de pesos.<\/p>\n\n\n\n<p>Por lo que respecta a luminaria de parques y jardines, la Alcaldesa de Cuauht\u00e9moc enumer\u00f3 21 espacios entre los que se encuentran: la Alameda de Santa Mar\u00eda la Ribera, Parque M\u00e9xico, Parque Espa\u00f1a, Jard\u00edn Pugibet, Jard\u00edn San Fernando, Jard\u00edn Abasolo, Jard\u00edn Cuatro Vientos, Glorieta del T\u00edo Sam, Parque de Nuestra Se\u00f1ora de los \u00c1ngeles y Jard\u00edn Mascarones.<\/p>\n\n\n\n<p>Asimismo, agreg\u00f3, se atender\u00e1 el Jard\u00edn de las Artes Gr\u00e1ficas, el Jard\u00edn del Boxeador, Parque Olof Palme, Jard\u00edn Pe\u00f1afiel, Plaza Santa Cruz Acatl\u00e1n, Jard\u00edn Ferrocarrilero Oriente y Poniente, Jard\u00edn del Arte, Jard\u00edn Tabacalera, Plaza Rio de Janeiro, Jard\u00edn Asturias y Jard\u00edn Sullivan.<\/p>\n\n\n\n<p>En el Kiosco Morisco de Santa Mar\u00eda la Ribera, expuso que se reparar\u00e1 el adoquin, los barandales, el kiosco y habr\u00e1 reajuste en el color de las jardineras as\u00ed como un \u00e1rea canina adem\u00e1s de una mega iluminaci\u00f3n.<\/p>\n\n\n\n<p>Por lo anterior, reiter\u00f3 que los tres retos son:<\/p>\n\n\n\n<p>Uno: Ser la Alcald\u00eda m\u00e1s iluminada de la Ciudad de M\u00e9xico<\/p>\n\n\n\n<p>Dos: Cero baches en nuestras calles.<\/p>\n\n\n\n<p>Tres: Contar con los mejores parques, plazas y jardines para sus hijas e hijos porque ustedes se merecen eso y mucho m\u00e1s.<\/p>\n\n\n\n<p>No dejamos de lado la seguridad, no dejamos de lado los programas sociales, se van a invertir de manera inteligente tus impuestos, concluy\u00f3.<\/p>\n\n\n\n<figure class=\"wp-block-embed is-type-rich is-provider-twitter wp-block-embed-twitter\"><div class=\"wp-block-embed__wrapper\">\n<blockquote class=\"twitter-tweet\" data-width=\"550\" data-dnt=\"true\"><p lang=\"es\" dir=\"ltr\"><a href=\"https:\/\/twitter.com\/hashtag\/QPMX?src=hash&amp;ref_src=twsrc%5Etfw\">#QPMX<\/a> La Alcaldesa de <a href=\"https:\/\/twitter.com\/AlcCuauhtemocMx?ref_src=twsrc%5Etfw\">@AlcCuauhtemocMx<\/a> <a href=\"https:\/\/twitter.com\/SandraCuevas_?ref_src=twsrc%5Etfw\">@SandraCuevas_<\/a> anunci\u00f3 ante vecinos y vecinas de la demarcaci\u00f3n su propuesta de Inversi\u00f3n de Presupuesto para el <a href=\"https:\/\/twitter.com\/hashtag\/SegundoA%C3%B1oDeGobierno?src=hash&amp;ref_src=twsrc%5Etfw\">#SegundoA\u00f1oDeGobierno<\/a> <a href=\"https:\/\/t.co\/CzuZArj21A\">https:\/\/t.co\/CzuZArj21A<\/a><\/p>&mdash; Quehacer Pol\u00edtico (@QueHacerPolitic) <a href=\"https:\/\/twitter.com\/QueHacerPolitic\/status\/1589750020253028354?ref_src=twsrc%5Etfw\">November 7, 2022<\/a><\/blockquote><script async src=\"https:\/\/platform.twitter.com\/widgets.js\" charset=\"utf-8\"><\/script>\n<\/div><\/figure>\n","protected":false},"excerpt":{"rendered":"<p>Por Redacci\u00f3n QP La Alcaldesa de Cuauht\u00e9moc, Sandra Cuevas, anunci\u00f3 ante vecinos y vecinas de&#8230;<\/p>\n","protected":false},"author":2,"featured_media":96951,"comment_status":"open","ping_status":"open","sticky":false,"template":"","format":"standard","meta":{"_monsterinsights_skip_tracking":false,"_monsterinsights_sitenote_active":false,"_monsterinsights_sitenote_note":"","_monsterinsights_sitenote_category":0,"footnotes":""},"categories":[55],"tags":[],"class_list":["post-96950","post","type-post","status-publish","format-standard","has-post-thumbnail","hentry","category-cdmx"],"yoast_head":"<!-- This site is optimized with the Yoast SEO plugin v27.3 - https:\/\/yoast.com\/product\/yoast-seo-wordpress\/ -->\n<title>SANDRA CUEVAS, ALCALDESA DE CUAUHT\u00c9MOC ANUNCIA INVERSI\u00d3N DE PRESUPUESTO PARA EL SEGUNDO A\u00d1O DE GOBIERNO -<\/title>\n<meta name=\"robots\" content=\"index, follow, max-snippet:-1, max-image-preview:large, max-video-preview:-1\" \/>\n<link rel=\"canonical\" href=\"https:\/\/quehacerpolitico.mx\/?p=96950\" \/>\n<meta property=\"og:locale\" content=\"es_MX\" \/>\n<meta property=\"og:type\" content=\"article\" \/>\n<meta property=\"og:title\" content=\"SANDRA CUEVAS, ALCALDESA DE CUAUHT\u00c9MOC ANUNCIA INVERSI\u00d3N DE PRESUPUESTO PARA EL SEGUNDO A\u00d1O DE GOBIERNO -\" \/>\n<meta property=\"og:description\" content=\"Por Redacci\u00f3n QP La Alcaldesa de Cuauht\u00e9moc, Sandra Cuevas, anunci\u00f3 ante vecinos y vecinas de...\" \/>\n<meta property=\"og:url\" content=\"https:\/\/quehacerpolitico.mx\/?p=96950\" \/>\n<meta property=\"article:published_time\" content=\"2022-11-07T22:42:42+00:00\" \/>\n<meta property=\"article:modified_time\" content=\"2022-11-07T22:42:46+00:00\" \/>\n<meta property=\"og:image\" content=\"https:\/\/quehacerpolitico.mx\/wp-content\/uploads\/2022\/11\/5B72C509-F861-41CC-B1C9-F1700BAC66EB.jpeg\" \/>\n\t<meta property=\"og:image:width\" content=\"1024\" \/>\n\t<meta property=\"og:image:height\" content=\"684\" \/>\n\t<meta property=\"og:image:type\" content=\"image\/jpeg\" \/>\n<meta name=\"author\" content=\"Redacci\u00f3n QP\" \/>\n<meta name=\"twitter:card\" content=\"summary_large_image\" \/>\n<meta name=\"twitter:label1\" content=\"Escrito por\" \/>\n\t<meta name=\"twitter:data1\" content=\"Redacci\u00f3n QP\" \/>\n\t<meta name=\"twitter:label2\" content=\"Tiempo de lectura\" \/>\n\t<meta name=\"twitter:data2\" content=\"3 minutos\" \/>\n<script type=\"application\/ld+json\" class=\"yoast-schema-graph\">{\"@context\":\"https:\\\/\\\/schema.org\",\"@graph\":[{\"@type\":\"Article\",\"@id\":\"https:\\\/\\\/quehacerpolitico.mx\\\/?p=96950#article\",\"isPartOf\":{\"@id\":\"https:\\\/\\\/quehacerpolitico.mx\\\/?p=96950\"},\"author\":{\"name\":\"Redacci\u00f3n QP\",\"@id\":\"https:\\\/\\\/quehacerpolitico.mx\\\/#\\\/schema\\\/person\\\/496d8ad2d1d3f8036101dca7ee39e585\"},\"headline\":\"SANDRA CUEVAS, ALCALDESA DE CUAUHT\u00c9MOC ANUNCIA INVERSI\u00d3N DE PRESUPUESTO PARA EL SEGUNDO A\u00d1O DE GOBIERNO\",\"datePublished\":\"2022-11-07T22:42:42+00:00\",\"dateModified\":\"2022-11-07T22:42:46+00:00\",\"mainEntityOfPage\":{\"@id\":\"https:\\\/\\\/quehacerpolitico.mx\\\/?p=96950\"},\"wordCount\":602,\"commentCount\":0,\"image\":{\"@id\":\"https:\\\/\\\/quehacerpolitico.mx\\\/?p=96950#primaryimage\"},\"thumbnailUrl\":\"https:\\\/\\\/quehacerpolitico.mx\\\/wp-content\\\/uploads\\\/2022\\\/11\\\/5B72C509-F861-41CC-B1C9-F1700BAC66EB.jpeg\",\"articleSection\":[\"CDMX\"],\"inLanguage\":\"es\",\"potentialAction\":[{\"@type\":\"CommentAction\",\"name\":\"Comment\",\"target\":[\"https:\\\/\\\/quehacerpolitico.mx\\\/?p=96950#respond\"]}]},{\"@type\":\"WebPage\",\"@id\":\"https:\\\/\\\/quehacerpolitico.mx\\\/?p=96950\",\"url\":\"https:\\\/\\\/quehacerpolitico.mx\\\/?p=96950\",\"name\":\"SANDRA CUEVAS, ALCALDESA DE CUAUHT\u00c9MOC ANUNCIA INVERSI\u00d3N DE PRESUPUESTO PARA EL SEGUNDO A\u00d1O DE GOBIERNO -\",\"isPartOf\":{\"@id\":\"https:\\\/\\\/quehacerpolitico.mx\\\/#website\"},\"primaryImageOfPage\":{\"@id\":\"https:\\\/\\\/quehacerpolitico.mx\\\/?p=96950#primaryimage\"},\"image\":{\"@id\":\"https:\\\/\\\/quehacerpolitico.mx\\\/?p=96950#primaryimage\"},\"thumbnailUrl\":\"https:\\\/\\\/quehacerpolitico.mx\\\/wp-content\\\/uploads\\\/2022\\\/11\\\/5B72C509-F861-41CC-B1C9-F1700BAC66EB.jpeg\",\"datePublished\":\"2022-11-07T22:42:42+00:00\",\"dateModified\":\"2022-11-07T22:42:46+00:00\",\"author\":{\"@id\":\"https:\\\/\\\/quehacerpolitico.mx\\\/#\\\/schema\\\/person\\\/496d8ad2d1d3f8036101dca7ee39e585\"},\"breadcrumb\":{\"@id\":\"https:\\\/\\\/quehacerpolitico.mx\\\/?p=96950#breadcrumb\"},\"inLanguage\":\"es\",\"potentialAction\":[{\"@type\":\"ReadAction\",\"target\":[\"https:\\\/\\\/quehacerpolitico.mx\\\/?p=96950\"]}]},{\"@type\":\"ImageObject\",\"inLanguage\":\"es\",\"@id\":\"https:\\\/\\\/quehacerpolitico.mx\\\/?p=96950#primaryimage\",\"url\":\"https:\\\/\\\/quehacerpolitico.mx\\\/wp-content\\\/uploads\\\/2022\\\/11\\\/5B72C509-F861-41CC-B1C9-F1700BAC66EB.jpeg\",\"contentUrl\":\"https:\\\/\\\/quehacerpolitico.mx\\\/wp-content\\\/uploads\\\/2022\\\/11\\\/5B72C509-F861-41CC-B1C9-F1700BAC66EB.jpeg\",\"width\":1024,\"height\":684},{\"@type\":\"BreadcrumbList\",\"@id\":\"https:\\\/\\\/quehacerpolitico.mx\\\/?p=96950#breadcrumb\",\"itemListElement\":[{\"@type\":\"ListItem\",\"position\":1,\"name\":\"Inicio\",\"item\":\"https:\\\/\\\/quehacerpolitico.mx\\\/\"},{\"@type\":\"ListItem\",\"position\":2,\"name\":\"SANDRA CUEVAS, ALCALDESA DE CUAUHT\u00c9MOC ANUNCIA INVERSI\u00d3N DE PRESUPUESTO PARA EL SEGUNDO A\u00d1O DE GOBIERNO\"}]},{\"@type\":\"WebSite\",\"@id\":\"https:\\\/\\\/quehacerpolitico.mx\\\/#website\",\"url\":\"https:\\\/\\\/quehacerpolitico.mx\\\/\",\"name\":\"\",\"description\":\"\",\"potentialAction\":[{\"@type\":\"SearchAction\",\"target\":{\"@type\":\"EntryPoint\",\"urlTemplate\":\"https:\\\/\\\/quehacerpolitico.mx\\\/?s={search_term_string}\"},\"query-input\":{\"@type\":\"PropertyValueSpecification\",\"valueRequired\":true,\"valueName\":\"search_term_string\"}}],\"inLanguage\":\"es\"},{\"@type\":\"Person\",\"@id\":\"https:\\\/\\\/quehacerpolitico.mx\\\/#\\\/schema\\\/person\\\/496d8ad2d1d3f8036101dca7ee39e585\",\"name\":\"Redacci\u00f3n QP\",\"image\":{\"@type\":\"ImageObject\",\"inLanguage\":\"es\",\"@id\":\"https:\\\/\\\/secure.gravatar.com\\\/avatar\\\/c7164ed6fdec453195284ad24a5ae5b6e1eed2b848477fa2a4787ba9adf39a41?s=96&d=mm&r=g\",\"url\":\"https:\\\/\\\/secure.gravatar.com\\\/avatar\\\/c7164ed6fdec453195284ad24a5ae5b6e1eed2b848477fa2a4787ba9adf39a41?s=96&d=mm&r=g\",\"contentUrl\":\"https:\\\/\\\/secure.gravatar.com\\\/avatar\\\/c7164ed6fdec453195284ad24a5ae5b6e1eed2b848477fa2a4787ba9adf39a41?s=96&d=mm&r=g\",\"caption\":\"Redacci\u00f3n QP\"},\"url\":\"https:\\\/\\\/quehacerpolitico.mx\\\/?author=2\"}]}<\/script>\n<!-- \/ Yoast SEO plugin. -->","yoast_head_json":{"title":"SANDRA CUEVAS, ALCALDESA DE CUAUHT\u00c9MOC ANUNCIA INVERSI\u00d3N DE PRESUPUESTO PARA EL SEGUNDO A\u00d1O DE GOBIERNO -","robots":{"index":"index","follow":"follow","max-snippet":"max-snippet:-1","max-image-preview":"max-image-preview:large","max-video-preview":"max-video-preview:-1"},"canonical":"https:\/\/quehacerpolitico.mx\/?p=96950","og_locale":"es_MX","og_type":"article","og_title":"SANDRA CUEVAS, ALCALDESA DE CUAUHT\u00c9MOC ANUNCIA INVERSI\u00d3N DE PRESUPUESTO PARA EL SEGUNDO A\u00d1O DE GOBIERNO -","og_description":"Por Redacci\u00f3n QP La Alcaldesa de Cuauht\u00e9moc, Sandra Cuevas, anunci\u00f3 ante vecinos y vecinas de...","og_url":"https:\/\/quehacerpolitico.mx\/?p=96950","article_published_time":"2022-11-07T22:42:42+00:00","article_modified_time":"2022-11-07T22:42:46+00:00","og_image":[{"width":1024,"height":684,"url":"https:\/\/quehacerpolitico.mx\/wp-content\/uploads\/2022\/11\/5B72C509-F861-41CC-B1C9-F1700BAC66EB.jpeg","type":"image\/jpeg"}],"author":"Redacci\u00f3n QP","twitter_card":"summary_large_image","twitter_misc":{"Escrito por":"Redacci\u00f3n QP","Tiempo de lectura":"3 minutos"},"schema":{"@context":"https:\/\/schema.org","@graph":[{"@type":"Article","@id":"https:\/\/quehacerpolitico.mx\/?p=96950#article","isPartOf":{"@id":"https:\/\/quehacerpolitico.mx\/?p=96950"},"author":{"name":"Redacci\u00f3n QP","@id":"https:\/\/quehacerpolitico.mx\/#\/schema\/person\/496d8ad2d1d3f8036101dca7ee39e585"},"headline":"SANDRA CUEVAS, ALCALDESA DE CUAUHT\u00c9MOC ANUNCIA INVERSI\u00d3N DE PRESUPUESTO PARA EL SEGUNDO A\u00d1O DE GOBIERNO","datePublished":"2022-11-07T22:42:42+00:00","dateModified":"2022-11-07T22:42:46+00:00","mainEntityOfPage":{"@id":"https:\/\/quehacerpolitico.mx\/?p=96950"},"wordCount":602,"commentCount":0,"image":{"@id":"https:\/\/quehacerpolitico.mx\/?p=96950#primaryimage"},"thumbnailUrl":"https:\/\/quehacerpolitico.mx\/wp-content\/uploads\/2022\/11\/5B72C509-F861-41CC-B1C9-F1700BAC66EB.jpeg","articleSection":["CDMX"],"inLanguage":"es","potentialAction":[{"@type":"CommentAction","name":"Comment","target":["https:\/\/quehacerpolitico.mx\/?p=96950#respond"]}]},{"@type":"WebPage","@id":"https:\/\/quehacerpolitico.mx\/?p=96950","url":"https:\/\/quehacerpolitico.mx\/?p=96950","name":"SANDRA CUEVAS, ALCALDESA DE CUAUHT\u00c9MOC ANUNCIA INVERSI\u00d3N DE PRESUPUESTO PARA EL SEGUNDO A\u00d1O DE GOBIERNO -","isPartOf":{"@id":"https:\/\/quehacerpolitico.mx\/#website"},"primaryImageOfPage":{"@id":"https:\/\/quehacerpolitico.mx\/?p=96950#primaryimage"},"image":{"@id":"https:\/\/quehacerpolitico.mx\/?p=96950#primaryimage"},"thumbnailUrl":"https:\/\/quehacerpolitico.mx\/wp-content\/uploads\/2022\/11\/5B72C509-F861-41CC-B1C9-F1700BAC66EB.jpeg","datePublished":"2022-11-07T22:42:42+00:00","dateModified":"2022-11-07T22:42:46+00:00","author":{"@id":"https:\/\/quehacerpolitico.mx\/#\/schema\/person\/496d8ad2d1d3f8036101dca7ee39e585"},"breadcrumb":{"@id":"https:\/\/quehacerpolitico.mx\/?p=96950#breadcrumb"},"inLanguage":"es","potentialAction":[{"@type":"ReadAction","target":["https:\/\/quehacerpolitico.mx\/?p=96950"]}]},{"@type":"ImageObject","inLanguage":"es","@id":"https:\/\/quehacerpolitico.mx\/?p=96950#primaryimage","url":"https:\/\/quehacerpolitico.mx\/wp-content\/uploads\/2022\/11\/5B72C509-F861-41CC-B1C9-F1700BAC66EB.jpeg","contentUrl":"https:\/\/quehacerpolitico.mx\/wp-content\/uploads\/2022\/11\/5B72C509-F861-41CC-B1C9-F1700BAC66EB.jpeg","width":1024,"height":684},{"@type":"BreadcrumbList","@id":"https:\/\/quehacerpolitico.mx\/?p=96950#breadcrumb","itemListElement":[{"@type":"ListItem","position":1,"name":"Inicio","item":"https:\/\/quehacerpolitico.mx\/"},{"@type":"ListItem","position":2,"name":"SANDRA CUEVAS, ALCALDESA DE CUAUHT\u00c9MOC ANUNCIA INVERSI\u00d3N DE PRESUPUESTO PARA EL SEGUNDO A\u00d1O DE GOBIERNO"}]},{"@type":"WebSite","@id":"https:\/\/quehacerpolitico.mx\/#website","url":"https:\/\/quehacerpolitico.mx\/","name":"","description":"","potentialAction":[{"@type":"SearchAction","target":{"@type":"EntryPoint","urlTemplate":"https:\/\/quehacerpolitico.mx\/?s={search_term_string}"},"query-input":{"@type":"PropertyValueSpecification","valueRequired":true,"valueName":"search_term_string"}}],"inLanguage":"es"},{"@type":"Person","@id":"https:\/\/quehacerpolitico.mx\/#\/schema\/person\/496d8ad2d1d3f8036101dca7ee39e585","name":"Redacci\u00f3n QP","image":{"@type":"ImageObject","inLanguage":"es","@id":"https:\/\/secure.gravatar.com\/avatar\/c7164ed6fdec453195284ad24a5ae5b6e1eed2b848477fa2a4787ba9adf39a41?s=96&d=mm&r=g","url":"https:\/\/secure.gravatar.com\/avatar\/c7164ed6fdec453195284ad24a5ae5b6e1eed2b848477fa2a4787ba9adf39a41?s=96&d=mm&r=g","contentUrl":"https:\/\/secure.gravatar.com\/avatar\/c7164ed6fdec453195284ad24a5ae5b6e1eed2b848477fa2a4787ba9adf39a41?s=96&d=mm&r=g","caption":"Redacci\u00f3n QP"},"url":"https:\/\/quehacerpolitico.mx\/?author=2"}]}},"featured_image_urls":{"full":["https:\/\/quehacerpolitico.mx\/wp-content\/uploads\/2022\/11\/5B72C509-F861-41CC-B1C9-F1700BAC66EB.jpeg",1024,684,false],"thumbnail":["https:\/\/quehacerpolitico.mx\/wp-content\/uploads\/2022\/11\/5B72C509-F861-41CC-B1C9-F1700BAC66EB-150x150.jpeg",150,150,true],"medium":["https:\/\/quehacerpolitico.mx\/wp-content\/uploads\/2022\/11\/5B72C509-F861-41CC-B1C9-F1700BAC66EB-300x200.jpeg",300,200,true],"medium_large":["https:\/\/quehacerpolitico.mx\/wp-content\/uploads\/2022\/11\/5B72C509-F861-41CC-B1C9-F1700BAC66EB-768x513.jpeg",640,428,true],"large":["https:\/\/quehacerpolitico.mx\/wp-content\/uploads\/2022\/11\/5B72C509-F861-41CC-B1C9-F1700BAC66EB.jpeg",640,428,false],"1536x1536":["https:\/\/quehacerpolitico.mx\/wp-content\/uploads\/2022\/11\/5B72C509-F861-41CC-B1C9-F1700BAC66EB.jpeg",1024,684,false],"2048x2048":["https:\/\/quehacerpolitico.mx\/wp-content\/uploads\/2022\/11\/5B72C509-F861-41CC-B1C9-F1700BAC66EB.jpeg",1024,684,false],"covernews-featured":["https:\/\/quehacerpolitico.mx\/wp-content\/uploads\/2022\/11\/5B72C509-F861-41CC-B1C9-F1700BAC66EB.jpeg",1024,684,false],"covernews-medium":["https:\/\/quehacerpolitico.mx\/wp-content\/uploads\/2022\/11\/5B72C509-F861-41CC-B1C9-F1700BAC66EB.jpeg",509,340,false]},"author_info":{"display_name":"Redacci\u00f3n QP","author_link":"https:\/\/quehacerpolitico.mx\/?author=2"},"category_info":"<a href=\"https:\/\/quehacerpolitico.mx\/?cat=55\" rel=\"category\">CDMX<\/a>","tag_info":"CDMX","comment_count":"0","_links":{"self":[{"href":"https:\/\/quehacerpolitico.mx\/index.php?rest_route=\/wp\/v2\/posts\/96950","targetHints":{"allow":["GET"]}}],"collection":[{"href":"https:\/\/quehacerpolitico.mx\/index.php?rest_route=\/wp\/v2\/posts"}],"about":[{"href":"https:\/\/quehacerpolitico.mx\/index.php?rest_route=\/wp\/v2\/types\/post"}],"author":[{"embeddable":true,"href":"https:\/\/quehacerpolitico.mx\/index.php?rest_route=\/wp\/v2\/users\/2"}],"replies":[{"embeddable":true,"href":"https:\/\/quehacerpolitico.mx\/index.php?rest_route=%2Fwp%2Fv2%2Fcomments&post=96950"}],"version-history":[{"count":1,"href":"https:\/\/quehacerpolitico.mx\/index.php?rest_route=\/wp\/v2\/posts\/96950\/revisions"}],"predecessor-version":[{"id":96952,"href":"https:\/\/quehacerpolitico.mx\/index.php?rest_route=\/wp\/v2\/posts\/96950\/revisions\/96952"}],"wp:featuredmedia":[{"embeddable":true,"href":"https:\/\/quehacerpolitico.mx\/index.php?rest_route=\/wp\/v2\/media\/96951"}],"wp:attachment":[{"href":"https:\/\/quehacerpolitico.mx\/index.php?rest_route=%2Fwp%2Fv2%2Fmedia&parent=96950"}],"wp:term":[{"taxonomy":"category","embeddable":true,"href":"https:\/\/quehacerpolitico.mx\/index.php?rest_route=%2Fwp%2Fv2%2Fcategories&post=96950"},{"taxonomy":"post_tag","embeddable":true,"href":"https:\/\/quehacerpolitico.mx\/index.php?rest_route=%2Fwp%2Fv2%2Ftags&post=96950"}],"curies":[{"name":"wp","href":"https:\/\/api.w.org\/{rel}","templated":true}]}}