{"id":96945,"date":"2022-11-07T22:06:37","date_gmt":"2022-11-07T22:06:37","guid":{"rendered":"https:\/\/quehacerpolitico.mx\/?p=96945"},"modified":"2022-11-07T22:06:41","modified_gmt":"2022-11-07T22:06:41","slug":"fiscalia-de-morelos-queria-encubrir-feminicidio-de-ariadna-fernanda-sheinbaum","status":"publish","type":"post","link":"https:\/\/quehacerpolitico.mx\/?p=96945","title":{"rendered":"Fiscal\u00eda de Morelos quer\u00eda encubrir feminicidio de Ariadna Fernanda: Sheinbaum"},"content":{"rendered":"\n<p>Por Redacci\u00f3n QP<\/p>\n\n\n\n<p>Morelos: Caso Ariadna Fernanda. La jefa de Gobierno muestra im\u00e1genes fuertes sobre el feminicidio<\/p>\n\n\n\n<p>Ante el caso Ariadna Fernanda, qui\u00e9n fue encontrada en la carretera Tepoztl\u00e1n, Morelos, la jefa de Gobierno, Claudia Sheinbaum, conden\u00f3 el feminicidio y\u00a0<strong>acus\u00f3 que el fiscal del estado de Morelos est\u00e1 tratando de tapar el caso por presuntos nexos con el feminicida<\/strong>.<\/p>\n\n\n\n<figure class=\"wp-block-embed is-type-rich is-provider-twitter wp-block-embed-twitter\"><div class=\"wp-block-embed__wrapper\">\nhttps:\/\/twitter.com\/c4jimenez\/status\/1589725527900028930?s=46&#038;t=RklwhiOSrFhhnLZtxvowTA\n<\/div><\/figure>\n\n\n\n<p>Adem\u00e1s, hizo un llamado a la familia de Ariadna Fernanda y&nbsp;<strong>asegur\u00f3 que no habr\u00e1 impunidad<\/strong>.<\/p>\n\n\n\n<p>Dijo que la Fiscal\u00eda General de Justicia de Morelos quiso ocultar el feminicidio de Ariadna y mostr\u00f3\u00a0im\u00e1genes &#8220;fuertes&#8221;, ya que tiene autorizaci\u00f3n de la Fiscal\u00eda General de Justicia de la Ciudad de M\u00e9xico, en las que\u00a0<strong>se observa a un sujeto cargar el cuerpo ya sin vida de la joven Ariadna, identificado como Rautel &#8220;N&#8221;<\/strong>, que se entreg\u00f3 por su cuenta ante autoridades de Nuevo Le\u00f3n.<\/p>\n\n\n\n<figure class=\"wp-block-embed is-type-video is-provider-youtube wp-block-embed-youtube wp-embed-aspect-16-9 wp-has-aspect-ratio\"><div class=\"wp-block-embed__wrapper\">\n<iframe loading=\"lazy\" title=\"Conferencia de prensa 07\/11\/2022\" width=\"640\" height=\"360\" src=\"https:\/\/www.youtube.com\/embed\/I438URuCBxk?feature=oembed\" frameborder=\"0\" allow=\"accelerometer; autoplay; clipboard-write; encrypted-media; gyroscope; picture-in-picture; web-share\" referrerpolicy=\"strict-origin-when-cross-origin\" allowfullscreen><\/iframe>\n<\/div><\/figure>\n\n\n\n<h2 class=\"wp-block-heading\">El caso de Ariadna Fernanda<\/h2>\n\n\n\n<p>Esta madrugada&nbsp;Rautel &#8220;N&#8221;, buscado por el feminicidio de Ariadna Fernanda,<strong>&nbsp;se entreg\u00f3 ante las autoridades en Nuevo Le\u00f3n<\/strong>.<\/p>\n\n\n\n<p>Fuentes del gobierno capitalino confirmaron que Rautel\u00a0<strong>est\u00e1 detenido en ese estado y\u00a0ser\u00e1 trasladado a la Ciudad de M\u00e9xico<\/strong>.<\/p>\n\n\n\n<p>Los primeros reportes se\u00f1alan que Ari, como la conoc\u00edan sus amigos,&nbsp;desapareci\u00f3 el domingo 30 de octubre&nbsp;luego de abordar un taxi tras salir de un Fisher\u2019s en la colonia Condesa, en la alcald\u00eda Cuauht\u00e9moc.&nbsp;Un d\u00eda despu\u00e9s fue localizada sin vida a un costado de la autopista La Pera-Cuautla, en Tepoztl\u00e1n, Morelos.<\/p>\n\n\n\n<h2 class=\"wp-block-heading\">&#8220;Ella se fue solita&#8221;: Rautel &#8220;N&#8221; durante velorio de Ariadna<\/h2>\n\n\n\n<p><strong>Rautel &#8220;N&#8221; era amigo de Ariadna Fernanda, inclusive\u00a0estuvo presente en su funeral\u00a0y dio algunas palabras para los medios de comunicaci\u00f3n<\/strong>, pues asegur\u00f3 que\u00a0&#8220;si ella (Ariadna) me escogi\u00f3 para esto, quiero hacerlo de la mejor manera&#8221;.<\/p>\n\n\n\n<p><strong>&#8220;Cuenten conmigo para todo&#8221;<\/strong>, dijo ante medios el empresario y destac\u00f3 que quer\u00eda quitar especulaciones de las cuales se enter\u00f3 gracias a las redes sociales. Despu\u00e9s\u00a0narr\u00f3 una historia de c\u00f3mo, supuestamente, hab\u00edan sucedido los hechos.<\/p>\n\n\n\n<figure class=\"wp-block-image size-large\"><img loading=\"lazy\" decoding=\"async\" width=\"1024\" height=\"566\" src=\"https:\/\/quehacerpolitico.mx\/wp-content\/uploads\/2022\/11\/image-8-1024x566.jpeg\" alt=\"\" class=\"wp-image-96948\" srcset=\"https:\/\/quehacerpolitico.mx\/wp-content\/uploads\/2022\/11\/image-8-1024x566.jpeg 1024w, https:\/\/quehacerpolitico.mx\/wp-content\/uploads\/2022\/11\/image-8-300x166.jpeg 300w, https:\/\/quehacerpolitico.mx\/wp-content\/uploads\/2022\/11\/image-8-768x424.jpeg 768w, https:\/\/quehacerpolitico.mx\/wp-content\/uploads\/2022\/11\/image-8-260x144.jpeg 260w, https:\/\/quehacerpolitico.mx\/wp-content\/uploads\/2022\/11\/image-8-50x28.jpeg 50w, https:\/\/quehacerpolitico.mx\/wp-content\/uploads\/2022\/11\/image-8-136x75.jpeg 136w, https:\/\/quehacerpolitico.mx\/wp-content\/uploads\/2022\/11\/image-8.jpeg 1200w\" sizes=\"auto, (max-width: 1024px) 100vw, 1024px\" \/><\/figure>\n\n\n\n<p>Dijo que primero estaban en un bar, despu\u00e9s se fueron a su departamento, pero tiempo despu\u00e9s\u00a0ella se fue por su cuenta\u00a0<strong>&#8220;ah\u00ed perd\u00ed comunicaci\u00f3n con ella&#8221;<\/strong>, expres\u00f3.<\/p>\n\n\n\n<h2 class=\"wp-block-heading\">Detenci\u00f3n de Vanessa &#8220;N&#8221;, implicada en la muerte de Ariadna Fernanda<\/h2>\n\n\n\n<p>Este domingo se dio a conocer&nbsp;<strong>la detenci\u00f3n de Vanessa &#8220;N&#8221;, implicada en la muerte de la joven Ariadna Fernanda<\/strong>.<\/p>\n\n\n\n<p>De acuerdo con las investigaciones realizadas por la Secretar\u00eda de Seguridad Ciudadana (SSC), la Fiscal\u00eda General de Justicia (FGJ) de la Ciudad de M\u00e9xico, y la Fiscal\u00eda General de Justicia del Estado de M\u00e9xico, Ariadna Fernanda sali\u00f3 del restaurante en la Condesa y\u00a0se dirigi\u00f3 a un departamento con Vanessa &#8220;N&#8221; y la pareja de esta.<\/p>\n\n\n\n<p>Con Informaci\u00f3n de SUN <\/p>\n","protected":false},"excerpt":{"rendered":"<p>Por Redacci\u00f3n QP Morelos: Caso Ariadna Fernanda. La jefa de Gobierno muestra im\u00e1genes fuertes sobre&#8230;<\/p>\n","protected":false},"author":2,"featured_media":96947,"comment_status":"open","ping_status":"open","sticky":false,"template":"","format":"standard","meta":{"_monsterinsights_skip_tracking":false,"_monsterinsights_sitenote_active":false,"_monsterinsights_sitenote_note":"","_monsterinsights_sitenote_category":0,"footnotes":""},"categories":[55],"tags":[],"class_list":["post-96945","post","type-post","status-publish","format-standard","has-post-thumbnail","hentry","category-cdmx"],"yoast_head":"<!-- This site is optimized with the Yoast SEO plugin v27.3 - https:\/\/yoast.com\/product\/yoast-seo-wordpress\/ -->\n<title>Fiscal\u00eda de Morelos quer\u00eda encubrir feminicidio de Ariadna Fernanda: Sheinbaum -<\/title>\n<meta name=\"robots\" content=\"index, follow, max-snippet:-1, max-image-preview:large, max-video-preview:-1\" \/>\n<link rel=\"canonical\" href=\"https:\/\/quehacerpolitico.mx\/?p=96945\" \/>\n<meta property=\"og:locale\" content=\"es_MX\" \/>\n<meta property=\"og:type\" content=\"article\" \/>\n<meta property=\"og:title\" content=\"Fiscal\u00eda de Morelos quer\u00eda encubrir feminicidio de Ariadna Fernanda: Sheinbaum -\" \/>\n<meta property=\"og:description\" content=\"Por Redacci\u00f3n QP Morelos: Caso Ariadna Fernanda. La jefa de Gobierno muestra im\u00e1genes fuertes sobre...\" \/>\n<meta property=\"og:url\" content=\"https:\/\/quehacerpolitico.mx\/?p=96945\" \/>\n<meta property=\"article:published_time\" content=\"2022-11-07T22:06:37+00:00\" \/>\n<meta property=\"article:modified_time\" content=\"2022-11-07T22:06:41+00:00\" \/>\n<meta property=\"og:image\" content=\"https:\/\/quehacerpolitico.mx\/wp-content\/uploads\/2022\/11\/B41CCA7B-51A5-45FE-9E6C-73FDE717C1D3.jpeg\" \/>\n\t<meta property=\"og:image:width\" content=\"2048\" \/>\n\t<meta property=\"og:image:height\" content=\"948\" \/>\n\t<meta property=\"og:image:type\" content=\"image\/jpeg\" \/>\n<meta name=\"author\" content=\"Redacci\u00f3n QP\" \/>\n<meta name=\"twitter:card\" content=\"summary_large_image\" \/>\n<meta name=\"twitter:label1\" content=\"Escrito por\" \/>\n\t<meta name=\"twitter:data1\" content=\"Redacci\u00f3n QP\" \/>\n\t<meta name=\"twitter:label2\" content=\"Tiempo de lectura\" \/>\n\t<meta name=\"twitter:data2\" content=\"3 minutos\" \/>\n<script type=\"application\/ld+json\" class=\"yoast-schema-graph\">{\"@context\":\"https:\\\/\\\/schema.org\",\"@graph\":[{\"@type\":\"Article\",\"@id\":\"https:\\\/\\\/quehacerpolitico.mx\\\/?p=96945#article\",\"isPartOf\":{\"@id\":\"https:\\\/\\\/quehacerpolitico.mx\\\/?p=96945\"},\"author\":{\"name\":\"Redacci\u00f3n QP\",\"@id\":\"https:\\\/\\\/quehacerpolitico.mx\\\/#\\\/schema\\\/person\\\/496d8ad2d1d3f8036101dca7ee39e585\"},\"headline\":\"Fiscal\u00eda de Morelos quer\u00eda encubrir feminicidio de Ariadna Fernanda: Sheinbaum\",\"datePublished\":\"2022-11-07T22:06:37+00:00\",\"dateModified\":\"2022-11-07T22:06:41+00:00\",\"mainEntityOfPage\":{\"@id\":\"https:\\\/\\\/quehacerpolitico.mx\\\/?p=96945\"},\"wordCount\":513,\"commentCount\":0,\"image\":{\"@id\":\"https:\\\/\\\/quehacerpolitico.mx\\\/?p=96945#primaryimage\"},\"thumbnailUrl\":\"https:\\\/\\\/quehacerpolitico.mx\\\/wp-content\\\/uploads\\\/2022\\\/11\\\/B41CCA7B-51A5-45FE-9E6C-73FDE717C1D3.jpeg\",\"articleSection\":[\"CDMX\"],\"inLanguage\":\"es\",\"potentialAction\":[{\"@type\":\"CommentAction\",\"name\":\"Comment\",\"target\":[\"https:\\\/\\\/quehacerpolitico.mx\\\/?p=96945#respond\"]}]},{\"@type\":\"WebPage\",\"@id\":\"https:\\\/\\\/quehacerpolitico.mx\\\/?p=96945\",\"url\":\"https:\\\/\\\/quehacerpolitico.mx\\\/?p=96945\",\"name\":\"Fiscal\u00eda de Morelos quer\u00eda encubrir feminicidio de Ariadna Fernanda: Sheinbaum -\",\"isPartOf\":{\"@id\":\"https:\\\/\\\/quehacerpolitico.mx\\\/#website\"},\"primaryImageOfPage\":{\"@id\":\"https:\\\/\\\/quehacerpolitico.mx\\\/?p=96945#primaryimage\"},\"image\":{\"@id\":\"https:\\\/\\\/quehacerpolitico.mx\\\/?p=96945#primaryimage\"},\"thumbnailUrl\":\"https:\\\/\\\/quehacerpolitico.mx\\\/wp-content\\\/uploads\\\/2022\\\/11\\\/B41CCA7B-51A5-45FE-9E6C-73FDE717C1D3.jpeg\",\"datePublished\":\"2022-11-07T22:06:37+00:00\",\"dateModified\":\"2022-11-07T22:06:41+00:00\",\"author\":{\"@id\":\"https:\\\/\\\/quehacerpolitico.mx\\\/#\\\/schema\\\/person\\\/496d8ad2d1d3f8036101dca7ee39e585\"},\"breadcrumb\":{\"@id\":\"https:\\\/\\\/quehacerpolitico.mx\\\/?p=96945#breadcrumb\"},\"inLanguage\":\"es\",\"potentialAction\":[{\"@type\":\"ReadAction\",\"target\":[\"https:\\\/\\\/quehacerpolitico.mx\\\/?p=96945\"]}]},{\"@type\":\"ImageObject\",\"inLanguage\":\"es\",\"@id\":\"https:\\\/\\\/quehacerpolitico.mx\\\/?p=96945#primaryimage\",\"url\":\"https:\\\/\\\/quehacerpolitico.mx\\\/wp-content\\\/uploads\\\/2022\\\/11\\\/B41CCA7B-51A5-45FE-9E6C-73FDE717C1D3.jpeg\",\"contentUrl\":\"https:\\\/\\\/quehacerpolitico.mx\\\/wp-content\\\/uploads\\\/2022\\\/11\\\/B41CCA7B-51A5-45FE-9E6C-73FDE717C1D3.jpeg\",\"width\":2048,\"height\":948},{\"@type\":\"BreadcrumbList\",\"@id\":\"https:\\\/\\\/quehacerpolitico.mx\\\/?p=96945#breadcrumb\",\"itemListElement\":[{\"@type\":\"ListItem\",\"position\":1,\"name\":\"Inicio\",\"item\":\"https:\\\/\\\/quehacerpolitico.mx\\\/\"},{\"@type\":\"ListItem\",\"position\":2,\"name\":\"Fiscal\u00eda de Morelos quer\u00eda encubrir feminicidio de Ariadna Fernanda: Sheinbaum\"}]},{\"@type\":\"WebSite\",\"@id\":\"https:\\\/\\\/quehacerpolitico.mx\\\/#website\",\"url\":\"https:\\\/\\\/quehacerpolitico.mx\\\/\",\"name\":\"\",\"description\":\"\",\"potentialAction\":[{\"@type\":\"SearchAction\",\"target\":{\"@type\":\"EntryPoint\",\"urlTemplate\":\"https:\\\/\\\/quehacerpolitico.mx\\\/?s={search_term_string}\"},\"query-input\":{\"@type\":\"PropertyValueSpecification\",\"valueRequired\":true,\"valueName\":\"search_term_string\"}}],\"inLanguage\":\"es\"},{\"@type\":\"Person\",\"@id\":\"https:\\\/\\\/quehacerpolitico.mx\\\/#\\\/schema\\\/person\\\/496d8ad2d1d3f8036101dca7ee39e585\",\"name\":\"Redacci\u00f3n QP\",\"image\":{\"@type\":\"ImageObject\",\"inLanguage\":\"es\",\"@id\":\"https:\\\/\\\/secure.gravatar.com\\\/avatar\\\/c7164ed6fdec453195284ad24a5ae5b6e1eed2b848477fa2a4787ba9adf39a41?s=96&d=mm&r=g\",\"url\":\"https:\\\/\\\/secure.gravatar.com\\\/avatar\\\/c7164ed6fdec453195284ad24a5ae5b6e1eed2b848477fa2a4787ba9adf39a41?s=96&d=mm&r=g\",\"contentUrl\":\"https:\\\/\\\/secure.gravatar.com\\\/avatar\\\/c7164ed6fdec453195284ad24a5ae5b6e1eed2b848477fa2a4787ba9adf39a41?s=96&d=mm&r=g\",\"caption\":\"Redacci\u00f3n QP\"},\"url\":\"https:\\\/\\\/quehacerpolitico.mx\\\/?author=2\"}]}<\/script>\n<!-- \/ Yoast SEO plugin. -->","yoast_head_json":{"title":"Fiscal\u00eda de Morelos quer\u00eda encubrir feminicidio de Ariadna Fernanda: Sheinbaum -","robots":{"index":"index","follow":"follow","max-snippet":"max-snippet:-1","max-image-preview":"max-image-preview:large","max-video-preview":"max-video-preview:-1"},"canonical":"https:\/\/quehacerpolitico.mx\/?p=96945","og_locale":"es_MX","og_type":"article","og_title":"Fiscal\u00eda de Morelos quer\u00eda encubrir feminicidio de Ariadna Fernanda: Sheinbaum -","og_description":"Por Redacci\u00f3n QP Morelos: Caso Ariadna Fernanda. La jefa de Gobierno muestra im\u00e1genes fuertes sobre...","og_url":"https:\/\/quehacerpolitico.mx\/?p=96945","article_published_time":"2022-11-07T22:06:37+00:00","article_modified_time":"2022-11-07T22:06:41+00:00","og_image":[{"width":2048,"height":948,"url":"https:\/\/quehacerpolitico.mx\/wp-content\/uploads\/2022\/11\/B41CCA7B-51A5-45FE-9E6C-73FDE717C1D3.jpeg","type":"image\/jpeg"}],"author":"Redacci\u00f3n QP","twitter_card":"summary_large_image","twitter_misc":{"Escrito por":"Redacci\u00f3n QP","Tiempo de lectura":"3 minutos"},"schema":{"@context":"https:\/\/schema.org","@graph":[{"@type":"Article","@id":"https:\/\/quehacerpolitico.mx\/?p=96945#article","isPartOf":{"@id":"https:\/\/quehacerpolitico.mx\/?p=96945"},"author":{"name":"Redacci\u00f3n QP","@id":"https:\/\/quehacerpolitico.mx\/#\/schema\/person\/496d8ad2d1d3f8036101dca7ee39e585"},"headline":"Fiscal\u00eda de Morelos quer\u00eda encubrir feminicidio de Ariadna Fernanda: Sheinbaum","datePublished":"2022-11-07T22:06:37+00:00","dateModified":"2022-11-07T22:06:41+00:00","mainEntityOfPage":{"@id":"https:\/\/quehacerpolitico.mx\/?p=96945"},"wordCount":513,"commentCount":0,"image":{"@id":"https:\/\/quehacerpolitico.mx\/?p=96945#primaryimage"},"thumbnailUrl":"https:\/\/quehacerpolitico.mx\/wp-content\/uploads\/2022\/11\/B41CCA7B-51A5-45FE-9E6C-73FDE717C1D3.jpeg","articleSection":["CDMX"],"inLanguage":"es","potentialAction":[{"@type":"CommentAction","name":"Comment","target":["https:\/\/quehacerpolitico.mx\/?p=96945#respond"]}]},{"@type":"WebPage","@id":"https:\/\/quehacerpolitico.mx\/?p=96945","url":"https:\/\/quehacerpolitico.mx\/?p=96945","name":"Fiscal\u00eda de Morelos quer\u00eda encubrir feminicidio de Ariadna Fernanda: Sheinbaum -","isPartOf":{"@id":"https:\/\/quehacerpolitico.mx\/#website"},"primaryImageOfPage":{"@id":"https:\/\/quehacerpolitico.mx\/?p=96945#primaryimage"},"image":{"@id":"https:\/\/quehacerpolitico.mx\/?p=96945#primaryimage"},"thumbnailUrl":"https:\/\/quehacerpolitico.mx\/wp-content\/uploads\/2022\/11\/B41CCA7B-51A5-45FE-9E6C-73FDE717C1D3.jpeg","datePublished":"2022-11-07T22:06:37+00:00","dateModified":"2022-11-07T22:06:41+00:00","author":{"@id":"https:\/\/quehacerpolitico.mx\/#\/schema\/person\/496d8ad2d1d3f8036101dca7ee39e585"},"breadcrumb":{"@id":"https:\/\/quehacerpolitico.mx\/?p=96945#breadcrumb"},"inLanguage":"es","potentialAction":[{"@type":"ReadAction","target":["https:\/\/quehacerpolitico.mx\/?p=96945"]}]},{"@type":"ImageObject","inLanguage":"es","@id":"https:\/\/quehacerpolitico.mx\/?p=96945#primaryimage","url":"https:\/\/quehacerpolitico.mx\/wp-content\/uploads\/2022\/11\/B41CCA7B-51A5-45FE-9E6C-73FDE717C1D3.jpeg","contentUrl":"https:\/\/quehacerpolitico.mx\/wp-content\/uploads\/2022\/11\/B41CCA7B-51A5-45FE-9E6C-73FDE717C1D3.jpeg","width":2048,"height":948},{"@type":"BreadcrumbList","@id":"https:\/\/quehacerpolitico.mx\/?p=96945#breadcrumb","itemListElement":[{"@type":"ListItem","position":1,"name":"Inicio","item":"https:\/\/quehacerpolitico.mx\/"},{"@type":"ListItem","position":2,"name":"Fiscal\u00eda de Morelos quer\u00eda encubrir feminicidio de Ariadna Fernanda: Sheinbaum"}]},{"@type":"WebSite","@id":"https:\/\/quehacerpolitico.mx\/#website","url":"https:\/\/quehacerpolitico.mx\/","name":"","description":"","potentialAction":[{"@type":"SearchAction","target":{"@type":"EntryPoint","urlTemplate":"https:\/\/quehacerpolitico.mx\/?s={search_term_string}"},"query-input":{"@type":"PropertyValueSpecification","valueRequired":true,"valueName":"search_term_string"}}],"inLanguage":"es"},{"@type":"Person","@id":"https:\/\/quehacerpolitico.mx\/#\/schema\/person\/496d8ad2d1d3f8036101dca7ee39e585","name":"Redacci\u00f3n QP","image":{"@type":"ImageObject","inLanguage":"es","@id":"https:\/\/secure.gravatar.com\/avatar\/c7164ed6fdec453195284ad24a5ae5b6e1eed2b848477fa2a4787ba9adf39a41?s=96&d=mm&r=g","url":"https:\/\/secure.gravatar.com\/avatar\/c7164ed6fdec453195284ad24a5ae5b6e1eed2b848477fa2a4787ba9adf39a41?s=96&d=mm&r=g","contentUrl":"https:\/\/secure.gravatar.com\/avatar\/c7164ed6fdec453195284ad24a5ae5b6e1eed2b848477fa2a4787ba9adf39a41?s=96&d=mm&r=g","caption":"Redacci\u00f3n QP"},"url":"https:\/\/quehacerpolitico.mx\/?author=2"}]}},"featured_image_urls":{"full":["https:\/\/quehacerpolitico.mx\/wp-content\/uploads\/2022\/11\/B41CCA7B-51A5-45FE-9E6C-73FDE717C1D3.jpeg",2048,948,false],"thumbnail":["https:\/\/quehacerpolitico.mx\/wp-content\/uploads\/2022\/11\/B41CCA7B-51A5-45FE-9E6C-73FDE717C1D3-150x150.jpeg",150,150,true],"medium":["https:\/\/quehacerpolitico.mx\/wp-content\/uploads\/2022\/11\/B41CCA7B-51A5-45FE-9E6C-73FDE717C1D3-300x139.jpeg",300,139,true],"medium_large":["https:\/\/quehacerpolitico.mx\/wp-content\/uploads\/2022\/11\/B41CCA7B-51A5-45FE-9E6C-73FDE717C1D3-768x356.jpeg",640,297,true],"large":["https:\/\/quehacerpolitico.mx\/wp-content\/uploads\/2022\/11\/B41CCA7B-51A5-45FE-9E6C-73FDE717C1D3-1024x474.jpeg",640,296,true],"1536x1536":["https:\/\/quehacerpolitico.mx\/wp-content\/uploads\/2022\/11\/B41CCA7B-51A5-45FE-9E6C-73FDE717C1D3-1536x711.jpeg",1536,711,true],"2048x2048":["https:\/\/quehacerpolitico.mx\/wp-content\/uploads\/2022\/11\/B41CCA7B-51A5-45FE-9E6C-73FDE717C1D3.jpeg",2048,948,false],"covernews-featured":["https:\/\/quehacerpolitico.mx\/wp-content\/uploads\/2022\/11\/B41CCA7B-51A5-45FE-9E6C-73FDE717C1D3.jpeg",1024,474,false],"covernews-medium":["https:\/\/quehacerpolitico.mx\/wp-content\/uploads\/2022\/11\/B41CCA7B-51A5-45FE-9E6C-73FDE717C1D3.jpeg",540,250,false]},"author_info":{"display_name":"Redacci\u00f3n QP","author_link":"https:\/\/quehacerpolitico.mx\/?author=2"},"category_info":"<a href=\"https:\/\/quehacerpolitico.mx\/?cat=55\" rel=\"category\">CDMX<\/a>","tag_info":"CDMX","comment_count":"0","_links":{"self":[{"href":"https:\/\/quehacerpolitico.mx\/index.php?rest_route=\/wp\/v2\/posts\/96945","targetHints":{"allow":["GET"]}}],"collection":[{"href":"https:\/\/quehacerpolitico.mx\/index.php?rest_route=\/wp\/v2\/posts"}],"about":[{"href":"https:\/\/quehacerpolitico.mx\/index.php?rest_route=\/wp\/v2\/types\/post"}],"author":[{"embeddable":true,"href":"https:\/\/quehacerpolitico.mx\/index.php?rest_route=\/wp\/v2\/users\/2"}],"replies":[{"embeddable":true,"href":"https:\/\/quehacerpolitico.mx\/index.php?rest_route=%2Fwp%2Fv2%2Fcomments&post=96945"}],"version-history":[{"count":1,"href":"https:\/\/quehacerpolitico.mx\/index.php?rest_route=\/wp\/v2\/posts\/96945\/revisions"}],"predecessor-version":[{"id":96949,"href":"https:\/\/quehacerpolitico.mx\/index.php?rest_route=\/wp\/v2\/posts\/96945\/revisions\/96949"}],"wp:featuredmedia":[{"embeddable":true,"href":"https:\/\/quehacerpolitico.mx\/index.php?rest_route=\/wp\/v2\/media\/96947"}],"wp:attachment":[{"href":"https:\/\/quehacerpolitico.mx\/index.php?rest_route=%2Fwp%2Fv2%2Fmedia&parent=96945"}],"wp:term":[{"taxonomy":"category","embeddable":true,"href":"https:\/\/quehacerpolitico.mx\/index.php?rest_route=%2Fwp%2Fv2%2Fcategories&post=96945"},{"taxonomy":"post_tag","embeddable":true,"href":"https:\/\/quehacerpolitico.mx\/index.php?rest_route=%2Fwp%2Fv2%2Ftags&post=96945"}],"curies":[{"name":"wp","href":"https:\/\/api.w.org\/{rel}","templated":true}]}}