{"id":96940,"date":"2022-11-07T16:02:43","date_gmt":"2022-11-07T16:02:43","guid":{"rendered":"https:\/\/quehacerpolitico.mx\/?p=96940"},"modified":"2022-11-07T16:02:46","modified_gmt":"2022-11-07T16:02:46","slug":"se-entrega-rautel-implicado-en-feminicidio-de-ariadna-fernanda","status":"publish","type":"post","link":"https:\/\/quehacerpolitico.mx\/?p=96940","title":{"rendered":"Se entrega Rautel, implicado en feminicidio de Ariadna Fernanda"},"content":{"rendered":"\n<p>Por Redacci\u00f3n QP<\/p>\n\n\n\n<p>Rautel &#8220;N&#8221;,\u00a0se present\u00f3, acompa\u00f1ado por sus abogados, ante la Fiscal\u00eda especializada en Feminicidio de Nuevo Le\u00f3n<\/p>\n\n\n\n<figure class=\"wp-block-embed is-type-rich is-provider-twitter wp-block-embed-twitter\"><div class=\"wp-block-embed__wrapper\">\n<blockquote class=\"twitter-tweet\" data-width=\"550\" data-dnt=\"true\"><p lang=\"es\" dir=\"ltr\">La Fiscal\u00eda informa que Rautel &quot;N&quot;, presunto participe en la muerte de Ariadna Fernanda L\u00f3pez D\u00edaz, se present\u00f3 en las instalaciones de la Fiscal\u00eda General del Estado de Nuevo Le\u00f3n en compa\u00f1\u00eda de sus abogados para hacer frente a los hechos mencionados.<\/p>&mdash; Fiscal\u00eda Nuevo Le\u00f3n (@FiscaliaNL) <a href=\"https:\/\/twitter.com\/FiscaliaNL\/status\/1589634663735513095?ref_src=twsrc%5Etfw\">November 7, 2022<\/a><\/blockquote><script async src=\"https:\/\/platform.twitter.com\/widgets.js\" charset=\"utf-8\"><\/script>\n<\/div><\/figure>\n\n\n\n<p><strong>Rautel &#8220;N&#8221;<\/strong>, buscado por la fiscal\u00eda General de Justicia de la Ciudad de M\u00e9xico por su presunta participaci\u00f3n en el asesinato de la joven Ariadna Fern\u00e1ndez,\u00a0<strong>se entreg\u00f3 la madrugada de este lunes en Monterrey, Nuevo Le\u00f3n<\/strong>.<\/p>\n\n\n\n<figure class=\"wp-block-embed is-type-video is-provider-youtube wp-block-embed-youtube wp-embed-aspect-16-9 wp-has-aspect-ratio\"><div class=\"wp-block-embed__wrapper\">\n<iframe loading=\"lazy\" title=\"Se entrega en Nuevo Le\u00f3n, Rautel &quot;N&quot;, implicado en feminicidio de Ariadna Fernanda\" width=\"640\" height=\"360\" src=\"https:\/\/www.youtube.com\/embed\/LVWZ8v61AuY?feature=oembed\" frameborder=\"0\" allow=\"accelerometer; autoplay; clipboard-write; encrypted-media; gyroscope; picture-in-picture; web-share\" referrerpolicy=\"strict-origin-when-cross-origin\" allowfullscreen><\/iframe>\n<\/div><\/figure>\n\n\n\n<p><strong>El hombre se present\u00f3, acompa\u00f1ado por sus abogados, ante la Fiscal\u00eda especializada en Feminicidio de Nuevo Le\u00f3n<\/strong>.<\/p>\n\n\n\n<p>En declaraciones a medios locales, dijo que se acababa de enterar de que era buscado por las autoridades de la Ciudad de M\u00e9xico y\u00a0<strong>decidi\u00f3 entregarse porque se considera inocente<\/strong>.<\/p>\n\n\n\n<figure class=\"wp-block-embed is-type-rich is-provider-twitter wp-block-embed-twitter\"><div class=\"wp-block-embed__wrapper\">\nhttps:\/\/twitter.com\/c4jimenez\/status\/1589645455298031617?s=46&#038;t=E14CkYJz3Zla9yw8aj0Z0Q\n<\/div><\/figure>\n\n\n\n<p><strong>&#8220;Soy inocente de lo que se me imputa y no la mat\u00e9&#8221;<\/strong>, declar\u00f3.<\/p>\n\n\n\n<p>Tambi\u00e9n pidi\u00f3 a sus amigos a que\u00a0<strong>&#8220;salgan, hagan alg\u00fan movimiento, que la gente me conozca&#8221;<\/strong>.<\/p>\n\n\n\n<p>Su abogado, Marcos Grifaldo Padr\u00f3n, dijo que su cliente se entreg\u00f3 de manera voluntaria porque &#8220;cree en la justicia mexicana&#8221; y para llegar a la verdad de lo qu\u00e9 pas\u00f3<\/p>\n\n\n\n<p><strong>Rautel<\/strong>&nbsp;N., hombre se\u00f1alado como presunto implicado en el&nbsp;<strong>asesinato<\/strong>&nbsp;de&nbsp;<strong>Ariadna Fernanda<\/strong>&nbsp;en la Ciudad de M\u00e9xico, se entreg\u00f3 a las autoridades.<\/p>\n\n\n\n<p>La Fiscal\u00eda General de Justicia (FGJ) capitalina lo se\u00f1ala de salir de su departamento con el cuerpo de la joven de 27 a\u00f1os y depositarlo en una camioneta.<\/p>\n\n\n\n<figure class=\"wp-block-embed is-type-rich is-provider-twitter wp-block-embed-twitter\"><div class=\"wp-block-embed__wrapper\">\n<blockquote class=\"twitter-tweet\" data-width=\"550\" data-dnt=\"true\"><p lang=\"es\" dir=\"ltr\">La fiscal Ernestina Godoy inform\u00f3 que en una nueva necropsia al cuerpo de Ariadna Fernanda revel\u00f3 que su muerte deriv\u00f3 de un \u201ctrauma m\u00faltiple\u201d.<br><br>(V\u00eda Juan Jim\u00e9nez \/ <a href=\"https:\/\/twitter.com\/Radio_Formula?ref_src=twsrc%5Etfw\">@Radio_Formula<\/a>)<a href=\"https:\/\/t.co\/W4Sh99Y70W\">https:\/\/t.co\/W4Sh99Y70W<\/a> <a href=\"https:\/\/t.co\/X55v9iy6Jm\">pic.twitter.com\/X55v9iy6Jm<\/a><\/p>&mdash; Joaqu\u00edn L\u00f3pez-D\u00f3riga (@lopezdoriga) <a href=\"https:\/\/twitter.com\/lopezdoriga\/status\/1589403506422620160?ref_src=twsrc%5Etfw\">November 6, 2022<\/a><\/blockquote><script async src=\"https:\/\/platform.twitter.com\/widgets.js\" charset=\"utf-8\"><\/script>\n<\/div><\/figure>\n\n\n\n<p>El sospechoso se present\u00f3 de manera voluntaria en la Fiscal\u00eda Especializada en Feminicidios y Delitos Cometidos contra las Mujeres en Nuevo Le\u00f3n.<\/p>\n\n\n\n<p>Me acabo de enterar que tengo una orden de aprehensi\u00f3n en mi contra, girada por un juez de la Ciudad de M\u00e9xico, soy inocente de lo que se me imputa, no la mat\u00e9, es por ello que vengo a afrontar la justicia\u201d, dijo.<\/p>\n\n\n\n<p>Los abogados de Rautel N. reiteraron la inocencia del hombre, misma que afirmaron, se va a probar en el juicio.<\/p>\n\n\n\n<p>Se est\u00e1 presentando de manera voluntaria y la verdad se revelar\u00e1 en la secuela del proceso, pedimos solo se respete su debido proceso\u201d, mencion\u00f3 uno de los abogados.<\/p>\n\n\n\n<h3 class=\"wp-block-heading\">Caso Ariadna Fernanda<\/h3>\n\n\n\n<p>La joven&nbsp;<strong>Ariadna Fernanda<\/strong>&nbsp;fue reportada como&nbsp;<strong>desaparecida<\/strong>el 30 de octubre en la&nbsp;<strong>Ciudad de M\u00e9xico<\/strong>, despu\u00e9s de asistir a un evento en un restaurante y posteriormente ir con una amiga al departamento del novio de esta \u00faltima.<\/p>\n\n\n\n<p>Dos d\u00edas despu\u00e9s su cuerpo fue encontrado sobre la M\u00e9xico-Cuernavaca, a la altura de La Pera-Cuautla, si bien su familia identific\u00f3 que se trataba de ella hasta el 2 de noviembre.<\/p>\n\n\n\n<figure class=\"wp-block-image size-full\"><img loading=\"lazy\" decoding=\"async\" width=\"988\" height=\"556\" src=\"https:\/\/quehacerpolitico.mx\/wp-content\/uploads\/2022\/11\/image-6.jpeg\" alt=\"\" class=\"wp-image-96943\" srcset=\"https:\/\/quehacerpolitico.mx\/wp-content\/uploads\/2022\/11\/image-6.jpeg 988w, https:\/\/quehacerpolitico.mx\/wp-content\/uploads\/2022\/11\/image-6-300x169.jpeg 300w, https:\/\/quehacerpolitico.mx\/wp-content\/uploads\/2022\/11\/image-6-768x432.jpeg 768w, https:\/\/quehacerpolitico.mx\/wp-content\/uploads\/2022\/11\/image-6-260x146.jpeg 260w, https:\/\/quehacerpolitico.mx\/wp-content\/uploads\/2022\/11\/image-6-50x28.jpeg 50w, https:\/\/quehacerpolitico.mx\/wp-content\/uploads\/2022\/11\/image-6-133x75.jpeg 133w\" sizes=\"auto, (max-width: 988px) 100vw, 988px\" \/><\/figure>\n\n\n\n<p>Seg\u00fan una necropsia realizada por la Fiscal\u00eda de Morelos la joven muri\u00f3 a consecuencia de una\u00a0intoxicaci\u00f3n alcoh\u00f3lica y subsecuente\u00a0<strong>broncoaspiraci\u00f3n<\/strong>, descartando en un primer momento que se tratara de un homicidio doloso.<\/p>\n\n\n\n<p>Sin embargo, una segunda necropsia de la Fiscal\u00eda de la Ciudad de M\u00e9xico determin\u00f3 como causa de muerte un\u00a0trauma m\u00faltiple<\/p>\n\n\n\n<p>El cuerpo de la joven presentaba diversas lesiones por golpes, por lo que se determin\u00f3 que el motivo del fallecimiento fue un trauma m\u00faltiple que se califica de mortal\u201d, dijo la fiscal capitalina Ernestina Godoy.<\/p>\n\n\n\n<p>La FGJ capitalina identific\u00f3 como Vanessa N. a la amiga con la que Ariadna Fernanda se fue tras la reuni\u00f3n en el restaurante y a Rautel N. como el novio de ella.<\/p>\n\n\n\n<figure class=\"wp-block-image size-full\"><img loading=\"lazy\" decoding=\"async\" width=\"960\" height=\"540\" src=\"https:\/\/quehacerpolitico.mx\/wp-content\/uploads\/2022\/11\/image-5.jpeg\" alt=\"\" class=\"wp-image-96942\" srcset=\"https:\/\/quehacerpolitico.mx\/wp-content\/uploads\/2022\/11\/image-5.jpeg 960w, https:\/\/quehacerpolitico.mx\/wp-content\/uploads\/2022\/11\/image-5-300x169.jpeg 300w, https:\/\/quehacerpolitico.mx\/wp-content\/uploads\/2022\/11\/image-5-768x432.jpeg 768w, https:\/\/quehacerpolitico.mx\/wp-content\/uploads\/2022\/11\/image-5-260x146.jpeg 260w, https:\/\/quehacerpolitico.mx\/wp-content\/uploads\/2022\/11\/image-5-50x28.jpeg 50w, https:\/\/quehacerpolitico.mx\/wp-content\/uploads\/2022\/11\/image-5-133x75.jpeg 133w\" sizes=\"auto, (max-width: 960px) 100vw, 960px\" \/><\/figure>\n\n\n\n<p>Derivado de una orden de cateo cumplimentada en el\u00a0<strong>departamento<\/strong>\u00a0donde los tres estuvieron se encontraron rastros de\u00a0<strong>sangre<\/strong>\u00a0en el piso de la sala, un coj\u00edn y la rec\u00e1mara principal, pese a que el sitio hab\u00eda sido limpiado.<\/p>\n\n\n\n<p>Asimismo, c\u00e1maras de seguridad en el edificio en cuesti\u00f3n revelaron el momento en que un hombre sale del&nbsp;<strong>departamento<\/strong>&nbsp;cargando a una mujer, aparentemente inconsciente e inm\u00f3vil, en uno de sus hombros.<\/p>\n\n\n\n<p>El individuo se dirigi\u00f3 al estacionamiento y deposit\u00f3 a la mujer, supuestamente Ariadna Fernanda, dentro de una&nbsp;<strong>camioneta<\/strong>.&nbsp;Las autoridades identificaron al hombre como Rautel N., novio de Vanessa N.<\/p>\n\n\n\n<p>Un juez gir\u00f3&nbsp;<strong>\u00f3rdenes de aprehensi\u00f3n<\/strong>&nbsp;contra ambos implicados por el delito de&nbsp;<strong>feminicidio<\/strong>.<\/p>\n\n\n\n<p><strong>Vanessa<\/strong>\u00a0N. fue detenida\u00a0en el municipio mexiquense de\u00a0<strong>Ecatepec<\/strong>, se\u00f1alada como coautora material de la muerte de Ariadna Fernanda, e ingresada al penal de\u00a0<strong>Santa Martha Acatitla<\/strong>.<\/p>\n\n\n\n<p>Para la detenci\u00f3n de Rautel N. se solicit\u00f3 la&nbsp;<strong>alerta migratoria<\/strong>&nbsp;y&nbsp;<strong>ficha roja<\/strong>&nbsp;de&nbsp;<strong>Interpol<\/strong>, si bien se entreg\u00f3 de manera voluntaria en Monterrey.<\/p>\n\n\n\n<p>Con informaci\u00f3n de SUN y Milenio<\/p>\n","protected":false},"excerpt":{"rendered":"<p>Por Redacci\u00f3n QP Rautel &#8220;N&#8221;,\u00a0se present\u00f3, acompa\u00f1ado por sus abogados, ante la Fiscal\u00eda especializada en&#8230;<\/p>\n","protected":false},"author":2,"featured_media":96941,"comment_status":"open","ping_status":"open","sticky":false,"template":"","format":"standard","meta":{"_monsterinsights_skip_tracking":false,"_monsterinsights_sitenote_active":false,"_monsterinsights_sitenote_note":"","_monsterinsights_sitenote_category":0,"footnotes":""},"categories":[55],"tags":[],"class_list":["post-96940","post","type-post","status-publish","format-standard","has-post-thumbnail","hentry","category-cdmx"],"yoast_head":"<!-- This site is optimized with the Yoast SEO plugin v27.3 - https:\/\/yoast.com\/product\/yoast-seo-wordpress\/ -->\n<title>Se entrega Rautel, implicado en feminicidio de Ariadna Fernanda -<\/title>\n<meta name=\"robots\" content=\"index, follow, max-snippet:-1, max-image-preview:large, max-video-preview:-1\" \/>\n<link rel=\"canonical\" href=\"https:\/\/quehacerpolitico.mx\/?p=96940\" \/>\n<meta property=\"og:locale\" content=\"es_MX\" \/>\n<meta property=\"og:type\" content=\"article\" \/>\n<meta property=\"og:title\" content=\"Se entrega Rautel, implicado en feminicidio de Ariadna Fernanda -\" \/>\n<meta property=\"og:description\" content=\"Por Redacci\u00f3n QP Rautel &#8220;N&#8221;,\u00a0se present\u00f3, acompa\u00f1ado por sus abogados, ante la Fiscal\u00eda especializada en...\" \/>\n<meta property=\"og:url\" content=\"https:\/\/quehacerpolitico.mx\/?p=96940\" \/>\n<meta property=\"article:published_time\" content=\"2022-11-07T16:02:43+00:00\" \/>\n<meta property=\"article:modified_time\" content=\"2022-11-07T16:02:46+00:00\" \/>\n<meta property=\"og:image\" content=\"https:\/\/quehacerpolitico.mx\/wp-content\/uploads\/2022\/11\/5C8B0781-6BE2-4E02-9955-8200D19AA5C2.jpeg\" \/>\n\t<meta property=\"og:image:width\" content=\"1200\" \/>\n\t<meta property=\"og:image:height\" content=\"800\" \/>\n\t<meta property=\"og:image:type\" content=\"image\/jpeg\" \/>\n<meta name=\"author\" content=\"Redacci\u00f3n QP\" \/>\n<meta name=\"twitter:card\" content=\"summary_large_image\" \/>\n<meta name=\"twitter:label1\" content=\"Escrito por\" \/>\n\t<meta name=\"twitter:data1\" content=\"Redacci\u00f3n QP\" \/>\n\t<meta name=\"twitter:label2\" content=\"Tiempo de lectura\" \/>\n\t<meta name=\"twitter:data2\" content=\"4 minutos\" \/>\n<script type=\"application\/ld+json\" class=\"yoast-schema-graph\">{\"@context\":\"https:\\\/\\\/schema.org\",\"@graph\":[{\"@type\":\"Article\",\"@id\":\"https:\\\/\\\/quehacerpolitico.mx\\\/?p=96940#article\",\"isPartOf\":{\"@id\":\"https:\\\/\\\/quehacerpolitico.mx\\\/?p=96940\"},\"author\":{\"name\":\"Redacci\u00f3n QP\",\"@id\":\"https:\\\/\\\/quehacerpolitico.mx\\\/#\\\/schema\\\/person\\\/496d8ad2d1d3f8036101dca7ee39e585\"},\"headline\":\"Se entrega Rautel, implicado en feminicidio de Ariadna Fernanda\",\"datePublished\":\"2022-11-07T16:02:43+00:00\",\"dateModified\":\"2022-11-07T16:02:46+00:00\",\"mainEntityOfPage\":{\"@id\":\"https:\\\/\\\/quehacerpolitico.mx\\\/?p=96940\"},\"wordCount\":821,\"commentCount\":0,\"image\":{\"@id\":\"https:\\\/\\\/quehacerpolitico.mx\\\/?p=96940#primaryimage\"},\"thumbnailUrl\":\"https:\\\/\\\/quehacerpolitico.mx\\\/wp-content\\\/uploads\\\/2022\\\/11\\\/5C8B0781-6BE2-4E02-9955-8200D19AA5C2.jpeg\",\"articleSection\":[\"CDMX\"],\"inLanguage\":\"es\",\"potentialAction\":[{\"@type\":\"CommentAction\",\"name\":\"Comment\",\"target\":[\"https:\\\/\\\/quehacerpolitico.mx\\\/?p=96940#respond\"]}]},{\"@type\":\"WebPage\",\"@id\":\"https:\\\/\\\/quehacerpolitico.mx\\\/?p=96940\",\"url\":\"https:\\\/\\\/quehacerpolitico.mx\\\/?p=96940\",\"name\":\"Se entrega Rautel, implicado en feminicidio de Ariadna Fernanda -\",\"isPartOf\":{\"@id\":\"https:\\\/\\\/quehacerpolitico.mx\\\/#website\"},\"primaryImageOfPage\":{\"@id\":\"https:\\\/\\\/quehacerpolitico.mx\\\/?p=96940#primaryimage\"},\"image\":{\"@id\":\"https:\\\/\\\/quehacerpolitico.mx\\\/?p=96940#primaryimage\"},\"thumbnailUrl\":\"https:\\\/\\\/quehacerpolitico.mx\\\/wp-content\\\/uploads\\\/2022\\\/11\\\/5C8B0781-6BE2-4E02-9955-8200D19AA5C2.jpeg\",\"datePublished\":\"2022-11-07T16:02:43+00:00\",\"dateModified\":\"2022-11-07T16:02:46+00:00\",\"author\":{\"@id\":\"https:\\\/\\\/quehacerpolitico.mx\\\/#\\\/schema\\\/person\\\/496d8ad2d1d3f8036101dca7ee39e585\"},\"breadcrumb\":{\"@id\":\"https:\\\/\\\/quehacerpolitico.mx\\\/?p=96940#breadcrumb\"},\"inLanguage\":\"es\",\"potentialAction\":[{\"@type\":\"ReadAction\",\"target\":[\"https:\\\/\\\/quehacerpolitico.mx\\\/?p=96940\"]}]},{\"@type\":\"ImageObject\",\"inLanguage\":\"es\",\"@id\":\"https:\\\/\\\/quehacerpolitico.mx\\\/?p=96940#primaryimage\",\"url\":\"https:\\\/\\\/quehacerpolitico.mx\\\/wp-content\\\/uploads\\\/2022\\\/11\\\/5C8B0781-6BE2-4E02-9955-8200D19AA5C2.jpeg\",\"contentUrl\":\"https:\\\/\\\/quehacerpolitico.mx\\\/wp-content\\\/uploads\\\/2022\\\/11\\\/5C8B0781-6BE2-4E02-9955-8200D19AA5C2.jpeg\",\"width\":1200,\"height\":800},{\"@type\":\"BreadcrumbList\",\"@id\":\"https:\\\/\\\/quehacerpolitico.mx\\\/?p=96940#breadcrumb\",\"itemListElement\":[{\"@type\":\"ListItem\",\"position\":1,\"name\":\"Inicio\",\"item\":\"https:\\\/\\\/quehacerpolitico.mx\\\/\"},{\"@type\":\"ListItem\",\"position\":2,\"name\":\"Se entrega Rautel, implicado en feminicidio de Ariadna Fernanda\"}]},{\"@type\":\"WebSite\",\"@id\":\"https:\\\/\\\/quehacerpolitico.mx\\\/#website\",\"url\":\"https:\\\/\\\/quehacerpolitico.mx\\\/\",\"name\":\"\",\"description\":\"\",\"potentialAction\":[{\"@type\":\"SearchAction\",\"target\":{\"@type\":\"EntryPoint\",\"urlTemplate\":\"https:\\\/\\\/quehacerpolitico.mx\\\/?s={search_term_string}\"},\"query-input\":{\"@type\":\"PropertyValueSpecification\",\"valueRequired\":true,\"valueName\":\"search_term_string\"}}],\"inLanguage\":\"es\"},{\"@type\":\"Person\",\"@id\":\"https:\\\/\\\/quehacerpolitico.mx\\\/#\\\/schema\\\/person\\\/496d8ad2d1d3f8036101dca7ee39e585\",\"name\":\"Redacci\u00f3n QP\",\"image\":{\"@type\":\"ImageObject\",\"inLanguage\":\"es\",\"@id\":\"https:\\\/\\\/secure.gravatar.com\\\/avatar\\\/c7164ed6fdec453195284ad24a5ae5b6e1eed2b848477fa2a4787ba9adf39a41?s=96&d=mm&r=g\",\"url\":\"https:\\\/\\\/secure.gravatar.com\\\/avatar\\\/c7164ed6fdec453195284ad24a5ae5b6e1eed2b848477fa2a4787ba9adf39a41?s=96&d=mm&r=g\",\"contentUrl\":\"https:\\\/\\\/secure.gravatar.com\\\/avatar\\\/c7164ed6fdec453195284ad24a5ae5b6e1eed2b848477fa2a4787ba9adf39a41?s=96&d=mm&r=g\",\"caption\":\"Redacci\u00f3n QP\"},\"url\":\"https:\\\/\\\/quehacerpolitico.mx\\\/?author=2\"}]}<\/script>\n<!-- \/ Yoast SEO plugin. -->","yoast_head_json":{"title":"Se entrega Rautel, implicado en feminicidio de Ariadna Fernanda -","robots":{"index":"index","follow":"follow","max-snippet":"max-snippet:-1","max-image-preview":"max-image-preview:large","max-video-preview":"max-video-preview:-1"},"canonical":"https:\/\/quehacerpolitico.mx\/?p=96940","og_locale":"es_MX","og_type":"article","og_title":"Se entrega Rautel, implicado en feminicidio de Ariadna Fernanda -","og_description":"Por Redacci\u00f3n QP Rautel &#8220;N&#8221;,\u00a0se present\u00f3, acompa\u00f1ado por sus abogados, ante la Fiscal\u00eda especializada en...","og_url":"https:\/\/quehacerpolitico.mx\/?p=96940","article_published_time":"2022-11-07T16:02:43+00:00","article_modified_time":"2022-11-07T16:02:46+00:00","og_image":[{"width":1200,"height":800,"url":"https:\/\/quehacerpolitico.mx\/wp-content\/uploads\/2022\/11\/5C8B0781-6BE2-4E02-9955-8200D19AA5C2.jpeg","type":"image\/jpeg"}],"author":"Redacci\u00f3n QP","twitter_card":"summary_large_image","twitter_misc":{"Escrito por":"Redacci\u00f3n QP","Tiempo de lectura":"4 minutos"},"schema":{"@context":"https:\/\/schema.org","@graph":[{"@type":"Article","@id":"https:\/\/quehacerpolitico.mx\/?p=96940#article","isPartOf":{"@id":"https:\/\/quehacerpolitico.mx\/?p=96940"},"author":{"name":"Redacci\u00f3n QP","@id":"https:\/\/quehacerpolitico.mx\/#\/schema\/person\/496d8ad2d1d3f8036101dca7ee39e585"},"headline":"Se entrega Rautel, implicado en feminicidio de Ariadna Fernanda","datePublished":"2022-11-07T16:02:43+00:00","dateModified":"2022-11-07T16:02:46+00:00","mainEntityOfPage":{"@id":"https:\/\/quehacerpolitico.mx\/?p=96940"},"wordCount":821,"commentCount":0,"image":{"@id":"https:\/\/quehacerpolitico.mx\/?p=96940#primaryimage"},"thumbnailUrl":"https:\/\/quehacerpolitico.mx\/wp-content\/uploads\/2022\/11\/5C8B0781-6BE2-4E02-9955-8200D19AA5C2.jpeg","articleSection":["CDMX"],"inLanguage":"es","potentialAction":[{"@type":"CommentAction","name":"Comment","target":["https:\/\/quehacerpolitico.mx\/?p=96940#respond"]}]},{"@type":"WebPage","@id":"https:\/\/quehacerpolitico.mx\/?p=96940","url":"https:\/\/quehacerpolitico.mx\/?p=96940","name":"Se entrega Rautel, implicado en feminicidio de Ariadna Fernanda -","isPartOf":{"@id":"https:\/\/quehacerpolitico.mx\/#website"},"primaryImageOfPage":{"@id":"https:\/\/quehacerpolitico.mx\/?p=96940#primaryimage"},"image":{"@id":"https:\/\/quehacerpolitico.mx\/?p=96940#primaryimage"},"thumbnailUrl":"https:\/\/quehacerpolitico.mx\/wp-content\/uploads\/2022\/11\/5C8B0781-6BE2-4E02-9955-8200D19AA5C2.jpeg","datePublished":"2022-11-07T16:02:43+00:00","dateModified":"2022-11-07T16:02:46+00:00","author":{"@id":"https:\/\/quehacerpolitico.mx\/#\/schema\/person\/496d8ad2d1d3f8036101dca7ee39e585"},"breadcrumb":{"@id":"https:\/\/quehacerpolitico.mx\/?p=96940#breadcrumb"},"inLanguage":"es","potentialAction":[{"@type":"ReadAction","target":["https:\/\/quehacerpolitico.mx\/?p=96940"]}]},{"@type":"ImageObject","inLanguage":"es","@id":"https:\/\/quehacerpolitico.mx\/?p=96940#primaryimage","url":"https:\/\/quehacerpolitico.mx\/wp-content\/uploads\/2022\/11\/5C8B0781-6BE2-4E02-9955-8200D19AA5C2.jpeg","contentUrl":"https:\/\/quehacerpolitico.mx\/wp-content\/uploads\/2022\/11\/5C8B0781-6BE2-4E02-9955-8200D19AA5C2.jpeg","width":1200,"height":800},{"@type":"BreadcrumbList","@id":"https:\/\/quehacerpolitico.mx\/?p=96940#breadcrumb","itemListElement":[{"@type":"ListItem","position":1,"name":"Inicio","item":"https:\/\/quehacerpolitico.mx\/"},{"@type":"ListItem","position":2,"name":"Se entrega Rautel, implicado en feminicidio de Ariadna Fernanda"}]},{"@type":"WebSite","@id":"https:\/\/quehacerpolitico.mx\/#website","url":"https:\/\/quehacerpolitico.mx\/","name":"","description":"","potentialAction":[{"@type":"SearchAction","target":{"@type":"EntryPoint","urlTemplate":"https:\/\/quehacerpolitico.mx\/?s={search_term_string}"},"query-input":{"@type":"PropertyValueSpecification","valueRequired":true,"valueName":"search_term_string"}}],"inLanguage":"es"},{"@type":"Person","@id":"https:\/\/quehacerpolitico.mx\/#\/schema\/person\/496d8ad2d1d3f8036101dca7ee39e585","name":"Redacci\u00f3n QP","image":{"@type":"ImageObject","inLanguage":"es","@id":"https:\/\/secure.gravatar.com\/avatar\/c7164ed6fdec453195284ad24a5ae5b6e1eed2b848477fa2a4787ba9adf39a41?s=96&d=mm&r=g","url":"https:\/\/secure.gravatar.com\/avatar\/c7164ed6fdec453195284ad24a5ae5b6e1eed2b848477fa2a4787ba9adf39a41?s=96&d=mm&r=g","contentUrl":"https:\/\/secure.gravatar.com\/avatar\/c7164ed6fdec453195284ad24a5ae5b6e1eed2b848477fa2a4787ba9adf39a41?s=96&d=mm&r=g","caption":"Redacci\u00f3n QP"},"url":"https:\/\/quehacerpolitico.mx\/?author=2"}]}},"featured_image_urls":{"full":["https:\/\/quehacerpolitico.mx\/wp-content\/uploads\/2022\/11\/5C8B0781-6BE2-4E02-9955-8200D19AA5C2.jpeg",1200,800,false],"thumbnail":["https:\/\/quehacerpolitico.mx\/wp-content\/uploads\/2022\/11\/5C8B0781-6BE2-4E02-9955-8200D19AA5C2-150x150.jpeg",150,150,true],"medium":["https:\/\/quehacerpolitico.mx\/wp-content\/uploads\/2022\/11\/5C8B0781-6BE2-4E02-9955-8200D19AA5C2-300x200.jpeg",300,200,true],"medium_large":["https:\/\/quehacerpolitico.mx\/wp-content\/uploads\/2022\/11\/5C8B0781-6BE2-4E02-9955-8200D19AA5C2-768x512.jpeg",640,427,true],"large":["https:\/\/quehacerpolitico.mx\/wp-content\/uploads\/2022\/11\/5C8B0781-6BE2-4E02-9955-8200D19AA5C2-1024x683.jpeg",640,427,true],"1536x1536":["https:\/\/quehacerpolitico.mx\/wp-content\/uploads\/2022\/11\/5C8B0781-6BE2-4E02-9955-8200D19AA5C2.jpeg",1200,800,false],"2048x2048":["https:\/\/quehacerpolitico.mx\/wp-content\/uploads\/2022\/11\/5C8B0781-6BE2-4E02-9955-8200D19AA5C2.jpeg",1200,800,false],"covernews-featured":["https:\/\/quehacerpolitico.mx\/wp-content\/uploads\/2022\/11\/5C8B0781-6BE2-4E02-9955-8200D19AA5C2.jpeg",1024,683,false],"covernews-medium":["https:\/\/quehacerpolitico.mx\/wp-content\/uploads\/2022\/11\/5C8B0781-6BE2-4E02-9955-8200D19AA5C2.jpeg",510,340,false]},"author_info":{"display_name":"Redacci\u00f3n QP","author_link":"https:\/\/quehacerpolitico.mx\/?author=2"},"category_info":"<a href=\"https:\/\/quehacerpolitico.mx\/?cat=55\" rel=\"category\">CDMX<\/a>","tag_info":"CDMX","comment_count":"0","_links":{"self":[{"href":"https:\/\/quehacerpolitico.mx\/index.php?rest_route=\/wp\/v2\/posts\/96940","targetHints":{"allow":["GET"]}}],"collection":[{"href":"https:\/\/quehacerpolitico.mx\/index.php?rest_route=\/wp\/v2\/posts"}],"about":[{"href":"https:\/\/quehacerpolitico.mx\/index.php?rest_route=\/wp\/v2\/types\/post"}],"author":[{"embeddable":true,"href":"https:\/\/quehacerpolitico.mx\/index.php?rest_route=\/wp\/v2\/users\/2"}],"replies":[{"embeddable":true,"href":"https:\/\/quehacerpolitico.mx\/index.php?rest_route=%2Fwp%2Fv2%2Fcomments&post=96940"}],"version-history":[{"count":1,"href":"https:\/\/quehacerpolitico.mx\/index.php?rest_route=\/wp\/v2\/posts\/96940\/revisions"}],"predecessor-version":[{"id":96944,"href":"https:\/\/quehacerpolitico.mx\/index.php?rest_route=\/wp\/v2\/posts\/96940\/revisions\/96944"}],"wp:featuredmedia":[{"embeddable":true,"href":"https:\/\/quehacerpolitico.mx\/index.php?rest_route=\/wp\/v2\/media\/96941"}],"wp:attachment":[{"href":"https:\/\/quehacerpolitico.mx\/index.php?rest_route=%2Fwp%2Fv2%2Fmedia&parent=96940"}],"wp:term":[{"taxonomy":"category","embeddable":true,"href":"https:\/\/quehacerpolitico.mx\/index.php?rest_route=%2Fwp%2Fv2%2Fcategories&post=96940"},{"taxonomy":"post_tag","embeddable":true,"href":"https:\/\/quehacerpolitico.mx\/index.php?rest_route=%2Fwp%2Fv2%2Ftags&post=96940"}],"curies":[{"name":"wp","href":"https:\/\/api.w.org\/{rel}","templated":true}]}}