{"id":96923,"date":"2022-11-04T17:37:35","date_gmt":"2022-11-04T17:37:35","guid":{"rendered":"https:\/\/quehacerpolitico.mx\/?p=96923"},"modified":"2022-11-04T17:37:39","modified_gmt":"2022-11-04T17:37:39","slug":"estoy-mas-aplicado-que-nunca-mentira-que-no-trabajo-amlo","status":"publish","type":"post","link":"https:\/\/quehacerpolitico.mx\/?p=96923","title":{"rendered":"Estoy \u201cm\u00e1s aplicado que nunca\u201d mentira que no trabajo: AMLO"},"content":{"rendered":"\n<p>Por Redacci\u00f3n QP<\/p>\n\n\n\n<p>El presidente L\u00f3pez Obrador arremeti\u00f3 contra sus adversarios, \u201clos conservadores\u201d, por asegurar que no trabaja en Palacio Nacional<\/p>\n\n\n\n<p>El presidente de M\u00e9xico,<strong> Andres Manuel\u00a0L\u00f3pez Obrador<\/strong>, asever\u00f3 que, a esta altura de su sexenio, es cuando est\u00e1<strong>\u00a0\u201cm\u00e1s aplicado que nunca\u201d<\/strong>\u00a0en la\u00a0<strong>Transformaci\u00f3n<\/strong>\u00a0del pa\u00eds.<\/p>\n\n\n\n<p>En la conferencia matutina de\u00a0<strong>Palacio Nacional<\/strong>,\u00a0<strong>L\u00f3pez Obrador<\/strong> arremeti\u00f3 contra sus adversarios, los conservadores, por asegurar que no trabaja en Palacio Nacional, de quienes asever\u00f3 que est\u00e1n muy molestos con lo que la<strong>\u00a0Cuarta Transformaci\u00f3n<\/strong>\u00a0ha dado al pa\u00eds.<\/p>\n\n\n\n<p>\u201cHay quienes est\u00e1n pateando el bote, ya contando cu\u00e1ntos d\u00edas nos faltan, horas, minutos, segundos (risas), pero falta much\u00edsimo. Pobres de ellos porque\u00a0<strong>no es cierto de que no trabajo, estoy m\u00e1s aplicado que nunca<\/strong>\u201c, dijo.<\/p>\n\n\n\n<figure class=\"wp-block-embed is-type-rich is-provider-twitter wp-block-embed-twitter\"><div class=\"wp-block-embed__wrapper\">\n<blockquote class=\"twitter-tweet\" data-width=\"550\" data-dnt=\"true\"><p lang=\"es\" dir=\"ltr\">&quot;No es cierto de que no trabajo. Estoy m\u00e1s aplicado que nunca. Siempre he trabajado mucho para la Transformaci\u00f3n, y ahora m\u00e1s&quot;, se\u00f1al\u00f3 el presidente L\u00f3pez Obrador tras rumores sobre sus jornadas laborales.<br><br>&quot;Pobres de ellos&quot;, dijo a cr\u00edticos.<br><br>M\u00e1s, en: <a href=\"https:\/\/t.co\/RGLvYEwwJX\">https:\/\/t.co\/RGLvYEwwJX<\/a> <a href=\"https:\/\/t.co\/FgrITIxlTJ\">pic.twitter.com\/FgrITIxlTJ<\/a><\/p>&mdash; Joaqu\u00edn L\u00f3pez-D\u00f3riga (@lopezdoriga) <a href=\"https:\/\/twitter.com\/lopezdoriga\/status\/1588538628715724800?ref_src=twsrc%5Etfw\">November 4, 2022<\/a><\/blockquote><script async src=\"https:\/\/platform.twitter.com\/widgets.js\" charset=\"utf-8\"><\/script>\n<\/div><\/figure>\n\n\n\n<p>\u201cSiempre he trabajado mucho para la transformaci\u00f3n y ahora m\u00e1s, porque imag\u00ednense me faltan menos de 23 meses ya cierro mi ciclo, entonces estoy con todo, sin embargo hay quienes ya quisiera que esto se terminara, les molesta mucho\u201d, puntualiz\u00f3.<\/p>\n\n\n\n<p>El mandatario mexicano les advirti\u00f3 a los conservadores que no van a regresar de nueva cuenta a la Presidencia de la Rep\u00fablica, y aunque el pr\u00f3ximo presidente o presidenta \u201csean m\u00e1s moderados, ya todo tiene un l\u00edmite\u201d.<\/p>\n\n\n\n<p>\u201cEst\u00e1n pensando de que van a regresar por sus fueros, se equivocan, No se hagan tantas ilusiones, ya esto cambi\u00f3 y sobre todo ya cambi\u00f3 la mentalidad del pueblo. Aunque el pr\u00f3ximo presidente o presidenta sean m\u00e1s moderados, ya todo tiene un l\u00edmite, ya no van a poder saquear al pa\u00eds como antes\u201d, puntualiz\u00f3.<\/p>\n","protected":false},"excerpt":{"rendered":"<p>Por Redacci\u00f3n QP El presidente L\u00f3pez Obrador arremeti\u00f3 contra sus adversarios, \u201clos conservadores\u201d, por asegurar&#8230;<\/p>\n","protected":false},"author":2,"featured_media":96924,"comment_status":"open","ping_status":"open","sticky":false,"template":"","format":"standard","meta":{"_monsterinsights_skip_tracking":false,"_monsterinsights_sitenote_active":false,"_monsterinsights_sitenote_note":"","_monsterinsights_sitenote_category":0,"footnotes":""},"categories":[2],"tags":[],"class_list":["post-96923","post","type-post","status-publish","format-standard","has-post-thumbnail","hentry","category-noticias"],"yoast_head":"<!-- This site is optimized with the Yoast SEO plugin v27.3 - https:\/\/yoast.com\/product\/yoast-seo-wordpress\/ -->\n<title>Estoy \u201cm\u00e1s aplicado que nunca\u201d mentira que no trabajo: AMLO -<\/title>\n<meta name=\"robots\" content=\"index, follow, max-snippet:-1, max-image-preview:large, max-video-preview:-1\" \/>\n<link rel=\"canonical\" href=\"https:\/\/quehacerpolitico.mx\/?p=96923\" \/>\n<meta property=\"og:locale\" content=\"es_MX\" \/>\n<meta property=\"og:type\" content=\"article\" \/>\n<meta property=\"og:title\" content=\"Estoy \u201cm\u00e1s aplicado que nunca\u201d mentira que no trabajo: AMLO -\" \/>\n<meta property=\"og:description\" content=\"Por Redacci\u00f3n QP El presidente L\u00f3pez Obrador arremeti\u00f3 contra sus adversarios, \u201clos conservadores\u201d, por asegurar...\" \/>\n<meta property=\"og:url\" content=\"https:\/\/quehacerpolitico.mx\/?p=96923\" \/>\n<meta property=\"article:published_time\" content=\"2022-11-04T17:37:35+00:00\" \/>\n<meta property=\"article:modified_time\" content=\"2022-11-04T17:37:39+00:00\" \/>\n<meta property=\"og:image\" content=\"https:\/\/quehacerpolitico.mx\/wp-content\/uploads\/2022\/11\/B3DC5321-C11E-401B-B306-9E25BB2DF1D0.jpeg\" \/>\n\t<meta property=\"og:image:width\" content=\"1284\" \/>\n\t<meta property=\"og:image:height\" content=\"679\" \/>\n\t<meta property=\"og:image:type\" content=\"image\/jpeg\" \/>\n<meta name=\"author\" content=\"Redacci\u00f3n QP\" \/>\n<meta name=\"twitter:card\" content=\"summary_large_image\" \/>\n<meta name=\"twitter:label1\" content=\"Escrito por\" \/>\n\t<meta name=\"twitter:data1\" content=\"Redacci\u00f3n QP\" \/>\n\t<meta name=\"twitter:label2\" content=\"Tiempo de lectura\" \/>\n\t<meta name=\"twitter:data2\" content=\"1 minuto\" \/>\n<script type=\"application\/ld+json\" class=\"yoast-schema-graph\">{\"@context\":\"https:\\\/\\\/schema.org\",\"@graph\":[{\"@type\":\"Article\",\"@id\":\"https:\\\/\\\/quehacerpolitico.mx\\\/?p=96923#article\",\"isPartOf\":{\"@id\":\"https:\\\/\\\/quehacerpolitico.mx\\\/?p=96923\"},\"author\":{\"name\":\"Redacci\u00f3n QP\",\"@id\":\"https:\\\/\\\/quehacerpolitico.mx\\\/#\\\/schema\\\/person\\\/496d8ad2d1d3f8036101dca7ee39e585\"},\"headline\":\"Estoy \u201cm\u00e1s aplicado que nunca\u201d mentira que no trabajo: AMLO\",\"datePublished\":\"2022-11-04T17:37:35+00:00\",\"dateModified\":\"2022-11-04T17:37:39+00:00\",\"mainEntityOfPage\":{\"@id\":\"https:\\\/\\\/quehacerpolitico.mx\\\/?p=96923\"},\"wordCount\":305,\"commentCount\":0,\"image\":{\"@id\":\"https:\\\/\\\/quehacerpolitico.mx\\\/?p=96923#primaryimage\"},\"thumbnailUrl\":\"https:\\\/\\\/quehacerpolitico.mx\\\/wp-content\\\/uploads\\\/2022\\\/11\\\/B3DC5321-C11E-401B-B306-9E25BB2DF1D0.jpeg\",\"articleSection\":[\"Noticias\"],\"inLanguage\":\"es\",\"potentialAction\":[{\"@type\":\"CommentAction\",\"name\":\"Comment\",\"target\":[\"https:\\\/\\\/quehacerpolitico.mx\\\/?p=96923#respond\"]}]},{\"@type\":\"WebPage\",\"@id\":\"https:\\\/\\\/quehacerpolitico.mx\\\/?p=96923\",\"url\":\"https:\\\/\\\/quehacerpolitico.mx\\\/?p=96923\",\"name\":\"Estoy \u201cm\u00e1s aplicado que nunca\u201d mentira que no trabajo: AMLO -\",\"isPartOf\":{\"@id\":\"https:\\\/\\\/quehacerpolitico.mx\\\/#website\"},\"primaryImageOfPage\":{\"@id\":\"https:\\\/\\\/quehacerpolitico.mx\\\/?p=96923#primaryimage\"},\"image\":{\"@id\":\"https:\\\/\\\/quehacerpolitico.mx\\\/?p=96923#primaryimage\"},\"thumbnailUrl\":\"https:\\\/\\\/quehacerpolitico.mx\\\/wp-content\\\/uploads\\\/2022\\\/11\\\/B3DC5321-C11E-401B-B306-9E25BB2DF1D0.jpeg\",\"datePublished\":\"2022-11-04T17:37:35+00:00\",\"dateModified\":\"2022-11-04T17:37:39+00:00\",\"author\":{\"@id\":\"https:\\\/\\\/quehacerpolitico.mx\\\/#\\\/schema\\\/person\\\/496d8ad2d1d3f8036101dca7ee39e585\"},\"breadcrumb\":{\"@id\":\"https:\\\/\\\/quehacerpolitico.mx\\\/?p=96923#breadcrumb\"},\"inLanguage\":\"es\",\"potentialAction\":[{\"@type\":\"ReadAction\",\"target\":[\"https:\\\/\\\/quehacerpolitico.mx\\\/?p=96923\"]}]},{\"@type\":\"ImageObject\",\"inLanguage\":\"es\",\"@id\":\"https:\\\/\\\/quehacerpolitico.mx\\\/?p=96923#primaryimage\",\"url\":\"https:\\\/\\\/quehacerpolitico.mx\\\/wp-content\\\/uploads\\\/2022\\\/11\\\/B3DC5321-C11E-401B-B306-9E25BB2DF1D0.jpeg\",\"contentUrl\":\"https:\\\/\\\/quehacerpolitico.mx\\\/wp-content\\\/uploads\\\/2022\\\/11\\\/B3DC5321-C11E-401B-B306-9E25BB2DF1D0.jpeg\",\"width\":1284,\"height\":679},{\"@type\":\"BreadcrumbList\",\"@id\":\"https:\\\/\\\/quehacerpolitico.mx\\\/?p=96923#breadcrumb\",\"itemListElement\":[{\"@type\":\"ListItem\",\"position\":1,\"name\":\"Inicio\",\"item\":\"https:\\\/\\\/quehacerpolitico.mx\\\/\"},{\"@type\":\"ListItem\",\"position\":2,\"name\":\"Estoy \u201cm\u00e1s aplicado que nunca\u201d mentira que no trabajo: AMLO\"}]},{\"@type\":\"WebSite\",\"@id\":\"https:\\\/\\\/quehacerpolitico.mx\\\/#website\",\"url\":\"https:\\\/\\\/quehacerpolitico.mx\\\/\",\"name\":\"\",\"description\":\"\",\"potentialAction\":[{\"@type\":\"SearchAction\",\"target\":{\"@type\":\"EntryPoint\",\"urlTemplate\":\"https:\\\/\\\/quehacerpolitico.mx\\\/?s={search_term_string}\"},\"query-input\":{\"@type\":\"PropertyValueSpecification\",\"valueRequired\":true,\"valueName\":\"search_term_string\"}}],\"inLanguage\":\"es\"},{\"@type\":\"Person\",\"@id\":\"https:\\\/\\\/quehacerpolitico.mx\\\/#\\\/schema\\\/person\\\/496d8ad2d1d3f8036101dca7ee39e585\",\"name\":\"Redacci\u00f3n QP\",\"image\":{\"@type\":\"ImageObject\",\"inLanguage\":\"es\",\"@id\":\"https:\\\/\\\/secure.gravatar.com\\\/avatar\\\/c7164ed6fdec453195284ad24a5ae5b6e1eed2b848477fa2a4787ba9adf39a41?s=96&d=mm&r=g\",\"url\":\"https:\\\/\\\/secure.gravatar.com\\\/avatar\\\/c7164ed6fdec453195284ad24a5ae5b6e1eed2b848477fa2a4787ba9adf39a41?s=96&d=mm&r=g\",\"contentUrl\":\"https:\\\/\\\/secure.gravatar.com\\\/avatar\\\/c7164ed6fdec453195284ad24a5ae5b6e1eed2b848477fa2a4787ba9adf39a41?s=96&d=mm&r=g\",\"caption\":\"Redacci\u00f3n QP\"},\"url\":\"https:\\\/\\\/quehacerpolitico.mx\\\/?author=2\"}]}<\/script>\n<!-- \/ Yoast SEO plugin. -->","yoast_head_json":{"title":"Estoy \u201cm\u00e1s aplicado que nunca\u201d mentira que no trabajo: AMLO -","robots":{"index":"index","follow":"follow","max-snippet":"max-snippet:-1","max-image-preview":"max-image-preview:large","max-video-preview":"max-video-preview:-1"},"canonical":"https:\/\/quehacerpolitico.mx\/?p=96923","og_locale":"es_MX","og_type":"article","og_title":"Estoy \u201cm\u00e1s aplicado que nunca\u201d mentira que no trabajo: AMLO -","og_description":"Por Redacci\u00f3n QP El presidente L\u00f3pez Obrador arremeti\u00f3 contra sus adversarios, \u201clos conservadores\u201d, por asegurar...","og_url":"https:\/\/quehacerpolitico.mx\/?p=96923","article_published_time":"2022-11-04T17:37:35+00:00","article_modified_time":"2022-11-04T17:37:39+00:00","og_image":[{"width":1284,"height":679,"url":"https:\/\/quehacerpolitico.mx\/wp-content\/uploads\/2022\/11\/B3DC5321-C11E-401B-B306-9E25BB2DF1D0.jpeg","type":"image\/jpeg"}],"author":"Redacci\u00f3n QP","twitter_card":"summary_large_image","twitter_misc":{"Escrito por":"Redacci\u00f3n QP","Tiempo de lectura":"1 minuto"},"schema":{"@context":"https:\/\/schema.org","@graph":[{"@type":"Article","@id":"https:\/\/quehacerpolitico.mx\/?p=96923#article","isPartOf":{"@id":"https:\/\/quehacerpolitico.mx\/?p=96923"},"author":{"name":"Redacci\u00f3n QP","@id":"https:\/\/quehacerpolitico.mx\/#\/schema\/person\/496d8ad2d1d3f8036101dca7ee39e585"},"headline":"Estoy \u201cm\u00e1s aplicado que nunca\u201d mentira que no trabajo: AMLO","datePublished":"2022-11-04T17:37:35+00:00","dateModified":"2022-11-04T17:37:39+00:00","mainEntityOfPage":{"@id":"https:\/\/quehacerpolitico.mx\/?p=96923"},"wordCount":305,"commentCount":0,"image":{"@id":"https:\/\/quehacerpolitico.mx\/?p=96923#primaryimage"},"thumbnailUrl":"https:\/\/quehacerpolitico.mx\/wp-content\/uploads\/2022\/11\/B3DC5321-C11E-401B-B306-9E25BB2DF1D0.jpeg","articleSection":["Noticias"],"inLanguage":"es","potentialAction":[{"@type":"CommentAction","name":"Comment","target":["https:\/\/quehacerpolitico.mx\/?p=96923#respond"]}]},{"@type":"WebPage","@id":"https:\/\/quehacerpolitico.mx\/?p=96923","url":"https:\/\/quehacerpolitico.mx\/?p=96923","name":"Estoy \u201cm\u00e1s aplicado que nunca\u201d mentira que no trabajo: AMLO -","isPartOf":{"@id":"https:\/\/quehacerpolitico.mx\/#website"},"primaryImageOfPage":{"@id":"https:\/\/quehacerpolitico.mx\/?p=96923#primaryimage"},"image":{"@id":"https:\/\/quehacerpolitico.mx\/?p=96923#primaryimage"},"thumbnailUrl":"https:\/\/quehacerpolitico.mx\/wp-content\/uploads\/2022\/11\/B3DC5321-C11E-401B-B306-9E25BB2DF1D0.jpeg","datePublished":"2022-11-04T17:37:35+00:00","dateModified":"2022-11-04T17:37:39+00:00","author":{"@id":"https:\/\/quehacerpolitico.mx\/#\/schema\/person\/496d8ad2d1d3f8036101dca7ee39e585"},"breadcrumb":{"@id":"https:\/\/quehacerpolitico.mx\/?p=96923#breadcrumb"},"inLanguage":"es","potentialAction":[{"@type":"ReadAction","target":["https:\/\/quehacerpolitico.mx\/?p=96923"]}]},{"@type":"ImageObject","inLanguage":"es","@id":"https:\/\/quehacerpolitico.mx\/?p=96923#primaryimage","url":"https:\/\/quehacerpolitico.mx\/wp-content\/uploads\/2022\/11\/B3DC5321-C11E-401B-B306-9E25BB2DF1D0.jpeg","contentUrl":"https:\/\/quehacerpolitico.mx\/wp-content\/uploads\/2022\/11\/B3DC5321-C11E-401B-B306-9E25BB2DF1D0.jpeg","width":1284,"height":679},{"@type":"BreadcrumbList","@id":"https:\/\/quehacerpolitico.mx\/?p=96923#breadcrumb","itemListElement":[{"@type":"ListItem","position":1,"name":"Inicio","item":"https:\/\/quehacerpolitico.mx\/"},{"@type":"ListItem","position":2,"name":"Estoy \u201cm\u00e1s aplicado que nunca\u201d mentira que no trabajo: AMLO"}]},{"@type":"WebSite","@id":"https:\/\/quehacerpolitico.mx\/#website","url":"https:\/\/quehacerpolitico.mx\/","name":"","description":"","potentialAction":[{"@type":"SearchAction","target":{"@type":"EntryPoint","urlTemplate":"https:\/\/quehacerpolitico.mx\/?s={search_term_string}"},"query-input":{"@type":"PropertyValueSpecification","valueRequired":true,"valueName":"search_term_string"}}],"inLanguage":"es"},{"@type":"Person","@id":"https:\/\/quehacerpolitico.mx\/#\/schema\/person\/496d8ad2d1d3f8036101dca7ee39e585","name":"Redacci\u00f3n QP","image":{"@type":"ImageObject","inLanguage":"es","@id":"https:\/\/secure.gravatar.com\/avatar\/c7164ed6fdec453195284ad24a5ae5b6e1eed2b848477fa2a4787ba9adf39a41?s=96&d=mm&r=g","url":"https:\/\/secure.gravatar.com\/avatar\/c7164ed6fdec453195284ad24a5ae5b6e1eed2b848477fa2a4787ba9adf39a41?s=96&d=mm&r=g","contentUrl":"https:\/\/secure.gravatar.com\/avatar\/c7164ed6fdec453195284ad24a5ae5b6e1eed2b848477fa2a4787ba9adf39a41?s=96&d=mm&r=g","caption":"Redacci\u00f3n QP"},"url":"https:\/\/quehacerpolitico.mx\/?author=2"}]}},"featured_image_urls":{"full":["https:\/\/quehacerpolitico.mx\/wp-content\/uploads\/2022\/11\/B3DC5321-C11E-401B-B306-9E25BB2DF1D0.jpeg",1284,679,false],"thumbnail":["https:\/\/quehacerpolitico.mx\/wp-content\/uploads\/2022\/11\/B3DC5321-C11E-401B-B306-9E25BB2DF1D0-150x150.jpeg",150,150,true],"medium":["https:\/\/quehacerpolitico.mx\/wp-content\/uploads\/2022\/11\/B3DC5321-C11E-401B-B306-9E25BB2DF1D0-300x159.jpeg",300,159,true],"medium_large":["https:\/\/quehacerpolitico.mx\/wp-content\/uploads\/2022\/11\/B3DC5321-C11E-401B-B306-9E25BB2DF1D0-768x406.jpeg",640,338,true],"large":["https:\/\/quehacerpolitico.mx\/wp-content\/uploads\/2022\/11\/B3DC5321-C11E-401B-B306-9E25BB2DF1D0-1024x542.jpeg",640,339,true],"1536x1536":["https:\/\/quehacerpolitico.mx\/wp-content\/uploads\/2022\/11\/B3DC5321-C11E-401B-B306-9E25BB2DF1D0.jpeg",1284,679,false],"2048x2048":["https:\/\/quehacerpolitico.mx\/wp-content\/uploads\/2022\/11\/B3DC5321-C11E-401B-B306-9E25BB2DF1D0.jpeg",1284,679,false],"covernews-featured":["https:\/\/quehacerpolitico.mx\/wp-content\/uploads\/2022\/11\/B3DC5321-C11E-401B-B306-9E25BB2DF1D0.jpeg",1024,542,false],"covernews-medium":["https:\/\/quehacerpolitico.mx\/wp-content\/uploads\/2022\/11\/B3DC5321-C11E-401B-B306-9E25BB2DF1D0.jpeg",540,286,false]},"author_info":{"display_name":"Redacci\u00f3n QP","author_link":"https:\/\/quehacerpolitico.mx\/?author=2"},"category_info":"<a href=\"https:\/\/quehacerpolitico.mx\/?cat=2\" rel=\"category\">Noticias<\/a>","tag_info":"Noticias","comment_count":"0","_links":{"self":[{"href":"https:\/\/quehacerpolitico.mx\/index.php?rest_route=\/wp\/v2\/posts\/96923","targetHints":{"allow":["GET"]}}],"collection":[{"href":"https:\/\/quehacerpolitico.mx\/index.php?rest_route=\/wp\/v2\/posts"}],"about":[{"href":"https:\/\/quehacerpolitico.mx\/index.php?rest_route=\/wp\/v2\/types\/post"}],"author":[{"embeddable":true,"href":"https:\/\/quehacerpolitico.mx\/index.php?rest_route=\/wp\/v2\/users\/2"}],"replies":[{"embeddable":true,"href":"https:\/\/quehacerpolitico.mx\/index.php?rest_route=%2Fwp%2Fv2%2Fcomments&post=96923"}],"version-history":[{"count":1,"href":"https:\/\/quehacerpolitico.mx\/index.php?rest_route=\/wp\/v2\/posts\/96923\/revisions"}],"predecessor-version":[{"id":96925,"href":"https:\/\/quehacerpolitico.mx\/index.php?rest_route=\/wp\/v2\/posts\/96923\/revisions\/96925"}],"wp:featuredmedia":[{"embeddable":true,"href":"https:\/\/quehacerpolitico.mx\/index.php?rest_route=\/wp\/v2\/media\/96924"}],"wp:attachment":[{"href":"https:\/\/quehacerpolitico.mx\/index.php?rest_route=%2Fwp%2Fv2%2Fmedia&parent=96923"}],"wp:term":[{"taxonomy":"category","embeddable":true,"href":"https:\/\/quehacerpolitico.mx\/index.php?rest_route=%2Fwp%2Fv2%2Fcategories&post=96923"},{"taxonomy":"post_tag","embeddable":true,"href":"https:\/\/quehacerpolitico.mx\/index.php?rest_route=%2Fwp%2Fv2%2Ftags&post=96923"}],"curies":[{"name":"wp","href":"https:\/\/api.w.org\/{rel}","templated":true}]}}