{"id":96895,"date":"2022-11-02T17:16:54","date_gmt":"2022-11-02T17:16:54","guid":{"rendered":"https:\/\/quehacerpolitico.mx\/?p=96895"},"modified":"2022-11-02T17:16:57","modified_gmt":"2022-11-02T17:16:57","slug":"con-todo-se-lanzan-contra-fernandez-norona-por-comprar-en-tienda-fifi","status":"publish","type":"post","link":"https:\/\/quehacerpolitico.mx\/?p=96895","title":{"rendered":"\u00a1Con todo! Se lanzan contra Fern\u00e1ndez Noro\u00f1a por comprar en &#8220;tienda fif\u00ed&#8221;"},"content":{"rendered":"\n<p>Por Redacci\u00f3n QP<\/p>\n\n\n\n<p>Usuarios de redes sociales han criticado a Fern\u00e1ndez Noro\u00f1a por comprar en un City Market<\/p>\n\n\n\n<p>El pol\u00e9mico diputado del Partido del Trabajo, Gerardo Fern\u00e1ndez Noro\u00f1a, est\u00e1 envuelto en la pol\u00e9mica nuevamente y es que usuarios de redes sociales lo est\u00e1n criticando luego de haber sido captado comprando art\u00edculos en una \u201ctienda fif\u00ed\u201d de la Ciudad de M\u00e9xico.<\/p>\n\n\n\n<p>La usuaria @kryespitia comparti\u00f3 un video donde se ve a Fern\u00e1ndez Noro\u00f1a en la tienda de autoservicio City Market, mientras otros clientes le preguntaban por qu\u00e9 se encontraba al interior del mismo.<\/p>\n\n\n\n<figure class=\"wp-block-embed is-type-rich is-provider-twitter wp-block-embed-twitter\"><div class=\"wp-block-embed__wrapper\">\n<blockquote class=\"twitter-tweet\" data-width=\"550\" data-dnt=\"true\"><p lang=\"es\" dir=\"ltr\">No qu\u00e9 de la 4T? No qu\u00e9 todos nos debemos a la pobreza franciscana? <a href=\"https:\/\/twitter.com\/jrsestaca?ref_src=twsrc%5Etfw\">@jrsestaca<\/a> <a href=\"https:\/\/twitter.com\/vampipe?ref_src=twsrc%5Etfw\">@vampipe<\/a> <a href=\"https:\/\/twitter.com\/jrisco?ref_src=twsrc%5Etfw\">@jrisco<\/a> . Hoy <a href=\"https:\/\/twitter.com\/fernandeznorona?ref_src=twsrc%5Etfw\">@fernandeznorona<\/a> comprando en city market  y s\u00ed, no tendr\u00eda nada de malo, si todos los@mexicanos tuvi\u00e9ramos los mismos derechos. Doble moral <a href=\"https:\/\/t.co\/srgkOR6X8o\">pic.twitter.com\/srgkOR6X8o<\/a><\/p>&mdash; karina espitia (@kryespitia) <a href=\"https:\/\/twitter.com\/kryespitia\/status\/1587540210803511296?ref_src=twsrc%5Etfw\">November 1, 2022<\/a><\/blockquote><script async src=\"https:\/\/platform.twitter.com\/widgets.js\" charset=\"utf-8\"><\/script>\n<\/div><\/figure>\n\n\n\n<p><strong>En el material se observa al legislador revisar su celular y contesta a quienes lo increpan &#8220;\u00bfqu\u00e9 tiene?&#8221;<\/strong>, lo cual ha generado diversas reacciones en redes sociales.<\/p>\n\n\n\n<p>&#8220;\u00bfNo que de la 4T? \u00bfNo que todos nos debemos a la pobreza franciscana? (&#8230;) Hoy @fernandeznorona comprando en city market, y s\u00ed, no tendr\u00eda nada de malo, si todos los @mexicanos tuvi\u00e9ramos los mismos derechos. Doble moral&#8221;, se lee en la publicaci\u00f3n.<\/p>\n\n\n\n<p><strong>Este video ya ha generado debate en redes sociales<\/strong>, pues algunos critican a la persona que subi\u00f3 el material, y otros se unen a los comentarios negativos contra Fern\u00e1ndez Noro\u00f1a, que constantemente est\u00e1 envuelto en la pol\u00e9mica por sus declaraciones.<\/p>\n\n\n\n<figure class=\"wp-block-image\"><img decoding=\"async\" src=\"https:\/\/www.informador.mx\/export\/sites\/elinformador\/img\/2022\/11\/02\/imagen_1.png_355969765.png\" alt=\"\"\/><\/figure>\n\n\n\n<h4 class=\"wp-block-heading\">Fern\u00e1ndez Noro\u00f1a responde: &#8220;Acomplejados&#8221;<\/h4>\n\n\n\n<p>Luego de la pol\u00e9mica que se gener\u00f3 en redes, donde incluso City Market ya es tendencia, Fern\u00e1ndez Noro\u00f1a llam\u00f3 &#8220;acomplejados&#8221; a todos los cr\u00edticos<\/p>\n\n\n\n<figure class=\"wp-block-image\"><img decoding=\"async\" src=\"https:\/\/www.informador.mx\/export\/sites\/elinformador\/img\/2022\/11\/02\/imagen.png_441239870.png\" alt=\"\"\/><\/figure>\n\n\n\n<p>Varios de sus seguidores expresaron que comparten su opini\u00f3n, aunque tambi\u00e9n se puede hallar comentarios como &#8220;t\u00fa tienes todo el derecho de comprar donde gustes; el problema es que se dicen ser tan austeros, tan sencillos que critican a quienes llevan una vida sin limitaciones&#8221;.<\/p>\n\n\n\n<p>Con informaci\u00f3n de SUN<\/p>\n","protected":false},"excerpt":{"rendered":"<p>Por Redacci\u00f3n QP Usuarios de redes sociales han criticado a Fern\u00e1ndez Noro\u00f1a por comprar en&#8230;<\/p>\n","protected":false},"author":2,"featured_media":96896,"comment_status":"open","ping_status":"open","sticky":false,"template":"","format":"standard","meta":{"_monsterinsights_skip_tracking":false,"_monsterinsights_sitenote_active":false,"_monsterinsights_sitenote_note":"","_monsterinsights_sitenote_category":0,"footnotes":""},"categories":[2],"tags":[],"class_list":["post-96895","post","type-post","status-publish","format-standard","has-post-thumbnail","hentry","category-noticias"],"yoast_head":"<!-- This site is optimized with the Yoast SEO plugin v27.3 - https:\/\/yoast.com\/product\/yoast-seo-wordpress\/ -->\n<title>\u00a1Con todo! Se lanzan contra Fern\u00e1ndez Noro\u00f1a por comprar en &quot;tienda fif\u00ed&quot; -<\/title>\n<meta name=\"robots\" content=\"index, follow, max-snippet:-1, max-image-preview:large, max-video-preview:-1\" \/>\n<link rel=\"canonical\" href=\"https:\/\/quehacerpolitico.mx\/?p=96895\" \/>\n<meta property=\"og:locale\" content=\"es_MX\" \/>\n<meta property=\"og:type\" content=\"article\" \/>\n<meta property=\"og:title\" content=\"\u00a1Con todo! Se lanzan contra Fern\u00e1ndez Noro\u00f1a por comprar en &quot;tienda fif\u00ed&quot; -\" \/>\n<meta property=\"og:description\" content=\"Por Redacci\u00f3n QP Usuarios de redes sociales han criticado a Fern\u00e1ndez Noro\u00f1a por comprar en...\" \/>\n<meta property=\"og:url\" content=\"https:\/\/quehacerpolitico.mx\/?p=96895\" \/>\n<meta property=\"article:published_time\" content=\"2022-11-02T17:16:54+00:00\" \/>\n<meta property=\"article:modified_time\" content=\"2022-11-02T17:16:57+00:00\" \/>\n<meta property=\"og:image\" content=\"https:\/\/quehacerpolitico.mx\/wp-content\/uploads\/2022\/11\/691A7A7E-C712-45C7-9FCC-AFBF00B91D67.jpeg\" \/>\n\t<meta property=\"og:image:width\" content=\"1284\" \/>\n\t<meta property=\"og:image:height\" content=\"1307\" \/>\n\t<meta property=\"og:image:type\" content=\"image\/jpeg\" \/>\n<meta name=\"author\" content=\"Redacci\u00f3n QP\" \/>\n<meta name=\"twitter:card\" content=\"summary_large_image\" \/>\n<meta name=\"twitter:label1\" content=\"Escrito por\" \/>\n\t<meta name=\"twitter:data1\" content=\"Redacci\u00f3n QP\" \/>\n\t<meta name=\"twitter:label2\" content=\"Tiempo de lectura\" \/>\n\t<meta name=\"twitter:data2\" content=\"2 minutos\" \/>\n<script type=\"application\/ld+json\" class=\"yoast-schema-graph\">{\"@context\":\"https:\\\/\\\/schema.org\",\"@graph\":[{\"@type\":\"Article\",\"@id\":\"https:\\\/\\\/quehacerpolitico.mx\\\/?p=96895#article\",\"isPartOf\":{\"@id\":\"https:\\\/\\\/quehacerpolitico.mx\\\/?p=96895\"},\"author\":{\"name\":\"Redacci\u00f3n QP\",\"@id\":\"https:\\\/\\\/quehacerpolitico.mx\\\/#\\\/schema\\\/person\\\/496d8ad2d1d3f8036101dca7ee39e585\"},\"headline\":\"\u00a1Con todo! Se lanzan contra Fern\u00e1ndez Noro\u00f1a por comprar en &#8220;tienda fif\u00ed&#8221;\",\"datePublished\":\"2022-11-02T17:16:54+00:00\",\"dateModified\":\"2022-11-02T17:16:57+00:00\",\"mainEntityOfPage\":{\"@id\":\"https:\\\/\\\/quehacerpolitico.mx\\\/?p=96895\"},\"wordCount\":331,\"commentCount\":0,\"image\":{\"@id\":\"https:\\\/\\\/quehacerpolitico.mx\\\/?p=96895#primaryimage\"},\"thumbnailUrl\":\"https:\\\/\\\/quehacerpolitico.mx\\\/wp-content\\\/uploads\\\/2022\\\/11\\\/691A7A7E-C712-45C7-9FCC-AFBF00B91D67.jpeg\",\"articleSection\":[\"Noticias\"],\"inLanguage\":\"es\",\"potentialAction\":[{\"@type\":\"CommentAction\",\"name\":\"Comment\",\"target\":[\"https:\\\/\\\/quehacerpolitico.mx\\\/?p=96895#respond\"]}]},{\"@type\":\"WebPage\",\"@id\":\"https:\\\/\\\/quehacerpolitico.mx\\\/?p=96895\",\"url\":\"https:\\\/\\\/quehacerpolitico.mx\\\/?p=96895\",\"name\":\"\u00a1Con todo! Se lanzan contra Fern\u00e1ndez Noro\u00f1a por comprar en \\\"tienda fif\u00ed\\\" -\",\"isPartOf\":{\"@id\":\"https:\\\/\\\/quehacerpolitico.mx\\\/#website\"},\"primaryImageOfPage\":{\"@id\":\"https:\\\/\\\/quehacerpolitico.mx\\\/?p=96895#primaryimage\"},\"image\":{\"@id\":\"https:\\\/\\\/quehacerpolitico.mx\\\/?p=96895#primaryimage\"},\"thumbnailUrl\":\"https:\\\/\\\/quehacerpolitico.mx\\\/wp-content\\\/uploads\\\/2022\\\/11\\\/691A7A7E-C712-45C7-9FCC-AFBF00B91D67.jpeg\",\"datePublished\":\"2022-11-02T17:16:54+00:00\",\"dateModified\":\"2022-11-02T17:16:57+00:00\",\"author\":{\"@id\":\"https:\\\/\\\/quehacerpolitico.mx\\\/#\\\/schema\\\/person\\\/496d8ad2d1d3f8036101dca7ee39e585\"},\"breadcrumb\":{\"@id\":\"https:\\\/\\\/quehacerpolitico.mx\\\/?p=96895#breadcrumb\"},\"inLanguage\":\"es\",\"potentialAction\":[{\"@type\":\"ReadAction\",\"target\":[\"https:\\\/\\\/quehacerpolitico.mx\\\/?p=96895\"]}]},{\"@type\":\"ImageObject\",\"inLanguage\":\"es\",\"@id\":\"https:\\\/\\\/quehacerpolitico.mx\\\/?p=96895#primaryimage\",\"url\":\"https:\\\/\\\/quehacerpolitico.mx\\\/wp-content\\\/uploads\\\/2022\\\/11\\\/691A7A7E-C712-45C7-9FCC-AFBF00B91D67.jpeg\",\"contentUrl\":\"https:\\\/\\\/quehacerpolitico.mx\\\/wp-content\\\/uploads\\\/2022\\\/11\\\/691A7A7E-C712-45C7-9FCC-AFBF00B91D67.jpeg\",\"width\":1284,\"height\":1307},{\"@type\":\"BreadcrumbList\",\"@id\":\"https:\\\/\\\/quehacerpolitico.mx\\\/?p=96895#breadcrumb\",\"itemListElement\":[{\"@type\":\"ListItem\",\"position\":1,\"name\":\"Inicio\",\"item\":\"https:\\\/\\\/quehacerpolitico.mx\\\/\"},{\"@type\":\"ListItem\",\"position\":2,\"name\":\"\u00a1Con todo! Se lanzan contra Fern\u00e1ndez Noro\u00f1a por comprar en &#8220;tienda fif\u00ed&#8221;\"}]},{\"@type\":\"WebSite\",\"@id\":\"https:\\\/\\\/quehacerpolitico.mx\\\/#website\",\"url\":\"https:\\\/\\\/quehacerpolitico.mx\\\/\",\"name\":\"\",\"description\":\"\",\"potentialAction\":[{\"@type\":\"SearchAction\",\"target\":{\"@type\":\"EntryPoint\",\"urlTemplate\":\"https:\\\/\\\/quehacerpolitico.mx\\\/?s={search_term_string}\"},\"query-input\":{\"@type\":\"PropertyValueSpecification\",\"valueRequired\":true,\"valueName\":\"search_term_string\"}}],\"inLanguage\":\"es\"},{\"@type\":\"Person\",\"@id\":\"https:\\\/\\\/quehacerpolitico.mx\\\/#\\\/schema\\\/person\\\/496d8ad2d1d3f8036101dca7ee39e585\",\"name\":\"Redacci\u00f3n QP\",\"image\":{\"@type\":\"ImageObject\",\"inLanguage\":\"es\",\"@id\":\"https:\\\/\\\/secure.gravatar.com\\\/avatar\\\/c7164ed6fdec453195284ad24a5ae5b6e1eed2b848477fa2a4787ba9adf39a41?s=96&d=mm&r=g\",\"url\":\"https:\\\/\\\/secure.gravatar.com\\\/avatar\\\/c7164ed6fdec453195284ad24a5ae5b6e1eed2b848477fa2a4787ba9adf39a41?s=96&d=mm&r=g\",\"contentUrl\":\"https:\\\/\\\/secure.gravatar.com\\\/avatar\\\/c7164ed6fdec453195284ad24a5ae5b6e1eed2b848477fa2a4787ba9adf39a41?s=96&d=mm&r=g\",\"caption\":\"Redacci\u00f3n QP\"},\"url\":\"https:\\\/\\\/quehacerpolitico.mx\\\/?author=2\"}]}<\/script>\n<!-- \/ Yoast SEO plugin. -->","yoast_head_json":{"title":"\u00a1Con todo! Se lanzan contra Fern\u00e1ndez Noro\u00f1a por comprar en \"tienda fif\u00ed\" -","robots":{"index":"index","follow":"follow","max-snippet":"max-snippet:-1","max-image-preview":"max-image-preview:large","max-video-preview":"max-video-preview:-1"},"canonical":"https:\/\/quehacerpolitico.mx\/?p=96895","og_locale":"es_MX","og_type":"article","og_title":"\u00a1Con todo! Se lanzan contra Fern\u00e1ndez Noro\u00f1a por comprar en \"tienda fif\u00ed\" -","og_description":"Por Redacci\u00f3n QP Usuarios de redes sociales han criticado a Fern\u00e1ndez Noro\u00f1a por comprar en...","og_url":"https:\/\/quehacerpolitico.mx\/?p=96895","article_published_time":"2022-11-02T17:16:54+00:00","article_modified_time":"2022-11-02T17:16:57+00:00","og_image":[{"width":1284,"height":1307,"url":"https:\/\/quehacerpolitico.mx\/wp-content\/uploads\/2022\/11\/691A7A7E-C712-45C7-9FCC-AFBF00B91D67.jpeg","type":"image\/jpeg"}],"author":"Redacci\u00f3n QP","twitter_card":"summary_large_image","twitter_misc":{"Escrito por":"Redacci\u00f3n QP","Tiempo de lectura":"2 minutos"},"schema":{"@context":"https:\/\/schema.org","@graph":[{"@type":"Article","@id":"https:\/\/quehacerpolitico.mx\/?p=96895#article","isPartOf":{"@id":"https:\/\/quehacerpolitico.mx\/?p=96895"},"author":{"name":"Redacci\u00f3n QP","@id":"https:\/\/quehacerpolitico.mx\/#\/schema\/person\/496d8ad2d1d3f8036101dca7ee39e585"},"headline":"\u00a1Con todo! Se lanzan contra Fern\u00e1ndez Noro\u00f1a por comprar en &#8220;tienda fif\u00ed&#8221;","datePublished":"2022-11-02T17:16:54+00:00","dateModified":"2022-11-02T17:16:57+00:00","mainEntityOfPage":{"@id":"https:\/\/quehacerpolitico.mx\/?p=96895"},"wordCount":331,"commentCount":0,"image":{"@id":"https:\/\/quehacerpolitico.mx\/?p=96895#primaryimage"},"thumbnailUrl":"https:\/\/quehacerpolitico.mx\/wp-content\/uploads\/2022\/11\/691A7A7E-C712-45C7-9FCC-AFBF00B91D67.jpeg","articleSection":["Noticias"],"inLanguage":"es","potentialAction":[{"@type":"CommentAction","name":"Comment","target":["https:\/\/quehacerpolitico.mx\/?p=96895#respond"]}]},{"@type":"WebPage","@id":"https:\/\/quehacerpolitico.mx\/?p=96895","url":"https:\/\/quehacerpolitico.mx\/?p=96895","name":"\u00a1Con todo! Se lanzan contra Fern\u00e1ndez Noro\u00f1a por comprar en \"tienda fif\u00ed\" -","isPartOf":{"@id":"https:\/\/quehacerpolitico.mx\/#website"},"primaryImageOfPage":{"@id":"https:\/\/quehacerpolitico.mx\/?p=96895#primaryimage"},"image":{"@id":"https:\/\/quehacerpolitico.mx\/?p=96895#primaryimage"},"thumbnailUrl":"https:\/\/quehacerpolitico.mx\/wp-content\/uploads\/2022\/11\/691A7A7E-C712-45C7-9FCC-AFBF00B91D67.jpeg","datePublished":"2022-11-02T17:16:54+00:00","dateModified":"2022-11-02T17:16:57+00:00","author":{"@id":"https:\/\/quehacerpolitico.mx\/#\/schema\/person\/496d8ad2d1d3f8036101dca7ee39e585"},"breadcrumb":{"@id":"https:\/\/quehacerpolitico.mx\/?p=96895#breadcrumb"},"inLanguage":"es","potentialAction":[{"@type":"ReadAction","target":["https:\/\/quehacerpolitico.mx\/?p=96895"]}]},{"@type":"ImageObject","inLanguage":"es","@id":"https:\/\/quehacerpolitico.mx\/?p=96895#primaryimage","url":"https:\/\/quehacerpolitico.mx\/wp-content\/uploads\/2022\/11\/691A7A7E-C712-45C7-9FCC-AFBF00B91D67.jpeg","contentUrl":"https:\/\/quehacerpolitico.mx\/wp-content\/uploads\/2022\/11\/691A7A7E-C712-45C7-9FCC-AFBF00B91D67.jpeg","width":1284,"height":1307},{"@type":"BreadcrumbList","@id":"https:\/\/quehacerpolitico.mx\/?p=96895#breadcrumb","itemListElement":[{"@type":"ListItem","position":1,"name":"Inicio","item":"https:\/\/quehacerpolitico.mx\/"},{"@type":"ListItem","position":2,"name":"\u00a1Con todo! Se lanzan contra Fern\u00e1ndez Noro\u00f1a por comprar en &#8220;tienda fif\u00ed&#8221;"}]},{"@type":"WebSite","@id":"https:\/\/quehacerpolitico.mx\/#website","url":"https:\/\/quehacerpolitico.mx\/","name":"","description":"","potentialAction":[{"@type":"SearchAction","target":{"@type":"EntryPoint","urlTemplate":"https:\/\/quehacerpolitico.mx\/?s={search_term_string}"},"query-input":{"@type":"PropertyValueSpecification","valueRequired":true,"valueName":"search_term_string"}}],"inLanguage":"es"},{"@type":"Person","@id":"https:\/\/quehacerpolitico.mx\/#\/schema\/person\/496d8ad2d1d3f8036101dca7ee39e585","name":"Redacci\u00f3n QP","image":{"@type":"ImageObject","inLanguage":"es","@id":"https:\/\/secure.gravatar.com\/avatar\/c7164ed6fdec453195284ad24a5ae5b6e1eed2b848477fa2a4787ba9adf39a41?s=96&d=mm&r=g","url":"https:\/\/secure.gravatar.com\/avatar\/c7164ed6fdec453195284ad24a5ae5b6e1eed2b848477fa2a4787ba9adf39a41?s=96&d=mm&r=g","contentUrl":"https:\/\/secure.gravatar.com\/avatar\/c7164ed6fdec453195284ad24a5ae5b6e1eed2b848477fa2a4787ba9adf39a41?s=96&d=mm&r=g","caption":"Redacci\u00f3n QP"},"url":"https:\/\/quehacerpolitico.mx\/?author=2"}]}},"featured_image_urls":{"full":["https:\/\/quehacerpolitico.mx\/wp-content\/uploads\/2022\/11\/691A7A7E-C712-45C7-9FCC-AFBF00B91D67.jpeg",1284,1307,false],"thumbnail":["https:\/\/quehacerpolitico.mx\/wp-content\/uploads\/2022\/11\/691A7A7E-C712-45C7-9FCC-AFBF00B91D67-150x150.jpeg",150,150,true],"medium":["https:\/\/quehacerpolitico.mx\/wp-content\/uploads\/2022\/11\/691A7A7E-C712-45C7-9FCC-AFBF00B91D67-295x300.jpeg",295,300,true],"medium_large":["https:\/\/quehacerpolitico.mx\/wp-content\/uploads\/2022\/11\/691A7A7E-C712-45C7-9FCC-AFBF00B91D67-768x782.jpeg",640,652,true],"large":["https:\/\/quehacerpolitico.mx\/wp-content\/uploads\/2022\/11\/691A7A7E-C712-45C7-9FCC-AFBF00B91D67-1006x1024.jpeg",640,651,true],"1536x1536":["https:\/\/quehacerpolitico.mx\/wp-content\/uploads\/2022\/11\/691A7A7E-C712-45C7-9FCC-AFBF00B91D67.jpeg",1284,1307,false],"2048x2048":["https:\/\/quehacerpolitico.mx\/wp-content\/uploads\/2022\/11\/691A7A7E-C712-45C7-9FCC-AFBF00B91D67.jpeg",1284,1307,false],"covernews-featured":["https:\/\/quehacerpolitico.mx\/wp-content\/uploads\/2022\/11\/691A7A7E-C712-45C7-9FCC-AFBF00B91D67.jpeg",1024,1042,false],"covernews-medium":["https:\/\/quehacerpolitico.mx\/wp-content\/uploads\/2022\/11\/691A7A7E-C712-45C7-9FCC-AFBF00B91D67.jpeg",334,340,false]},"author_info":{"display_name":"Redacci\u00f3n QP","author_link":"https:\/\/quehacerpolitico.mx\/?author=2"},"category_info":"<a href=\"https:\/\/quehacerpolitico.mx\/?cat=2\" rel=\"category\">Noticias<\/a>","tag_info":"Noticias","comment_count":"0","_links":{"self":[{"href":"https:\/\/quehacerpolitico.mx\/index.php?rest_route=\/wp\/v2\/posts\/96895","targetHints":{"allow":["GET"]}}],"collection":[{"href":"https:\/\/quehacerpolitico.mx\/index.php?rest_route=\/wp\/v2\/posts"}],"about":[{"href":"https:\/\/quehacerpolitico.mx\/index.php?rest_route=\/wp\/v2\/types\/post"}],"author":[{"embeddable":true,"href":"https:\/\/quehacerpolitico.mx\/index.php?rest_route=\/wp\/v2\/users\/2"}],"replies":[{"embeddable":true,"href":"https:\/\/quehacerpolitico.mx\/index.php?rest_route=%2Fwp%2Fv2%2Fcomments&post=96895"}],"version-history":[{"count":1,"href":"https:\/\/quehacerpolitico.mx\/index.php?rest_route=\/wp\/v2\/posts\/96895\/revisions"}],"predecessor-version":[{"id":96897,"href":"https:\/\/quehacerpolitico.mx\/index.php?rest_route=\/wp\/v2\/posts\/96895\/revisions\/96897"}],"wp:featuredmedia":[{"embeddable":true,"href":"https:\/\/quehacerpolitico.mx\/index.php?rest_route=\/wp\/v2\/media\/96896"}],"wp:attachment":[{"href":"https:\/\/quehacerpolitico.mx\/index.php?rest_route=%2Fwp%2Fv2%2Fmedia&parent=96895"}],"wp:term":[{"taxonomy":"category","embeddable":true,"href":"https:\/\/quehacerpolitico.mx\/index.php?rest_route=%2Fwp%2Fv2%2Fcategories&post=96895"},{"taxonomy":"post_tag","embeddable":true,"href":"https:\/\/quehacerpolitico.mx\/index.php?rest_route=%2Fwp%2Fv2%2Ftags&post=96895"}],"curies":[{"name":"wp","href":"https:\/\/api.w.org\/{rel}","templated":true}]}}