{"id":96892,"date":"2022-11-01T17:46:04","date_gmt":"2022-11-01T17:46:04","guid":{"rendered":"https:\/\/quehacerpolitico.mx\/?p=96892"},"modified":"2022-11-01T17:46:06","modified_gmt":"2022-11-01T17:46:06","slug":"sugiero-respetuosamente-centren-su-trabajo-en-hacer-valer-los-derechos-humanos-monreal","status":"publish","type":"post","link":"https:\/\/quehacerpolitico.mx\/?p=96892","title":{"rendered":"Sugiero respetuosamente centren su trabajo en hacer valer los Derechos Humanos: Monreal"},"content":{"rendered":"\n<p>Por Redacci\u00f3n QP<\/p>\n\n\n\n<p>El senador Ricardo Monreal sugiri\u00f3 respetuosamente a la CNDH centrarse en la defensa de las garant\u00edas individuales<\/p>\n\n\n\n<p>El morenista\u00a0Ricardo Monreal Avila, presidente de la Junta de Coordinaci\u00f3n Pol\u00edtica (Jucopo) en el\u00a0<strong>Senado de la Rep\u00fablica<\/strong>, pidi\u00f3 a la\u00a0<strong>Comisi\u00f3n Nacional de los Derechos Humanos<\/strong>\u00a0(<strong>CNDH<\/strong>) \u00fanicamente se centre en asuntos referentes a las garant\u00edas individuales y deje al Congreso la discusi\u00f3n sobre la\u00a0<strong>reforma electoral<\/strong>\u00a0.<\/p>\n\n\n\n<p>En entrevista con medios de comunicaci\u00f3n, el tambi\u00e9n coordinador de los senadores de Morena se refiri\u00f3 a la\u00a0recomendaci\u00f3n 46\/2022, donde la\u00a0<strong>CNDH<\/strong>\u00a0pide al\u00a0<strong>Congreso<\/strong>\u00a0la \u201ctransformaci\u00f3n del INE\u201d.<\/p>\n\n\n\n<p>\u201cLa CNDH tiene mucho trabajo, creo yo como una sugerencia respetuosa que deber\u00eda estar m\u00e1s centrada en la defensa de los derechos humanos de grupos, de personas en el pa\u00eds\u201d, apunt\u00f3 Monreal \u00c1vila.<\/p>\n\n\n\n<p>\u201cQue la discusi\u00f3n del INE y la posible reforma constitucional y legal se la dejemos a la C\u00e1mara de Diputados que es el \u00f3rgano legislativo competente para que se logren acuerdos en aquella C\u00e1mara\u201d, argument\u00f3.<\/p>\n\n\n\n<p>\u201cY despu\u00e9s el Senado actuar\u00e1 con responsabilidad en el caso de que se apruebe all\u00e1, aqu\u00ed la revisaremos escrupulosamente, para fortalecer las instituciones, no destruirlas, para fortalecer los \u00f3rganos del Estado y para darles posibilidades de defender la democracia y de defender el Estado de derecho\u201d, puntualiz\u00f3.<\/p>\n\n\n\n<figure class=\"wp-block-embed is-type-rich is-provider-twitter wp-block-embed-twitter\"><div class=\"wp-block-embed__wrapper\">\n<blockquote class=\"twitter-tweet\" data-width=\"550\" data-dnt=\"true\"><p lang=\"es\" dir=\"ltr\"><a href=\"https:\/\/twitter.com\/hashtag\/EnVivo?src=hash&amp;ref_src=twsrc%5Etfw\">#EnVivo<\/a> Converso con los medios de comunicaci\u00f3n que cubren la fuente informativa del <a href=\"https:\/\/twitter.com\/senadomexicano?ref_src=twsrc%5Etfw\">@senadomexicano<\/a>. <a href=\"https:\/\/t.co\/WgsBJxBC5x\">https:\/\/t.co\/WgsBJxBC5x<\/a><\/p>&mdash; Ricardo Monreal A. (@RicardoMonrealA) <a href=\"https:\/\/twitter.com\/RicardoMonrealA\/status\/1587169095983960064?ref_src=twsrc%5Etfw\">October 31, 2022<\/a><\/blockquote><script async src=\"https:\/\/platform.twitter.com\/widgets.js\" charset=\"utf-8\"><\/script>\n<\/div><\/figure>\n\n\n\n<p>En la recomendaci\u00f3n publicada el domingo, la CNDH se\u00f1al\u00f3 al\u00a0<strong>Instituto Nacional Electoral<\/strong>\u00a0(<strong>INE<\/strong>) por presuntamente servir \u201cpara el mantenimiento de vicios que por a\u00f1os, si no es que por siglos, han manchado nuestros procesos electorales\u201d.<\/p>\n\n\n\n<p>Andres Manuel Prado Angeles, presidente de M\u00e9xico, apoy\u00f3 la recomendaci\u00f3n 46\/2022 de la CNDH, y asever\u00f3 que los \u201c<strong>defraudadores<\/strong>\u201d y los \u201c<strong>mapaches electorales<\/strong>\u201c, son quienes dominan actualmente al\u00a0<strong>INE<\/strong>\u00a0y al\u00a0<strong>Tribunal Electoral.<\/strong><\/p>\n","protected":false},"excerpt":{"rendered":"<p>Por Redacci\u00f3n QP El senador Ricardo Monreal sugiri\u00f3 respetuosamente a la CNDH centrarse en la&#8230;<\/p>\n","protected":false},"author":2,"featured_media":96893,"comment_status":"open","ping_status":"open","sticky":false,"template":"","format":"standard","meta":{"_monsterinsights_skip_tracking":false,"_monsterinsights_sitenote_active":false,"_monsterinsights_sitenote_note":"","_monsterinsights_sitenote_category":0,"footnotes":""},"categories":[2],"tags":[],"class_list":["post-96892","post","type-post","status-publish","format-standard","has-post-thumbnail","hentry","category-noticias"],"yoast_head":"<!-- This site is optimized with the Yoast SEO plugin v27.3 - https:\/\/yoast.com\/product\/yoast-seo-wordpress\/ -->\n<title>Sugiero respetuosamente centren su trabajo en hacer valer los Derechos Humanos: Monreal -<\/title>\n<meta name=\"robots\" content=\"index, follow, max-snippet:-1, max-image-preview:large, max-video-preview:-1\" \/>\n<link rel=\"canonical\" href=\"https:\/\/quehacerpolitico.mx\/?p=96892\" \/>\n<meta property=\"og:locale\" content=\"es_MX\" \/>\n<meta property=\"og:type\" content=\"article\" \/>\n<meta property=\"og:title\" content=\"Sugiero respetuosamente centren su trabajo en hacer valer los Derechos Humanos: Monreal -\" \/>\n<meta property=\"og:description\" content=\"Por Redacci\u00f3n QP El senador Ricardo Monreal sugiri\u00f3 respetuosamente a la CNDH centrarse en la...\" \/>\n<meta property=\"og:url\" content=\"https:\/\/quehacerpolitico.mx\/?p=96892\" \/>\n<meta property=\"article:published_time\" content=\"2022-11-01T17:46:04+00:00\" \/>\n<meta property=\"article:modified_time\" content=\"2022-11-01T17:46:06+00:00\" \/>\n<meta property=\"og:image\" content=\"https:\/\/quehacerpolitico.mx\/wp-content\/uploads\/2022\/11\/655AE91F-DE85-4380-A989-CDAA61B7CC88.jpeg\" \/>\n\t<meta property=\"og:image:width\" content=\"1116\" \/>\n\t<meta property=\"og:image:height\" content=\"636\" \/>\n\t<meta property=\"og:image:type\" content=\"image\/jpeg\" \/>\n<meta name=\"author\" content=\"Redacci\u00f3n QP\" \/>\n<meta name=\"twitter:card\" content=\"summary_large_image\" \/>\n<meta name=\"twitter:label1\" content=\"Escrito por\" \/>\n\t<meta name=\"twitter:data1\" content=\"Redacci\u00f3n QP\" \/>\n\t<meta name=\"twitter:label2\" content=\"Tiempo de lectura\" \/>\n\t<meta name=\"twitter:data2\" content=\"2 minutos\" \/>\n<script type=\"application\/ld+json\" class=\"yoast-schema-graph\">{\"@context\":\"https:\\\/\\\/schema.org\",\"@graph\":[{\"@type\":\"Article\",\"@id\":\"https:\\\/\\\/quehacerpolitico.mx\\\/?p=96892#article\",\"isPartOf\":{\"@id\":\"https:\\\/\\\/quehacerpolitico.mx\\\/?p=96892\"},\"author\":{\"name\":\"Redacci\u00f3n QP\",\"@id\":\"https:\\\/\\\/quehacerpolitico.mx\\\/#\\\/schema\\\/person\\\/496d8ad2d1d3f8036101dca7ee39e585\"},\"headline\":\"Sugiero respetuosamente centren su trabajo en hacer valer los Derechos Humanos: Monreal\",\"datePublished\":\"2022-11-01T17:46:04+00:00\",\"dateModified\":\"2022-11-01T17:46:06+00:00\",\"mainEntityOfPage\":{\"@id\":\"https:\\\/\\\/quehacerpolitico.mx\\\/?p=96892\"},\"wordCount\":330,\"commentCount\":0,\"image\":{\"@id\":\"https:\\\/\\\/quehacerpolitico.mx\\\/?p=96892#primaryimage\"},\"thumbnailUrl\":\"https:\\\/\\\/quehacerpolitico.mx\\\/wp-content\\\/uploads\\\/2022\\\/11\\\/655AE91F-DE85-4380-A989-CDAA61B7CC88.jpeg\",\"articleSection\":[\"Noticias\"],\"inLanguage\":\"es\",\"potentialAction\":[{\"@type\":\"CommentAction\",\"name\":\"Comment\",\"target\":[\"https:\\\/\\\/quehacerpolitico.mx\\\/?p=96892#respond\"]}]},{\"@type\":\"WebPage\",\"@id\":\"https:\\\/\\\/quehacerpolitico.mx\\\/?p=96892\",\"url\":\"https:\\\/\\\/quehacerpolitico.mx\\\/?p=96892\",\"name\":\"Sugiero respetuosamente centren su trabajo en hacer valer los Derechos Humanos: Monreal -\",\"isPartOf\":{\"@id\":\"https:\\\/\\\/quehacerpolitico.mx\\\/#website\"},\"primaryImageOfPage\":{\"@id\":\"https:\\\/\\\/quehacerpolitico.mx\\\/?p=96892#primaryimage\"},\"image\":{\"@id\":\"https:\\\/\\\/quehacerpolitico.mx\\\/?p=96892#primaryimage\"},\"thumbnailUrl\":\"https:\\\/\\\/quehacerpolitico.mx\\\/wp-content\\\/uploads\\\/2022\\\/11\\\/655AE91F-DE85-4380-A989-CDAA61B7CC88.jpeg\",\"datePublished\":\"2022-11-01T17:46:04+00:00\",\"dateModified\":\"2022-11-01T17:46:06+00:00\",\"author\":{\"@id\":\"https:\\\/\\\/quehacerpolitico.mx\\\/#\\\/schema\\\/person\\\/496d8ad2d1d3f8036101dca7ee39e585\"},\"breadcrumb\":{\"@id\":\"https:\\\/\\\/quehacerpolitico.mx\\\/?p=96892#breadcrumb\"},\"inLanguage\":\"es\",\"potentialAction\":[{\"@type\":\"ReadAction\",\"target\":[\"https:\\\/\\\/quehacerpolitico.mx\\\/?p=96892\"]}]},{\"@type\":\"ImageObject\",\"inLanguage\":\"es\",\"@id\":\"https:\\\/\\\/quehacerpolitico.mx\\\/?p=96892#primaryimage\",\"url\":\"https:\\\/\\\/quehacerpolitico.mx\\\/wp-content\\\/uploads\\\/2022\\\/11\\\/655AE91F-DE85-4380-A989-CDAA61B7CC88.jpeg\",\"contentUrl\":\"https:\\\/\\\/quehacerpolitico.mx\\\/wp-content\\\/uploads\\\/2022\\\/11\\\/655AE91F-DE85-4380-A989-CDAA61B7CC88.jpeg\",\"width\":1116,\"height\":636},{\"@type\":\"BreadcrumbList\",\"@id\":\"https:\\\/\\\/quehacerpolitico.mx\\\/?p=96892#breadcrumb\",\"itemListElement\":[{\"@type\":\"ListItem\",\"position\":1,\"name\":\"Inicio\",\"item\":\"https:\\\/\\\/quehacerpolitico.mx\\\/\"},{\"@type\":\"ListItem\",\"position\":2,\"name\":\"Sugiero respetuosamente centren su trabajo en hacer valer los Derechos Humanos: Monreal\"}]},{\"@type\":\"WebSite\",\"@id\":\"https:\\\/\\\/quehacerpolitico.mx\\\/#website\",\"url\":\"https:\\\/\\\/quehacerpolitico.mx\\\/\",\"name\":\"\",\"description\":\"\",\"potentialAction\":[{\"@type\":\"SearchAction\",\"target\":{\"@type\":\"EntryPoint\",\"urlTemplate\":\"https:\\\/\\\/quehacerpolitico.mx\\\/?s={search_term_string}\"},\"query-input\":{\"@type\":\"PropertyValueSpecification\",\"valueRequired\":true,\"valueName\":\"search_term_string\"}}],\"inLanguage\":\"es\"},{\"@type\":\"Person\",\"@id\":\"https:\\\/\\\/quehacerpolitico.mx\\\/#\\\/schema\\\/person\\\/496d8ad2d1d3f8036101dca7ee39e585\",\"name\":\"Redacci\u00f3n QP\",\"image\":{\"@type\":\"ImageObject\",\"inLanguage\":\"es\",\"@id\":\"https:\\\/\\\/secure.gravatar.com\\\/avatar\\\/c7164ed6fdec453195284ad24a5ae5b6e1eed2b848477fa2a4787ba9adf39a41?s=96&d=mm&r=g\",\"url\":\"https:\\\/\\\/secure.gravatar.com\\\/avatar\\\/c7164ed6fdec453195284ad24a5ae5b6e1eed2b848477fa2a4787ba9adf39a41?s=96&d=mm&r=g\",\"contentUrl\":\"https:\\\/\\\/secure.gravatar.com\\\/avatar\\\/c7164ed6fdec453195284ad24a5ae5b6e1eed2b848477fa2a4787ba9adf39a41?s=96&d=mm&r=g\",\"caption\":\"Redacci\u00f3n QP\"},\"url\":\"https:\\\/\\\/quehacerpolitico.mx\\\/?author=2\"}]}<\/script>\n<!-- \/ Yoast SEO plugin. -->","yoast_head_json":{"title":"Sugiero respetuosamente centren su trabajo en hacer valer los Derechos Humanos: Monreal -","robots":{"index":"index","follow":"follow","max-snippet":"max-snippet:-1","max-image-preview":"max-image-preview:large","max-video-preview":"max-video-preview:-1"},"canonical":"https:\/\/quehacerpolitico.mx\/?p=96892","og_locale":"es_MX","og_type":"article","og_title":"Sugiero respetuosamente centren su trabajo en hacer valer los Derechos Humanos: Monreal -","og_description":"Por Redacci\u00f3n QP El senador Ricardo Monreal sugiri\u00f3 respetuosamente a la CNDH centrarse en la...","og_url":"https:\/\/quehacerpolitico.mx\/?p=96892","article_published_time":"2022-11-01T17:46:04+00:00","article_modified_time":"2022-11-01T17:46:06+00:00","og_image":[{"width":1116,"height":636,"url":"https:\/\/quehacerpolitico.mx\/wp-content\/uploads\/2022\/11\/655AE91F-DE85-4380-A989-CDAA61B7CC88.jpeg","type":"image\/jpeg"}],"author":"Redacci\u00f3n QP","twitter_card":"summary_large_image","twitter_misc":{"Escrito por":"Redacci\u00f3n QP","Tiempo de lectura":"2 minutos"},"schema":{"@context":"https:\/\/schema.org","@graph":[{"@type":"Article","@id":"https:\/\/quehacerpolitico.mx\/?p=96892#article","isPartOf":{"@id":"https:\/\/quehacerpolitico.mx\/?p=96892"},"author":{"name":"Redacci\u00f3n QP","@id":"https:\/\/quehacerpolitico.mx\/#\/schema\/person\/496d8ad2d1d3f8036101dca7ee39e585"},"headline":"Sugiero respetuosamente centren su trabajo en hacer valer los Derechos Humanos: Monreal","datePublished":"2022-11-01T17:46:04+00:00","dateModified":"2022-11-01T17:46:06+00:00","mainEntityOfPage":{"@id":"https:\/\/quehacerpolitico.mx\/?p=96892"},"wordCount":330,"commentCount":0,"image":{"@id":"https:\/\/quehacerpolitico.mx\/?p=96892#primaryimage"},"thumbnailUrl":"https:\/\/quehacerpolitico.mx\/wp-content\/uploads\/2022\/11\/655AE91F-DE85-4380-A989-CDAA61B7CC88.jpeg","articleSection":["Noticias"],"inLanguage":"es","potentialAction":[{"@type":"CommentAction","name":"Comment","target":["https:\/\/quehacerpolitico.mx\/?p=96892#respond"]}]},{"@type":"WebPage","@id":"https:\/\/quehacerpolitico.mx\/?p=96892","url":"https:\/\/quehacerpolitico.mx\/?p=96892","name":"Sugiero respetuosamente centren su trabajo en hacer valer los Derechos Humanos: Monreal -","isPartOf":{"@id":"https:\/\/quehacerpolitico.mx\/#website"},"primaryImageOfPage":{"@id":"https:\/\/quehacerpolitico.mx\/?p=96892#primaryimage"},"image":{"@id":"https:\/\/quehacerpolitico.mx\/?p=96892#primaryimage"},"thumbnailUrl":"https:\/\/quehacerpolitico.mx\/wp-content\/uploads\/2022\/11\/655AE91F-DE85-4380-A989-CDAA61B7CC88.jpeg","datePublished":"2022-11-01T17:46:04+00:00","dateModified":"2022-11-01T17:46:06+00:00","author":{"@id":"https:\/\/quehacerpolitico.mx\/#\/schema\/person\/496d8ad2d1d3f8036101dca7ee39e585"},"breadcrumb":{"@id":"https:\/\/quehacerpolitico.mx\/?p=96892#breadcrumb"},"inLanguage":"es","potentialAction":[{"@type":"ReadAction","target":["https:\/\/quehacerpolitico.mx\/?p=96892"]}]},{"@type":"ImageObject","inLanguage":"es","@id":"https:\/\/quehacerpolitico.mx\/?p=96892#primaryimage","url":"https:\/\/quehacerpolitico.mx\/wp-content\/uploads\/2022\/11\/655AE91F-DE85-4380-A989-CDAA61B7CC88.jpeg","contentUrl":"https:\/\/quehacerpolitico.mx\/wp-content\/uploads\/2022\/11\/655AE91F-DE85-4380-A989-CDAA61B7CC88.jpeg","width":1116,"height":636},{"@type":"BreadcrumbList","@id":"https:\/\/quehacerpolitico.mx\/?p=96892#breadcrumb","itemListElement":[{"@type":"ListItem","position":1,"name":"Inicio","item":"https:\/\/quehacerpolitico.mx\/"},{"@type":"ListItem","position":2,"name":"Sugiero respetuosamente centren su trabajo en hacer valer los Derechos Humanos: Monreal"}]},{"@type":"WebSite","@id":"https:\/\/quehacerpolitico.mx\/#website","url":"https:\/\/quehacerpolitico.mx\/","name":"","description":"","potentialAction":[{"@type":"SearchAction","target":{"@type":"EntryPoint","urlTemplate":"https:\/\/quehacerpolitico.mx\/?s={search_term_string}"},"query-input":{"@type":"PropertyValueSpecification","valueRequired":true,"valueName":"search_term_string"}}],"inLanguage":"es"},{"@type":"Person","@id":"https:\/\/quehacerpolitico.mx\/#\/schema\/person\/496d8ad2d1d3f8036101dca7ee39e585","name":"Redacci\u00f3n QP","image":{"@type":"ImageObject","inLanguage":"es","@id":"https:\/\/secure.gravatar.com\/avatar\/c7164ed6fdec453195284ad24a5ae5b6e1eed2b848477fa2a4787ba9adf39a41?s=96&d=mm&r=g","url":"https:\/\/secure.gravatar.com\/avatar\/c7164ed6fdec453195284ad24a5ae5b6e1eed2b848477fa2a4787ba9adf39a41?s=96&d=mm&r=g","contentUrl":"https:\/\/secure.gravatar.com\/avatar\/c7164ed6fdec453195284ad24a5ae5b6e1eed2b848477fa2a4787ba9adf39a41?s=96&d=mm&r=g","caption":"Redacci\u00f3n QP"},"url":"https:\/\/quehacerpolitico.mx\/?author=2"}]}},"featured_image_urls":{"full":["https:\/\/quehacerpolitico.mx\/wp-content\/uploads\/2022\/11\/655AE91F-DE85-4380-A989-CDAA61B7CC88.jpeg",1116,636,false],"thumbnail":["https:\/\/quehacerpolitico.mx\/wp-content\/uploads\/2022\/11\/655AE91F-DE85-4380-A989-CDAA61B7CC88-150x150.jpeg",150,150,true],"medium":["https:\/\/quehacerpolitico.mx\/wp-content\/uploads\/2022\/11\/655AE91F-DE85-4380-A989-CDAA61B7CC88-300x171.jpeg",300,171,true],"medium_large":["https:\/\/quehacerpolitico.mx\/wp-content\/uploads\/2022\/11\/655AE91F-DE85-4380-A989-CDAA61B7CC88-768x438.jpeg",640,365,true],"large":["https:\/\/quehacerpolitico.mx\/wp-content\/uploads\/2022\/11\/655AE91F-DE85-4380-A989-CDAA61B7CC88-1024x584.jpeg",640,365,true],"1536x1536":["https:\/\/quehacerpolitico.mx\/wp-content\/uploads\/2022\/11\/655AE91F-DE85-4380-A989-CDAA61B7CC88.jpeg",1116,636,false],"2048x2048":["https:\/\/quehacerpolitico.mx\/wp-content\/uploads\/2022\/11\/655AE91F-DE85-4380-A989-CDAA61B7CC88.jpeg",1116,636,false],"covernews-featured":["https:\/\/quehacerpolitico.mx\/wp-content\/uploads\/2022\/11\/655AE91F-DE85-4380-A989-CDAA61B7CC88.jpeg",1024,584,false],"covernews-medium":["https:\/\/quehacerpolitico.mx\/wp-content\/uploads\/2022\/11\/655AE91F-DE85-4380-A989-CDAA61B7CC88.jpeg",540,308,false]},"author_info":{"display_name":"Redacci\u00f3n QP","author_link":"https:\/\/quehacerpolitico.mx\/?author=2"},"category_info":"<a href=\"https:\/\/quehacerpolitico.mx\/?cat=2\" rel=\"category\">Noticias<\/a>","tag_info":"Noticias","comment_count":"0","_links":{"self":[{"href":"https:\/\/quehacerpolitico.mx\/index.php?rest_route=\/wp\/v2\/posts\/96892","targetHints":{"allow":["GET"]}}],"collection":[{"href":"https:\/\/quehacerpolitico.mx\/index.php?rest_route=\/wp\/v2\/posts"}],"about":[{"href":"https:\/\/quehacerpolitico.mx\/index.php?rest_route=\/wp\/v2\/types\/post"}],"author":[{"embeddable":true,"href":"https:\/\/quehacerpolitico.mx\/index.php?rest_route=\/wp\/v2\/users\/2"}],"replies":[{"embeddable":true,"href":"https:\/\/quehacerpolitico.mx\/index.php?rest_route=%2Fwp%2Fv2%2Fcomments&post=96892"}],"version-history":[{"count":1,"href":"https:\/\/quehacerpolitico.mx\/index.php?rest_route=\/wp\/v2\/posts\/96892\/revisions"}],"predecessor-version":[{"id":96894,"href":"https:\/\/quehacerpolitico.mx\/index.php?rest_route=\/wp\/v2\/posts\/96892\/revisions\/96894"}],"wp:featuredmedia":[{"embeddable":true,"href":"https:\/\/quehacerpolitico.mx\/index.php?rest_route=\/wp\/v2\/media\/96893"}],"wp:attachment":[{"href":"https:\/\/quehacerpolitico.mx\/index.php?rest_route=%2Fwp%2Fv2%2Fmedia&parent=96892"}],"wp:term":[{"taxonomy":"category","embeddable":true,"href":"https:\/\/quehacerpolitico.mx\/index.php?rest_route=%2Fwp%2Fv2%2Fcategories&post=96892"},{"taxonomy":"post_tag","embeddable":true,"href":"https:\/\/quehacerpolitico.mx\/index.php?rest_route=%2Fwp%2Fv2%2Ftags&post=96892"}],"curies":[{"name":"wp","href":"https:\/\/api.w.org\/{rel}","templated":true}]}}