{"id":96786,"date":"2022-10-27T18:29:42","date_gmt":"2022-10-27T18:29:42","guid":{"rendered":"https:\/\/quehacerpolitico.mx\/?p=96786"},"modified":"2022-10-27T18:29:45","modified_gmt":"2022-10-27T18:29:45","slug":"malas-noticias-se-pierden-120-mil-empleos-en-septiembre-inegi","status":"publish","type":"post","link":"https:\/\/quehacerpolitico.mx\/?p=96786","title":{"rendered":"\u00a1Malas noticias! Se pierden 120 mil empleos en septiembre: Inegi\u00a0"},"content":{"rendered":"\n<p>Por Redacci\u00f3n QP<\/p>\n\n\n\n<p>La recuperaci\u00f3n del mercado laboral se fren\u00f3 durante septiembre pasado al perderse 120 mil 167 empleos, correspondientes principalmente al sector formal de la econom\u00eda<\/p>\n\n\n\n<p><strong>La recuperaci\u00f3n del mercado laboral se fren\u00f3 durante septiembre pasado al perderse 120 mil 167 empleos, correspondientes principalmente al sector formal de la econom\u00eda<\/strong>, luego de ligar tres meses de crecimiento, de acuerdo con los datos publicados por el Instituto Nacional de Estad\u00edstica y Geograf\u00eda (Inegi).<\/p>\n\n\n\n<p><strong>Mientras en el sector informal se crearon 4 mil 608 plazas, en el formal se perdieron 124 mil 775 puestos<\/strong>. Con lo que la poblaci\u00f3n ocupada en la informalidad laboral lleg\u00f3 a 31.95 millones de personas, lo que representa el 55.6% de la poblaci\u00f3n ocupada total, tasa ligeramente superior al 55.5% reportado un mes antes.<\/p>\n\n\n\n<p><strong>Por sexo, el n\u00famero de nuevos empleos ocupados por mujeres ascendi\u00f3 a 230 mil 302, mientras que en el caso de los hombres se perdieron 350 mil 469 puestos<\/strong>\u00a0durante septiembre pasado.<\/p>\n\n\n\n<p><strong>Entre los sectores d\u00f3nde se perdi\u00f3 la mayor cantidad de empleos destaca la industria con 340 mil plazas<\/strong>, seguido del sector servicios con 65.4 mil puestos menos. Mientras que en la agricultura se crearon 265.9 mil puestos, adem\u00e1s de otros 19.3 mil en sectores no definidos.<\/p>\n\n\n\n<p><strong>Por actividades espec\u00edficas, donde m\u00e1s se perdieron empleos fue en la industria manufacturera, con la eliminaci\u00f3n de 399.3 mil plazas<\/strong>; comercio, con 189.3 mil; servicios profesionales, financieros y corporativos, 181.9 mil; transportes, comunicaciones, correo y almacenamiento, 119.3 mil; y servicios sociales, 100.8 mil puestos menos.<\/p>\n\n\n\n<h2 class=\"wp-block-heading\">\u00bfD\u00f3nde se crearon m\u00e1s empleos?<\/h2>\n\n\n\n<p><strong>Por el contrario, las pocas actividades donde se generaron empleos en el noveno mes del a\u00f1o fueron: restaurantes y servicios de alojamiento, con la creaci\u00f3n de 393.6 mil plazas; gobierno y organismos internacionales, 111.9 mil; y construcci\u00f3n, con 71.1 mil puestos<\/strong>.<\/p>\n\n\n\n<p>Pese a la contracci\u00f3n del empleo, la poblaci\u00f3n desocupada tambi\u00e9n report\u00f3 un decremento de 126 mil personas, para sumar a un mill\u00f3n 984 mil al cierre de septiembre pasado, con lo que la tasa de desocupaci\u00f3n se ubic\u00f3 en 3.3%, cifra inferior al 3.5% observada un mes antes.<\/p>\n\n\n\n<p>Lo anterior se debe a que&nbsp;<strong>muchas personas desocupadas desistieron de buscar un empleo y se sumaron a la poblaci\u00f3n econ\u00f3micamente no activa<\/strong>, la cual tuvo un incremento de 439.4 mil personas, durante el mes pasado.<\/p>\n\n\n\n<p><strong>De esta forma salieron del mercado laboral (ocupados y desocupados) 246 mil 190 personas durante septiembre<\/strong>, con lo que la poblaci\u00f3n econ\u00f3micamente activa lleg\u00f3 a 59.5 millones y la tasa de participaci\u00f3n al 59.6% de la poblaci\u00f3n de 15 a\u00f1os y m\u00e1s.<\/p>\n\n\n\n<p>Con informaci\u00f3n de SUN<\/p>\n","protected":false},"excerpt":{"rendered":"<p>Por Redacci\u00f3n QP La recuperaci\u00f3n del mercado laboral se fren\u00f3 durante septiembre pasado al perderse&#8230;<\/p>\n","protected":false},"author":2,"featured_media":96787,"comment_status":"open","ping_status":"open","sticky":false,"template":"","format":"standard","meta":{"_monsterinsights_skip_tracking":false,"_monsterinsights_sitenote_active":false,"_monsterinsights_sitenote_note":"","_monsterinsights_sitenote_category":0,"footnotes":""},"categories":[56],"tags":[],"class_list":["post-96786","post","type-post","status-publish","format-standard","has-post-thumbnail","hentry","category-economia"],"yoast_head":"<!-- This site is optimized with the Yoast SEO plugin v27.3 - https:\/\/yoast.com\/product\/yoast-seo-wordpress\/ -->\n<title>\u00a1Malas noticias! Se pierden 120 mil empleos en septiembre: Inegi\u00a0 -<\/title>\n<meta name=\"robots\" content=\"index, follow, max-snippet:-1, max-image-preview:large, max-video-preview:-1\" \/>\n<link rel=\"canonical\" href=\"https:\/\/quehacerpolitico.mx\/?p=96786\" \/>\n<meta property=\"og:locale\" content=\"es_MX\" \/>\n<meta property=\"og:type\" content=\"article\" \/>\n<meta property=\"og:title\" content=\"\u00a1Malas noticias! Se pierden 120 mil empleos en septiembre: Inegi\u00a0 -\" \/>\n<meta property=\"og:description\" content=\"Por Redacci\u00f3n QP La recuperaci\u00f3n del mercado laboral se fren\u00f3 durante septiembre pasado al perderse...\" \/>\n<meta property=\"og:url\" content=\"https:\/\/quehacerpolitico.mx\/?p=96786\" \/>\n<meta property=\"article:published_time\" content=\"2022-10-27T18:29:42+00:00\" \/>\n<meta property=\"article:modified_time\" content=\"2022-10-27T18:29:45+00:00\" \/>\n<meta property=\"og:image\" content=\"https:\/\/quehacerpolitico.mx\/wp-content\/uploads\/2022\/10\/7FE04FD9-4655-4182-97B1-A35819F8B9EA.jpeg\" \/>\n\t<meta property=\"og:image:width\" content=\"630\" \/>\n\t<meta property=\"og:image:height\" content=\"355\" \/>\n\t<meta property=\"og:image:type\" content=\"image\/jpeg\" \/>\n<meta name=\"author\" content=\"Redacci\u00f3n QP\" \/>\n<meta name=\"twitter:card\" content=\"summary_large_image\" \/>\n<meta name=\"twitter:label1\" content=\"Escrito por\" \/>\n\t<meta name=\"twitter:data1\" content=\"Redacci\u00f3n QP\" \/>\n\t<meta name=\"twitter:label2\" content=\"Tiempo de lectura\" \/>\n\t<meta name=\"twitter:data2\" content=\"2 minutos\" \/>\n<script type=\"application\/ld+json\" class=\"yoast-schema-graph\">{\"@context\":\"https:\\\/\\\/schema.org\",\"@graph\":[{\"@type\":\"Article\",\"@id\":\"https:\\\/\\\/quehacerpolitico.mx\\\/?p=96786#article\",\"isPartOf\":{\"@id\":\"https:\\\/\\\/quehacerpolitico.mx\\\/?p=96786\"},\"author\":{\"name\":\"Redacci\u00f3n QP\",\"@id\":\"https:\\\/\\\/quehacerpolitico.mx\\\/#\\\/schema\\\/person\\\/496d8ad2d1d3f8036101dca7ee39e585\"},\"headline\":\"\u00a1Malas noticias! Se pierden 120 mil empleos en septiembre: Inegi\u00a0\",\"datePublished\":\"2022-10-27T18:29:42+00:00\",\"dateModified\":\"2022-10-27T18:29:45+00:00\",\"mainEntityOfPage\":{\"@id\":\"https:\\\/\\\/quehacerpolitico.mx\\\/?p=96786\"},\"wordCount\":434,\"commentCount\":0,\"image\":{\"@id\":\"https:\\\/\\\/quehacerpolitico.mx\\\/?p=96786#primaryimage\"},\"thumbnailUrl\":\"https:\\\/\\\/quehacerpolitico.mx\\\/wp-content\\\/uploads\\\/2022\\\/10\\\/7FE04FD9-4655-4182-97B1-A35819F8B9EA.jpeg\",\"articleSection\":[\"Econom\u00eda\"],\"inLanguage\":\"es\",\"potentialAction\":[{\"@type\":\"CommentAction\",\"name\":\"Comment\",\"target\":[\"https:\\\/\\\/quehacerpolitico.mx\\\/?p=96786#respond\"]}]},{\"@type\":\"WebPage\",\"@id\":\"https:\\\/\\\/quehacerpolitico.mx\\\/?p=96786\",\"url\":\"https:\\\/\\\/quehacerpolitico.mx\\\/?p=96786\",\"name\":\"\u00a1Malas noticias! Se pierden 120 mil empleos en septiembre: Inegi\u00a0 -\",\"isPartOf\":{\"@id\":\"https:\\\/\\\/quehacerpolitico.mx\\\/#website\"},\"primaryImageOfPage\":{\"@id\":\"https:\\\/\\\/quehacerpolitico.mx\\\/?p=96786#primaryimage\"},\"image\":{\"@id\":\"https:\\\/\\\/quehacerpolitico.mx\\\/?p=96786#primaryimage\"},\"thumbnailUrl\":\"https:\\\/\\\/quehacerpolitico.mx\\\/wp-content\\\/uploads\\\/2022\\\/10\\\/7FE04FD9-4655-4182-97B1-A35819F8B9EA.jpeg\",\"datePublished\":\"2022-10-27T18:29:42+00:00\",\"dateModified\":\"2022-10-27T18:29:45+00:00\",\"author\":{\"@id\":\"https:\\\/\\\/quehacerpolitico.mx\\\/#\\\/schema\\\/person\\\/496d8ad2d1d3f8036101dca7ee39e585\"},\"breadcrumb\":{\"@id\":\"https:\\\/\\\/quehacerpolitico.mx\\\/?p=96786#breadcrumb\"},\"inLanguage\":\"es\",\"potentialAction\":[{\"@type\":\"ReadAction\",\"target\":[\"https:\\\/\\\/quehacerpolitico.mx\\\/?p=96786\"]}]},{\"@type\":\"ImageObject\",\"inLanguage\":\"es\",\"@id\":\"https:\\\/\\\/quehacerpolitico.mx\\\/?p=96786#primaryimage\",\"url\":\"https:\\\/\\\/quehacerpolitico.mx\\\/wp-content\\\/uploads\\\/2022\\\/10\\\/7FE04FD9-4655-4182-97B1-A35819F8B9EA.jpeg\",\"contentUrl\":\"https:\\\/\\\/quehacerpolitico.mx\\\/wp-content\\\/uploads\\\/2022\\\/10\\\/7FE04FD9-4655-4182-97B1-A35819F8B9EA.jpeg\",\"width\":630,\"height\":355},{\"@type\":\"BreadcrumbList\",\"@id\":\"https:\\\/\\\/quehacerpolitico.mx\\\/?p=96786#breadcrumb\",\"itemListElement\":[{\"@type\":\"ListItem\",\"position\":1,\"name\":\"Inicio\",\"item\":\"https:\\\/\\\/quehacerpolitico.mx\\\/\"},{\"@type\":\"ListItem\",\"position\":2,\"name\":\"\u00a1Malas noticias! Se pierden 120 mil empleos en septiembre: Inegi\u00a0\"}]},{\"@type\":\"WebSite\",\"@id\":\"https:\\\/\\\/quehacerpolitico.mx\\\/#website\",\"url\":\"https:\\\/\\\/quehacerpolitico.mx\\\/\",\"name\":\"\",\"description\":\"\",\"potentialAction\":[{\"@type\":\"SearchAction\",\"target\":{\"@type\":\"EntryPoint\",\"urlTemplate\":\"https:\\\/\\\/quehacerpolitico.mx\\\/?s={search_term_string}\"},\"query-input\":{\"@type\":\"PropertyValueSpecification\",\"valueRequired\":true,\"valueName\":\"search_term_string\"}}],\"inLanguage\":\"es\"},{\"@type\":\"Person\",\"@id\":\"https:\\\/\\\/quehacerpolitico.mx\\\/#\\\/schema\\\/person\\\/496d8ad2d1d3f8036101dca7ee39e585\",\"name\":\"Redacci\u00f3n QP\",\"image\":{\"@type\":\"ImageObject\",\"inLanguage\":\"es\",\"@id\":\"https:\\\/\\\/secure.gravatar.com\\\/avatar\\\/c7164ed6fdec453195284ad24a5ae5b6e1eed2b848477fa2a4787ba9adf39a41?s=96&d=mm&r=g\",\"url\":\"https:\\\/\\\/secure.gravatar.com\\\/avatar\\\/c7164ed6fdec453195284ad24a5ae5b6e1eed2b848477fa2a4787ba9adf39a41?s=96&d=mm&r=g\",\"contentUrl\":\"https:\\\/\\\/secure.gravatar.com\\\/avatar\\\/c7164ed6fdec453195284ad24a5ae5b6e1eed2b848477fa2a4787ba9adf39a41?s=96&d=mm&r=g\",\"caption\":\"Redacci\u00f3n QP\"},\"url\":\"https:\\\/\\\/quehacerpolitico.mx\\\/?author=2\"}]}<\/script>\n<!-- \/ Yoast SEO plugin. -->","yoast_head_json":{"title":"\u00a1Malas noticias! Se pierden 120 mil empleos en septiembre: Inegi\u00a0 -","robots":{"index":"index","follow":"follow","max-snippet":"max-snippet:-1","max-image-preview":"max-image-preview:large","max-video-preview":"max-video-preview:-1"},"canonical":"https:\/\/quehacerpolitico.mx\/?p=96786","og_locale":"es_MX","og_type":"article","og_title":"\u00a1Malas noticias! Se pierden 120 mil empleos en septiembre: Inegi\u00a0 -","og_description":"Por Redacci\u00f3n QP La recuperaci\u00f3n del mercado laboral se fren\u00f3 durante septiembre pasado al perderse...","og_url":"https:\/\/quehacerpolitico.mx\/?p=96786","article_published_time":"2022-10-27T18:29:42+00:00","article_modified_time":"2022-10-27T18:29:45+00:00","og_image":[{"width":630,"height":355,"url":"https:\/\/quehacerpolitico.mx\/wp-content\/uploads\/2022\/10\/7FE04FD9-4655-4182-97B1-A35819F8B9EA.jpeg","type":"image\/jpeg"}],"author":"Redacci\u00f3n QP","twitter_card":"summary_large_image","twitter_misc":{"Escrito por":"Redacci\u00f3n QP","Tiempo de lectura":"2 minutos"},"schema":{"@context":"https:\/\/schema.org","@graph":[{"@type":"Article","@id":"https:\/\/quehacerpolitico.mx\/?p=96786#article","isPartOf":{"@id":"https:\/\/quehacerpolitico.mx\/?p=96786"},"author":{"name":"Redacci\u00f3n QP","@id":"https:\/\/quehacerpolitico.mx\/#\/schema\/person\/496d8ad2d1d3f8036101dca7ee39e585"},"headline":"\u00a1Malas noticias! Se pierden 120 mil empleos en septiembre: Inegi\u00a0","datePublished":"2022-10-27T18:29:42+00:00","dateModified":"2022-10-27T18:29:45+00:00","mainEntityOfPage":{"@id":"https:\/\/quehacerpolitico.mx\/?p=96786"},"wordCount":434,"commentCount":0,"image":{"@id":"https:\/\/quehacerpolitico.mx\/?p=96786#primaryimage"},"thumbnailUrl":"https:\/\/quehacerpolitico.mx\/wp-content\/uploads\/2022\/10\/7FE04FD9-4655-4182-97B1-A35819F8B9EA.jpeg","articleSection":["Econom\u00eda"],"inLanguage":"es","potentialAction":[{"@type":"CommentAction","name":"Comment","target":["https:\/\/quehacerpolitico.mx\/?p=96786#respond"]}]},{"@type":"WebPage","@id":"https:\/\/quehacerpolitico.mx\/?p=96786","url":"https:\/\/quehacerpolitico.mx\/?p=96786","name":"\u00a1Malas noticias! Se pierden 120 mil empleos en septiembre: Inegi\u00a0 -","isPartOf":{"@id":"https:\/\/quehacerpolitico.mx\/#website"},"primaryImageOfPage":{"@id":"https:\/\/quehacerpolitico.mx\/?p=96786#primaryimage"},"image":{"@id":"https:\/\/quehacerpolitico.mx\/?p=96786#primaryimage"},"thumbnailUrl":"https:\/\/quehacerpolitico.mx\/wp-content\/uploads\/2022\/10\/7FE04FD9-4655-4182-97B1-A35819F8B9EA.jpeg","datePublished":"2022-10-27T18:29:42+00:00","dateModified":"2022-10-27T18:29:45+00:00","author":{"@id":"https:\/\/quehacerpolitico.mx\/#\/schema\/person\/496d8ad2d1d3f8036101dca7ee39e585"},"breadcrumb":{"@id":"https:\/\/quehacerpolitico.mx\/?p=96786#breadcrumb"},"inLanguage":"es","potentialAction":[{"@type":"ReadAction","target":["https:\/\/quehacerpolitico.mx\/?p=96786"]}]},{"@type":"ImageObject","inLanguage":"es","@id":"https:\/\/quehacerpolitico.mx\/?p=96786#primaryimage","url":"https:\/\/quehacerpolitico.mx\/wp-content\/uploads\/2022\/10\/7FE04FD9-4655-4182-97B1-A35819F8B9EA.jpeg","contentUrl":"https:\/\/quehacerpolitico.mx\/wp-content\/uploads\/2022\/10\/7FE04FD9-4655-4182-97B1-A35819F8B9EA.jpeg","width":630,"height":355},{"@type":"BreadcrumbList","@id":"https:\/\/quehacerpolitico.mx\/?p=96786#breadcrumb","itemListElement":[{"@type":"ListItem","position":1,"name":"Inicio","item":"https:\/\/quehacerpolitico.mx\/"},{"@type":"ListItem","position":2,"name":"\u00a1Malas noticias! Se pierden 120 mil empleos en septiembre: Inegi\u00a0"}]},{"@type":"WebSite","@id":"https:\/\/quehacerpolitico.mx\/#website","url":"https:\/\/quehacerpolitico.mx\/","name":"","description":"","potentialAction":[{"@type":"SearchAction","target":{"@type":"EntryPoint","urlTemplate":"https:\/\/quehacerpolitico.mx\/?s={search_term_string}"},"query-input":{"@type":"PropertyValueSpecification","valueRequired":true,"valueName":"search_term_string"}}],"inLanguage":"es"},{"@type":"Person","@id":"https:\/\/quehacerpolitico.mx\/#\/schema\/person\/496d8ad2d1d3f8036101dca7ee39e585","name":"Redacci\u00f3n QP","image":{"@type":"ImageObject","inLanguage":"es","@id":"https:\/\/secure.gravatar.com\/avatar\/c7164ed6fdec453195284ad24a5ae5b6e1eed2b848477fa2a4787ba9adf39a41?s=96&d=mm&r=g","url":"https:\/\/secure.gravatar.com\/avatar\/c7164ed6fdec453195284ad24a5ae5b6e1eed2b848477fa2a4787ba9adf39a41?s=96&d=mm&r=g","contentUrl":"https:\/\/secure.gravatar.com\/avatar\/c7164ed6fdec453195284ad24a5ae5b6e1eed2b848477fa2a4787ba9adf39a41?s=96&d=mm&r=g","caption":"Redacci\u00f3n QP"},"url":"https:\/\/quehacerpolitico.mx\/?author=2"}]}},"featured_image_urls":{"full":["https:\/\/quehacerpolitico.mx\/wp-content\/uploads\/2022\/10\/7FE04FD9-4655-4182-97B1-A35819F8B9EA.jpeg",630,355,false],"thumbnail":["https:\/\/quehacerpolitico.mx\/wp-content\/uploads\/2022\/10\/7FE04FD9-4655-4182-97B1-A35819F8B9EA-150x150.jpeg",150,150,true],"medium":["https:\/\/quehacerpolitico.mx\/wp-content\/uploads\/2022\/10\/7FE04FD9-4655-4182-97B1-A35819F8B9EA-300x169.jpeg",300,169,true],"medium_large":["https:\/\/quehacerpolitico.mx\/wp-content\/uploads\/2022\/10\/7FE04FD9-4655-4182-97B1-A35819F8B9EA.jpeg",630,355,false],"large":["https:\/\/quehacerpolitico.mx\/wp-content\/uploads\/2022\/10\/7FE04FD9-4655-4182-97B1-A35819F8B9EA.jpeg",630,355,false],"1536x1536":["https:\/\/quehacerpolitico.mx\/wp-content\/uploads\/2022\/10\/7FE04FD9-4655-4182-97B1-A35819F8B9EA.jpeg",630,355,false],"2048x2048":["https:\/\/quehacerpolitico.mx\/wp-content\/uploads\/2022\/10\/7FE04FD9-4655-4182-97B1-A35819F8B9EA.jpeg",630,355,false],"covernews-featured":["https:\/\/quehacerpolitico.mx\/wp-content\/uploads\/2022\/10\/7FE04FD9-4655-4182-97B1-A35819F8B9EA.jpeg",630,355,false],"covernews-medium":["https:\/\/quehacerpolitico.mx\/wp-content\/uploads\/2022\/10\/7FE04FD9-4655-4182-97B1-A35819F8B9EA.jpeg",540,304,false]},"author_info":{"display_name":"Redacci\u00f3n QP","author_link":"https:\/\/quehacerpolitico.mx\/?author=2"},"category_info":"<a href=\"https:\/\/quehacerpolitico.mx\/?cat=56\" rel=\"category\">Econom\u00eda<\/a>","tag_info":"Econom\u00eda","comment_count":"0","_links":{"self":[{"href":"https:\/\/quehacerpolitico.mx\/index.php?rest_route=\/wp\/v2\/posts\/96786","targetHints":{"allow":["GET"]}}],"collection":[{"href":"https:\/\/quehacerpolitico.mx\/index.php?rest_route=\/wp\/v2\/posts"}],"about":[{"href":"https:\/\/quehacerpolitico.mx\/index.php?rest_route=\/wp\/v2\/types\/post"}],"author":[{"embeddable":true,"href":"https:\/\/quehacerpolitico.mx\/index.php?rest_route=\/wp\/v2\/users\/2"}],"replies":[{"embeddable":true,"href":"https:\/\/quehacerpolitico.mx\/index.php?rest_route=%2Fwp%2Fv2%2Fcomments&post=96786"}],"version-history":[{"count":1,"href":"https:\/\/quehacerpolitico.mx\/index.php?rest_route=\/wp\/v2\/posts\/96786\/revisions"}],"predecessor-version":[{"id":96788,"href":"https:\/\/quehacerpolitico.mx\/index.php?rest_route=\/wp\/v2\/posts\/96786\/revisions\/96788"}],"wp:featuredmedia":[{"embeddable":true,"href":"https:\/\/quehacerpolitico.mx\/index.php?rest_route=\/wp\/v2\/media\/96787"}],"wp:attachment":[{"href":"https:\/\/quehacerpolitico.mx\/index.php?rest_route=%2Fwp%2Fv2%2Fmedia&parent=96786"}],"wp:term":[{"taxonomy":"category","embeddable":true,"href":"https:\/\/quehacerpolitico.mx\/index.php?rest_route=%2Fwp%2Fv2%2Fcategories&post=96786"},{"taxonomy":"post_tag","embeddable":true,"href":"https:\/\/quehacerpolitico.mx\/index.php?rest_route=%2Fwp%2Fv2%2Ftags&post=96786"}],"curies":[{"name":"wp","href":"https:\/\/api.w.org\/{rel}","templated":true}]}}