{"id":96783,"date":"2022-10-27T18:04:14","date_gmt":"2022-10-27T18:04:14","guid":{"rendered":"https:\/\/quehacerpolitico.mx\/?p=96783"},"modified":"2022-10-27T18:04:18","modified_gmt":"2022-10-27T18:04:18","slug":"lo-dijo-todo-elon-musk-revela-por-que-compro-twitter","status":"publish","type":"post","link":"https:\/\/quehacerpolitico.mx\/?p=96783","title":{"rendered":"\u00a1Lo dijo todo! Elon Musk revela por qu\u00e9 compr\u00f3 Twitter\u00a0"},"content":{"rendered":"\n<p>Por Redacci\u00f3n QP<\/p>\n\n\n\n<p>El empresario dice, entre otras cosas, que busca &#8220;tener una plaza p\u00fablica en l\u00ednea donde una gran variedad de opiniones puedan debatirse de manera saludable&#8221;<\/p>\n\n\n\n<p><strong>Elon Musk<\/strong>\u00a0dijo hoy jueves en Twitter que estaba comprando la red social porque\u00a0<strong>es &#8220;importante para el futuro de la civilizaci\u00f3n<\/strong>\u00a0tener una plaza p\u00fablica en l\u00ednea donde una gran variedad de opiniones puedan debatirse de manera saludable,\u00a0<strong>sin recurrir a la violencia<\/strong>&#8220;.<\/p>\n\n\n\n<figure class=\"wp-block-embed is-type-rich is-provider-twitter wp-block-embed-twitter\"><div class=\"wp-block-embed__wrapper\">\n<blockquote class=\"twitter-tweet\" data-width=\"550\" data-dnt=\"true\"><p lang=\"en\" dir=\"ltr\">Dear Twitter Advertisers <a href=\"https:\/\/t.co\/GMwHmInPAS\">pic.twitter.com\/GMwHmInPAS<\/a><\/p>&mdash; Elon Musk (@elonmusk) <a href=\"https:\/\/twitter.com\/elonmusk\/status\/1585619322239561728?ref_src=twsrc%5Etfw\">October 27, 2022<\/a><\/blockquote><script async src=\"https:\/\/platform.twitter.com\/widgets.js\" charset=\"utf-8\"><\/script>\n<\/div><\/figure>\n\n\n\n<p>&#8220;Dicho esto,\u00a0<strong>Twitter\u00a0<\/strong>obviamente\u00a0<strong>no puede ser un lugar infernal abierto a todos, donde pueda decirse todo sin consecuencias&#8221;,<\/strong>\u00a0se\u00f1al\u00f3 tambi\u00e9n el magnate en un mensaje enviado a los anunciantes un d\u00eda antes de la fecha l\u00edmite para la operaci\u00f3n de compra, determinada por la justicia.<\/p>\n\n\n\n<figure class=\"wp-block-embed is-type-rich is-provider-twitter wp-block-embed-twitter\"><div class=\"wp-block-embed__wrapper\">\n<blockquote class=\"twitter-tweet\" data-width=\"550\" data-dnt=\"true\"><p lang=\"en\" dir=\"ltr\">At Twitter headquarters\u2019 coffee bar, \u2066<a href=\"https:\/\/twitter.com\/elonmusk?ref_src=twsrc%5Etfw\">@elonmusk<\/a>\u2069 <a href=\"https:\/\/t.co\/vy5Cw7zttf\">pic.twitter.com\/vy5Cw7zttf<\/a><\/p>&mdash; Walter Isaacson (@WalterIsaacson) <a href=\"https:\/\/twitter.com\/WalterIsaacson\/status\/1585666128713371649?ref_src=twsrc%5Etfw\">October 27, 2022<\/a><\/blockquote><script async src=\"https:\/\/platform.twitter.com\/widgets.js\" charset=\"utf-8\"><\/script>\n<\/div><\/figure>\n\n\n\n<p>Ayer, el empresario public\u00f3 en sus redes sociales un video en el que se le ve entrando a las oficinas de la plataforma con un lavabo en las manos. Tambi\u00e9n cambi\u00f3 sus datos en su perfil; agreg\u00f3 como ubicaci\u00f3n &#8220;Twitter HQ&#8221;, en referencia a las oficinas, y se describi\u00f3 como &#8220;Twit Chief&#8221;, es decir, jefe de Twitter.<\/p>\n\n\n\n<figure class=\"wp-block-embed is-type-rich is-provider-twitter wp-block-embed-twitter\"><div class=\"wp-block-embed__wrapper\">\n<blockquote class=\"twitter-tweet\" data-width=\"550\" data-dnt=\"true\"><p lang=\"en\" dir=\"ltr\">Meeting a lot of cool people at Twitter today!<\/p>&mdash; Elon Musk (@elonmusk) <a href=\"https:\/\/twitter.com\/elonmusk\/status\/1585385664606269440?ref_src=twsrc%5Etfw\">October 26, 2022<\/a><\/blockquote><script async src=\"https:\/\/platform.twitter.com\/widgets.js\" charset=\"utf-8\"><\/script>\n<\/div><\/figure>\n\n\n\n<p>Con informaci\u00f3n de AFP<\/p>\n","protected":false},"excerpt":{"rendered":"<p>Por Redacci\u00f3n QP El empresario dice, entre otras cosas, que busca &#8220;tener una plaza p\u00fablica&#8230;<\/p>\n","protected":false},"author":2,"featured_media":96784,"comment_status":"open","ping_status":"open","sticky":false,"template":"","format":"standard","meta":{"_monsterinsights_skip_tracking":false,"_monsterinsights_sitenote_active":false,"_monsterinsights_sitenote_note":"","_monsterinsights_sitenote_category":0,"footnotes":""},"categories":[56],"tags":[],"class_list":["post-96783","post","type-post","status-publish","format-standard","has-post-thumbnail","hentry","category-economia"],"yoast_head":"<!-- This site is optimized with the Yoast SEO plugin v27.3 - https:\/\/yoast.com\/product\/yoast-seo-wordpress\/ -->\n<title>\u00a1Lo dijo todo! Elon Musk revela por qu\u00e9 compr\u00f3 Twitter\u00a0 -<\/title>\n<meta name=\"robots\" content=\"index, follow, max-snippet:-1, max-image-preview:large, max-video-preview:-1\" \/>\n<link rel=\"canonical\" href=\"https:\/\/quehacerpolitico.mx\/?p=96783\" \/>\n<meta property=\"og:locale\" content=\"es_MX\" \/>\n<meta property=\"og:type\" content=\"article\" \/>\n<meta property=\"og:title\" content=\"\u00a1Lo dijo todo! Elon Musk revela por qu\u00e9 compr\u00f3 Twitter\u00a0 -\" \/>\n<meta property=\"og:description\" content=\"Por Redacci\u00f3n QP El empresario dice, entre otras cosas, que busca &#8220;tener una plaza p\u00fablica...\" \/>\n<meta property=\"og:url\" content=\"https:\/\/quehacerpolitico.mx\/?p=96783\" \/>\n<meta property=\"article:published_time\" content=\"2022-10-27T18:04:14+00:00\" \/>\n<meta property=\"article:modified_time\" content=\"2022-10-27T18:04:18+00:00\" \/>\n<meta property=\"og:image\" content=\"https:\/\/quehacerpolitico.mx\/wp-content\/uploads\/2022\/10\/4B860FF3-EAEC-4F38-940D-6B4642BC231C.jpeg\" \/>\n\t<meta property=\"og:image:width\" content=\"696\" \/>\n\t<meta property=\"og:image:height\" content=\"387\" \/>\n\t<meta property=\"og:image:type\" content=\"image\/jpeg\" \/>\n<meta name=\"author\" content=\"Redacci\u00f3n QP\" \/>\n<meta name=\"twitter:card\" content=\"summary_large_image\" \/>\n<meta name=\"twitter:label1\" content=\"Escrito por\" \/>\n\t<meta name=\"twitter:data1\" content=\"Redacci\u00f3n QP\" \/>\n\t<meta name=\"twitter:label2\" content=\"Tiempo de lectura\" \/>\n\t<meta name=\"twitter:data2\" content=\"1 minuto\" \/>\n<script type=\"application\/ld+json\" class=\"yoast-schema-graph\">{\"@context\":\"https:\\\/\\\/schema.org\",\"@graph\":[{\"@type\":\"Article\",\"@id\":\"https:\\\/\\\/quehacerpolitico.mx\\\/?p=96783#article\",\"isPartOf\":{\"@id\":\"https:\\\/\\\/quehacerpolitico.mx\\\/?p=96783\"},\"author\":{\"name\":\"Redacci\u00f3n QP\",\"@id\":\"https:\\\/\\\/quehacerpolitico.mx\\\/#\\\/schema\\\/person\\\/496d8ad2d1d3f8036101dca7ee39e585\"},\"headline\":\"\u00a1Lo dijo todo! Elon Musk revela por qu\u00e9 compr\u00f3 Twitter\u00a0\",\"datePublished\":\"2022-10-27T18:04:14+00:00\",\"dateModified\":\"2022-10-27T18:04:18+00:00\",\"mainEntityOfPage\":{\"@id\":\"https:\\\/\\\/quehacerpolitico.mx\\\/?p=96783\"},\"wordCount\":239,\"commentCount\":0,\"image\":{\"@id\":\"https:\\\/\\\/quehacerpolitico.mx\\\/?p=96783#primaryimage\"},\"thumbnailUrl\":\"https:\\\/\\\/quehacerpolitico.mx\\\/wp-content\\\/uploads\\\/2022\\\/10\\\/4B860FF3-EAEC-4F38-940D-6B4642BC231C.jpeg\",\"articleSection\":[\"Econom\u00eda\"],\"inLanguage\":\"es\",\"potentialAction\":[{\"@type\":\"CommentAction\",\"name\":\"Comment\",\"target\":[\"https:\\\/\\\/quehacerpolitico.mx\\\/?p=96783#respond\"]}]},{\"@type\":\"WebPage\",\"@id\":\"https:\\\/\\\/quehacerpolitico.mx\\\/?p=96783\",\"url\":\"https:\\\/\\\/quehacerpolitico.mx\\\/?p=96783\",\"name\":\"\u00a1Lo dijo todo! Elon Musk revela por qu\u00e9 compr\u00f3 Twitter\u00a0 -\",\"isPartOf\":{\"@id\":\"https:\\\/\\\/quehacerpolitico.mx\\\/#website\"},\"primaryImageOfPage\":{\"@id\":\"https:\\\/\\\/quehacerpolitico.mx\\\/?p=96783#primaryimage\"},\"image\":{\"@id\":\"https:\\\/\\\/quehacerpolitico.mx\\\/?p=96783#primaryimage\"},\"thumbnailUrl\":\"https:\\\/\\\/quehacerpolitico.mx\\\/wp-content\\\/uploads\\\/2022\\\/10\\\/4B860FF3-EAEC-4F38-940D-6B4642BC231C.jpeg\",\"datePublished\":\"2022-10-27T18:04:14+00:00\",\"dateModified\":\"2022-10-27T18:04:18+00:00\",\"author\":{\"@id\":\"https:\\\/\\\/quehacerpolitico.mx\\\/#\\\/schema\\\/person\\\/496d8ad2d1d3f8036101dca7ee39e585\"},\"breadcrumb\":{\"@id\":\"https:\\\/\\\/quehacerpolitico.mx\\\/?p=96783#breadcrumb\"},\"inLanguage\":\"es\",\"potentialAction\":[{\"@type\":\"ReadAction\",\"target\":[\"https:\\\/\\\/quehacerpolitico.mx\\\/?p=96783\"]}]},{\"@type\":\"ImageObject\",\"inLanguage\":\"es\",\"@id\":\"https:\\\/\\\/quehacerpolitico.mx\\\/?p=96783#primaryimage\",\"url\":\"https:\\\/\\\/quehacerpolitico.mx\\\/wp-content\\\/uploads\\\/2022\\\/10\\\/4B860FF3-EAEC-4F38-940D-6B4642BC231C.jpeg\",\"contentUrl\":\"https:\\\/\\\/quehacerpolitico.mx\\\/wp-content\\\/uploads\\\/2022\\\/10\\\/4B860FF3-EAEC-4F38-940D-6B4642BC231C.jpeg\",\"width\":696,\"height\":387},{\"@type\":\"BreadcrumbList\",\"@id\":\"https:\\\/\\\/quehacerpolitico.mx\\\/?p=96783#breadcrumb\",\"itemListElement\":[{\"@type\":\"ListItem\",\"position\":1,\"name\":\"Inicio\",\"item\":\"https:\\\/\\\/quehacerpolitico.mx\\\/\"},{\"@type\":\"ListItem\",\"position\":2,\"name\":\"\u00a1Lo dijo todo! Elon Musk revela por qu\u00e9 compr\u00f3 Twitter\u00a0\"}]},{\"@type\":\"WebSite\",\"@id\":\"https:\\\/\\\/quehacerpolitico.mx\\\/#website\",\"url\":\"https:\\\/\\\/quehacerpolitico.mx\\\/\",\"name\":\"\",\"description\":\"\",\"potentialAction\":[{\"@type\":\"SearchAction\",\"target\":{\"@type\":\"EntryPoint\",\"urlTemplate\":\"https:\\\/\\\/quehacerpolitico.mx\\\/?s={search_term_string}\"},\"query-input\":{\"@type\":\"PropertyValueSpecification\",\"valueRequired\":true,\"valueName\":\"search_term_string\"}}],\"inLanguage\":\"es\"},{\"@type\":\"Person\",\"@id\":\"https:\\\/\\\/quehacerpolitico.mx\\\/#\\\/schema\\\/person\\\/496d8ad2d1d3f8036101dca7ee39e585\",\"name\":\"Redacci\u00f3n QP\",\"image\":{\"@type\":\"ImageObject\",\"inLanguage\":\"es\",\"@id\":\"https:\\\/\\\/secure.gravatar.com\\\/avatar\\\/c7164ed6fdec453195284ad24a5ae5b6e1eed2b848477fa2a4787ba9adf39a41?s=96&d=mm&r=g\",\"url\":\"https:\\\/\\\/secure.gravatar.com\\\/avatar\\\/c7164ed6fdec453195284ad24a5ae5b6e1eed2b848477fa2a4787ba9adf39a41?s=96&d=mm&r=g\",\"contentUrl\":\"https:\\\/\\\/secure.gravatar.com\\\/avatar\\\/c7164ed6fdec453195284ad24a5ae5b6e1eed2b848477fa2a4787ba9adf39a41?s=96&d=mm&r=g\",\"caption\":\"Redacci\u00f3n QP\"},\"url\":\"https:\\\/\\\/quehacerpolitico.mx\\\/?author=2\"}]}<\/script>\n<!-- \/ Yoast SEO plugin. -->","yoast_head_json":{"title":"\u00a1Lo dijo todo! Elon Musk revela por qu\u00e9 compr\u00f3 Twitter\u00a0 -","robots":{"index":"index","follow":"follow","max-snippet":"max-snippet:-1","max-image-preview":"max-image-preview:large","max-video-preview":"max-video-preview:-1"},"canonical":"https:\/\/quehacerpolitico.mx\/?p=96783","og_locale":"es_MX","og_type":"article","og_title":"\u00a1Lo dijo todo! Elon Musk revela por qu\u00e9 compr\u00f3 Twitter\u00a0 -","og_description":"Por Redacci\u00f3n QP El empresario dice, entre otras cosas, que busca &#8220;tener una plaza p\u00fablica...","og_url":"https:\/\/quehacerpolitico.mx\/?p=96783","article_published_time":"2022-10-27T18:04:14+00:00","article_modified_time":"2022-10-27T18:04:18+00:00","og_image":[{"width":696,"height":387,"url":"https:\/\/quehacerpolitico.mx\/wp-content\/uploads\/2022\/10\/4B860FF3-EAEC-4F38-940D-6B4642BC231C.jpeg","type":"image\/jpeg"}],"author":"Redacci\u00f3n QP","twitter_card":"summary_large_image","twitter_misc":{"Escrito por":"Redacci\u00f3n QP","Tiempo de lectura":"1 minuto"},"schema":{"@context":"https:\/\/schema.org","@graph":[{"@type":"Article","@id":"https:\/\/quehacerpolitico.mx\/?p=96783#article","isPartOf":{"@id":"https:\/\/quehacerpolitico.mx\/?p=96783"},"author":{"name":"Redacci\u00f3n QP","@id":"https:\/\/quehacerpolitico.mx\/#\/schema\/person\/496d8ad2d1d3f8036101dca7ee39e585"},"headline":"\u00a1Lo dijo todo! Elon Musk revela por qu\u00e9 compr\u00f3 Twitter\u00a0","datePublished":"2022-10-27T18:04:14+00:00","dateModified":"2022-10-27T18:04:18+00:00","mainEntityOfPage":{"@id":"https:\/\/quehacerpolitico.mx\/?p=96783"},"wordCount":239,"commentCount":0,"image":{"@id":"https:\/\/quehacerpolitico.mx\/?p=96783#primaryimage"},"thumbnailUrl":"https:\/\/quehacerpolitico.mx\/wp-content\/uploads\/2022\/10\/4B860FF3-EAEC-4F38-940D-6B4642BC231C.jpeg","articleSection":["Econom\u00eda"],"inLanguage":"es","potentialAction":[{"@type":"CommentAction","name":"Comment","target":["https:\/\/quehacerpolitico.mx\/?p=96783#respond"]}]},{"@type":"WebPage","@id":"https:\/\/quehacerpolitico.mx\/?p=96783","url":"https:\/\/quehacerpolitico.mx\/?p=96783","name":"\u00a1Lo dijo todo! Elon Musk revela por qu\u00e9 compr\u00f3 Twitter\u00a0 -","isPartOf":{"@id":"https:\/\/quehacerpolitico.mx\/#website"},"primaryImageOfPage":{"@id":"https:\/\/quehacerpolitico.mx\/?p=96783#primaryimage"},"image":{"@id":"https:\/\/quehacerpolitico.mx\/?p=96783#primaryimage"},"thumbnailUrl":"https:\/\/quehacerpolitico.mx\/wp-content\/uploads\/2022\/10\/4B860FF3-EAEC-4F38-940D-6B4642BC231C.jpeg","datePublished":"2022-10-27T18:04:14+00:00","dateModified":"2022-10-27T18:04:18+00:00","author":{"@id":"https:\/\/quehacerpolitico.mx\/#\/schema\/person\/496d8ad2d1d3f8036101dca7ee39e585"},"breadcrumb":{"@id":"https:\/\/quehacerpolitico.mx\/?p=96783#breadcrumb"},"inLanguage":"es","potentialAction":[{"@type":"ReadAction","target":["https:\/\/quehacerpolitico.mx\/?p=96783"]}]},{"@type":"ImageObject","inLanguage":"es","@id":"https:\/\/quehacerpolitico.mx\/?p=96783#primaryimage","url":"https:\/\/quehacerpolitico.mx\/wp-content\/uploads\/2022\/10\/4B860FF3-EAEC-4F38-940D-6B4642BC231C.jpeg","contentUrl":"https:\/\/quehacerpolitico.mx\/wp-content\/uploads\/2022\/10\/4B860FF3-EAEC-4F38-940D-6B4642BC231C.jpeg","width":696,"height":387},{"@type":"BreadcrumbList","@id":"https:\/\/quehacerpolitico.mx\/?p=96783#breadcrumb","itemListElement":[{"@type":"ListItem","position":1,"name":"Inicio","item":"https:\/\/quehacerpolitico.mx\/"},{"@type":"ListItem","position":2,"name":"\u00a1Lo dijo todo! Elon Musk revela por qu\u00e9 compr\u00f3 Twitter\u00a0"}]},{"@type":"WebSite","@id":"https:\/\/quehacerpolitico.mx\/#website","url":"https:\/\/quehacerpolitico.mx\/","name":"","description":"","potentialAction":[{"@type":"SearchAction","target":{"@type":"EntryPoint","urlTemplate":"https:\/\/quehacerpolitico.mx\/?s={search_term_string}"},"query-input":{"@type":"PropertyValueSpecification","valueRequired":true,"valueName":"search_term_string"}}],"inLanguage":"es"},{"@type":"Person","@id":"https:\/\/quehacerpolitico.mx\/#\/schema\/person\/496d8ad2d1d3f8036101dca7ee39e585","name":"Redacci\u00f3n QP","image":{"@type":"ImageObject","inLanguage":"es","@id":"https:\/\/secure.gravatar.com\/avatar\/c7164ed6fdec453195284ad24a5ae5b6e1eed2b848477fa2a4787ba9adf39a41?s=96&d=mm&r=g","url":"https:\/\/secure.gravatar.com\/avatar\/c7164ed6fdec453195284ad24a5ae5b6e1eed2b848477fa2a4787ba9adf39a41?s=96&d=mm&r=g","contentUrl":"https:\/\/secure.gravatar.com\/avatar\/c7164ed6fdec453195284ad24a5ae5b6e1eed2b848477fa2a4787ba9adf39a41?s=96&d=mm&r=g","caption":"Redacci\u00f3n QP"},"url":"https:\/\/quehacerpolitico.mx\/?author=2"}]}},"featured_image_urls":{"full":["https:\/\/quehacerpolitico.mx\/wp-content\/uploads\/2022\/10\/4B860FF3-EAEC-4F38-940D-6B4642BC231C.jpeg",696,387,false],"thumbnail":["https:\/\/quehacerpolitico.mx\/wp-content\/uploads\/2022\/10\/4B860FF3-EAEC-4F38-940D-6B4642BC231C-150x150.jpeg",150,150,true],"medium":["https:\/\/quehacerpolitico.mx\/wp-content\/uploads\/2022\/10\/4B860FF3-EAEC-4F38-940D-6B4642BC231C-300x167.jpeg",300,167,true],"medium_large":["https:\/\/quehacerpolitico.mx\/wp-content\/uploads\/2022\/10\/4B860FF3-EAEC-4F38-940D-6B4642BC231C.jpeg",640,356,false],"large":["https:\/\/quehacerpolitico.mx\/wp-content\/uploads\/2022\/10\/4B860FF3-EAEC-4F38-940D-6B4642BC231C.jpeg",640,356,false],"1536x1536":["https:\/\/quehacerpolitico.mx\/wp-content\/uploads\/2022\/10\/4B860FF3-EAEC-4F38-940D-6B4642BC231C.jpeg",696,387,false],"2048x2048":["https:\/\/quehacerpolitico.mx\/wp-content\/uploads\/2022\/10\/4B860FF3-EAEC-4F38-940D-6B4642BC231C.jpeg",696,387,false],"covernews-featured":["https:\/\/quehacerpolitico.mx\/wp-content\/uploads\/2022\/10\/4B860FF3-EAEC-4F38-940D-6B4642BC231C.jpeg",696,387,false],"covernews-medium":["https:\/\/quehacerpolitico.mx\/wp-content\/uploads\/2022\/10\/4B860FF3-EAEC-4F38-940D-6B4642BC231C.jpeg",540,300,false]},"author_info":{"display_name":"Redacci\u00f3n QP","author_link":"https:\/\/quehacerpolitico.mx\/?author=2"},"category_info":"<a href=\"https:\/\/quehacerpolitico.mx\/?cat=56\" rel=\"category\">Econom\u00eda<\/a>","tag_info":"Econom\u00eda","comment_count":"0","_links":{"self":[{"href":"https:\/\/quehacerpolitico.mx\/index.php?rest_route=\/wp\/v2\/posts\/96783","targetHints":{"allow":["GET"]}}],"collection":[{"href":"https:\/\/quehacerpolitico.mx\/index.php?rest_route=\/wp\/v2\/posts"}],"about":[{"href":"https:\/\/quehacerpolitico.mx\/index.php?rest_route=\/wp\/v2\/types\/post"}],"author":[{"embeddable":true,"href":"https:\/\/quehacerpolitico.mx\/index.php?rest_route=\/wp\/v2\/users\/2"}],"replies":[{"embeddable":true,"href":"https:\/\/quehacerpolitico.mx\/index.php?rest_route=%2Fwp%2Fv2%2Fcomments&post=96783"}],"version-history":[{"count":1,"href":"https:\/\/quehacerpolitico.mx\/index.php?rest_route=\/wp\/v2\/posts\/96783\/revisions"}],"predecessor-version":[{"id":96785,"href":"https:\/\/quehacerpolitico.mx\/index.php?rest_route=\/wp\/v2\/posts\/96783\/revisions\/96785"}],"wp:featuredmedia":[{"embeddable":true,"href":"https:\/\/quehacerpolitico.mx\/index.php?rest_route=\/wp\/v2\/media\/96784"}],"wp:attachment":[{"href":"https:\/\/quehacerpolitico.mx\/index.php?rest_route=%2Fwp%2Fv2%2Fmedia&parent=96783"}],"wp:term":[{"taxonomy":"category","embeddable":true,"href":"https:\/\/quehacerpolitico.mx\/index.php?rest_route=%2Fwp%2Fv2%2Fcategories&post=96783"},{"taxonomy":"post_tag","embeddable":true,"href":"https:\/\/quehacerpolitico.mx\/index.php?rest_route=%2Fwp%2Fv2%2Ftags&post=96783"}],"curies":[{"name":"wp","href":"https:\/\/api.w.org\/{rel}","templated":true}]}}