{"id":96780,"date":"2022-10-27T17:42:20","date_gmt":"2022-10-27T17:42:20","guid":{"rendered":"https:\/\/quehacerpolitico.mx\/?p=96780"},"modified":"2022-10-27T17:42:24","modified_gmt":"2022-10-27T17:42:24","slug":"el-gran-premio-de-mexico-se-queda-hasta-el-2025","status":"publish","type":"post","link":"https:\/\/quehacerpolitico.mx\/?p=96780","title":{"rendered":"\u00a1El Gran Premio de M\u00e9xico se queda hasta el 2025!\u00a0"},"content":{"rendered":"\n<p>Por Redacci\u00f3n QP<\/p>\n\n\n\n<p>Confirman la renovaci\u00f3n de la carrera de la F1 hasta 2025<\/p>\n\n\n\n<p>Autoridades de F\u00f3rmula 1, CIE, y el Gobierno de la Ciudad de M\u00e9xico confirmaron que el Gran Premio de M\u00e9xico seguir\u00e1 al menos hasta el 2025<\/p>\n\n\n\n<p>En una rueda de prensa celebrada esta ma\u00f1ana en el Aut\u00f3dromo Hermanos Rodr\u00edguez la Jefa de Gobierno de la Ciudad de M\u00e9xico, Claudia Sheinbaum, el presidente de la F\u00f3rmula Uno, Stefano Domenicali y Sober\u00f3n CEO de CIE confirmaron que el Gran Premio de M\u00e9xico\u00a0<strong>permanecer\u00e1 en el calendario por tres a\u00f1os m\u00e1s, hasta 2025.<\/strong><\/p>\n\n\n\n<p>El\u00a0<strong>Gran Premio de M\u00e9xico<\/strong>\u00a0seguir\u00e1 siendo parte del\u00a0<strong>calendario<\/strong>de la\u00a0<strong>F\u00f3rmula Uno<\/strong>\u00a0(F1) al menos hasta el a\u00f1o\u00a0<strong>2025<\/strong>.<\/p>\n\n\n\n<figure class=\"wp-block-embed is-type-rich is-provider-twitter wp-block-embed-twitter\"><div class=\"wp-block-embed__wrapper\">\n<blockquote class=\"twitter-tweet\" data-width=\"550\" data-dnt=\"true\"><p lang=\"en\" dir=\"ltr\">Full details \ud83d\udc47<a href=\"https:\/\/twitter.com\/hashtag\/MexicoGP?src=hash&amp;ref_src=twsrc%5Etfw\">#MexicoGP<\/a> <a href=\"https:\/\/twitter.com\/hashtag\/F1?src=hash&amp;ref_src=twsrc%5Etfw\">#F1<\/a> <a href=\"https:\/\/t.co\/gJsTBCxiWy\">https:\/\/t.co\/gJsTBCxiWy<\/a><\/p>&mdash; Formula 1 (@F1) <a href=\"https:\/\/twitter.com\/F1\/status\/1585680157980885002?ref_src=twsrc%5Etfw\">October 27, 2022<\/a><\/blockquote><script async src=\"https:\/\/platform.twitter.com\/widgets.js\" charset=\"utf-8\"><\/script>\n<\/div><\/figure>\n\n\n\n<p>Lo anterior fue detallado en conferencia de prensa por<strong>\u00a0Claudia Sheinbaum<\/strong>, jefa de Gobierno de la\u00a0<strong>Ciudad de M\u00e9xico<\/strong>;\u00a0<strong>Stefano Domenecali<\/strong>,\u00a0<strong>CEO<\/strong>\u00a0de\u00a0<strong>F\u00f3rmula Uno<\/strong>\u00a0(<strong>F1<\/strong>), y\u00a0<strong>Alejandro Sober\u00f3n<\/strong>, presidente ejecutivo y director general de\u00a0<strong>CIE<\/strong>.<\/p>\n\n\n\n<p>\u201cEstamos encantados de compartir excelente noticias con ustedes. Gracias al liderazgo de la doctora Claudia Sheinbaum, al Gobierno de la CDMX, el Gran Premio mexicano se mantendr\u00e1 en el calendario de F\u00f3rmula Uno hasta el 2025\u201d, apunt\u00f3 Sober\u00f3n.<\/p>\n\n\n\n<p>El presidente ejecutivo y director general de\u00a0<strong>CIE<\/strong>\u00a0dijo que el\u00a0<strong>Gran Premio de M\u00e9xico<\/strong>\u00a0ha dejado una derrame econ\u00f3mico acumulada hasta el 2021 de 89 mil 527 millones de pesos en el pa\u00eds, am\u00e1s de la creaci\u00f3n de 57 mil empleos.<\/p>\n\n\n\n<figure class=\"wp-block-embed is-type-video is-provider-youtube wp-block-embed-youtube wp-embed-aspect-16-9 wp-has-aspect-ratio\"><div class=\"wp-block-embed__wrapper\">\n<iframe loading=\"lazy\" title=\"Corte de List\u00f3n Inaugural del Pabell\u00f3n \u2013 Museo CDMX\" width=\"640\" height=\"360\" src=\"https:\/\/www.youtube.com\/embed\/GvZjLPxRpWU?feature=oembed\" frameborder=\"0\" allow=\"accelerometer; autoplay; clipboard-write; encrypted-media; gyroscope; picture-in-picture; web-share\" referrerpolicy=\"strict-origin-when-cross-origin\" allowfullscreen><\/iframe>\n<\/div><\/figure>\n\n\n\n<p>\u201cEn la edici\u00f3n del a\u00f1o pasado, el beneficio econ\u00f3mico fue de 15 mil 881 millones de pesos a la regi\u00f3n\u201d, puntualiz\u00f3.<\/p>\n\n\n\n<p><strong>Claudia Sheibaum<\/strong>, jefa de Gobierno de la CDMX, confirm\u00f3 que el GP de M\u00e9xico no tendr\u00e1 recursos p\u00fablicos, pero que se busc\u00f3 el apoyo de empresarios para llevarlo a cabo y no dejar que dicho espect\u00e1culo se vaya del pa\u00eds.<\/p>\n\n\n\n<p>\u201cF1 ha representado algo muy importante para nuestra ciudad. Es una derrama econ\u00f3mica que como lo mencionaron, sumada puede llegar hasta los mil millones de pesos l a\u00f1o pasado en tan solo un fin de semana, pero tiene m\u00e1s que ello porque la ven millones de personas en todo el mundo. F1 es muy importante para la ciudad\u201d, explic\u00f3<\/p>\n\n\n\n<p>\u201cEl gran anuncio del d\u00eda de hoy es que la F1 est\u00e1 garantizado hasta el 2025 en la Ciudad de M\u00e9xico, esa es una gran noticia\u201d, argument\u00f3.<\/p>\n","protected":false},"excerpt":{"rendered":"<p>Por Redacci\u00f3n QP Confirman la renovaci\u00f3n de la carrera de la F1 hasta 2025 Autoridades&#8230;<\/p>\n","protected":false},"author":2,"featured_media":96781,"comment_status":"open","ping_status":"open","sticky":false,"template":"","format":"standard","meta":{"_monsterinsights_skip_tracking":false,"_monsterinsights_sitenote_active":false,"_monsterinsights_sitenote_note":"","_monsterinsights_sitenote_category":0,"footnotes":""},"categories":[54],"tags":[],"class_list":["post-96780","post","type-post","status-publish","format-standard","has-post-thumbnail","hentry","category-deportes"],"yoast_head":"<!-- This site is optimized with the Yoast SEO plugin v27.3 - https:\/\/yoast.com\/product\/yoast-seo-wordpress\/ -->\n<title>\u00a1El Gran Premio de M\u00e9xico se queda hasta el 2025!\u00a0 -<\/title>\n<meta name=\"robots\" content=\"index, follow, max-snippet:-1, max-image-preview:large, max-video-preview:-1\" \/>\n<link rel=\"canonical\" href=\"https:\/\/quehacerpolitico.mx\/?p=96780\" \/>\n<meta property=\"og:locale\" content=\"es_MX\" \/>\n<meta property=\"og:type\" content=\"article\" \/>\n<meta property=\"og:title\" content=\"\u00a1El Gran Premio de M\u00e9xico se queda hasta el 2025!\u00a0 -\" \/>\n<meta property=\"og:description\" content=\"Por Redacci\u00f3n QP Confirman la renovaci\u00f3n de la carrera de la F1 hasta 2025 Autoridades...\" \/>\n<meta property=\"og:url\" content=\"https:\/\/quehacerpolitico.mx\/?p=96780\" \/>\n<meta property=\"article:published_time\" content=\"2022-10-27T17:42:20+00:00\" \/>\n<meta property=\"article:modified_time\" content=\"2022-10-27T17:42:24+00:00\" \/>\n<meta property=\"og:image\" content=\"https:\/\/quehacerpolitico.mx\/wp-content\/uploads\/2022\/10\/4B6E69DB-CBF6-4F12-B35A-C04E4D1E7DCD.jpeg\" \/>\n\t<meta property=\"og:image:width\" content=\"738\" \/>\n\t<meta property=\"og:image:height\" content=\"415\" \/>\n\t<meta property=\"og:image:type\" content=\"image\/jpeg\" \/>\n<meta name=\"author\" content=\"Redacci\u00f3n QP\" \/>\n<meta name=\"twitter:card\" content=\"summary_large_image\" \/>\n<meta name=\"twitter:label1\" content=\"Escrito por\" \/>\n\t<meta name=\"twitter:data1\" content=\"Redacci\u00f3n QP\" \/>\n\t<meta name=\"twitter:label2\" content=\"Tiempo de lectura\" \/>\n\t<meta name=\"twitter:data2\" content=\"2 minutos\" \/>\n<script type=\"application\/ld+json\" class=\"yoast-schema-graph\">{\"@context\":\"https:\\\/\\\/schema.org\",\"@graph\":[{\"@type\":\"Article\",\"@id\":\"https:\\\/\\\/quehacerpolitico.mx\\\/?p=96780#article\",\"isPartOf\":{\"@id\":\"https:\\\/\\\/quehacerpolitico.mx\\\/?p=96780\"},\"author\":{\"name\":\"Redacci\u00f3n QP\",\"@id\":\"https:\\\/\\\/quehacerpolitico.mx\\\/#\\\/schema\\\/person\\\/496d8ad2d1d3f8036101dca7ee39e585\"},\"headline\":\"\u00a1El Gran Premio de M\u00e9xico se queda hasta el 2025!\u00a0\",\"datePublished\":\"2022-10-27T17:42:20+00:00\",\"dateModified\":\"2022-10-27T17:42:24+00:00\",\"mainEntityOfPage\":{\"@id\":\"https:\\\/\\\/quehacerpolitico.mx\\\/?p=96780\"},\"wordCount\":430,\"commentCount\":0,\"image\":{\"@id\":\"https:\\\/\\\/quehacerpolitico.mx\\\/?p=96780#primaryimage\"},\"thumbnailUrl\":\"https:\\\/\\\/quehacerpolitico.mx\\\/wp-content\\\/uploads\\\/2022\\\/10\\\/4B6E69DB-CBF6-4F12-B35A-C04E4D1E7DCD.jpeg\",\"articleSection\":[\"Deportes\"],\"inLanguage\":\"es\",\"potentialAction\":[{\"@type\":\"CommentAction\",\"name\":\"Comment\",\"target\":[\"https:\\\/\\\/quehacerpolitico.mx\\\/?p=96780#respond\"]}]},{\"@type\":\"WebPage\",\"@id\":\"https:\\\/\\\/quehacerpolitico.mx\\\/?p=96780\",\"url\":\"https:\\\/\\\/quehacerpolitico.mx\\\/?p=96780\",\"name\":\"\u00a1El Gran Premio de M\u00e9xico se queda hasta el 2025!\u00a0 -\",\"isPartOf\":{\"@id\":\"https:\\\/\\\/quehacerpolitico.mx\\\/#website\"},\"primaryImageOfPage\":{\"@id\":\"https:\\\/\\\/quehacerpolitico.mx\\\/?p=96780#primaryimage\"},\"image\":{\"@id\":\"https:\\\/\\\/quehacerpolitico.mx\\\/?p=96780#primaryimage\"},\"thumbnailUrl\":\"https:\\\/\\\/quehacerpolitico.mx\\\/wp-content\\\/uploads\\\/2022\\\/10\\\/4B6E69DB-CBF6-4F12-B35A-C04E4D1E7DCD.jpeg\",\"datePublished\":\"2022-10-27T17:42:20+00:00\",\"dateModified\":\"2022-10-27T17:42:24+00:00\",\"author\":{\"@id\":\"https:\\\/\\\/quehacerpolitico.mx\\\/#\\\/schema\\\/person\\\/496d8ad2d1d3f8036101dca7ee39e585\"},\"breadcrumb\":{\"@id\":\"https:\\\/\\\/quehacerpolitico.mx\\\/?p=96780#breadcrumb\"},\"inLanguage\":\"es\",\"potentialAction\":[{\"@type\":\"ReadAction\",\"target\":[\"https:\\\/\\\/quehacerpolitico.mx\\\/?p=96780\"]}]},{\"@type\":\"ImageObject\",\"inLanguage\":\"es\",\"@id\":\"https:\\\/\\\/quehacerpolitico.mx\\\/?p=96780#primaryimage\",\"url\":\"https:\\\/\\\/quehacerpolitico.mx\\\/wp-content\\\/uploads\\\/2022\\\/10\\\/4B6E69DB-CBF6-4F12-B35A-C04E4D1E7DCD.jpeg\",\"contentUrl\":\"https:\\\/\\\/quehacerpolitico.mx\\\/wp-content\\\/uploads\\\/2022\\\/10\\\/4B6E69DB-CBF6-4F12-B35A-C04E4D1E7DCD.jpeg\",\"width\":738,\"height\":415},{\"@type\":\"BreadcrumbList\",\"@id\":\"https:\\\/\\\/quehacerpolitico.mx\\\/?p=96780#breadcrumb\",\"itemListElement\":[{\"@type\":\"ListItem\",\"position\":1,\"name\":\"Inicio\",\"item\":\"https:\\\/\\\/quehacerpolitico.mx\\\/\"},{\"@type\":\"ListItem\",\"position\":2,\"name\":\"\u00a1El Gran Premio de M\u00e9xico se queda hasta el 2025!\u00a0\"}]},{\"@type\":\"WebSite\",\"@id\":\"https:\\\/\\\/quehacerpolitico.mx\\\/#website\",\"url\":\"https:\\\/\\\/quehacerpolitico.mx\\\/\",\"name\":\"\",\"description\":\"\",\"potentialAction\":[{\"@type\":\"SearchAction\",\"target\":{\"@type\":\"EntryPoint\",\"urlTemplate\":\"https:\\\/\\\/quehacerpolitico.mx\\\/?s={search_term_string}\"},\"query-input\":{\"@type\":\"PropertyValueSpecification\",\"valueRequired\":true,\"valueName\":\"search_term_string\"}}],\"inLanguage\":\"es\"},{\"@type\":\"Person\",\"@id\":\"https:\\\/\\\/quehacerpolitico.mx\\\/#\\\/schema\\\/person\\\/496d8ad2d1d3f8036101dca7ee39e585\",\"name\":\"Redacci\u00f3n QP\",\"image\":{\"@type\":\"ImageObject\",\"inLanguage\":\"es\",\"@id\":\"https:\\\/\\\/secure.gravatar.com\\\/avatar\\\/c7164ed6fdec453195284ad24a5ae5b6e1eed2b848477fa2a4787ba9adf39a41?s=96&d=mm&r=g\",\"url\":\"https:\\\/\\\/secure.gravatar.com\\\/avatar\\\/c7164ed6fdec453195284ad24a5ae5b6e1eed2b848477fa2a4787ba9adf39a41?s=96&d=mm&r=g\",\"contentUrl\":\"https:\\\/\\\/secure.gravatar.com\\\/avatar\\\/c7164ed6fdec453195284ad24a5ae5b6e1eed2b848477fa2a4787ba9adf39a41?s=96&d=mm&r=g\",\"caption\":\"Redacci\u00f3n QP\"},\"url\":\"https:\\\/\\\/quehacerpolitico.mx\\\/?author=2\"}]}<\/script>\n<!-- \/ Yoast SEO plugin. -->","yoast_head_json":{"title":"\u00a1El Gran Premio de M\u00e9xico se queda hasta el 2025!\u00a0 -","robots":{"index":"index","follow":"follow","max-snippet":"max-snippet:-1","max-image-preview":"max-image-preview:large","max-video-preview":"max-video-preview:-1"},"canonical":"https:\/\/quehacerpolitico.mx\/?p=96780","og_locale":"es_MX","og_type":"article","og_title":"\u00a1El Gran Premio de M\u00e9xico se queda hasta el 2025!\u00a0 -","og_description":"Por Redacci\u00f3n QP Confirman la renovaci\u00f3n de la carrera de la F1 hasta 2025 Autoridades...","og_url":"https:\/\/quehacerpolitico.mx\/?p=96780","article_published_time":"2022-10-27T17:42:20+00:00","article_modified_time":"2022-10-27T17:42:24+00:00","og_image":[{"width":738,"height":415,"url":"https:\/\/quehacerpolitico.mx\/wp-content\/uploads\/2022\/10\/4B6E69DB-CBF6-4F12-B35A-C04E4D1E7DCD.jpeg","type":"image\/jpeg"}],"author":"Redacci\u00f3n QP","twitter_card":"summary_large_image","twitter_misc":{"Escrito por":"Redacci\u00f3n QP","Tiempo de lectura":"2 minutos"},"schema":{"@context":"https:\/\/schema.org","@graph":[{"@type":"Article","@id":"https:\/\/quehacerpolitico.mx\/?p=96780#article","isPartOf":{"@id":"https:\/\/quehacerpolitico.mx\/?p=96780"},"author":{"name":"Redacci\u00f3n QP","@id":"https:\/\/quehacerpolitico.mx\/#\/schema\/person\/496d8ad2d1d3f8036101dca7ee39e585"},"headline":"\u00a1El Gran Premio de M\u00e9xico se queda hasta el 2025!\u00a0","datePublished":"2022-10-27T17:42:20+00:00","dateModified":"2022-10-27T17:42:24+00:00","mainEntityOfPage":{"@id":"https:\/\/quehacerpolitico.mx\/?p=96780"},"wordCount":430,"commentCount":0,"image":{"@id":"https:\/\/quehacerpolitico.mx\/?p=96780#primaryimage"},"thumbnailUrl":"https:\/\/quehacerpolitico.mx\/wp-content\/uploads\/2022\/10\/4B6E69DB-CBF6-4F12-B35A-C04E4D1E7DCD.jpeg","articleSection":["Deportes"],"inLanguage":"es","potentialAction":[{"@type":"CommentAction","name":"Comment","target":["https:\/\/quehacerpolitico.mx\/?p=96780#respond"]}]},{"@type":"WebPage","@id":"https:\/\/quehacerpolitico.mx\/?p=96780","url":"https:\/\/quehacerpolitico.mx\/?p=96780","name":"\u00a1El Gran Premio de M\u00e9xico se queda hasta el 2025!\u00a0 -","isPartOf":{"@id":"https:\/\/quehacerpolitico.mx\/#website"},"primaryImageOfPage":{"@id":"https:\/\/quehacerpolitico.mx\/?p=96780#primaryimage"},"image":{"@id":"https:\/\/quehacerpolitico.mx\/?p=96780#primaryimage"},"thumbnailUrl":"https:\/\/quehacerpolitico.mx\/wp-content\/uploads\/2022\/10\/4B6E69DB-CBF6-4F12-B35A-C04E4D1E7DCD.jpeg","datePublished":"2022-10-27T17:42:20+00:00","dateModified":"2022-10-27T17:42:24+00:00","author":{"@id":"https:\/\/quehacerpolitico.mx\/#\/schema\/person\/496d8ad2d1d3f8036101dca7ee39e585"},"breadcrumb":{"@id":"https:\/\/quehacerpolitico.mx\/?p=96780#breadcrumb"},"inLanguage":"es","potentialAction":[{"@type":"ReadAction","target":["https:\/\/quehacerpolitico.mx\/?p=96780"]}]},{"@type":"ImageObject","inLanguage":"es","@id":"https:\/\/quehacerpolitico.mx\/?p=96780#primaryimage","url":"https:\/\/quehacerpolitico.mx\/wp-content\/uploads\/2022\/10\/4B6E69DB-CBF6-4F12-B35A-C04E4D1E7DCD.jpeg","contentUrl":"https:\/\/quehacerpolitico.mx\/wp-content\/uploads\/2022\/10\/4B6E69DB-CBF6-4F12-B35A-C04E4D1E7DCD.jpeg","width":738,"height":415},{"@type":"BreadcrumbList","@id":"https:\/\/quehacerpolitico.mx\/?p=96780#breadcrumb","itemListElement":[{"@type":"ListItem","position":1,"name":"Inicio","item":"https:\/\/quehacerpolitico.mx\/"},{"@type":"ListItem","position":2,"name":"\u00a1El Gran Premio de M\u00e9xico se queda hasta el 2025!\u00a0"}]},{"@type":"WebSite","@id":"https:\/\/quehacerpolitico.mx\/#website","url":"https:\/\/quehacerpolitico.mx\/","name":"","description":"","potentialAction":[{"@type":"SearchAction","target":{"@type":"EntryPoint","urlTemplate":"https:\/\/quehacerpolitico.mx\/?s={search_term_string}"},"query-input":{"@type":"PropertyValueSpecification","valueRequired":true,"valueName":"search_term_string"}}],"inLanguage":"es"},{"@type":"Person","@id":"https:\/\/quehacerpolitico.mx\/#\/schema\/person\/496d8ad2d1d3f8036101dca7ee39e585","name":"Redacci\u00f3n QP","image":{"@type":"ImageObject","inLanguage":"es","@id":"https:\/\/secure.gravatar.com\/avatar\/c7164ed6fdec453195284ad24a5ae5b6e1eed2b848477fa2a4787ba9adf39a41?s=96&d=mm&r=g","url":"https:\/\/secure.gravatar.com\/avatar\/c7164ed6fdec453195284ad24a5ae5b6e1eed2b848477fa2a4787ba9adf39a41?s=96&d=mm&r=g","contentUrl":"https:\/\/secure.gravatar.com\/avatar\/c7164ed6fdec453195284ad24a5ae5b6e1eed2b848477fa2a4787ba9adf39a41?s=96&d=mm&r=g","caption":"Redacci\u00f3n QP"},"url":"https:\/\/quehacerpolitico.mx\/?author=2"}]}},"featured_image_urls":{"full":["https:\/\/quehacerpolitico.mx\/wp-content\/uploads\/2022\/10\/4B6E69DB-CBF6-4F12-B35A-C04E4D1E7DCD.jpeg",738,415,false],"thumbnail":["https:\/\/quehacerpolitico.mx\/wp-content\/uploads\/2022\/10\/4B6E69DB-CBF6-4F12-B35A-C04E4D1E7DCD-150x150.jpeg",150,150,true],"medium":["https:\/\/quehacerpolitico.mx\/wp-content\/uploads\/2022\/10\/4B6E69DB-CBF6-4F12-B35A-C04E4D1E7DCD-300x169.jpeg",300,169,true],"medium_large":["https:\/\/quehacerpolitico.mx\/wp-content\/uploads\/2022\/10\/4B6E69DB-CBF6-4F12-B35A-C04E4D1E7DCD.jpeg",640,360,false],"large":["https:\/\/quehacerpolitico.mx\/wp-content\/uploads\/2022\/10\/4B6E69DB-CBF6-4F12-B35A-C04E4D1E7DCD.jpeg",640,360,false],"1536x1536":["https:\/\/quehacerpolitico.mx\/wp-content\/uploads\/2022\/10\/4B6E69DB-CBF6-4F12-B35A-C04E4D1E7DCD.jpeg",738,415,false],"2048x2048":["https:\/\/quehacerpolitico.mx\/wp-content\/uploads\/2022\/10\/4B6E69DB-CBF6-4F12-B35A-C04E4D1E7DCD.jpeg",738,415,false],"covernews-featured":["https:\/\/quehacerpolitico.mx\/wp-content\/uploads\/2022\/10\/4B6E69DB-CBF6-4F12-B35A-C04E4D1E7DCD.jpeg",738,415,false],"covernews-medium":["https:\/\/quehacerpolitico.mx\/wp-content\/uploads\/2022\/10\/4B6E69DB-CBF6-4F12-B35A-C04E4D1E7DCD.jpeg",540,304,false]},"author_info":{"display_name":"Redacci\u00f3n QP","author_link":"https:\/\/quehacerpolitico.mx\/?author=2"},"category_info":"<a href=\"https:\/\/quehacerpolitico.mx\/?cat=54\" rel=\"category\">Deportes<\/a>","tag_info":"Deportes","comment_count":"0","_links":{"self":[{"href":"https:\/\/quehacerpolitico.mx\/index.php?rest_route=\/wp\/v2\/posts\/96780","targetHints":{"allow":["GET"]}}],"collection":[{"href":"https:\/\/quehacerpolitico.mx\/index.php?rest_route=\/wp\/v2\/posts"}],"about":[{"href":"https:\/\/quehacerpolitico.mx\/index.php?rest_route=\/wp\/v2\/types\/post"}],"author":[{"embeddable":true,"href":"https:\/\/quehacerpolitico.mx\/index.php?rest_route=\/wp\/v2\/users\/2"}],"replies":[{"embeddable":true,"href":"https:\/\/quehacerpolitico.mx\/index.php?rest_route=%2Fwp%2Fv2%2Fcomments&post=96780"}],"version-history":[{"count":1,"href":"https:\/\/quehacerpolitico.mx\/index.php?rest_route=\/wp\/v2\/posts\/96780\/revisions"}],"predecessor-version":[{"id":96782,"href":"https:\/\/quehacerpolitico.mx\/index.php?rest_route=\/wp\/v2\/posts\/96780\/revisions\/96782"}],"wp:featuredmedia":[{"embeddable":true,"href":"https:\/\/quehacerpolitico.mx\/index.php?rest_route=\/wp\/v2\/media\/96781"}],"wp:attachment":[{"href":"https:\/\/quehacerpolitico.mx\/index.php?rest_route=%2Fwp%2Fv2%2Fmedia&parent=96780"}],"wp:term":[{"taxonomy":"category","embeddable":true,"href":"https:\/\/quehacerpolitico.mx\/index.php?rest_route=%2Fwp%2Fv2%2Fcategories&post=96780"},{"taxonomy":"post_tag","embeddable":true,"href":"https:\/\/quehacerpolitico.mx\/index.php?rest_route=%2Fwp%2Fv2%2Ftags&post=96780"}],"curies":[{"name":"wp","href":"https:\/\/api.w.org\/{rel}","templated":true}]}}