{"id":96697,"date":"2022-10-25T23:18:20","date_gmt":"2022-10-25T23:18:20","guid":{"rendered":"https:\/\/quehacerpolitico.mx\/?p=96697"},"modified":"2022-10-25T23:18:24","modified_gmt":"2022-10-25T23:18:24","slug":"brady-rodgers-y-wilson-tienen-a-sus-respectivos-equipos-con-record-negativo-tras-las-siete-semanas-de-temporada-en-la-nfl","status":"publish","type":"post","link":"https:\/\/quehacerpolitico.mx\/?p=96697","title":{"rendered":"Brady, Rodgers y Wilson tienen a sus respectivos equipos con r\u00e9cord negativo tras las siete semanas de temporada en la NFL\u00a0"},"content":{"rendered":"\n<p>Por Redacci\u00f3n QP<\/p>\n\n\n\n<p>Los veteranos quarterbacks\u00a0<strong>Tom Brady<\/strong>, de Buccaneers;\u00a0<strong>Aaron Rodgers<\/strong>, de Packers, y\u00a0<strong>Russell Wilson<\/strong>, de Broncos, han decepcionado con su desempe\u00f1o en las\u00a0<strong>siete primeras semanas<\/strong>\u00a0de la\u00a0temporada 2022 de la\u00a0<strong>NFL<\/strong>.<\/p>\n\n\n\n<p>Los tres pasadores tienen a sus respectivos equipos con<strong>&nbsp;r\u00e9cord negativo<\/strong>. Tampa Bay suma tres ganados y cuatro perdidos, misma marca que ostenta Green Bay; Denver acumula 2-5.<\/p>\n\n\n\n<p>Si los Buccaneers de Brady marchan en el primer lugar del Sur de la NFC, con 3-4, es porque su divisi\u00f3n es la peor de la liga. Sus cuatro integrantes poseen r\u00e9cord perdedor; Falcons tiene 3-4; Panthers, 2-5; y Saints, 2-5.<\/p>\n\n\n\n<figure class=\"wp-block-embed is-type-rich is-provider-twitter wp-block-embed-twitter\"><div class=\"wp-block-embed__wrapper\">\n<blockquote class=\"twitter-tweet\" data-width=\"550\" data-dnt=\"true\"><p lang=\"en\" dir=\"ltr\">Buccaneers QB Tom Brady has been fined $11,139 for kicking at Falcons DL Grady Jarrett, source confirms. ESPN first reported. Jarrett was flagged for roughing the passer on this play. <a href=\"https:\/\/t.co\/tS6Xq5J27H\">pic.twitter.com\/tS6Xq5J27H<\/a><\/p>&mdash; Jonathan Jones (@jjones9) <a href=\"https:\/\/twitter.com\/jjones9\/status\/1580959617571782659?ref_src=twsrc%5Etfw\">October 14, 2022<\/a><\/blockquote><script async src=\"https:\/\/platform.twitter.com\/widgets.js\" charset=\"utf-8\"><\/script>\n<\/div><\/figure>\n\n\n\n<p>El mariscal de campo de 45 a\u00f1os cambi\u00f3 en febrero pasado la tranquilidad del retiro que anunci\u00f3, y del que se arrepinti\u00f3 40 d\u00edas despu\u00e9s, por una campa\u00f1a de pesadilla que le ha acarreado cr\u00edticas.<\/p>\n\n\n\n<p>Brady, considerado el mejor jugador en la historia de la NFL, se ausent\u00f3 en dos de los tres partidos de la pretemporada de los Bucs; recibi\u00f3 un permiso de 11 d\u00edas para arreglar asuntos personales.<\/p>\n\n\n\n<p>A eso se sum\u00f3 que al inicio de la temporada 2022 el entrenador de Tampa Bay, Todd Bowles, inform\u00f3 que el ganador de siete anillos de Super Bowl tendr\u00eda descanso todos los mi\u00e9rcoles por su veteran\u00eda.<\/p>\n\n\n\n<p>El arranque de la campa\u00f1a, con dos triunfos, fue una ilusi\u00f3n que termin\u00f3 de esfumarse el domingo pasado con la derrota 21-3 ante los Carolina Panthers, el equipo con la peor ofensiva de la NFL.<\/p>\n\n\n\n<p>Tom Brady\u00a0ha mostrado su frustraci\u00f3n. En la semana dos rompi\u00f3 dos tabletas electr\u00f3nicas al arrojarlas contra el suelo mientras estaba en la banca. En la jornada seis las c\u00e1maras de televisi\u00f3n lo tomaron cuando les gritaba a los integrantes de su l\u00ednea ofensiva.<\/p>\n\n\n\n<p>Para alimentar m\u00e1s los rumores sobre su falta de compromiso, previo al juego de la semana seis que los Bucs perdieron ante Steelers, Brady no viaj\u00f3 con sus compa\u00f1eros a Pittsburgh; lo hizo en vuelo privado luego de asistir a la boda del due\u00f1o de los Pats.<\/p>\n\n\n\n<p>Seg\u00fan la NFL, antes del inicio de la temporada, que Brady saliera del retiro puso a Tampa Bay como el n\u00famero tres entre los favoritos para llegar al Super Bowl; hoy es el n\u00famero 19 entre 32 equipos.<\/p>\n\n\n\n<p>A sus 38 a\u00f1os Aaron Rodgers parec\u00eda una garant\u00eda para que los Green Bay Packers tuvieran una temporada positiva.<\/p>\n\n\n\n<p>Rodgers, cuatro veces Mejor Jugador de la NFL y campe\u00f3n en el Super Bowl XLV, no ha encendido a su ofensiva que es la vig\u00e9sima tercera en la liga con una media de 18.3 puntos anotados por juego.<\/p>\n\n\n\n<figure class=\"wp-block-embed is-type-rich is-provider-twitter wp-block-embed-twitter\"><div class=\"wp-block-embed__wrapper\">\n<blockquote class=\"twitter-tweet\" data-width=\"550\" data-dnt=\"true\"><p lang=\"en\" dir=\"ltr\">Pats rookie Jack Jones PICK-SIX on Aaron Rodgers \ud83d\udc40<br><br>(via <a href=\"https:\/\/twitter.com\/NFL?ref_src=twsrc%5Etfw\">@NFL<\/a>)<a href=\"https:\/\/t.co\/l03xbUonW4\">pic.twitter.com\/l03xbUonW4<\/a><\/p>&mdash; Bleacher Report (@BleacherReport) <a href=\"https:\/\/twitter.com\/BleacherReport\/status\/1576691646300770304?ref_src=twsrc%5Etfw\">October 2, 2022<\/a><\/blockquote><script async src=\"https:\/\/platform.twitter.com\/widgets.js\" charset=\"utf-8\"><\/script>\n<\/div><\/figure>\n\n\n\n<p>En el arranque de la campa\u00f1a Green Bay era el sexto favorito para llegar al Super Bowl. Siete semanas despu\u00e9s, con tres triunfos y cuatro derrotas, tres de ellas consecutivas, est\u00e1 en el escal\u00f3n 23 entre los candidatos para arribar al duelo por el t\u00edtulo.<\/p>\n\n\n\n<p>M\u00e1s dram\u00e1tico ha sido el derrumbe en las expectativas que gener\u00f3 la llegada de Russell Wilson, campe\u00f3n en el Super Bowl XLVIII con Seattle Seahawks, a los Denver Broncos a cambio de 245 millones de d\u00f3lares en un contrato por cinco a\u00f1os.<\/p>\n\n\n\n<figure class=\"wp-block-embed is-type-rich is-provider-twitter wp-block-embed-twitter\"><div class=\"wp-block-embed__wrapper\">\n<blockquote class=\"twitter-tweet\" data-width=\"550\" data-dnt=\"true\"><p lang=\"en\" dir=\"ltr\">Russell Wilson gets SMOKED by Drue Tranquill \ud83d\ude33<a href=\"https:\/\/twitter.com\/NFL?ref_src=twsrc%5Etfw\">@NFL<\/a> | <a href=\"https:\/\/twitter.com\/hashtag\/BoltUp?src=hash&amp;ref_src=twsrc%5Etfw\">#BoltUp<\/a> <a href=\"https:\/\/t.co\/gmbZ5Faarj\">pic.twitter.com\/gmbZ5Faarj<\/a><\/p>&mdash; Bally Sports (@BallySports) <a href=\"https:\/\/twitter.com\/BallySports\/status\/1582205634195308545?ref_src=twsrc%5Etfw\">October 18, 2022<\/a><\/blockquote><script async src=\"https:\/\/platform.twitter.com\/widgets.js\" charset=\"utf-8\"><\/script>\n<\/div><\/figure>\n\n\n\n<p>El nueve veces Pro Bowl de 33 a\u00f1os ubic\u00f3 a Denver como el octavo favorito para disputar el trofeo Lombardi; ahora es el n\u00famero 30.<\/p>\n\n\n\n<p>La campa\u00f1a de los Broncos ha sido un desastre. Con la derrota del domingo pasado por 16-9 ante los Jets, la cuarta consecutiva, se colocaron \u00faltimos en el Oeste de la AFC con marca de 2-5.<\/p>\n\n\n\n<p>Los n\u00fameros de Wilson en seis duelos, no jug\u00f3 ante los Jets, arrojan s\u00f3lo cinco anotaciones, un porcentaje de apenas 58.6 por ciento en pases completos, es el n\u00famero 31 en la liga; adem\u00e1s, ha sido capturado en 20 ocasiones.<\/p>\n\n\n\n<p>Con informaci\u00f3n de EFE<\/p>\n","protected":false},"excerpt":{"rendered":"<p>Por Redacci\u00f3n QP Los veteranos quarterbacks\u00a0Tom Brady, de Buccaneers;\u00a0Aaron Rodgers, de Packers, y\u00a0Russell Wilson, de&#8230;<\/p>\n","protected":false},"author":2,"featured_media":96698,"comment_status":"open","ping_status":"open","sticky":false,"template":"","format":"standard","meta":{"_monsterinsights_skip_tracking":false,"_monsterinsights_sitenote_active":false,"_monsterinsights_sitenote_note":"","_monsterinsights_sitenote_category":0,"footnotes":""},"categories":[54],"tags":[],"class_list":["post-96697","post","type-post","status-publish","format-standard","has-post-thumbnail","hentry","category-deportes"],"yoast_head":"<!-- This site is optimized with the Yoast SEO plugin v27.3 - https:\/\/yoast.com\/product\/yoast-seo-wordpress\/ -->\n<title>Brady, Rodgers y Wilson tienen a sus respectivos equipos con r\u00e9cord negativo tras las siete semanas de temporada en la NFL\u00a0 -<\/title>\n<meta name=\"robots\" content=\"index, follow, max-snippet:-1, max-image-preview:large, max-video-preview:-1\" \/>\n<link rel=\"canonical\" href=\"https:\/\/quehacerpolitico.mx\/?p=96697\" \/>\n<meta property=\"og:locale\" content=\"es_MX\" \/>\n<meta property=\"og:type\" content=\"article\" \/>\n<meta property=\"og:title\" content=\"Brady, Rodgers y Wilson tienen a sus respectivos equipos con r\u00e9cord negativo tras las siete semanas de temporada en la NFL\u00a0 -\" \/>\n<meta property=\"og:description\" content=\"Por Redacci\u00f3n QP Los veteranos quarterbacks\u00a0Tom Brady, de Buccaneers;\u00a0Aaron Rodgers, de Packers, y\u00a0Russell Wilson, de...\" \/>\n<meta property=\"og:url\" content=\"https:\/\/quehacerpolitico.mx\/?p=96697\" \/>\n<meta property=\"article:published_time\" content=\"2022-10-25T23:18:20+00:00\" \/>\n<meta property=\"article:modified_time\" content=\"2022-10-25T23:18:24+00:00\" \/>\n<meta property=\"og:image\" content=\"https:\/\/quehacerpolitico.mx\/wp-content\/uploads\/2022\/10\/6CC057EC-9B28-400B-960B-697A7FE229FF.jpeg\" \/>\n\t<meta property=\"og:image:width\" content=\"738\" \/>\n\t<meta property=\"og:image:height\" content=\"415\" \/>\n\t<meta property=\"og:image:type\" content=\"image\/jpeg\" \/>\n<meta name=\"author\" content=\"Redacci\u00f3n QP\" \/>\n<meta name=\"twitter:card\" content=\"summary_large_image\" \/>\n<meta name=\"twitter:label1\" content=\"Escrito por\" \/>\n\t<meta name=\"twitter:data1\" content=\"Redacci\u00f3n QP\" \/>\n\t<meta name=\"twitter:label2\" content=\"Tiempo de lectura\" \/>\n\t<meta name=\"twitter:data2\" content=\"3 minutos\" \/>\n<script type=\"application\/ld+json\" class=\"yoast-schema-graph\">{\"@context\":\"https:\\\/\\\/schema.org\",\"@graph\":[{\"@type\":\"Article\",\"@id\":\"https:\\\/\\\/quehacerpolitico.mx\\\/?p=96697#article\",\"isPartOf\":{\"@id\":\"https:\\\/\\\/quehacerpolitico.mx\\\/?p=96697\"},\"author\":{\"name\":\"Redacci\u00f3n QP\",\"@id\":\"https:\\\/\\\/quehacerpolitico.mx\\\/#\\\/schema\\\/person\\\/496d8ad2d1d3f8036101dca7ee39e585\"},\"headline\":\"Brady, Rodgers y Wilson tienen a sus respectivos equipos con r\u00e9cord negativo tras las siete semanas de temporada en la NFL\u00a0\",\"datePublished\":\"2022-10-25T23:18:20+00:00\",\"dateModified\":\"2022-10-25T23:18:24+00:00\",\"mainEntityOfPage\":{\"@id\":\"https:\\\/\\\/quehacerpolitico.mx\\\/?p=96697\"},\"wordCount\":715,\"commentCount\":0,\"image\":{\"@id\":\"https:\\\/\\\/quehacerpolitico.mx\\\/?p=96697#primaryimage\"},\"thumbnailUrl\":\"https:\\\/\\\/quehacerpolitico.mx\\\/wp-content\\\/uploads\\\/2022\\\/10\\\/6CC057EC-9B28-400B-960B-697A7FE229FF.jpeg\",\"articleSection\":[\"Deportes\"],\"inLanguage\":\"es\",\"potentialAction\":[{\"@type\":\"CommentAction\",\"name\":\"Comment\",\"target\":[\"https:\\\/\\\/quehacerpolitico.mx\\\/?p=96697#respond\"]}]},{\"@type\":\"WebPage\",\"@id\":\"https:\\\/\\\/quehacerpolitico.mx\\\/?p=96697\",\"url\":\"https:\\\/\\\/quehacerpolitico.mx\\\/?p=96697\",\"name\":\"Brady, Rodgers y Wilson tienen a sus respectivos equipos con r\u00e9cord negativo tras las siete semanas de temporada en la NFL\u00a0 -\",\"isPartOf\":{\"@id\":\"https:\\\/\\\/quehacerpolitico.mx\\\/#website\"},\"primaryImageOfPage\":{\"@id\":\"https:\\\/\\\/quehacerpolitico.mx\\\/?p=96697#primaryimage\"},\"image\":{\"@id\":\"https:\\\/\\\/quehacerpolitico.mx\\\/?p=96697#primaryimage\"},\"thumbnailUrl\":\"https:\\\/\\\/quehacerpolitico.mx\\\/wp-content\\\/uploads\\\/2022\\\/10\\\/6CC057EC-9B28-400B-960B-697A7FE229FF.jpeg\",\"datePublished\":\"2022-10-25T23:18:20+00:00\",\"dateModified\":\"2022-10-25T23:18:24+00:00\",\"author\":{\"@id\":\"https:\\\/\\\/quehacerpolitico.mx\\\/#\\\/schema\\\/person\\\/496d8ad2d1d3f8036101dca7ee39e585\"},\"breadcrumb\":{\"@id\":\"https:\\\/\\\/quehacerpolitico.mx\\\/?p=96697#breadcrumb\"},\"inLanguage\":\"es\",\"potentialAction\":[{\"@type\":\"ReadAction\",\"target\":[\"https:\\\/\\\/quehacerpolitico.mx\\\/?p=96697\"]}]},{\"@type\":\"ImageObject\",\"inLanguage\":\"es\",\"@id\":\"https:\\\/\\\/quehacerpolitico.mx\\\/?p=96697#primaryimage\",\"url\":\"https:\\\/\\\/quehacerpolitico.mx\\\/wp-content\\\/uploads\\\/2022\\\/10\\\/6CC057EC-9B28-400B-960B-697A7FE229FF.jpeg\",\"contentUrl\":\"https:\\\/\\\/quehacerpolitico.mx\\\/wp-content\\\/uploads\\\/2022\\\/10\\\/6CC057EC-9B28-400B-960B-697A7FE229FF.jpeg\",\"width\":738,\"height\":415},{\"@type\":\"BreadcrumbList\",\"@id\":\"https:\\\/\\\/quehacerpolitico.mx\\\/?p=96697#breadcrumb\",\"itemListElement\":[{\"@type\":\"ListItem\",\"position\":1,\"name\":\"Inicio\",\"item\":\"https:\\\/\\\/quehacerpolitico.mx\\\/\"},{\"@type\":\"ListItem\",\"position\":2,\"name\":\"Brady, Rodgers y Wilson tienen a sus respectivos equipos con r\u00e9cord negativo tras las siete semanas de temporada en la NFL\u00a0\"}]},{\"@type\":\"WebSite\",\"@id\":\"https:\\\/\\\/quehacerpolitico.mx\\\/#website\",\"url\":\"https:\\\/\\\/quehacerpolitico.mx\\\/\",\"name\":\"\",\"description\":\"\",\"potentialAction\":[{\"@type\":\"SearchAction\",\"target\":{\"@type\":\"EntryPoint\",\"urlTemplate\":\"https:\\\/\\\/quehacerpolitico.mx\\\/?s={search_term_string}\"},\"query-input\":{\"@type\":\"PropertyValueSpecification\",\"valueRequired\":true,\"valueName\":\"search_term_string\"}}],\"inLanguage\":\"es\"},{\"@type\":\"Person\",\"@id\":\"https:\\\/\\\/quehacerpolitico.mx\\\/#\\\/schema\\\/person\\\/496d8ad2d1d3f8036101dca7ee39e585\",\"name\":\"Redacci\u00f3n QP\",\"image\":{\"@type\":\"ImageObject\",\"inLanguage\":\"es\",\"@id\":\"https:\\\/\\\/secure.gravatar.com\\\/avatar\\\/c7164ed6fdec453195284ad24a5ae5b6e1eed2b848477fa2a4787ba9adf39a41?s=96&d=mm&r=g\",\"url\":\"https:\\\/\\\/secure.gravatar.com\\\/avatar\\\/c7164ed6fdec453195284ad24a5ae5b6e1eed2b848477fa2a4787ba9adf39a41?s=96&d=mm&r=g\",\"contentUrl\":\"https:\\\/\\\/secure.gravatar.com\\\/avatar\\\/c7164ed6fdec453195284ad24a5ae5b6e1eed2b848477fa2a4787ba9adf39a41?s=96&d=mm&r=g\",\"caption\":\"Redacci\u00f3n QP\"},\"url\":\"https:\\\/\\\/quehacerpolitico.mx\\\/?author=2\"}]}<\/script>\n<!-- \/ Yoast SEO plugin. -->","yoast_head_json":{"title":"Brady, Rodgers y Wilson tienen a sus respectivos equipos con r\u00e9cord negativo tras las siete semanas de temporada en la NFL\u00a0 -","robots":{"index":"index","follow":"follow","max-snippet":"max-snippet:-1","max-image-preview":"max-image-preview:large","max-video-preview":"max-video-preview:-1"},"canonical":"https:\/\/quehacerpolitico.mx\/?p=96697","og_locale":"es_MX","og_type":"article","og_title":"Brady, Rodgers y Wilson tienen a sus respectivos equipos con r\u00e9cord negativo tras las siete semanas de temporada en la NFL\u00a0 -","og_description":"Por Redacci\u00f3n QP Los veteranos quarterbacks\u00a0Tom Brady, de Buccaneers;\u00a0Aaron Rodgers, de Packers, y\u00a0Russell Wilson, de...","og_url":"https:\/\/quehacerpolitico.mx\/?p=96697","article_published_time":"2022-10-25T23:18:20+00:00","article_modified_time":"2022-10-25T23:18:24+00:00","og_image":[{"width":738,"height":415,"url":"https:\/\/quehacerpolitico.mx\/wp-content\/uploads\/2022\/10\/6CC057EC-9B28-400B-960B-697A7FE229FF.jpeg","type":"image\/jpeg"}],"author":"Redacci\u00f3n QP","twitter_card":"summary_large_image","twitter_misc":{"Escrito por":"Redacci\u00f3n QP","Tiempo de lectura":"3 minutos"},"schema":{"@context":"https:\/\/schema.org","@graph":[{"@type":"Article","@id":"https:\/\/quehacerpolitico.mx\/?p=96697#article","isPartOf":{"@id":"https:\/\/quehacerpolitico.mx\/?p=96697"},"author":{"name":"Redacci\u00f3n QP","@id":"https:\/\/quehacerpolitico.mx\/#\/schema\/person\/496d8ad2d1d3f8036101dca7ee39e585"},"headline":"Brady, Rodgers y Wilson tienen a sus respectivos equipos con r\u00e9cord negativo tras las siete semanas de temporada en la NFL\u00a0","datePublished":"2022-10-25T23:18:20+00:00","dateModified":"2022-10-25T23:18:24+00:00","mainEntityOfPage":{"@id":"https:\/\/quehacerpolitico.mx\/?p=96697"},"wordCount":715,"commentCount":0,"image":{"@id":"https:\/\/quehacerpolitico.mx\/?p=96697#primaryimage"},"thumbnailUrl":"https:\/\/quehacerpolitico.mx\/wp-content\/uploads\/2022\/10\/6CC057EC-9B28-400B-960B-697A7FE229FF.jpeg","articleSection":["Deportes"],"inLanguage":"es","potentialAction":[{"@type":"CommentAction","name":"Comment","target":["https:\/\/quehacerpolitico.mx\/?p=96697#respond"]}]},{"@type":"WebPage","@id":"https:\/\/quehacerpolitico.mx\/?p=96697","url":"https:\/\/quehacerpolitico.mx\/?p=96697","name":"Brady, Rodgers y Wilson tienen a sus respectivos equipos con r\u00e9cord negativo tras las siete semanas de temporada en la NFL\u00a0 -","isPartOf":{"@id":"https:\/\/quehacerpolitico.mx\/#website"},"primaryImageOfPage":{"@id":"https:\/\/quehacerpolitico.mx\/?p=96697#primaryimage"},"image":{"@id":"https:\/\/quehacerpolitico.mx\/?p=96697#primaryimage"},"thumbnailUrl":"https:\/\/quehacerpolitico.mx\/wp-content\/uploads\/2022\/10\/6CC057EC-9B28-400B-960B-697A7FE229FF.jpeg","datePublished":"2022-10-25T23:18:20+00:00","dateModified":"2022-10-25T23:18:24+00:00","author":{"@id":"https:\/\/quehacerpolitico.mx\/#\/schema\/person\/496d8ad2d1d3f8036101dca7ee39e585"},"breadcrumb":{"@id":"https:\/\/quehacerpolitico.mx\/?p=96697#breadcrumb"},"inLanguage":"es","potentialAction":[{"@type":"ReadAction","target":["https:\/\/quehacerpolitico.mx\/?p=96697"]}]},{"@type":"ImageObject","inLanguage":"es","@id":"https:\/\/quehacerpolitico.mx\/?p=96697#primaryimage","url":"https:\/\/quehacerpolitico.mx\/wp-content\/uploads\/2022\/10\/6CC057EC-9B28-400B-960B-697A7FE229FF.jpeg","contentUrl":"https:\/\/quehacerpolitico.mx\/wp-content\/uploads\/2022\/10\/6CC057EC-9B28-400B-960B-697A7FE229FF.jpeg","width":738,"height":415},{"@type":"BreadcrumbList","@id":"https:\/\/quehacerpolitico.mx\/?p=96697#breadcrumb","itemListElement":[{"@type":"ListItem","position":1,"name":"Inicio","item":"https:\/\/quehacerpolitico.mx\/"},{"@type":"ListItem","position":2,"name":"Brady, Rodgers y Wilson tienen a sus respectivos equipos con r\u00e9cord negativo tras las siete semanas de temporada en la NFL\u00a0"}]},{"@type":"WebSite","@id":"https:\/\/quehacerpolitico.mx\/#website","url":"https:\/\/quehacerpolitico.mx\/","name":"","description":"","potentialAction":[{"@type":"SearchAction","target":{"@type":"EntryPoint","urlTemplate":"https:\/\/quehacerpolitico.mx\/?s={search_term_string}"},"query-input":{"@type":"PropertyValueSpecification","valueRequired":true,"valueName":"search_term_string"}}],"inLanguage":"es"},{"@type":"Person","@id":"https:\/\/quehacerpolitico.mx\/#\/schema\/person\/496d8ad2d1d3f8036101dca7ee39e585","name":"Redacci\u00f3n QP","image":{"@type":"ImageObject","inLanguage":"es","@id":"https:\/\/secure.gravatar.com\/avatar\/c7164ed6fdec453195284ad24a5ae5b6e1eed2b848477fa2a4787ba9adf39a41?s=96&d=mm&r=g","url":"https:\/\/secure.gravatar.com\/avatar\/c7164ed6fdec453195284ad24a5ae5b6e1eed2b848477fa2a4787ba9adf39a41?s=96&d=mm&r=g","contentUrl":"https:\/\/secure.gravatar.com\/avatar\/c7164ed6fdec453195284ad24a5ae5b6e1eed2b848477fa2a4787ba9adf39a41?s=96&d=mm&r=g","caption":"Redacci\u00f3n QP"},"url":"https:\/\/quehacerpolitico.mx\/?author=2"}]}},"featured_image_urls":{"full":["https:\/\/quehacerpolitico.mx\/wp-content\/uploads\/2022\/10\/6CC057EC-9B28-400B-960B-697A7FE229FF.jpeg",738,415,false],"thumbnail":["https:\/\/quehacerpolitico.mx\/wp-content\/uploads\/2022\/10\/6CC057EC-9B28-400B-960B-697A7FE229FF-150x150.jpeg",150,150,true],"medium":["https:\/\/quehacerpolitico.mx\/wp-content\/uploads\/2022\/10\/6CC057EC-9B28-400B-960B-697A7FE229FF-300x169.jpeg",300,169,true],"medium_large":["https:\/\/quehacerpolitico.mx\/wp-content\/uploads\/2022\/10\/6CC057EC-9B28-400B-960B-697A7FE229FF.jpeg",640,360,false],"large":["https:\/\/quehacerpolitico.mx\/wp-content\/uploads\/2022\/10\/6CC057EC-9B28-400B-960B-697A7FE229FF.jpeg",640,360,false],"1536x1536":["https:\/\/quehacerpolitico.mx\/wp-content\/uploads\/2022\/10\/6CC057EC-9B28-400B-960B-697A7FE229FF.jpeg",738,415,false],"2048x2048":["https:\/\/quehacerpolitico.mx\/wp-content\/uploads\/2022\/10\/6CC057EC-9B28-400B-960B-697A7FE229FF.jpeg",738,415,false],"covernews-featured":["https:\/\/quehacerpolitico.mx\/wp-content\/uploads\/2022\/10\/6CC057EC-9B28-400B-960B-697A7FE229FF.jpeg",738,415,false],"covernews-medium":["https:\/\/quehacerpolitico.mx\/wp-content\/uploads\/2022\/10\/6CC057EC-9B28-400B-960B-697A7FE229FF.jpeg",540,304,false]},"author_info":{"display_name":"Redacci\u00f3n QP","author_link":"https:\/\/quehacerpolitico.mx\/?author=2"},"category_info":"<a href=\"https:\/\/quehacerpolitico.mx\/?cat=54\" rel=\"category\">Deportes<\/a>","tag_info":"Deportes","comment_count":"0","_links":{"self":[{"href":"https:\/\/quehacerpolitico.mx\/index.php?rest_route=\/wp\/v2\/posts\/96697","targetHints":{"allow":["GET"]}}],"collection":[{"href":"https:\/\/quehacerpolitico.mx\/index.php?rest_route=\/wp\/v2\/posts"}],"about":[{"href":"https:\/\/quehacerpolitico.mx\/index.php?rest_route=\/wp\/v2\/types\/post"}],"author":[{"embeddable":true,"href":"https:\/\/quehacerpolitico.mx\/index.php?rest_route=\/wp\/v2\/users\/2"}],"replies":[{"embeddable":true,"href":"https:\/\/quehacerpolitico.mx\/index.php?rest_route=%2Fwp%2Fv2%2Fcomments&post=96697"}],"version-history":[{"count":1,"href":"https:\/\/quehacerpolitico.mx\/index.php?rest_route=\/wp\/v2\/posts\/96697\/revisions"}],"predecessor-version":[{"id":96699,"href":"https:\/\/quehacerpolitico.mx\/index.php?rest_route=\/wp\/v2\/posts\/96697\/revisions\/96699"}],"wp:featuredmedia":[{"embeddable":true,"href":"https:\/\/quehacerpolitico.mx\/index.php?rest_route=\/wp\/v2\/media\/96698"}],"wp:attachment":[{"href":"https:\/\/quehacerpolitico.mx\/index.php?rest_route=%2Fwp%2Fv2%2Fmedia&parent=96697"}],"wp:term":[{"taxonomy":"category","embeddable":true,"href":"https:\/\/quehacerpolitico.mx\/index.php?rest_route=%2Fwp%2Fv2%2Fcategories&post=96697"},{"taxonomy":"post_tag","embeddable":true,"href":"https:\/\/quehacerpolitico.mx\/index.php?rest_route=%2Fwp%2Fv2%2Ftags&post=96697"}],"curies":[{"name":"wp","href":"https:\/\/api.w.org\/{rel}","templated":true}]}}