{"id":96682,"date":"2022-10-25T21:55:24","date_gmt":"2022-10-25T21:55:24","guid":{"rendered":"https:\/\/quehacerpolitico.mx\/?p=96682"},"modified":"2022-10-25T21:55:28","modified_gmt":"2022-10-25T21:55:28","slug":"sandra-cuevas-alcaldesa-de-cuauhtemoc-responsabiliza-a-%ef%bf%bcjefa-de-gobierno-de-la-cdmx-claudia-sheinbaum-de-boicotear-actividades-culturales-de-la-demarcacion","status":"publish","type":"post","link":"https:\/\/quehacerpolitico.mx\/?p=96682","title":{"rendered":"SANDRA CUEVAS, ALCALDESA DE CUAUHT\u00c9MOC\u00a0RESPONSABILIZA A\u00a0\ufffcJEFA DE GOBIERNO\u00a0DE LA CDMX,\u00a0CLAUDIA SHEINBAUM\u00a0DE BOICOTEAR ACTIVIDADES CULTURALES DE LA DEMARCACI\u00d3N\u00a0"},"content":{"rendered":"\n<p>Por Redacci\u00f3n QP<\/p>\n\n\n\n<p>La Alcaldesa de Cuauht\u00e9moc, Sandra Cuevas responsabiliz\u00f3 a la Jefa de Gobierno de la Ciudad de M\u00e9xico, Claudia Sheinbaum Pardo, de boicotear las actividades culturales de la Alcald\u00eda al enviar a trabajadores de la empresa Industrias del Agua de la Ciudad de M\u00e9xico, que tienen obra iniciada desde septiembre pasado sobre la calle Mina, a realizar excavaciones sobre la extensi\u00f3n de la Explanada donde se ubica su edificio sede sin permiso por parte de la autoridad de esta demarcaci\u00f3n.<\/p>\n\n\n\n<p>Expuso que este martes la Direcci\u00f3n General de Obras de la Alcald\u00eda Cuauht\u00e9moc detect\u00f3 la falta de permisos y autorizaciones por parte del Sistema de Aguas de la Ciudad de M\u00e9xico para la realizaci\u00f3n de obras ubicadas en la calle de Mina colindante con la Explanada de la Alcald\u00eda Cuauht\u00e9moc por lo que solicit\u00f3 una visita de verificaci\u00f3n por parte de la Direcci\u00f3n General de Gobierno, misma que se celebr\u00f3 en los t\u00e9rminos de la normatividad aplicable y se proceder\u00e1 conforme a la ley.<\/p>\n\n\n\n<p>Sostuvo que se trata de un boicot toda vez que desde el 14 de octubre y hasta el 6 de noviembre, la Alcald\u00eda Cuauht\u00e9moc llevar\u00e1 cabo diferentes actividades culturales con \u00a0motivo de D\u00eda de Muertos.<\/p>\n\n\n\n<figure class=\"wp-block-image size-full\"><img loading=\"lazy\" decoding=\"async\" width=\"1024\" height=\"682\" src=\"https:\/\/quehacerpolitico.mx\/wp-content\/uploads\/2022\/10\/image-82.jpeg\" alt=\"\" class=\"wp-image-96683\" srcset=\"https:\/\/quehacerpolitico.mx\/wp-content\/uploads\/2022\/10\/image-82.jpeg 1024w, https:\/\/quehacerpolitico.mx\/wp-content\/uploads\/2022\/10\/image-82-300x200.jpeg 300w, https:\/\/quehacerpolitico.mx\/wp-content\/uploads\/2022\/10\/image-82-768x512.jpeg 768w, https:\/\/quehacerpolitico.mx\/wp-content\/uploads\/2022\/10\/image-82-219x146.jpeg 219w, https:\/\/quehacerpolitico.mx\/wp-content\/uploads\/2022\/10\/image-82-50x33.jpeg 50w, https:\/\/quehacerpolitico.mx\/wp-content\/uploads\/2022\/10\/image-82-113x75.jpeg 113w\" sizes=\"auto, (max-width: 1024px) 100vw, 1024px\" \/><\/figure>\n\n\n\n<p>Sobre sale el hecho de que en la Cartelera de D\u00eda de Muertos, la Alcald\u00eda tiene instalada la Exposici\u00f3n denominada FridaCr\u00e1neos en la explanada del Monumento a la Revoluci\u00f3n y a no m\u00e1s de 650 metros, en la explanada del edificio de la demarcaci\u00f3n, se encuentra la Macro Ofrenda. Ambos son atractivos tur\u00edsticos tanto para visitantes como para habitantes quienes ven complicado su acceso por obras de \u00faltimo momento y sin autorizaci\u00f3n.<\/p>\n\n\n\n<p>Por lo pronto, dijo, ya fueron presentados ante la Fiscal\u00eda General de Justicia de la Cdmx tres trabajadores y un responsable de obra por rompimiento de la banqueta en inmediaciones de la Explanada de la Alcald\u00eda Cuauht\u00e9moc.<\/p>\n\n\n\n<figure class=\"wp-block-image size-full\"><img loading=\"lazy\" decoding=\"async\" width=\"1024\" height=\"735\" src=\"https:\/\/quehacerpolitico.mx\/wp-content\/uploads\/2022\/10\/image-84.jpeg\" alt=\"\" class=\"wp-image-96685\" srcset=\"https:\/\/quehacerpolitico.mx\/wp-content\/uploads\/2022\/10\/image-84.jpeg 1024w, https:\/\/quehacerpolitico.mx\/wp-content\/uploads\/2022\/10\/image-84-300x215.jpeg 300w, https:\/\/quehacerpolitico.mx\/wp-content\/uploads\/2022\/10\/image-84-768x551.jpeg 768w, https:\/\/quehacerpolitico.mx\/wp-content\/uploads\/2022\/10\/image-84-203x146.jpeg 203w, https:\/\/quehacerpolitico.mx\/wp-content\/uploads\/2022\/10\/image-84-50x36.jpeg 50w, https:\/\/quehacerpolitico.mx\/wp-content\/uploads\/2022\/10\/image-84-104x75.jpeg 104w\" sizes=\"auto, (max-width: 1024px) 100vw, 1024px\" \/><\/figure>\n\n\n\n<p>Asimismo, la Mandataria de Cuauht\u00e9moc record\u00f3 que en v\u00edas primarias existen actualmente cerca de 500 baches sin atender as\u00ed como falta de luminarias, 21 monumentos en malas condiciones y 142 afectaciones por registros de luz sin tapa de CFE; mientras que por el Sistema de Aguas de la Ciudad de M\u00e9xico son 152 afectaciones. Todo esto s\u00f3lo en esta demarcaci\u00f3n de la capital del pa\u00eds.<\/p>\n\n\n\n<p>Se\u00f1al\u00f3 que los habitantes merecen estar informados de estas anomal\u00edas en la Ciudad de M\u00e9xico y que esas no corresponden a la Alcald\u00eda Cuauht\u00e9moc y s\u00ed es responsabilidad de la Jefa de Gobierno, Claudia Sheinbaum Pardo.<\/p>\n\n\n\n<figure class=\"wp-block-image size-full\"><img loading=\"lazy\" decoding=\"async\" width=\"1024\" height=\"683\" src=\"https:\/\/quehacerpolitico.mx\/wp-content\/uploads\/2022\/10\/image-83.jpeg\" alt=\"\" class=\"wp-image-96684\" srcset=\"https:\/\/quehacerpolitico.mx\/wp-content\/uploads\/2022\/10\/image-83.jpeg 1024w, https:\/\/quehacerpolitico.mx\/wp-content\/uploads\/2022\/10\/image-83-300x200.jpeg 300w, https:\/\/quehacerpolitico.mx\/wp-content\/uploads\/2022\/10\/image-83-768x512.jpeg 768w, https:\/\/quehacerpolitico.mx\/wp-content\/uploads\/2022\/10\/image-83-219x146.jpeg 219w, https:\/\/quehacerpolitico.mx\/wp-content\/uploads\/2022\/10\/image-83-50x33.jpeg 50w, https:\/\/quehacerpolitico.mx\/wp-content\/uploads\/2022\/10\/image-83-112x75.jpeg 112w\" sizes=\"auto, (max-width: 1024px) 100vw, 1024px\" \/><\/figure>\n\n\n\n<p>Por lo tanto, la Alcaldesa de Cuauht\u00e9moc exigi\u00f3 a la Jefa de Gobierno de la CDMX, hacer su trabajo como corresponde a su encargo.&nbsp;<\/p>\n\n\n\n<p>Es por ello que report\u00f3 que desde el 25 de septiembre se han realizado trabajos por parte de la empresa Industrias del Agua de la Ciudad de M\u00e9xico, sin las correspondientes autorizaciones por lo que no solo se ha visto afectada la vialidad en la calle de Mina sino tambi\u00e9n el per\u00edmetro en agravio de los vecinos y vecinas de la zona, as\u00ed como la operatividad del edificio sede de la Alcald\u00eda Cuauht\u00e9moc.<\/p>\n\n\n\n<p>Adem\u00e1s, el da\u00f1o ocasionado derivado de estas obras irregulares, ser\u00e1 cuantificado y se dar\u00e1 vista a la Secretar\u00eda de Desarrollo Urbano y Vivienda en materia de obra p\u00fablica as\u00ed como tambi\u00e9n al INBAL e INHA a fin de que en el \u00e1mbito de sus competencias determinen sobre la posible afectaci\u00f3n a la plancha de la explanada de la Alcald\u00eda Cuauht\u00e9moc.<\/p>\n\n\n\n<p>Cabe mencionar que el proyecto arquitect\u00f3nico de la Alcald\u00eda Cuauht\u00e9moc es obra de los arquitectos Teodoro Gonz\u00e1lez de Le\u00f3n y Abraham Zabludovsky y debido a su valor est\u00e9tico-funcional, se encuentra catalogado dentro del patrimonio art\u00edstico de los cat\u00e1logos del Instituto Nacional de Bellas Artes y Literatura.<\/p>\n","protected":false},"excerpt":{"rendered":"<p>Por Redacci\u00f3n QP La Alcaldesa de Cuauht\u00e9moc, Sandra Cuevas responsabiliz\u00f3 a la Jefa de Gobierno&#8230;<\/p>\n","protected":false},"author":2,"featured_media":96686,"comment_status":"open","ping_status":"open","sticky":false,"template":"","format":"standard","meta":{"_monsterinsights_skip_tracking":false,"_monsterinsights_sitenote_active":false,"_monsterinsights_sitenote_note":"","_monsterinsights_sitenote_category":0,"footnotes":""},"categories":[55],"tags":[],"class_list":["post-96682","post","type-post","status-publish","format-standard","has-post-thumbnail","hentry","category-cdmx"],"yoast_head":"<!-- This site is optimized with the Yoast SEO plugin v27.3 - https:\/\/yoast.com\/product\/yoast-seo-wordpress\/ -->\n<title>SANDRA CUEVAS, ALCALDESA DE CUAUHT\u00c9MOC\u00a0RESPONSABILIZA A\u00a0\ufffcJEFA DE GOBIERNO\u00a0DE LA CDMX,\u00a0CLAUDIA SHEINBAUM\u00a0DE BOICOTEAR ACTIVIDADES CULTURALES DE LA DEMARCACI\u00d3N\u00a0 -<\/title>\n<meta name=\"robots\" content=\"index, follow, max-snippet:-1, max-image-preview:large, max-video-preview:-1\" \/>\n<link rel=\"canonical\" href=\"https:\/\/quehacerpolitico.mx\/?p=96682\" \/>\n<meta property=\"og:locale\" content=\"es_MX\" \/>\n<meta property=\"og:type\" content=\"article\" \/>\n<meta property=\"og:title\" content=\"SANDRA CUEVAS, ALCALDESA DE CUAUHT\u00c9MOC\u00a0RESPONSABILIZA A\u00a0\ufffcJEFA DE GOBIERNO\u00a0DE LA CDMX,\u00a0CLAUDIA SHEINBAUM\u00a0DE BOICOTEAR ACTIVIDADES CULTURALES DE LA DEMARCACI\u00d3N\u00a0 -\" \/>\n<meta property=\"og:description\" content=\"Por Redacci\u00f3n QP La Alcaldesa de Cuauht\u00e9moc, Sandra Cuevas responsabiliz\u00f3 a la Jefa de Gobierno...\" \/>\n<meta property=\"og:url\" content=\"https:\/\/quehacerpolitico.mx\/?p=96682\" \/>\n<meta property=\"article:published_time\" content=\"2022-10-25T21:55:24+00:00\" \/>\n<meta property=\"article:modified_time\" content=\"2022-10-25T21:55:28+00:00\" \/>\n<meta property=\"og:image\" content=\"https:\/\/quehacerpolitico.mx\/wp-content\/uploads\/2022\/10\/D8A98824-D2DA-4792-B0AD-28CBB8F7D560.jpeg\" \/>\n\t<meta property=\"og:image:width\" content=\"1024\" \/>\n\t<meta property=\"og:image:height\" content=\"682\" \/>\n\t<meta property=\"og:image:type\" content=\"image\/jpeg\" \/>\n<meta name=\"author\" content=\"Redacci\u00f3n QP\" \/>\n<meta name=\"twitter:card\" content=\"summary_large_image\" \/>\n<meta name=\"twitter:label1\" content=\"Escrito por\" \/>\n\t<meta name=\"twitter:data1\" content=\"Redacci\u00f3n QP\" \/>\n\t<meta name=\"twitter:label2\" content=\"Tiempo de lectura\" \/>\n\t<meta name=\"twitter:data2\" content=\"3 minutos\" \/>\n<script type=\"application\/ld+json\" class=\"yoast-schema-graph\">{\"@context\":\"https:\\\/\\\/schema.org\",\"@graph\":[{\"@type\":\"Article\",\"@id\":\"https:\\\/\\\/quehacerpolitico.mx\\\/?p=96682#article\",\"isPartOf\":{\"@id\":\"https:\\\/\\\/quehacerpolitico.mx\\\/?p=96682\"},\"author\":{\"name\":\"Redacci\u00f3n QP\",\"@id\":\"https:\\\/\\\/quehacerpolitico.mx\\\/#\\\/schema\\\/person\\\/496d8ad2d1d3f8036101dca7ee39e585\"},\"headline\":\"SANDRA CUEVAS, ALCALDESA DE CUAUHT\u00c9MOC\u00a0RESPONSABILIZA A\u00a0\ufffcJEFA DE GOBIERNO\u00a0DE LA CDMX,\u00a0CLAUDIA SHEINBAUM\u00a0DE BOICOTEAR ACTIVIDADES CULTURALES DE LA DEMARCACI\u00d3N\u00a0\",\"datePublished\":\"2022-10-25T21:55:24+00:00\",\"dateModified\":\"2022-10-25T21:55:28+00:00\",\"mainEntityOfPage\":{\"@id\":\"https:\\\/\\\/quehacerpolitico.mx\\\/?p=96682\"},\"wordCount\":696,\"commentCount\":0,\"image\":{\"@id\":\"https:\\\/\\\/quehacerpolitico.mx\\\/?p=96682#primaryimage\"},\"thumbnailUrl\":\"https:\\\/\\\/quehacerpolitico.mx\\\/wp-content\\\/uploads\\\/2022\\\/10\\\/D8A98824-D2DA-4792-B0AD-28CBB8F7D560.jpeg\",\"articleSection\":[\"CDMX\"],\"inLanguage\":\"es\",\"potentialAction\":[{\"@type\":\"CommentAction\",\"name\":\"Comment\",\"target\":[\"https:\\\/\\\/quehacerpolitico.mx\\\/?p=96682#respond\"]}]},{\"@type\":\"WebPage\",\"@id\":\"https:\\\/\\\/quehacerpolitico.mx\\\/?p=96682\",\"url\":\"https:\\\/\\\/quehacerpolitico.mx\\\/?p=96682\",\"name\":\"SANDRA CUEVAS, ALCALDESA DE CUAUHT\u00c9MOC\u00a0RESPONSABILIZA A\u00a0\ufffcJEFA DE GOBIERNO\u00a0DE LA CDMX,\u00a0CLAUDIA SHEINBAUM\u00a0DE BOICOTEAR ACTIVIDADES CULTURALES DE LA DEMARCACI\u00d3N\u00a0 -\",\"isPartOf\":{\"@id\":\"https:\\\/\\\/quehacerpolitico.mx\\\/#website\"},\"primaryImageOfPage\":{\"@id\":\"https:\\\/\\\/quehacerpolitico.mx\\\/?p=96682#primaryimage\"},\"image\":{\"@id\":\"https:\\\/\\\/quehacerpolitico.mx\\\/?p=96682#primaryimage\"},\"thumbnailUrl\":\"https:\\\/\\\/quehacerpolitico.mx\\\/wp-content\\\/uploads\\\/2022\\\/10\\\/D8A98824-D2DA-4792-B0AD-28CBB8F7D560.jpeg\",\"datePublished\":\"2022-10-25T21:55:24+00:00\",\"dateModified\":\"2022-10-25T21:55:28+00:00\",\"author\":{\"@id\":\"https:\\\/\\\/quehacerpolitico.mx\\\/#\\\/schema\\\/person\\\/496d8ad2d1d3f8036101dca7ee39e585\"},\"breadcrumb\":{\"@id\":\"https:\\\/\\\/quehacerpolitico.mx\\\/?p=96682#breadcrumb\"},\"inLanguage\":\"es\",\"potentialAction\":[{\"@type\":\"ReadAction\",\"target\":[\"https:\\\/\\\/quehacerpolitico.mx\\\/?p=96682\"]}]},{\"@type\":\"ImageObject\",\"inLanguage\":\"es\",\"@id\":\"https:\\\/\\\/quehacerpolitico.mx\\\/?p=96682#primaryimage\",\"url\":\"https:\\\/\\\/quehacerpolitico.mx\\\/wp-content\\\/uploads\\\/2022\\\/10\\\/D8A98824-D2DA-4792-B0AD-28CBB8F7D560.jpeg\",\"contentUrl\":\"https:\\\/\\\/quehacerpolitico.mx\\\/wp-content\\\/uploads\\\/2022\\\/10\\\/D8A98824-D2DA-4792-B0AD-28CBB8F7D560.jpeg\",\"width\":1024,\"height\":682},{\"@type\":\"BreadcrumbList\",\"@id\":\"https:\\\/\\\/quehacerpolitico.mx\\\/?p=96682#breadcrumb\",\"itemListElement\":[{\"@type\":\"ListItem\",\"position\":1,\"name\":\"Inicio\",\"item\":\"https:\\\/\\\/quehacerpolitico.mx\\\/\"},{\"@type\":\"ListItem\",\"position\":2,\"name\":\"SANDRA CUEVAS, ALCALDESA DE CUAUHT\u00c9MOC\u00a0RESPONSABILIZA A\u00a0\ufffcJEFA DE GOBIERNO\u00a0DE LA CDMX,\u00a0CLAUDIA SHEINBAUM\u00a0DE BOICOTEAR ACTIVIDADES CULTURALES DE LA DEMARCACI\u00d3N\u00a0\"}]},{\"@type\":\"WebSite\",\"@id\":\"https:\\\/\\\/quehacerpolitico.mx\\\/#website\",\"url\":\"https:\\\/\\\/quehacerpolitico.mx\\\/\",\"name\":\"\",\"description\":\"\",\"potentialAction\":[{\"@type\":\"SearchAction\",\"target\":{\"@type\":\"EntryPoint\",\"urlTemplate\":\"https:\\\/\\\/quehacerpolitico.mx\\\/?s={search_term_string}\"},\"query-input\":{\"@type\":\"PropertyValueSpecification\",\"valueRequired\":true,\"valueName\":\"search_term_string\"}}],\"inLanguage\":\"es\"},{\"@type\":\"Person\",\"@id\":\"https:\\\/\\\/quehacerpolitico.mx\\\/#\\\/schema\\\/person\\\/496d8ad2d1d3f8036101dca7ee39e585\",\"name\":\"Redacci\u00f3n QP\",\"image\":{\"@type\":\"ImageObject\",\"inLanguage\":\"es\",\"@id\":\"https:\\\/\\\/secure.gravatar.com\\\/avatar\\\/c7164ed6fdec453195284ad24a5ae5b6e1eed2b848477fa2a4787ba9adf39a41?s=96&d=mm&r=g\",\"url\":\"https:\\\/\\\/secure.gravatar.com\\\/avatar\\\/c7164ed6fdec453195284ad24a5ae5b6e1eed2b848477fa2a4787ba9adf39a41?s=96&d=mm&r=g\",\"contentUrl\":\"https:\\\/\\\/secure.gravatar.com\\\/avatar\\\/c7164ed6fdec453195284ad24a5ae5b6e1eed2b848477fa2a4787ba9adf39a41?s=96&d=mm&r=g\",\"caption\":\"Redacci\u00f3n QP\"},\"url\":\"https:\\\/\\\/quehacerpolitico.mx\\\/?author=2\"}]}<\/script>\n<!-- \/ Yoast SEO plugin. -->","yoast_head_json":{"title":"SANDRA CUEVAS, ALCALDESA DE CUAUHT\u00c9MOC\u00a0RESPONSABILIZA A\u00a0\ufffcJEFA DE GOBIERNO\u00a0DE LA CDMX,\u00a0CLAUDIA SHEINBAUM\u00a0DE BOICOTEAR ACTIVIDADES CULTURALES DE LA DEMARCACI\u00d3N\u00a0 -","robots":{"index":"index","follow":"follow","max-snippet":"max-snippet:-1","max-image-preview":"max-image-preview:large","max-video-preview":"max-video-preview:-1"},"canonical":"https:\/\/quehacerpolitico.mx\/?p=96682","og_locale":"es_MX","og_type":"article","og_title":"SANDRA CUEVAS, ALCALDESA DE CUAUHT\u00c9MOC\u00a0RESPONSABILIZA A\u00a0\ufffcJEFA DE GOBIERNO\u00a0DE LA CDMX,\u00a0CLAUDIA SHEINBAUM\u00a0DE BOICOTEAR ACTIVIDADES CULTURALES DE LA DEMARCACI\u00d3N\u00a0 -","og_description":"Por Redacci\u00f3n QP La Alcaldesa de Cuauht\u00e9moc, Sandra Cuevas responsabiliz\u00f3 a la Jefa de Gobierno...","og_url":"https:\/\/quehacerpolitico.mx\/?p=96682","article_published_time":"2022-10-25T21:55:24+00:00","article_modified_time":"2022-10-25T21:55:28+00:00","og_image":[{"width":1024,"height":682,"url":"https:\/\/quehacerpolitico.mx\/wp-content\/uploads\/2022\/10\/D8A98824-D2DA-4792-B0AD-28CBB8F7D560.jpeg","type":"image\/jpeg"}],"author":"Redacci\u00f3n QP","twitter_card":"summary_large_image","twitter_misc":{"Escrito por":"Redacci\u00f3n QP","Tiempo de lectura":"3 minutos"},"schema":{"@context":"https:\/\/schema.org","@graph":[{"@type":"Article","@id":"https:\/\/quehacerpolitico.mx\/?p=96682#article","isPartOf":{"@id":"https:\/\/quehacerpolitico.mx\/?p=96682"},"author":{"name":"Redacci\u00f3n QP","@id":"https:\/\/quehacerpolitico.mx\/#\/schema\/person\/496d8ad2d1d3f8036101dca7ee39e585"},"headline":"SANDRA CUEVAS, ALCALDESA DE CUAUHT\u00c9MOC\u00a0RESPONSABILIZA A\u00a0\ufffcJEFA DE GOBIERNO\u00a0DE LA CDMX,\u00a0CLAUDIA SHEINBAUM\u00a0DE BOICOTEAR ACTIVIDADES CULTURALES DE LA DEMARCACI\u00d3N\u00a0","datePublished":"2022-10-25T21:55:24+00:00","dateModified":"2022-10-25T21:55:28+00:00","mainEntityOfPage":{"@id":"https:\/\/quehacerpolitico.mx\/?p=96682"},"wordCount":696,"commentCount":0,"image":{"@id":"https:\/\/quehacerpolitico.mx\/?p=96682#primaryimage"},"thumbnailUrl":"https:\/\/quehacerpolitico.mx\/wp-content\/uploads\/2022\/10\/D8A98824-D2DA-4792-B0AD-28CBB8F7D560.jpeg","articleSection":["CDMX"],"inLanguage":"es","potentialAction":[{"@type":"CommentAction","name":"Comment","target":["https:\/\/quehacerpolitico.mx\/?p=96682#respond"]}]},{"@type":"WebPage","@id":"https:\/\/quehacerpolitico.mx\/?p=96682","url":"https:\/\/quehacerpolitico.mx\/?p=96682","name":"SANDRA CUEVAS, ALCALDESA DE CUAUHT\u00c9MOC\u00a0RESPONSABILIZA A\u00a0\ufffcJEFA DE GOBIERNO\u00a0DE LA CDMX,\u00a0CLAUDIA SHEINBAUM\u00a0DE BOICOTEAR ACTIVIDADES CULTURALES DE LA DEMARCACI\u00d3N\u00a0 -","isPartOf":{"@id":"https:\/\/quehacerpolitico.mx\/#website"},"primaryImageOfPage":{"@id":"https:\/\/quehacerpolitico.mx\/?p=96682#primaryimage"},"image":{"@id":"https:\/\/quehacerpolitico.mx\/?p=96682#primaryimage"},"thumbnailUrl":"https:\/\/quehacerpolitico.mx\/wp-content\/uploads\/2022\/10\/D8A98824-D2DA-4792-B0AD-28CBB8F7D560.jpeg","datePublished":"2022-10-25T21:55:24+00:00","dateModified":"2022-10-25T21:55:28+00:00","author":{"@id":"https:\/\/quehacerpolitico.mx\/#\/schema\/person\/496d8ad2d1d3f8036101dca7ee39e585"},"breadcrumb":{"@id":"https:\/\/quehacerpolitico.mx\/?p=96682#breadcrumb"},"inLanguage":"es","potentialAction":[{"@type":"ReadAction","target":["https:\/\/quehacerpolitico.mx\/?p=96682"]}]},{"@type":"ImageObject","inLanguage":"es","@id":"https:\/\/quehacerpolitico.mx\/?p=96682#primaryimage","url":"https:\/\/quehacerpolitico.mx\/wp-content\/uploads\/2022\/10\/D8A98824-D2DA-4792-B0AD-28CBB8F7D560.jpeg","contentUrl":"https:\/\/quehacerpolitico.mx\/wp-content\/uploads\/2022\/10\/D8A98824-D2DA-4792-B0AD-28CBB8F7D560.jpeg","width":1024,"height":682},{"@type":"BreadcrumbList","@id":"https:\/\/quehacerpolitico.mx\/?p=96682#breadcrumb","itemListElement":[{"@type":"ListItem","position":1,"name":"Inicio","item":"https:\/\/quehacerpolitico.mx\/"},{"@type":"ListItem","position":2,"name":"SANDRA CUEVAS, ALCALDESA DE CUAUHT\u00c9MOC\u00a0RESPONSABILIZA A\u00a0\ufffcJEFA DE GOBIERNO\u00a0DE LA CDMX,\u00a0CLAUDIA SHEINBAUM\u00a0DE BOICOTEAR ACTIVIDADES CULTURALES DE LA DEMARCACI\u00d3N\u00a0"}]},{"@type":"WebSite","@id":"https:\/\/quehacerpolitico.mx\/#website","url":"https:\/\/quehacerpolitico.mx\/","name":"","description":"","potentialAction":[{"@type":"SearchAction","target":{"@type":"EntryPoint","urlTemplate":"https:\/\/quehacerpolitico.mx\/?s={search_term_string}"},"query-input":{"@type":"PropertyValueSpecification","valueRequired":true,"valueName":"search_term_string"}}],"inLanguage":"es"},{"@type":"Person","@id":"https:\/\/quehacerpolitico.mx\/#\/schema\/person\/496d8ad2d1d3f8036101dca7ee39e585","name":"Redacci\u00f3n QP","image":{"@type":"ImageObject","inLanguage":"es","@id":"https:\/\/secure.gravatar.com\/avatar\/c7164ed6fdec453195284ad24a5ae5b6e1eed2b848477fa2a4787ba9adf39a41?s=96&d=mm&r=g","url":"https:\/\/secure.gravatar.com\/avatar\/c7164ed6fdec453195284ad24a5ae5b6e1eed2b848477fa2a4787ba9adf39a41?s=96&d=mm&r=g","contentUrl":"https:\/\/secure.gravatar.com\/avatar\/c7164ed6fdec453195284ad24a5ae5b6e1eed2b848477fa2a4787ba9adf39a41?s=96&d=mm&r=g","caption":"Redacci\u00f3n QP"},"url":"https:\/\/quehacerpolitico.mx\/?author=2"}]}},"featured_image_urls":{"full":["https:\/\/quehacerpolitico.mx\/wp-content\/uploads\/2022\/10\/D8A98824-D2DA-4792-B0AD-28CBB8F7D560.jpeg",1024,682,false],"thumbnail":["https:\/\/quehacerpolitico.mx\/wp-content\/uploads\/2022\/10\/D8A98824-D2DA-4792-B0AD-28CBB8F7D560-150x150.jpeg",150,150,true],"medium":["https:\/\/quehacerpolitico.mx\/wp-content\/uploads\/2022\/10\/D8A98824-D2DA-4792-B0AD-28CBB8F7D560-300x200.jpeg",300,200,true],"medium_large":["https:\/\/quehacerpolitico.mx\/wp-content\/uploads\/2022\/10\/D8A98824-D2DA-4792-B0AD-28CBB8F7D560-768x512.jpeg",640,427,true],"large":["https:\/\/quehacerpolitico.mx\/wp-content\/uploads\/2022\/10\/D8A98824-D2DA-4792-B0AD-28CBB8F7D560.jpeg",640,426,false],"1536x1536":["https:\/\/quehacerpolitico.mx\/wp-content\/uploads\/2022\/10\/D8A98824-D2DA-4792-B0AD-28CBB8F7D560.jpeg",1024,682,false],"2048x2048":["https:\/\/quehacerpolitico.mx\/wp-content\/uploads\/2022\/10\/D8A98824-D2DA-4792-B0AD-28CBB8F7D560.jpeg",1024,682,false],"covernews-featured":["https:\/\/quehacerpolitico.mx\/wp-content\/uploads\/2022\/10\/D8A98824-D2DA-4792-B0AD-28CBB8F7D560.jpeg",1024,682,false],"covernews-medium":["https:\/\/quehacerpolitico.mx\/wp-content\/uploads\/2022\/10\/D8A98824-D2DA-4792-B0AD-28CBB8F7D560.jpeg",510,340,false]},"author_info":{"display_name":"Redacci\u00f3n QP","author_link":"https:\/\/quehacerpolitico.mx\/?author=2"},"category_info":"<a href=\"https:\/\/quehacerpolitico.mx\/?cat=55\" rel=\"category\">CDMX<\/a>","tag_info":"CDMX","comment_count":"0","_links":{"self":[{"href":"https:\/\/quehacerpolitico.mx\/index.php?rest_route=\/wp\/v2\/posts\/96682","targetHints":{"allow":["GET"]}}],"collection":[{"href":"https:\/\/quehacerpolitico.mx\/index.php?rest_route=\/wp\/v2\/posts"}],"about":[{"href":"https:\/\/quehacerpolitico.mx\/index.php?rest_route=\/wp\/v2\/types\/post"}],"author":[{"embeddable":true,"href":"https:\/\/quehacerpolitico.mx\/index.php?rest_route=\/wp\/v2\/users\/2"}],"replies":[{"embeddable":true,"href":"https:\/\/quehacerpolitico.mx\/index.php?rest_route=%2Fwp%2Fv2%2Fcomments&post=96682"}],"version-history":[{"count":1,"href":"https:\/\/quehacerpolitico.mx\/index.php?rest_route=\/wp\/v2\/posts\/96682\/revisions"}],"predecessor-version":[{"id":96687,"href":"https:\/\/quehacerpolitico.mx\/index.php?rest_route=\/wp\/v2\/posts\/96682\/revisions\/96687"}],"wp:featuredmedia":[{"embeddable":true,"href":"https:\/\/quehacerpolitico.mx\/index.php?rest_route=\/wp\/v2\/media\/96686"}],"wp:attachment":[{"href":"https:\/\/quehacerpolitico.mx\/index.php?rest_route=%2Fwp%2Fv2%2Fmedia&parent=96682"}],"wp:term":[{"taxonomy":"category","embeddable":true,"href":"https:\/\/quehacerpolitico.mx\/index.php?rest_route=%2Fwp%2Fv2%2Fcategories&post=96682"},{"taxonomy":"post_tag","embeddable":true,"href":"https:\/\/quehacerpolitico.mx\/index.php?rest_route=%2Fwp%2Fv2%2Ftags&post=96682"}],"curies":[{"name":"wp","href":"https:\/\/api.w.org\/{rel}","templated":true}]}}