{"id":96679,"date":"2022-10-25T19:43:27","date_gmt":"2022-10-25T19:43:27","guid":{"rendered":"https:\/\/quehacerpolitico.mx\/?p=96679"},"modified":"2022-10-25T19:43:30","modified_gmt":"2022-10-25T19:43:30","slug":"la-fgr-obtiene-sentencia-de-extincion-de-dominio-de-5-inmuebles-de-caro-quintero","status":"publish","type":"post","link":"https:\/\/quehacerpolitico.mx\/?p=96679","title":{"rendered":"La FGR obtiene sentencia de extinci\u00f3n de dominio de 5 inmuebles de Caro Quintero"},"content":{"rendered":"\n<p>Por Redacci\u00f3n QP<\/p>\n\n\n\n<p>Se trata de cinco viviendas que est\u00e1n en el fraccionamiento Villa Universitaria, Mercado de Abastos Norte, Residencial Arboledas y Vallarta Universidad, en el municipio de Zapopan<\/p>\n\n\n\n<p>La Fiscal\u00eda General de la Rep\u00fablica (FGR), inform\u00f3 que obtuvo la sentencia de dominio de cinco inmuebles del l\u00edder narcotraficante, Rafael Caro Quintero.<\/p>\n\n\n\n<p>Fue a trav\u00e9s de la Unidad Especializada en Materia de Extinci\u00f3n de Dominio (UEMED), dependiente de la Fiscal\u00eda Especializada de Control Regional (FECOR), que se obtuvo la sentencia en la cual se declar\u00f3 la extinci\u00f3n de dominio a favor del Gobierno Federal sobre cinco inmuebles ubicados en Zapopan, Jalisco.<\/p>\n\n\n\n<p>El 25 de octubre de 2019, se present\u00f3 ante la Direcci\u00f3n General de Procedimientos Internacionales una petici\u00f3n del Director de la Divisi\u00f3n Penal del Departamento de Justicia de los Estados Unidos de Am\u00e9rica, a trav\u00e9s del cual solicit\u00f3 asistencia jur\u00eddica internacional para el decomiso de inmuebles que se encuentran en Zapopan, Jalisco, respecto de los cuales se demand\u00f3 la extinci\u00f3n de dominio en la Corte de Distrito Este de Nueva York.<\/p>\n\n\n\n<p>De acuerdo con las investigaciones, lo anterior fue ordenado al determinar que fueron adquiridos con recursos procedentes de la venta de narc\u00f3ticos.<\/p>\n\n\n\n<p>\u201cDicha solicitud consist\u00eda en que se diera publicidad a la demanda de extinci\u00f3n de dominio; se realizara notificaci\u00f3n a los demandados; se tomaran las medidas necesarias para preservar los bienes asegurados y en su momento, en t\u00e9rminos de la Ley Nacional de Extinci\u00f3n de Dominio, se ejercitara la acci\u00f3n de extinci\u00f3n de dominio respecto de cinco inmuebles\u201d, explic\u00f3 la FGR.<\/p>\n\n\n\n<p>Al advertirse que se reun\u00edan los elementos constitucionales y reglamentarios para ejercer la acci\u00f3n de extinci\u00f3n de dominio, se dio vista a la UEMED.<\/p>\n\n\n\n<p>En ese contexto, agotado el procedimiento jurisdiccional en todas sus etapas, la Jueza Sexto de Distrito en Materia de Extinci\u00f3n de Dominio con competencia en la Rep\u00fablica Mexicana y Especializado en Juicios Orales Mercantiles del Primer Circuito con sede en la Ciudad de M\u00e9xico,&nbsp;<strong>dict\u00f3 sentencia favorable mediante juicio oral, \u201cdeclarando judicialmente la extinci\u00f3n de dominio de los cinco bienes inmuebles, propiedad de Rafael \u201cC\u201d, a favor del Estado, afect\u00e1ndose as\u00ed las finanzas de la delincuencia organizada<\/strong>\u201d.<\/p>\n\n\n\n<h4 class=\"wp-block-heading\">Inmuebles asegurados:<\/h4>\n\n\n\n<ul class=\"wp-block-list\"><li>Calle Paseo de los Virreyes 4283, fraccionamiento Villa Universitaria, Zapopan<\/li><li>Avenida Melchor Ocampo 468 Bodega 21, fraccionamiento Mercado de Abastos Norte, Zapopan<\/li><li>Calle Sagitario 5289-8, condominio Sagitario, fraccionamiento Residencial Arboledas, Zapopan<\/li><li>Calle Sagitario 5289-9, condominio Sagitario, fraccionamiento Residencial Arboledas, Zapopan<\/li><li>Calle Luigi Pirandello 5397, Lote 29B, Mza 145, fraccionamiento Vallarta Universidad, Zapopan<\/li><\/ul>\n","protected":false},"excerpt":{"rendered":"<p>Por Redacci\u00f3n QP Se trata de cinco viviendas que est\u00e1n en el fraccionamiento Villa Universitaria,&#8230;<\/p>\n","protected":false},"author":2,"featured_media":96680,"comment_status":"open","ping_status":"open","sticky":false,"template":"","format":"standard","meta":{"_monsterinsights_skip_tracking":false,"_monsterinsights_sitenote_active":false,"_monsterinsights_sitenote_note":"","_monsterinsights_sitenote_category":0,"footnotes":""},"categories":[2],"tags":[],"class_list":["post-96679","post","type-post","status-publish","format-standard","has-post-thumbnail","hentry","category-noticias"],"yoast_head":"<!-- This site is optimized with the Yoast SEO plugin v27.3 - https:\/\/yoast.com\/product\/yoast-seo-wordpress\/ -->\n<title>La FGR obtiene sentencia de extinci\u00f3n de dominio de 5 inmuebles de Caro Quintero -<\/title>\n<meta name=\"robots\" content=\"index, follow, max-snippet:-1, max-image-preview:large, max-video-preview:-1\" \/>\n<link rel=\"canonical\" href=\"https:\/\/quehacerpolitico.mx\/?p=96679\" \/>\n<meta property=\"og:locale\" content=\"es_MX\" \/>\n<meta property=\"og:type\" content=\"article\" \/>\n<meta property=\"og:title\" content=\"La FGR obtiene sentencia de extinci\u00f3n de dominio de 5 inmuebles de Caro Quintero -\" \/>\n<meta property=\"og:description\" content=\"Por Redacci\u00f3n QP Se trata de cinco viviendas que est\u00e1n en el fraccionamiento Villa Universitaria,...\" \/>\n<meta property=\"og:url\" content=\"https:\/\/quehacerpolitico.mx\/?p=96679\" \/>\n<meta property=\"article:published_time\" content=\"2022-10-25T19:43:27+00:00\" \/>\n<meta property=\"article:modified_time\" content=\"2022-10-25T19:43:30+00:00\" \/>\n<meta property=\"og:image\" content=\"https:\/\/quehacerpolitico.mx\/wp-content\/uploads\/2022\/10\/1DD03EC7-4AB1-4E4B-B40C-B92559AB3DCE.jpeg\" \/>\n\t<meta property=\"og:image:width\" content=\"739\" \/>\n\t<meta property=\"og:image:height\" content=\"415\" \/>\n\t<meta property=\"og:image:type\" content=\"image\/jpeg\" \/>\n<meta name=\"author\" content=\"Redacci\u00f3n QP\" \/>\n<meta name=\"twitter:card\" content=\"summary_large_image\" \/>\n<meta name=\"twitter:label1\" content=\"Escrito por\" \/>\n\t<meta name=\"twitter:data1\" content=\"Redacci\u00f3n QP\" \/>\n\t<meta name=\"twitter:label2\" content=\"Tiempo de lectura\" \/>\n\t<meta name=\"twitter:data2\" content=\"2 minutos\" \/>\n<script type=\"application\/ld+json\" class=\"yoast-schema-graph\">{\"@context\":\"https:\\\/\\\/schema.org\",\"@graph\":[{\"@type\":\"Article\",\"@id\":\"https:\\\/\\\/quehacerpolitico.mx\\\/?p=96679#article\",\"isPartOf\":{\"@id\":\"https:\\\/\\\/quehacerpolitico.mx\\\/?p=96679\"},\"author\":{\"name\":\"Redacci\u00f3n QP\",\"@id\":\"https:\\\/\\\/quehacerpolitico.mx\\\/#\\\/schema\\\/person\\\/496d8ad2d1d3f8036101dca7ee39e585\"},\"headline\":\"La FGR obtiene sentencia de extinci\u00f3n de dominio de 5 inmuebles de Caro Quintero\",\"datePublished\":\"2022-10-25T19:43:27+00:00\",\"dateModified\":\"2022-10-25T19:43:30+00:00\",\"mainEntityOfPage\":{\"@id\":\"https:\\\/\\\/quehacerpolitico.mx\\\/?p=96679\"},\"wordCount\":449,\"commentCount\":0,\"image\":{\"@id\":\"https:\\\/\\\/quehacerpolitico.mx\\\/?p=96679#primaryimage\"},\"thumbnailUrl\":\"https:\\\/\\\/quehacerpolitico.mx\\\/wp-content\\\/uploads\\\/2022\\\/10\\\/1DD03EC7-4AB1-4E4B-B40C-B92559AB3DCE.jpeg\",\"articleSection\":[\"Noticias\"],\"inLanguage\":\"es\",\"potentialAction\":[{\"@type\":\"CommentAction\",\"name\":\"Comment\",\"target\":[\"https:\\\/\\\/quehacerpolitico.mx\\\/?p=96679#respond\"]}]},{\"@type\":\"WebPage\",\"@id\":\"https:\\\/\\\/quehacerpolitico.mx\\\/?p=96679\",\"url\":\"https:\\\/\\\/quehacerpolitico.mx\\\/?p=96679\",\"name\":\"La FGR obtiene sentencia de extinci\u00f3n de dominio de 5 inmuebles de Caro Quintero -\",\"isPartOf\":{\"@id\":\"https:\\\/\\\/quehacerpolitico.mx\\\/#website\"},\"primaryImageOfPage\":{\"@id\":\"https:\\\/\\\/quehacerpolitico.mx\\\/?p=96679#primaryimage\"},\"image\":{\"@id\":\"https:\\\/\\\/quehacerpolitico.mx\\\/?p=96679#primaryimage\"},\"thumbnailUrl\":\"https:\\\/\\\/quehacerpolitico.mx\\\/wp-content\\\/uploads\\\/2022\\\/10\\\/1DD03EC7-4AB1-4E4B-B40C-B92559AB3DCE.jpeg\",\"datePublished\":\"2022-10-25T19:43:27+00:00\",\"dateModified\":\"2022-10-25T19:43:30+00:00\",\"author\":{\"@id\":\"https:\\\/\\\/quehacerpolitico.mx\\\/#\\\/schema\\\/person\\\/496d8ad2d1d3f8036101dca7ee39e585\"},\"breadcrumb\":{\"@id\":\"https:\\\/\\\/quehacerpolitico.mx\\\/?p=96679#breadcrumb\"},\"inLanguage\":\"es\",\"potentialAction\":[{\"@type\":\"ReadAction\",\"target\":[\"https:\\\/\\\/quehacerpolitico.mx\\\/?p=96679\"]}]},{\"@type\":\"ImageObject\",\"inLanguage\":\"es\",\"@id\":\"https:\\\/\\\/quehacerpolitico.mx\\\/?p=96679#primaryimage\",\"url\":\"https:\\\/\\\/quehacerpolitico.mx\\\/wp-content\\\/uploads\\\/2022\\\/10\\\/1DD03EC7-4AB1-4E4B-B40C-B92559AB3DCE.jpeg\",\"contentUrl\":\"https:\\\/\\\/quehacerpolitico.mx\\\/wp-content\\\/uploads\\\/2022\\\/10\\\/1DD03EC7-4AB1-4E4B-B40C-B92559AB3DCE.jpeg\",\"width\":739,\"height\":415},{\"@type\":\"BreadcrumbList\",\"@id\":\"https:\\\/\\\/quehacerpolitico.mx\\\/?p=96679#breadcrumb\",\"itemListElement\":[{\"@type\":\"ListItem\",\"position\":1,\"name\":\"Inicio\",\"item\":\"https:\\\/\\\/quehacerpolitico.mx\\\/\"},{\"@type\":\"ListItem\",\"position\":2,\"name\":\"La FGR obtiene sentencia de extinci\u00f3n de dominio de 5 inmuebles de Caro Quintero\"}]},{\"@type\":\"WebSite\",\"@id\":\"https:\\\/\\\/quehacerpolitico.mx\\\/#website\",\"url\":\"https:\\\/\\\/quehacerpolitico.mx\\\/\",\"name\":\"\",\"description\":\"\",\"potentialAction\":[{\"@type\":\"SearchAction\",\"target\":{\"@type\":\"EntryPoint\",\"urlTemplate\":\"https:\\\/\\\/quehacerpolitico.mx\\\/?s={search_term_string}\"},\"query-input\":{\"@type\":\"PropertyValueSpecification\",\"valueRequired\":true,\"valueName\":\"search_term_string\"}}],\"inLanguage\":\"es\"},{\"@type\":\"Person\",\"@id\":\"https:\\\/\\\/quehacerpolitico.mx\\\/#\\\/schema\\\/person\\\/496d8ad2d1d3f8036101dca7ee39e585\",\"name\":\"Redacci\u00f3n QP\",\"image\":{\"@type\":\"ImageObject\",\"inLanguage\":\"es\",\"@id\":\"https:\\\/\\\/secure.gravatar.com\\\/avatar\\\/c7164ed6fdec453195284ad24a5ae5b6e1eed2b848477fa2a4787ba9adf39a41?s=96&d=mm&r=g\",\"url\":\"https:\\\/\\\/secure.gravatar.com\\\/avatar\\\/c7164ed6fdec453195284ad24a5ae5b6e1eed2b848477fa2a4787ba9adf39a41?s=96&d=mm&r=g\",\"contentUrl\":\"https:\\\/\\\/secure.gravatar.com\\\/avatar\\\/c7164ed6fdec453195284ad24a5ae5b6e1eed2b848477fa2a4787ba9adf39a41?s=96&d=mm&r=g\",\"caption\":\"Redacci\u00f3n QP\"},\"url\":\"https:\\\/\\\/quehacerpolitico.mx\\\/?author=2\"}]}<\/script>\n<!-- \/ Yoast SEO plugin. -->","yoast_head_json":{"title":"La FGR obtiene sentencia de extinci\u00f3n de dominio de 5 inmuebles de Caro Quintero -","robots":{"index":"index","follow":"follow","max-snippet":"max-snippet:-1","max-image-preview":"max-image-preview:large","max-video-preview":"max-video-preview:-1"},"canonical":"https:\/\/quehacerpolitico.mx\/?p=96679","og_locale":"es_MX","og_type":"article","og_title":"La FGR obtiene sentencia de extinci\u00f3n de dominio de 5 inmuebles de Caro Quintero -","og_description":"Por Redacci\u00f3n QP Se trata de cinco viviendas que est\u00e1n en el fraccionamiento Villa Universitaria,...","og_url":"https:\/\/quehacerpolitico.mx\/?p=96679","article_published_time":"2022-10-25T19:43:27+00:00","article_modified_time":"2022-10-25T19:43:30+00:00","og_image":[{"width":739,"height":415,"url":"https:\/\/quehacerpolitico.mx\/wp-content\/uploads\/2022\/10\/1DD03EC7-4AB1-4E4B-B40C-B92559AB3DCE.jpeg","type":"image\/jpeg"}],"author":"Redacci\u00f3n QP","twitter_card":"summary_large_image","twitter_misc":{"Escrito por":"Redacci\u00f3n QP","Tiempo de lectura":"2 minutos"},"schema":{"@context":"https:\/\/schema.org","@graph":[{"@type":"Article","@id":"https:\/\/quehacerpolitico.mx\/?p=96679#article","isPartOf":{"@id":"https:\/\/quehacerpolitico.mx\/?p=96679"},"author":{"name":"Redacci\u00f3n QP","@id":"https:\/\/quehacerpolitico.mx\/#\/schema\/person\/496d8ad2d1d3f8036101dca7ee39e585"},"headline":"La FGR obtiene sentencia de extinci\u00f3n de dominio de 5 inmuebles de Caro Quintero","datePublished":"2022-10-25T19:43:27+00:00","dateModified":"2022-10-25T19:43:30+00:00","mainEntityOfPage":{"@id":"https:\/\/quehacerpolitico.mx\/?p=96679"},"wordCount":449,"commentCount":0,"image":{"@id":"https:\/\/quehacerpolitico.mx\/?p=96679#primaryimage"},"thumbnailUrl":"https:\/\/quehacerpolitico.mx\/wp-content\/uploads\/2022\/10\/1DD03EC7-4AB1-4E4B-B40C-B92559AB3DCE.jpeg","articleSection":["Noticias"],"inLanguage":"es","potentialAction":[{"@type":"CommentAction","name":"Comment","target":["https:\/\/quehacerpolitico.mx\/?p=96679#respond"]}]},{"@type":"WebPage","@id":"https:\/\/quehacerpolitico.mx\/?p=96679","url":"https:\/\/quehacerpolitico.mx\/?p=96679","name":"La FGR obtiene sentencia de extinci\u00f3n de dominio de 5 inmuebles de Caro Quintero -","isPartOf":{"@id":"https:\/\/quehacerpolitico.mx\/#website"},"primaryImageOfPage":{"@id":"https:\/\/quehacerpolitico.mx\/?p=96679#primaryimage"},"image":{"@id":"https:\/\/quehacerpolitico.mx\/?p=96679#primaryimage"},"thumbnailUrl":"https:\/\/quehacerpolitico.mx\/wp-content\/uploads\/2022\/10\/1DD03EC7-4AB1-4E4B-B40C-B92559AB3DCE.jpeg","datePublished":"2022-10-25T19:43:27+00:00","dateModified":"2022-10-25T19:43:30+00:00","author":{"@id":"https:\/\/quehacerpolitico.mx\/#\/schema\/person\/496d8ad2d1d3f8036101dca7ee39e585"},"breadcrumb":{"@id":"https:\/\/quehacerpolitico.mx\/?p=96679#breadcrumb"},"inLanguage":"es","potentialAction":[{"@type":"ReadAction","target":["https:\/\/quehacerpolitico.mx\/?p=96679"]}]},{"@type":"ImageObject","inLanguage":"es","@id":"https:\/\/quehacerpolitico.mx\/?p=96679#primaryimage","url":"https:\/\/quehacerpolitico.mx\/wp-content\/uploads\/2022\/10\/1DD03EC7-4AB1-4E4B-B40C-B92559AB3DCE.jpeg","contentUrl":"https:\/\/quehacerpolitico.mx\/wp-content\/uploads\/2022\/10\/1DD03EC7-4AB1-4E4B-B40C-B92559AB3DCE.jpeg","width":739,"height":415},{"@type":"BreadcrumbList","@id":"https:\/\/quehacerpolitico.mx\/?p=96679#breadcrumb","itemListElement":[{"@type":"ListItem","position":1,"name":"Inicio","item":"https:\/\/quehacerpolitico.mx\/"},{"@type":"ListItem","position":2,"name":"La FGR obtiene sentencia de extinci\u00f3n de dominio de 5 inmuebles de Caro Quintero"}]},{"@type":"WebSite","@id":"https:\/\/quehacerpolitico.mx\/#website","url":"https:\/\/quehacerpolitico.mx\/","name":"","description":"","potentialAction":[{"@type":"SearchAction","target":{"@type":"EntryPoint","urlTemplate":"https:\/\/quehacerpolitico.mx\/?s={search_term_string}"},"query-input":{"@type":"PropertyValueSpecification","valueRequired":true,"valueName":"search_term_string"}}],"inLanguage":"es"},{"@type":"Person","@id":"https:\/\/quehacerpolitico.mx\/#\/schema\/person\/496d8ad2d1d3f8036101dca7ee39e585","name":"Redacci\u00f3n QP","image":{"@type":"ImageObject","inLanguage":"es","@id":"https:\/\/secure.gravatar.com\/avatar\/c7164ed6fdec453195284ad24a5ae5b6e1eed2b848477fa2a4787ba9adf39a41?s=96&d=mm&r=g","url":"https:\/\/secure.gravatar.com\/avatar\/c7164ed6fdec453195284ad24a5ae5b6e1eed2b848477fa2a4787ba9adf39a41?s=96&d=mm&r=g","contentUrl":"https:\/\/secure.gravatar.com\/avatar\/c7164ed6fdec453195284ad24a5ae5b6e1eed2b848477fa2a4787ba9adf39a41?s=96&d=mm&r=g","caption":"Redacci\u00f3n QP"},"url":"https:\/\/quehacerpolitico.mx\/?author=2"}]}},"featured_image_urls":{"full":["https:\/\/quehacerpolitico.mx\/wp-content\/uploads\/2022\/10\/1DD03EC7-4AB1-4E4B-B40C-B92559AB3DCE.jpeg",739,415,false],"thumbnail":["https:\/\/quehacerpolitico.mx\/wp-content\/uploads\/2022\/10\/1DD03EC7-4AB1-4E4B-B40C-B92559AB3DCE-150x150.jpeg",150,150,true],"medium":["https:\/\/quehacerpolitico.mx\/wp-content\/uploads\/2022\/10\/1DD03EC7-4AB1-4E4B-B40C-B92559AB3DCE-300x168.jpeg",300,168,true],"medium_large":["https:\/\/quehacerpolitico.mx\/wp-content\/uploads\/2022\/10\/1DD03EC7-4AB1-4E4B-B40C-B92559AB3DCE.jpeg",640,359,false],"large":["https:\/\/quehacerpolitico.mx\/wp-content\/uploads\/2022\/10\/1DD03EC7-4AB1-4E4B-B40C-B92559AB3DCE.jpeg",640,359,false],"1536x1536":["https:\/\/quehacerpolitico.mx\/wp-content\/uploads\/2022\/10\/1DD03EC7-4AB1-4E4B-B40C-B92559AB3DCE.jpeg",739,415,false],"2048x2048":["https:\/\/quehacerpolitico.mx\/wp-content\/uploads\/2022\/10\/1DD03EC7-4AB1-4E4B-B40C-B92559AB3DCE.jpeg",739,415,false],"covernews-featured":["https:\/\/quehacerpolitico.mx\/wp-content\/uploads\/2022\/10\/1DD03EC7-4AB1-4E4B-B40C-B92559AB3DCE.jpeg",739,415,false],"covernews-medium":["https:\/\/quehacerpolitico.mx\/wp-content\/uploads\/2022\/10\/1DD03EC7-4AB1-4E4B-B40C-B92559AB3DCE.jpeg",540,303,false]},"author_info":{"display_name":"Redacci\u00f3n QP","author_link":"https:\/\/quehacerpolitico.mx\/?author=2"},"category_info":"<a href=\"https:\/\/quehacerpolitico.mx\/?cat=2\" rel=\"category\">Noticias<\/a>","tag_info":"Noticias","comment_count":"0","_links":{"self":[{"href":"https:\/\/quehacerpolitico.mx\/index.php?rest_route=\/wp\/v2\/posts\/96679","targetHints":{"allow":["GET"]}}],"collection":[{"href":"https:\/\/quehacerpolitico.mx\/index.php?rest_route=\/wp\/v2\/posts"}],"about":[{"href":"https:\/\/quehacerpolitico.mx\/index.php?rest_route=\/wp\/v2\/types\/post"}],"author":[{"embeddable":true,"href":"https:\/\/quehacerpolitico.mx\/index.php?rest_route=\/wp\/v2\/users\/2"}],"replies":[{"embeddable":true,"href":"https:\/\/quehacerpolitico.mx\/index.php?rest_route=%2Fwp%2Fv2%2Fcomments&post=96679"}],"version-history":[{"count":1,"href":"https:\/\/quehacerpolitico.mx\/index.php?rest_route=\/wp\/v2\/posts\/96679\/revisions"}],"predecessor-version":[{"id":96681,"href":"https:\/\/quehacerpolitico.mx\/index.php?rest_route=\/wp\/v2\/posts\/96679\/revisions\/96681"}],"wp:featuredmedia":[{"embeddable":true,"href":"https:\/\/quehacerpolitico.mx\/index.php?rest_route=\/wp\/v2\/media\/96680"}],"wp:attachment":[{"href":"https:\/\/quehacerpolitico.mx\/index.php?rest_route=%2Fwp%2Fv2%2Fmedia&parent=96679"}],"wp:term":[{"taxonomy":"category","embeddable":true,"href":"https:\/\/quehacerpolitico.mx\/index.php?rest_route=%2Fwp%2Fv2%2Fcategories&post=96679"},{"taxonomy":"post_tag","embeddable":true,"href":"https:\/\/quehacerpolitico.mx\/index.php?rest_route=%2Fwp%2Fv2%2Ftags&post=96679"}],"curies":[{"name":"wp","href":"https:\/\/api.w.org\/{rel}","templated":true}]}}