{"id":9666,"date":"2018-11-20T04:23:01","date_gmt":"2018-11-20T04:23:01","guid":{"rendered":"http:\/\/quehacerpolitico.mx\/despliegan-operativo-con-drones-para-localizar-a-joven-desaparecido-en-los-dinamos\/"},"modified":"2018-11-20T04:23:01","modified_gmt":"2018-11-20T04:23:01","slug":"despliegan-operativo-con-drones-para-localizar-a-joven-desaparecido-en-los-dinamos","status":"publish","type":"post","link":"https:\/\/quehacerpolitico.mx\/?p=9666","title":{"rendered":"Despliegan operativo con drones para localizar a joven desaparecido en Los Dinamos"},"content":{"rendered":"<h3 class=\"mtitle\">Despliegan operativo con drones para localizar a joven desaparecido en Los Dinamos<\/h3>\n<p>Por Redacci\u00f3n QP<\/p>\n<div class=\"sumary single\">\n<p>El hecho ocurri\u00f3 el domingo 18 de noviembre por la ma\u00f1ana, luego de que el grupo conocido como \u201cLos Mega Frikis\u201d avisara sobre la situaci\u00f3n.<\/p>\n<\/div>\n<div class=\"singleNote\">\n<p>Autoridades de la alcald\u00eda La Magdalena Contreras desplegaron un operativo de b\u00fasqueda para localizar a Bernardo Carre\u00f3n, quien desapareci\u00f3 desde el s\u00e1bado 17 de noviembre en el punto conocido como el cuarto Dinamo.<\/p>\n<p>La demarcaci\u00f3n detall\u00f3 que el reporte del hecho ocurri\u00f3 el domingo 18 de noviembre por la ma\u00f1ana, luego de que el grupo de j\u00f3venes con los que parti\u00f3 -conocidos como \u201cLos Mega Frikis\u201d- diera aviso a las autoridades.<\/p>\n<p>De acuerdo con el personal de Protecci\u00f3n Civil de la demarcaci\u00f3n, a partir de ese momento se activ\u00f3 un dispositivo de b\u00fasqueda con la colaboraci\u00f3n del Escuadr\u00f3n de Rescate y Urgencias M\u00e9dicas (ERUM).<\/p>\n<p>El director de Protecci\u00f3n Civil de la Alcald\u00eda, Ulises Reyes, indic\u00f3 que se est\u00e1n por cumplir 48 horas de la desaparici\u00f3n, por lo que contin\u00faa la b\u00fasqueda con el apoyo de drones, cuatro c\u00e9lulas integradas por personal de apoyo y comuneros que conocen perfectamente la zona.<\/p>\n<h3><strong>-B\u00fasqueda coordinada-<\/strong><\/h3>\n<p>Adem\u00e1s tambi\u00e9n hay Polic\u00eda Auxiliar de la Secretar\u00eda de Seguridad P\u00fablica y un grupo de bomberos de la Ciudad de M\u00e9xico.<\/p>\n<p>Por su parte, el Director de Gobierno de la Alcald\u00eda, Roberto Negrete, refiri\u00f3 que han tenido contacto con la familia del joven desaparecido v\u00eda telef\u00f3nica y ellos han estado directamente en la zona de b\u00fasqueda.<\/p>\n<p>Detall\u00f3 que cuentan con las coordenadas donde aparentemente fue el \u00faltimo lugar que estuvo el joven de 26 a\u00f1os.<\/p>\n<p>En un comunicado, la alcald\u00eda sostiene que la misma edil Patricia Ortiz Couturier ha supervisado personalmente los trabajos de b\u00fasqueda en las \u00faltimas horas, con apoyo de aproximadamente 90 funcionarios de todas las instituciones, con quienes seguir\u00e1n sumando esfuerzos para lograr el objetivo.<\/p>\n<p>https:\/\/www.facebook.com\/photo.php?fbid=1914775948570147&#038;set=a.309036752477416&#038;type=3<\/p>\n<\/div>\n","protected":false},"excerpt":{"rendered":"<p>Despliegan operativo con drones para localizar a joven desaparecido en Los Dinamos<br \/>\nPor Redacci\u00f3n QP<\/p>\n","protected":false},"author":2,"featured_media":9665,"comment_status":"open","ping_status":"open","sticky":false,"template":"","format":"standard","meta":{"_monsterinsights_skip_tracking":false,"_monsterinsights_sitenote_active":false,"_monsterinsights_sitenote_note":"","_monsterinsights_sitenote_category":0,"footnotes":""},"categories":[55],"tags":[],"class_list":["post-9666","post","type-post","status-publish","format-standard","has-post-thumbnail","hentry","category-cdmx"],"yoast_head":"<!-- This site is optimized with the Yoast SEO plugin v27.3 - https:\/\/yoast.com\/product\/yoast-seo-wordpress\/ -->\n<title>Despliegan operativo con drones para localizar a joven desaparecido en Los Dinamos -<\/title>\n<meta name=\"robots\" content=\"index, follow, max-snippet:-1, max-image-preview:large, max-video-preview:-1\" \/>\n<link rel=\"canonical\" href=\"https:\/\/quehacerpolitico.mx\/?p=9666\" \/>\n<meta property=\"og:locale\" content=\"es_MX\" \/>\n<meta property=\"og:type\" content=\"article\" \/>\n<meta property=\"og:title\" content=\"Despliegan operativo con drones para localizar a joven desaparecido en Los Dinamos -\" \/>\n<meta property=\"og:description\" content=\"Despliegan operativo con drones para localizar a joven desaparecido en Los Dinamos Por Redacci\u00f3n QP\" \/>\n<meta property=\"og:url\" content=\"https:\/\/quehacerpolitico.mx\/?p=9666\" \/>\n<meta property=\"article:published_time\" content=\"2018-11-20T04:23:01+00:00\" \/>\n<meta name=\"author\" content=\"Redacci\u00f3n QP\" \/>\n<meta name=\"twitter:card\" content=\"summary_large_image\" \/>\n<meta name=\"twitter:label1\" content=\"Escrito por\" \/>\n\t<meta name=\"twitter:data1\" content=\"Redacci\u00f3n QP\" \/>\n\t<meta name=\"twitter:label2\" content=\"Tiempo de lectura\" \/>\n\t<meta name=\"twitter:data2\" content=\"2 minutos\" \/>\n<script type=\"application\/ld+json\" class=\"yoast-schema-graph\">{\"@context\":\"https:\\\/\\\/schema.org\",\"@graph\":[{\"@type\":\"Article\",\"@id\":\"https:\\\/\\\/quehacerpolitico.mx\\\/?p=9666#article\",\"isPartOf\":{\"@id\":\"https:\\\/\\\/quehacerpolitico.mx\\\/?p=9666\"},\"author\":{\"name\":\"Redacci\u00f3n QP\",\"@id\":\"https:\\\/\\\/quehacerpolitico.mx\\\/#\\\/schema\\\/person\\\/496d8ad2d1d3f8036101dca7ee39e585\"},\"headline\":\"Despliegan operativo con drones para localizar a joven desaparecido en Los Dinamos\",\"datePublished\":\"2018-11-20T04:23:01+00:00\",\"mainEntityOfPage\":{\"@id\":\"https:\\\/\\\/quehacerpolitico.mx\\\/?p=9666\"},\"wordCount\":367,\"commentCount\":0,\"image\":{\"@id\":\"https:\\\/\\\/quehacerpolitico.mx\\\/?p=9666#primaryimage\"},\"thumbnailUrl\":\"\",\"articleSection\":[\"CDMX\"],\"inLanguage\":\"es\",\"potentialAction\":[{\"@type\":\"CommentAction\",\"name\":\"Comment\",\"target\":[\"https:\\\/\\\/quehacerpolitico.mx\\\/?p=9666#respond\"]}]},{\"@type\":\"WebPage\",\"@id\":\"https:\\\/\\\/quehacerpolitico.mx\\\/?p=9666\",\"url\":\"https:\\\/\\\/quehacerpolitico.mx\\\/?p=9666\",\"name\":\"Despliegan operativo con drones para localizar a joven desaparecido en Los Dinamos -\",\"isPartOf\":{\"@id\":\"https:\\\/\\\/quehacerpolitico.mx\\\/#website\"},\"primaryImageOfPage\":{\"@id\":\"https:\\\/\\\/quehacerpolitico.mx\\\/?p=9666#primaryimage\"},\"image\":{\"@id\":\"https:\\\/\\\/quehacerpolitico.mx\\\/?p=9666#primaryimage\"},\"thumbnailUrl\":\"\",\"datePublished\":\"2018-11-20T04:23:01+00:00\",\"author\":{\"@id\":\"https:\\\/\\\/quehacerpolitico.mx\\\/#\\\/schema\\\/person\\\/496d8ad2d1d3f8036101dca7ee39e585\"},\"breadcrumb\":{\"@id\":\"https:\\\/\\\/quehacerpolitico.mx\\\/?p=9666#breadcrumb\"},\"inLanguage\":\"es\",\"potentialAction\":[{\"@type\":\"ReadAction\",\"target\":[\"https:\\\/\\\/quehacerpolitico.mx\\\/?p=9666\"]}]},{\"@type\":\"ImageObject\",\"inLanguage\":\"es\",\"@id\":\"https:\\\/\\\/quehacerpolitico.mx\\\/?p=9666#primaryimage\",\"url\":\"\",\"contentUrl\":\"\"},{\"@type\":\"BreadcrumbList\",\"@id\":\"https:\\\/\\\/quehacerpolitico.mx\\\/?p=9666#breadcrumb\",\"itemListElement\":[{\"@type\":\"ListItem\",\"position\":1,\"name\":\"Inicio\",\"item\":\"https:\\\/\\\/quehacerpolitico.mx\\\/\"},{\"@type\":\"ListItem\",\"position\":2,\"name\":\"Despliegan operativo con drones para localizar a joven desaparecido en Los Dinamos\"}]},{\"@type\":\"WebSite\",\"@id\":\"https:\\\/\\\/quehacerpolitico.mx\\\/#website\",\"url\":\"https:\\\/\\\/quehacerpolitico.mx\\\/\",\"name\":\"\",\"description\":\"\",\"potentialAction\":[{\"@type\":\"SearchAction\",\"target\":{\"@type\":\"EntryPoint\",\"urlTemplate\":\"https:\\\/\\\/quehacerpolitico.mx\\\/?s={search_term_string}\"},\"query-input\":{\"@type\":\"PropertyValueSpecification\",\"valueRequired\":true,\"valueName\":\"search_term_string\"}}],\"inLanguage\":\"es\"},{\"@type\":\"Person\",\"@id\":\"https:\\\/\\\/quehacerpolitico.mx\\\/#\\\/schema\\\/person\\\/496d8ad2d1d3f8036101dca7ee39e585\",\"name\":\"Redacci\u00f3n QP\",\"image\":{\"@type\":\"ImageObject\",\"inLanguage\":\"es\",\"@id\":\"https:\\\/\\\/secure.gravatar.com\\\/avatar\\\/c7164ed6fdec453195284ad24a5ae5b6e1eed2b848477fa2a4787ba9adf39a41?s=96&d=mm&r=g\",\"url\":\"https:\\\/\\\/secure.gravatar.com\\\/avatar\\\/c7164ed6fdec453195284ad24a5ae5b6e1eed2b848477fa2a4787ba9adf39a41?s=96&d=mm&r=g\",\"contentUrl\":\"https:\\\/\\\/secure.gravatar.com\\\/avatar\\\/c7164ed6fdec453195284ad24a5ae5b6e1eed2b848477fa2a4787ba9adf39a41?s=96&d=mm&r=g\",\"caption\":\"Redacci\u00f3n QP\"},\"url\":\"https:\\\/\\\/quehacerpolitico.mx\\\/?author=2\"}]}<\/script>\n<!-- \/ Yoast SEO plugin. -->","yoast_head_json":{"title":"Despliegan operativo con drones para localizar a joven desaparecido en Los Dinamos -","robots":{"index":"index","follow":"follow","max-snippet":"max-snippet:-1","max-image-preview":"max-image-preview:large","max-video-preview":"max-video-preview:-1"},"canonical":"https:\/\/quehacerpolitico.mx\/?p=9666","og_locale":"es_MX","og_type":"article","og_title":"Despliegan operativo con drones para localizar a joven desaparecido en Los Dinamos -","og_description":"Despliegan operativo con drones para localizar a joven desaparecido en Los Dinamos Por Redacci\u00f3n QP","og_url":"https:\/\/quehacerpolitico.mx\/?p=9666","article_published_time":"2018-11-20T04:23:01+00:00","author":"Redacci\u00f3n QP","twitter_card":"summary_large_image","twitter_misc":{"Escrito por":"Redacci\u00f3n QP","Tiempo de lectura":"2 minutos"},"schema":{"@context":"https:\/\/schema.org","@graph":[{"@type":"Article","@id":"https:\/\/quehacerpolitico.mx\/?p=9666#article","isPartOf":{"@id":"https:\/\/quehacerpolitico.mx\/?p=9666"},"author":{"name":"Redacci\u00f3n QP","@id":"https:\/\/quehacerpolitico.mx\/#\/schema\/person\/496d8ad2d1d3f8036101dca7ee39e585"},"headline":"Despliegan operativo con drones para localizar a joven desaparecido en Los Dinamos","datePublished":"2018-11-20T04:23:01+00:00","mainEntityOfPage":{"@id":"https:\/\/quehacerpolitico.mx\/?p=9666"},"wordCount":367,"commentCount":0,"image":{"@id":"https:\/\/quehacerpolitico.mx\/?p=9666#primaryimage"},"thumbnailUrl":"","articleSection":["CDMX"],"inLanguage":"es","potentialAction":[{"@type":"CommentAction","name":"Comment","target":["https:\/\/quehacerpolitico.mx\/?p=9666#respond"]}]},{"@type":"WebPage","@id":"https:\/\/quehacerpolitico.mx\/?p=9666","url":"https:\/\/quehacerpolitico.mx\/?p=9666","name":"Despliegan operativo con drones para localizar a joven desaparecido en Los Dinamos -","isPartOf":{"@id":"https:\/\/quehacerpolitico.mx\/#website"},"primaryImageOfPage":{"@id":"https:\/\/quehacerpolitico.mx\/?p=9666#primaryimage"},"image":{"@id":"https:\/\/quehacerpolitico.mx\/?p=9666#primaryimage"},"thumbnailUrl":"","datePublished":"2018-11-20T04:23:01+00:00","author":{"@id":"https:\/\/quehacerpolitico.mx\/#\/schema\/person\/496d8ad2d1d3f8036101dca7ee39e585"},"breadcrumb":{"@id":"https:\/\/quehacerpolitico.mx\/?p=9666#breadcrumb"},"inLanguage":"es","potentialAction":[{"@type":"ReadAction","target":["https:\/\/quehacerpolitico.mx\/?p=9666"]}]},{"@type":"ImageObject","inLanguage":"es","@id":"https:\/\/quehacerpolitico.mx\/?p=9666#primaryimage","url":"","contentUrl":""},{"@type":"BreadcrumbList","@id":"https:\/\/quehacerpolitico.mx\/?p=9666#breadcrumb","itemListElement":[{"@type":"ListItem","position":1,"name":"Inicio","item":"https:\/\/quehacerpolitico.mx\/"},{"@type":"ListItem","position":2,"name":"Despliegan operativo con drones para localizar a joven desaparecido en Los Dinamos"}]},{"@type":"WebSite","@id":"https:\/\/quehacerpolitico.mx\/#website","url":"https:\/\/quehacerpolitico.mx\/","name":"","description":"","potentialAction":[{"@type":"SearchAction","target":{"@type":"EntryPoint","urlTemplate":"https:\/\/quehacerpolitico.mx\/?s={search_term_string}"},"query-input":{"@type":"PropertyValueSpecification","valueRequired":true,"valueName":"search_term_string"}}],"inLanguage":"es"},{"@type":"Person","@id":"https:\/\/quehacerpolitico.mx\/#\/schema\/person\/496d8ad2d1d3f8036101dca7ee39e585","name":"Redacci\u00f3n QP","image":{"@type":"ImageObject","inLanguage":"es","@id":"https:\/\/secure.gravatar.com\/avatar\/c7164ed6fdec453195284ad24a5ae5b6e1eed2b848477fa2a4787ba9adf39a41?s=96&d=mm&r=g","url":"https:\/\/secure.gravatar.com\/avatar\/c7164ed6fdec453195284ad24a5ae5b6e1eed2b848477fa2a4787ba9adf39a41?s=96&d=mm&r=g","contentUrl":"https:\/\/secure.gravatar.com\/avatar\/c7164ed6fdec453195284ad24a5ae5b6e1eed2b848477fa2a4787ba9adf39a41?s=96&d=mm&r=g","caption":"Redacci\u00f3n QP"},"url":"https:\/\/quehacerpolitico.mx\/?author=2"}]}},"featured_image_urls":{"full":"","thumbnail":"","medium":"","medium_large":"","large":"","1536x1536":"","2048x2048":"","covernews-featured":"","covernews-medium":""},"author_info":{"display_name":"Redacci\u00f3n QP","author_link":"https:\/\/quehacerpolitico.mx\/?author=2"},"category_info":"<a href=\"https:\/\/quehacerpolitico.mx\/?cat=55\" rel=\"category\">CDMX<\/a>","tag_info":"CDMX","comment_count":"0","_links":{"self":[{"href":"https:\/\/quehacerpolitico.mx\/index.php?rest_route=\/wp\/v2\/posts\/9666","targetHints":{"allow":["GET"]}}],"collection":[{"href":"https:\/\/quehacerpolitico.mx\/index.php?rest_route=\/wp\/v2\/posts"}],"about":[{"href":"https:\/\/quehacerpolitico.mx\/index.php?rest_route=\/wp\/v2\/types\/post"}],"author":[{"embeddable":true,"href":"https:\/\/quehacerpolitico.mx\/index.php?rest_route=\/wp\/v2\/users\/2"}],"replies":[{"embeddable":true,"href":"https:\/\/quehacerpolitico.mx\/index.php?rest_route=%2Fwp%2Fv2%2Fcomments&post=9666"}],"version-history":[{"count":0,"href":"https:\/\/quehacerpolitico.mx\/index.php?rest_route=\/wp\/v2\/posts\/9666\/revisions"}],"wp:featuredmedia":[{"embeddable":true,"href":"https:\/\/quehacerpolitico.mx\/index.php?rest_route=\/"}],"wp:attachment":[{"href":"https:\/\/quehacerpolitico.mx\/index.php?rest_route=%2Fwp%2Fv2%2Fmedia&parent=9666"}],"wp:term":[{"taxonomy":"category","embeddable":true,"href":"https:\/\/quehacerpolitico.mx\/index.php?rest_route=%2Fwp%2Fv2%2Fcategories&post=9666"},{"taxonomy":"post_tag","embeddable":true,"href":"https:\/\/quehacerpolitico.mx\/index.php?rest_route=%2Fwp%2Fv2%2Ftags&post=9666"}],"curies":[{"name":"wp","href":"https:\/\/api.w.org\/{rel}","templated":true}]}}