{"id":9664,"date":"2018-11-20T04:11:24","date_gmt":"2018-11-20T04:11:24","guid":{"rendered":"http:\/\/quehacerpolitico.mx\/marko-cortes-toma-protesta-como-dirigente-del-pan-advierte-a-amlo-que-colaborara-sin-subordinarse\/"},"modified":"2018-11-20T04:11:24","modified_gmt":"2018-11-20T04:11:24","slug":"marko-cortes-toma-protesta-como-dirigente-del-pan-advierte-a-amlo-que-colaborara-sin-subordinarse","status":"publish","type":"post","link":"https:\/\/quehacerpolitico.mx\/?p=9664","title":{"rendered":"Marko Cort\u00e9s toma protesta como dirigente del PAN; advierte a AMLO que colaborar\u00e1 sin subordinarse"},"content":{"rendered":"<h1>Marko Cort\u00e9s toma protesta como dirigente del PAN; advierte a AMLO que colaborar\u00e1 sin subordinarse<\/h1>\n<p>Por Redacci\u00f3n QP<\/p>\n<p><strong>Marko Cort\u00e9s<\/strong> tom\u00f3 protesta la tarde de este lunes como <strong>dirigente<\/strong> del Partido Acci\u00f3n Nacional (<strong>PAN<\/strong>) para el periodo\u00a02018-2021 y durante su primer discurso en el cargo asegur\u00f3 que <strong>colaborar\u00e1n<\/strong>con el pr\u00f3ximo Gobierno federal, encabezado por <strong>Andr\u00e9s Manuel L\u00f3pez Obrador<\/strong>, pero sin <strong>subordinarse<\/strong> o someterse.<\/p>\n<blockquote>\n<p>\u201cEl nuevo Gobierno recibir\u00e1 del <strong>PAN<\/strong>, el trato y la colaboraci\u00f3n que est\u00e9 dispuesto a ofrecer. En el <strong>PAN<\/strong>, jam\u00e1s pondremos la otra mejilla. [\u2026] <strong>Colaboraremos<\/strong>, pero nunca jam\u00e1s nos <strong>subordinaremos<\/strong>. Habr\u00e1 colaboraci\u00f3n, pero no sometimiento\u201d, asever\u00f3.<\/p>\n<\/blockquote>\n<p>Frente a su planilla, gobernadores, alcaldes, l\u00edderes parlamentarios, legisladores, su familia y el Comit\u00e9 Ejecutivo Nacional (CEN) saliente de\u00a0Marcelo Torres Cofi\u00f1o, el nuevo l\u00edder panista pidi\u00f3 al Presidente electo\u00a0no caer en el conflicto\u00a0de los buenos y los malos, los ricos y los pobres.<\/p>\n<blockquote class=\"twitter-tweet\" data-width=\"550\" data-dnt=\"true\">\n<p lang=\"es\" dir=\"ltr\">He tomado protesta como Presidente del CEN de <a href=\"https:\/\/twitter.com\/AccionNacional?ref_src=twsrc%5Etfw\">@AccionNacional<\/a> para el periodo 2018-2021. Gracias! <a href=\"https:\/\/twitter.com\/hashtag\/MexicoesdeTodos?src=hash&amp;ref_src=twsrc%5Etfw\">#MexicoesdeTodos<\/a> <a href=\"https:\/\/twitter.com\/hashtag\/PANunidosparaDefenderMX?src=hash&amp;ref_src=twsrc%5Etfw\">#PANunidosparaDefenderMX<\/a> <a href=\"https:\/\/t.co\/fj63WFw1Gj\">pic.twitter.com\/fj63WFw1Gj<\/a><\/p>\n<p>&mdash; Marko Cort\u00e9s (@MarkoCortes) <a href=\"https:\/\/twitter.com\/MarkoCortes\/status\/1064654465003896837?ref_src=twsrc%5Etfw\">November 19, 2018<\/a><\/p><\/blockquote>\n<p><script async src=\"https:\/\/platform.twitter.com\/widgets.js\" charset=\"utf-8\"><\/script><\/p>\n<blockquote>\n<p>\u201cNo caigamos en la confrontaci\u00f3n de los mexicanos, que eso no deja nada bueno. Le decimos desde aqu\u00ed al Presidente electo que todos somos mexicanos y que no abona la polarizaci\u00f3n\u201d, dijo Cort\u00e9s Mendoza.<\/p>\n<\/blockquote>\n<p>Por otra parte,\u00a0consider\u00f3 que actualmente ser una buena oposici\u00f3n es\u00a0una misi\u00f3n hist\u00f3rica y\u00a0una responsabilidad pol\u00edtica, ya que se trata de la antesala para que la gente vote por el <strong>PAN<\/strong> y vuelvan a ganar en las pr\u00f3ximas elecciones.<\/p>\n<div id=\"attachment_3500114\" class=\"wp-caption alignnone\"><img loading=\"lazy\" decoding=\"async\" class=\"size-full wp-image-3500114\" src=\"https:\/\/www.sinembargo.mx\/wp-content\/uploads\/2018\/11\/marko-cortes-protesta-pan.jpg\" sizes=\"auto, (max-width: 700px) 100vw, 700px\" srcset=\"https:\/\/www.sinembargo.mx\/wp-content\/uploads\/2018\/11\/marko-cortes-protesta-pan.jpg 700w, https:\/\/www.sinembargo.mx\/wp-content\/uploads\/2018\/11\/marko-cortes-protesta-pan-300x159.jpg 300w\" alt=\"\" width=\"700\" height=\"370\" \/><\/p>\n<p class=\"wp-caption-text\">Ante dicha situaci\u00f3n, convoc\u00f3 a\u00a0un \u201cAcuerdo Nacional por la Unidad de Acci\u00f3n Nacional para Cuidar a M\u00e9xico\u201d, en el que participen todos los panistas, ex militantes y los ciudadanos que simpatizan con el partido. Foto: Misael Valtierra, Cuartoscuro<\/p>\n<\/div>\n<blockquote>\n<p>\u201cSer una buena oposici\u00f3n es la antesala para volver a ganar, ser una buena oposici\u00f3n es dar resultados ah\u00ed donde hoy tenemos la responsabilidad de gobernar y en los Congresos. Esa doble condici\u00f3n hoy nos legitima para recuperar y conservar la confianza de los ciudadanos\u201d, sostuvo el <strong>dirigente<\/strong> del blanquiazul.<\/p>\n<p>Ante dicha situaci\u00f3n, convoc\u00f3 a\u00a0un \u201cAcuerdo Nacional por la Unidad de Acci\u00f3n Nacional para Cuidar a M\u00e9xico\u201d, en el que participen todos los panistas, ex militantes y los ciudadanos que simpatizan con el partido, a fin de que sigan siendo un instrumento para la democracia que hable a los\u00a060 millones de mexicanos que no votaron por <strong>L\u00f3pez Obrador<\/strong>; as\u00ed como a aquellos que s\u00ed lo hicieron, pero que se encuentran decepcionados.<\/p>\n<blockquote class=\"twitter-tweet\" data-width=\"550\" data-dnt=\"true\">\n<p lang=\"es\" dir=\"ltr\">Hoy asumimos el inicio del gran reto para unir a nuestro partido, no ser\u00e1 f\u00e1cil, pero con voluntad, trabajo y honestidad, vamos a <a href=\"https:\/\/twitter.com\/hashtag\/DefenderaM%C3%A9xico?src=hash&amp;ref_src=twsrc%5Etfw\">#DefenderaM\u00e9xico<\/a>. <a href=\"https:\/\/t.co\/3IvBL15x4j\">pic.twitter.com\/3IvBL15x4j<\/a><\/p>\n<p>&mdash; Marko Cort\u00e9s (@MarkoCortes) <a href=\"https:\/\/twitter.com\/MarkoCortes\/status\/1064682409449439234?ref_src=twsrc%5Etfw\">November 20, 2018<\/a><\/p><\/blockquote>\n<p><script async src=\"https:\/\/platform.twitter.com\/widgets.js\" charset=\"utf-8\"><\/script><\/p>\n<blockquote>\n<p>\u201cEn Acci\u00f3n Nacional estamos mujeres y hombres valientes y decididos. Valientes para enfrentar los momentos m\u00e1s oscuros, m\u00e1s dif\u00edciles que pueda enfrentar nuestro pa\u00eds. No nos esperan tiempos sencillos, no nos esperan victorias f\u00e1ciles; sabemos que la democracia est\u00e1 amenazada por el poder absoluto. Pero hoy decimos con claridad, Acci\u00f3n Nacional se declara listo para defender la democracia y las libertades en M\u00e9xico\u201d, se\u00f1al\u00f3 <strong>Marko Cort\u00e9s<\/strong>.<\/p>\n<\/blockquote>\n<p>Asimismo, afirm\u00f3 que la meta durante su gesti\u00f3n ser\u00e1 que en el 2021 regrese la pluralidad a la C\u00e1mara de Diputados, la discusi\u00f3n y la deliberaci\u00f3n. \u201cLa meta va a ser que Acci\u00f3n Nacional mantenga sus gobiernos y vaya por m\u00e1s\u201d, indic\u00f3.<\/p>\n<div id=\"attachment_3500119\" class=\"wp-caption alignnone\"><img loading=\"lazy\" decoding=\"async\" class=\"size-full wp-image-3500119\" src=\"https:\/\/www.sinembargo.mx\/wp-content\/uploads\/2018\/11\/moreno-valle-senado-pan.jpg\" sizes=\"auto, (max-width: 700px) 100vw, 700px\" srcset=\"https:\/\/www.sinembargo.mx\/wp-content\/uploads\/2018\/11\/moreno-valle-senado-pan.jpg 700w, https:\/\/www.sinembargo.mx\/wp-content\/uploads\/2018\/11\/moreno-valle-senado-pan-300x159.jpg 300w\" alt=\"\" width=\"700\" height=\"370\" \/><\/p>\n<p class=\"wp-caption-text\">Rafael Moreno Valle, Senador del PAN, durante la sesi\u00f3n ordinaria del Senado de la Rep\u00fablica. Foto: Misael Valtierra, Cuartoscuro<\/p>\n<\/div>\n<p><strong>MORENO VALLE SE PERFILA PARA COORDINAR EL SENADO<\/strong><\/p>\n<p>Rafael Moreno Valle, ex Gobernador de Puebla y actual Senador, podr\u00eda ser el\u00a0nuevo titular de la\u00a0Coordinaci\u00f3n Parlamentaria del Partido Acci\u00f3n Nacional (PAN) en el Senado\u00a0de la Rep\u00fablica, de acuerdo con fuentes del blanquiazul.<\/p>\n<p>Ayer,\u00a0Dami\u00e1n Zepeda\u00a0renunci\u00f3 al puesto y lo dej\u00f3 a disposici\u00f3n de Marko Cort\u00e9s, quien se encargar\u00e1 de realizar el proceso de consulta y nombramiento del nuevo l\u00edder de los legisladores panistas.<\/p>\n<blockquote>\n<p>\u201c\u00bfPor qu\u00e9 lo hago? Como ustedes saben, hace unos d\u00edas hubo una elecci\u00f3n en el Partido Acci\u00f3n Nacional y se eligi\u00f3 al nuevo dirigente nacional, quien toma protesta este lunes. Y acorde a nuestros estatutos ser\u00e1 responsabilidad de \u00e9l tomar la decisi\u00f3n de qui\u00e9n ser\u00e1 el pr\u00f3ximo\u00a0coordinador parlamentario\u00a0del\u00a0PAN\u00a0en el\u00a0Senado\u201c, detall\u00f3 en un video compartido a trav\u00e9s de redes sociales.<\/p>\n<p>Asimismo,\u00a0Zepeda\u00a0Vidales agradeci\u00f3 al actuar encargado de la presidencia nacional del\u00a0PAN, Marcelo Torres Cofi\u00f1o, la confianza que le dio para otorgarle esa responsabilidad, previo a una consulta que hizo con cada uno de los senadores.<\/p>\n<blockquote>\n<p>\u201cQuiero agradecerle a mis compa\u00f1eros y compa\u00f1eras senadoras por el trabajo que hemos venido desempe\u00f1ando juntos. Somos un gran equipo. me siento muy honrado, muy orgulloso. Ha sido una experiencia extraordinaria\u201d, expres\u00f3.<\/p>\n<\/blockquote>\n<p>A su vez, consider\u00f3 que la elecci\u00f3n del nuevo coordinador de senadores debe celebrarse sin ninguna presi\u00f3n, sin ninguna injerencia interna o externa, ni en ning\u00fan grupo de intereses particulares, ya que de esa decisi\u00f3n depende el futuro de la bancada.<\/p>\n<\/blockquote>\n<\/blockquote>\n","protected":false},"excerpt":{"rendered":"<p>Marko Cort\u00e9s toma protesta como dirigente del PAN; advierte a AMLO que colaborar\u00e1 sin subordinarse<br \/>\nPor Redacci\u00f3n QP<\/p>\n","protected":false},"author":2,"featured_media":9663,"comment_status":"open","ping_status":"open","sticky":false,"template":"","format":"standard","meta":{"_monsterinsights_skip_tracking":false,"_monsterinsights_sitenote_active":false,"_monsterinsights_sitenote_note":"","_monsterinsights_sitenote_category":0,"footnotes":""},"categories":[2],"tags":[],"class_list":["post-9664","post","type-post","status-publish","format-standard","has-post-thumbnail","hentry","category-noticias"],"yoast_head":"<!-- This site is optimized with the Yoast SEO plugin v27.3 - https:\/\/yoast.com\/product\/yoast-seo-wordpress\/ -->\n<title>Marko Cort\u00e9s toma protesta como dirigente del PAN; advierte a AMLO que colaborar\u00e1 sin subordinarse -<\/title>\n<meta name=\"robots\" content=\"index, follow, max-snippet:-1, max-image-preview:large, max-video-preview:-1\" \/>\n<link rel=\"canonical\" href=\"https:\/\/quehacerpolitico.mx\/?p=9664\" \/>\n<meta property=\"og:locale\" content=\"es_MX\" \/>\n<meta property=\"og:type\" content=\"article\" \/>\n<meta property=\"og:title\" content=\"Marko Cort\u00e9s toma protesta como dirigente del PAN; advierte a AMLO que colaborar\u00e1 sin subordinarse -\" \/>\n<meta property=\"og:description\" content=\"Marko Cort\u00e9s toma protesta como dirigente del PAN; advierte a AMLO que colaborar\u00e1 sin subordinarse Por Redacci\u00f3n QP\" \/>\n<meta property=\"og:url\" content=\"https:\/\/quehacerpolitico.mx\/?p=9664\" \/>\n<meta property=\"article:published_time\" content=\"2018-11-20T04:11:24+00:00\" \/>\n<meta name=\"author\" content=\"Redacci\u00f3n QP\" \/>\n<meta name=\"twitter:card\" content=\"summary_large_image\" \/>\n<meta name=\"twitter:label1\" content=\"Escrito por\" \/>\n\t<meta name=\"twitter:data1\" content=\"Redacci\u00f3n QP\" \/>\n\t<meta name=\"twitter:label2\" content=\"Tiempo de lectura\" \/>\n\t<meta name=\"twitter:data2\" content=\"4 minutos\" \/>\n<script type=\"application\/ld+json\" class=\"yoast-schema-graph\">{\"@context\":\"https:\\\/\\\/schema.org\",\"@graph\":[{\"@type\":\"Article\",\"@id\":\"https:\\\/\\\/quehacerpolitico.mx\\\/?p=9664#article\",\"isPartOf\":{\"@id\":\"https:\\\/\\\/quehacerpolitico.mx\\\/?p=9664\"},\"author\":{\"name\":\"Redacci\u00f3n QP\",\"@id\":\"https:\\\/\\\/quehacerpolitico.mx\\\/#\\\/schema\\\/person\\\/496d8ad2d1d3f8036101dca7ee39e585\"},\"headline\":\"Marko Cort\u00e9s toma protesta como dirigente del PAN; advierte a AMLO que colaborar\u00e1 sin subordinarse\",\"datePublished\":\"2018-11-20T04:11:24+00:00\",\"mainEntityOfPage\":{\"@id\":\"https:\\\/\\\/quehacerpolitico.mx\\\/?p=9664\"},\"wordCount\":860,\"commentCount\":0,\"image\":{\"@id\":\"https:\\\/\\\/quehacerpolitico.mx\\\/?p=9664#primaryimage\"},\"thumbnailUrl\":\"\",\"articleSection\":[\"Noticias\"],\"inLanguage\":\"es\",\"potentialAction\":[{\"@type\":\"CommentAction\",\"name\":\"Comment\",\"target\":[\"https:\\\/\\\/quehacerpolitico.mx\\\/?p=9664#respond\"]}]},{\"@type\":\"WebPage\",\"@id\":\"https:\\\/\\\/quehacerpolitico.mx\\\/?p=9664\",\"url\":\"https:\\\/\\\/quehacerpolitico.mx\\\/?p=9664\",\"name\":\"Marko Cort\u00e9s toma protesta como dirigente del PAN; advierte a AMLO que colaborar\u00e1 sin subordinarse -\",\"isPartOf\":{\"@id\":\"https:\\\/\\\/quehacerpolitico.mx\\\/#website\"},\"primaryImageOfPage\":{\"@id\":\"https:\\\/\\\/quehacerpolitico.mx\\\/?p=9664#primaryimage\"},\"image\":{\"@id\":\"https:\\\/\\\/quehacerpolitico.mx\\\/?p=9664#primaryimage\"},\"thumbnailUrl\":\"\",\"datePublished\":\"2018-11-20T04:11:24+00:00\",\"author\":{\"@id\":\"https:\\\/\\\/quehacerpolitico.mx\\\/#\\\/schema\\\/person\\\/496d8ad2d1d3f8036101dca7ee39e585\"},\"breadcrumb\":{\"@id\":\"https:\\\/\\\/quehacerpolitico.mx\\\/?p=9664#breadcrumb\"},\"inLanguage\":\"es\",\"potentialAction\":[{\"@type\":\"ReadAction\",\"target\":[\"https:\\\/\\\/quehacerpolitico.mx\\\/?p=9664\"]}]},{\"@type\":\"ImageObject\",\"inLanguage\":\"es\",\"@id\":\"https:\\\/\\\/quehacerpolitico.mx\\\/?p=9664#primaryimage\",\"url\":\"\",\"contentUrl\":\"\"},{\"@type\":\"BreadcrumbList\",\"@id\":\"https:\\\/\\\/quehacerpolitico.mx\\\/?p=9664#breadcrumb\",\"itemListElement\":[{\"@type\":\"ListItem\",\"position\":1,\"name\":\"Inicio\",\"item\":\"https:\\\/\\\/quehacerpolitico.mx\\\/\"},{\"@type\":\"ListItem\",\"position\":2,\"name\":\"Marko Cort\u00e9s toma protesta como dirigente del PAN; advierte a AMLO que colaborar\u00e1 sin subordinarse\"}]},{\"@type\":\"WebSite\",\"@id\":\"https:\\\/\\\/quehacerpolitico.mx\\\/#website\",\"url\":\"https:\\\/\\\/quehacerpolitico.mx\\\/\",\"name\":\"\",\"description\":\"\",\"potentialAction\":[{\"@type\":\"SearchAction\",\"target\":{\"@type\":\"EntryPoint\",\"urlTemplate\":\"https:\\\/\\\/quehacerpolitico.mx\\\/?s={search_term_string}\"},\"query-input\":{\"@type\":\"PropertyValueSpecification\",\"valueRequired\":true,\"valueName\":\"search_term_string\"}}],\"inLanguage\":\"es\"},{\"@type\":\"Person\",\"@id\":\"https:\\\/\\\/quehacerpolitico.mx\\\/#\\\/schema\\\/person\\\/496d8ad2d1d3f8036101dca7ee39e585\",\"name\":\"Redacci\u00f3n QP\",\"image\":{\"@type\":\"ImageObject\",\"inLanguage\":\"es\",\"@id\":\"https:\\\/\\\/secure.gravatar.com\\\/avatar\\\/c7164ed6fdec453195284ad24a5ae5b6e1eed2b848477fa2a4787ba9adf39a41?s=96&d=mm&r=g\",\"url\":\"https:\\\/\\\/secure.gravatar.com\\\/avatar\\\/c7164ed6fdec453195284ad24a5ae5b6e1eed2b848477fa2a4787ba9adf39a41?s=96&d=mm&r=g\",\"contentUrl\":\"https:\\\/\\\/secure.gravatar.com\\\/avatar\\\/c7164ed6fdec453195284ad24a5ae5b6e1eed2b848477fa2a4787ba9adf39a41?s=96&d=mm&r=g\",\"caption\":\"Redacci\u00f3n QP\"},\"url\":\"https:\\\/\\\/quehacerpolitico.mx\\\/?author=2\"}]}<\/script>\n<!-- \/ Yoast SEO plugin. -->","yoast_head_json":{"title":"Marko Cort\u00e9s toma protesta como dirigente del PAN; advierte a AMLO que colaborar\u00e1 sin subordinarse -","robots":{"index":"index","follow":"follow","max-snippet":"max-snippet:-1","max-image-preview":"max-image-preview:large","max-video-preview":"max-video-preview:-1"},"canonical":"https:\/\/quehacerpolitico.mx\/?p=9664","og_locale":"es_MX","og_type":"article","og_title":"Marko Cort\u00e9s toma protesta como dirigente del PAN; advierte a AMLO que colaborar\u00e1 sin subordinarse -","og_description":"Marko Cort\u00e9s toma protesta como dirigente del PAN; advierte a AMLO que colaborar\u00e1 sin subordinarse Por Redacci\u00f3n QP","og_url":"https:\/\/quehacerpolitico.mx\/?p=9664","article_published_time":"2018-11-20T04:11:24+00:00","author":"Redacci\u00f3n QP","twitter_card":"summary_large_image","twitter_misc":{"Escrito por":"Redacci\u00f3n QP","Tiempo de lectura":"4 minutos"},"schema":{"@context":"https:\/\/schema.org","@graph":[{"@type":"Article","@id":"https:\/\/quehacerpolitico.mx\/?p=9664#article","isPartOf":{"@id":"https:\/\/quehacerpolitico.mx\/?p=9664"},"author":{"name":"Redacci\u00f3n QP","@id":"https:\/\/quehacerpolitico.mx\/#\/schema\/person\/496d8ad2d1d3f8036101dca7ee39e585"},"headline":"Marko Cort\u00e9s toma protesta como dirigente del PAN; advierte a AMLO que colaborar\u00e1 sin subordinarse","datePublished":"2018-11-20T04:11:24+00:00","mainEntityOfPage":{"@id":"https:\/\/quehacerpolitico.mx\/?p=9664"},"wordCount":860,"commentCount":0,"image":{"@id":"https:\/\/quehacerpolitico.mx\/?p=9664#primaryimage"},"thumbnailUrl":"","articleSection":["Noticias"],"inLanguage":"es","potentialAction":[{"@type":"CommentAction","name":"Comment","target":["https:\/\/quehacerpolitico.mx\/?p=9664#respond"]}]},{"@type":"WebPage","@id":"https:\/\/quehacerpolitico.mx\/?p=9664","url":"https:\/\/quehacerpolitico.mx\/?p=9664","name":"Marko Cort\u00e9s toma protesta como dirigente del PAN; advierte a AMLO que colaborar\u00e1 sin subordinarse -","isPartOf":{"@id":"https:\/\/quehacerpolitico.mx\/#website"},"primaryImageOfPage":{"@id":"https:\/\/quehacerpolitico.mx\/?p=9664#primaryimage"},"image":{"@id":"https:\/\/quehacerpolitico.mx\/?p=9664#primaryimage"},"thumbnailUrl":"","datePublished":"2018-11-20T04:11:24+00:00","author":{"@id":"https:\/\/quehacerpolitico.mx\/#\/schema\/person\/496d8ad2d1d3f8036101dca7ee39e585"},"breadcrumb":{"@id":"https:\/\/quehacerpolitico.mx\/?p=9664#breadcrumb"},"inLanguage":"es","potentialAction":[{"@type":"ReadAction","target":["https:\/\/quehacerpolitico.mx\/?p=9664"]}]},{"@type":"ImageObject","inLanguage":"es","@id":"https:\/\/quehacerpolitico.mx\/?p=9664#primaryimage","url":"","contentUrl":""},{"@type":"BreadcrumbList","@id":"https:\/\/quehacerpolitico.mx\/?p=9664#breadcrumb","itemListElement":[{"@type":"ListItem","position":1,"name":"Inicio","item":"https:\/\/quehacerpolitico.mx\/"},{"@type":"ListItem","position":2,"name":"Marko Cort\u00e9s toma protesta como dirigente del PAN; advierte a AMLO que colaborar\u00e1 sin subordinarse"}]},{"@type":"WebSite","@id":"https:\/\/quehacerpolitico.mx\/#website","url":"https:\/\/quehacerpolitico.mx\/","name":"","description":"","potentialAction":[{"@type":"SearchAction","target":{"@type":"EntryPoint","urlTemplate":"https:\/\/quehacerpolitico.mx\/?s={search_term_string}"},"query-input":{"@type":"PropertyValueSpecification","valueRequired":true,"valueName":"search_term_string"}}],"inLanguage":"es"},{"@type":"Person","@id":"https:\/\/quehacerpolitico.mx\/#\/schema\/person\/496d8ad2d1d3f8036101dca7ee39e585","name":"Redacci\u00f3n QP","image":{"@type":"ImageObject","inLanguage":"es","@id":"https:\/\/secure.gravatar.com\/avatar\/c7164ed6fdec453195284ad24a5ae5b6e1eed2b848477fa2a4787ba9adf39a41?s=96&d=mm&r=g","url":"https:\/\/secure.gravatar.com\/avatar\/c7164ed6fdec453195284ad24a5ae5b6e1eed2b848477fa2a4787ba9adf39a41?s=96&d=mm&r=g","contentUrl":"https:\/\/secure.gravatar.com\/avatar\/c7164ed6fdec453195284ad24a5ae5b6e1eed2b848477fa2a4787ba9adf39a41?s=96&d=mm&r=g","caption":"Redacci\u00f3n QP"},"url":"https:\/\/quehacerpolitico.mx\/?author=2"}]}},"featured_image_urls":{"full":"","thumbnail":"","medium":"","medium_large":"","large":"","1536x1536":"","2048x2048":"","covernews-featured":"","covernews-medium":""},"author_info":{"display_name":"Redacci\u00f3n QP","author_link":"https:\/\/quehacerpolitico.mx\/?author=2"},"category_info":"<a href=\"https:\/\/quehacerpolitico.mx\/?cat=2\" rel=\"category\">Noticias<\/a>","tag_info":"Noticias","comment_count":"0","_links":{"self":[{"href":"https:\/\/quehacerpolitico.mx\/index.php?rest_route=\/wp\/v2\/posts\/9664","targetHints":{"allow":["GET"]}}],"collection":[{"href":"https:\/\/quehacerpolitico.mx\/index.php?rest_route=\/wp\/v2\/posts"}],"about":[{"href":"https:\/\/quehacerpolitico.mx\/index.php?rest_route=\/wp\/v2\/types\/post"}],"author":[{"embeddable":true,"href":"https:\/\/quehacerpolitico.mx\/index.php?rest_route=\/wp\/v2\/users\/2"}],"replies":[{"embeddable":true,"href":"https:\/\/quehacerpolitico.mx\/index.php?rest_route=%2Fwp%2Fv2%2Fcomments&post=9664"}],"version-history":[{"count":0,"href":"https:\/\/quehacerpolitico.mx\/index.php?rest_route=\/wp\/v2\/posts\/9664\/revisions"}],"wp:featuredmedia":[{"embeddable":true,"href":"https:\/\/quehacerpolitico.mx\/index.php?rest_route=\/"}],"wp:attachment":[{"href":"https:\/\/quehacerpolitico.mx\/index.php?rest_route=%2Fwp%2Fv2%2Fmedia&parent=9664"}],"wp:term":[{"taxonomy":"category","embeddable":true,"href":"https:\/\/quehacerpolitico.mx\/index.php?rest_route=%2Fwp%2Fv2%2Fcategories&post=9664"},{"taxonomy":"post_tag","embeddable":true,"href":"https:\/\/quehacerpolitico.mx\/index.php?rest_route=%2Fwp%2Fv2%2Ftags&post=9664"}],"curies":[{"name":"wp","href":"https:\/\/api.w.org\/{rel}","templated":true}]}}