{"id":96572,"date":"2022-10-21T18:09:26","date_gmt":"2022-10-21T18:09:26","guid":{"rendered":"https:\/\/quehacerpolitico.mx\/?p=96572"},"modified":"2022-10-21T18:09:30","modified_gmt":"2022-10-21T18:09:30","slug":"lopez-obrador-anuncia-que-impugnaran-amparo-contra-plan-piloto-de-la-sep","status":"publish","type":"post","link":"https:\/\/quehacerpolitico.mx\/?p=96572","title":{"rendered":"L\u00f3pez Obrador anuncia que impugnar\u00e1n amparo contra plan piloto de la SEP"},"content":{"rendered":"\n<p>Por Redacci\u00f3n QP<\/p>\n\n\n\n<p>&#8220;Vamos a recurrir a las instancias legales para que se contin\u00fae con el proceso y ya ven que somos bien perseverantes&#8221;, dijo el Presidente de M\u00e9xico<\/p>\n\n\n\n<p>El Presidente de M\u00e9xico, Andr\u00e9s Manuel L\u00f3pez Obrador, asegur\u00f3 que impugnar\u00e1n el amparo, promovido por el bloque conservador, contra la aplicaci\u00f3n del plan piloto para aplicar el nuevo modelo educativo.<\/p>\n\n\n\n<p>L\u00f3pez Obrador confi\u00f3 que, al igual que los amparos promovidos contra el Tren Maya o el Aeropuerto Internacional Felipe \u00c1ngeles, se caigan porque no tienen fundamento.<\/p>\n\n\n\n<p><strong>&#8220;Esta pr\u00e1ctica la impugnaron, pero vamos a recurrir a las instancias legales para que se contin\u00fae con el proceso y ya ven que somos bien perseverantes&#8221;<\/strong>.<\/p>\n\n\n\n<p>&#8220;Si no fuese as\u00ed, no hubi\u00e9semos podido terminar el Aeropuerto Felipe \u00c1ngeles, ni se podr\u00eda construir el Tren Maya, que le han llovido los amparos del bloque conservador, que se han ca\u00eddo porque no tienen fundamento, va a suceder lo mismo&#8221;.<\/p>\n\n\n\n<p>Durante la \u201cma\u00f1anera\u201d, en Palacio Nacional, L\u00f3pez Obrador acus\u00f3 que se trata de un amparo promovido por el &#8220;bloque conservador&#8221; porque no quieren que cambien los libros de texto, ese es el fondo, el prop\u00f3sito es tener una educaci\u00f3n cient\u00edfica, pero humanista.<\/p>\n\n\n\n<figure class=\"wp-block-embed is-type-video is-provider-youtube wp-block-embed-youtube wp-embed-aspect-16-9 wp-has-aspect-ratio\"><div class=\"wp-block-embed__wrapper\">\n<iframe loading=\"lazy\" title=\"Conservadores no quieren que cambien los libros de texto, dice AMLO ante amparos\" width=\"640\" height=\"360\" src=\"https:\/\/www.youtube.com\/embed\/6aPct37ptug?feature=oembed\" frameborder=\"0\" allow=\"accelerometer; autoplay; clipboard-write; encrypted-media; gyroscope; picture-in-picture; web-share\" referrerpolicy=\"strict-origin-when-cross-origin\" allowfullscreen><\/iframe>\n<\/div><\/figure>\n\n\n\n<p>&#8220;Se hizo una consulta con maestros y pedagogos para ajustar los libros de texto a la realidad actual, de inmediato se opusieron, eso es caracter\u00edstico de la derecha, cuando el presidente Adolfo L\u00f3pez Mateos autoriza los libros de texto gratuitos, el partido conservador (PAN) se opone, pero gracias a esos libros se pudo avanzar en la educaci\u00f3n p\u00fablica&#8221;.<\/p>\n\n\n\n<p>Finalmente,\u00a0<strong>L\u00f3pez Obrador calific\u00f3 como muy &#8220;retr\u00f3gradas&#8221; a los conservadores porque mantienen la idea de que estudie el que tenga para pagar<\/strong>.<\/p>\n\n\n\n<p>Con informaci\u00f3n de SUN<\/p>\n","protected":false},"excerpt":{"rendered":"<p>Por Redacci\u00f3n QP &#8220;Vamos a recurrir a las instancias legales para que se contin\u00fae con&#8230;<\/p>\n","protected":false},"author":2,"featured_media":96573,"comment_status":"open","ping_status":"open","sticky":false,"template":"","format":"standard","meta":{"_monsterinsights_skip_tracking":false,"_monsterinsights_sitenote_active":false,"_monsterinsights_sitenote_note":"","_monsterinsights_sitenote_category":0,"footnotes":""},"categories":[2],"tags":[],"class_list":["post-96572","post","type-post","status-publish","format-standard","has-post-thumbnail","hentry","category-noticias"],"yoast_head":"<!-- This site is optimized with the Yoast SEO plugin v27.3 - https:\/\/yoast.com\/product\/yoast-seo-wordpress\/ -->\n<title>L\u00f3pez Obrador anuncia que impugnar\u00e1n amparo contra plan piloto de la SEP -<\/title>\n<meta name=\"robots\" content=\"index, follow, max-snippet:-1, max-image-preview:large, max-video-preview:-1\" \/>\n<link rel=\"canonical\" href=\"https:\/\/quehacerpolitico.mx\/?p=96572\" \/>\n<meta property=\"og:locale\" content=\"es_MX\" \/>\n<meta property=\"og:type\" content=\"article\" \/>\n<meta property=\"og:title\" content=\"L\u00f3pez Obrador anuncia que impugnar\u00e1n amparo contra plan piloto de la SEP -\" \/>\n<meta property=\"og:description\" content=\"Por Redacci\u00f3n QP &#8220;Vamos a recurrir a las instancias legales para que se contin\u00fae con...\" \/>\n<meta property=\"og:url\" content=\"https:\/\/quehacerpolitico.mx\/?p=96572\" \/>\n<meta property=\"article:published_time\" content=\"2022-10-21T18:09:26+00:00\" \/>\n<meta property=\"article:modified_time\" content=\"2022-10-21T18:09:30+00:00\" \/>\n<meta property=\"og:image\" content=\"https:\/\/quehacerpolitico.mx\/wp-content\/uploads\/2022\/10\/D403440A-C799-4D03-A0A5-EA06B2B71146.jpeg\" \/>\n\t<meta property=\"og:image:width\" content=\"946\" \/>\n\t<meta property=\"og:image:height\" content=\"694\" \/>\n\t<meta property=\"og:image:type\" content=\"image\/jpeg\" \/>\n<meta name=\"author\" content=\"Redacci\u00f3n QP\" \/>\n<meta name=\"twitter:card\" content=\"summary_large_image\" \/>\n<meta name=\"twitter:label1\" content=\"Escrito por\" \/>\n\t<meta name=\"twitter:data1\" content=\"Redacci\u00f3n QP\" \/>\n\t<meta name=\"twitter:label2\" content=\"Tiempo de lectura\" \/>\n\t<meta name=\"twitter:data2\" content=\"2 minutos\" \/>\n<script type=\"application\/ld+json\" class=\"yoast-schema-graph\">{\"@context\":\"https:\\\/\\\/schema.org\",\"@graph\":[{\"@type\":\"Article\",\"@id\":\"https:\\\/\\\/quehacerpolitico.mx\\\/?p=96572#article\",\"isPartOf\":{\"@id\":\"https:\\\/\\\/quehacerpolitico.mx\\\/?p=96572\"},\"author\":{\"name\":\"Redacci\u00f3n QP\",\"@id\":\"https:\\\/\\\/quehacerpolitico.mx\\\/#\\\/schema\\\/person\\\/496d8ad2d1d3f8036101dca7ee39e585\"},\"headline\":\"L\u00f3pez Obrador anuncia que impugnar\u00e1n amparo contra plan piloto de la SEP\",\"datePublished\":\"2022-10-21T18:09:26+00:00\",\"dateModified\":\"2022-10-21T18:09:30+00:00\",\"mainEntityOfPage\":{\"@id\":\"https:\\\/\\\/quehacerpolitico.mx\\\/?p=96572\"},\"wordCount\":323,\"commentCount\":0,\"image\":{\"@id\":\"https:\\\/\\\/quehacerpolitico.mx\\\/?p=96572#primaryimage\"},\"thumbnailUrl\":\"https:\\\/\\\/quehacerpolitico.mx\\\/wp-content\\\/uploads\\\/2022\\\/10\\\/D403440A-C799-4D03-A0A5-EA06B2B71146.jpeg\",\"articleSection\":[\"Noticias\"],\"inLanguage\":\"es\",\"potentialAction\":[{\"@type\":\"CommentAction\",\"name\":\"Comment\",\"target\":[\"https:\\\/\\\/quehacerpolitico.mx\\\/?p=96572#respond\"]}]},{\"@type\":\"WebPage\",\"@id\":\"https:\\\/\\\/quehacerpolitico.mx\\\/?p=96572\",\"url\":\"https:\\\/\\\/quehacerpolitico.mx\\\/?p=96572\",\"name\":\"L\u00f3pez Obrador anuncia que impugnar\u00e1n amparo contra plan piloto de la SEP -\",\"isPartOf\":{\"@id\":\"https:\\\/\\\/quehacerpolitico.mx\\\/#website\"},\"primaryImageOfPage\":{\"@id\":\"https:\\\/\\\/quehacerpolitico.mx\\\/?p=96572#primaryimage\"},\"image\":{\"@id\":\"https:\\\/\\\/quehacerpolitico.mx\\\/?p=96572#primaryimage\"},\"thumbnailUrl\":\"https:\\\/\\\/quehacerpolitico.mx\\\/wp-content\\\/uploads\\\/2022\\\/10\\\/D403440A-C799-4D03-A0A5-EA06B2B71146.jpeg\",\"datePublished\":\"2022-10-21T18:09:26+00:00\",\"dateModified\":\"2022-10-21T18:09:30+00:00\",\"author\":{\"@id\":\"https:\\\/\\\/quehacerpolitico.mx\\\/#\\\/schema\\\/person\\\/496d8ad2d1d3f8036101dca7ee39e585\"},\"breadcrumb\":{\"@id\":\"https:\\\/\\\/quehacerpolitico.mx\\\/?p=96572#breadcrumb\"},\"inLanguage\":\"es\",\"potentialAction\":[{\"@type\":\"ReadAction\",\"target\":[\"https:\\\/\\\/quehacerpolitico.mx\\\/?p=96572\"]}]},{\"@type\":\"ImageObject\",\"inLanguage\":\"es\",\"@id\":\"https:\\\/\\\/quehacerpolitico.mx\\\/?p=96572#primaryimage\",\"url\":\"https:\\\/\\\/quehacerpolitico.mx\\\/wp-content\\\/uploads\\\/2022\\\/10\\\/D403440A-C799-4D03-A0A5-EA06B2B71146.jpeg\",\"contentUrl\":\"https:\\\/\\\/quehacerpolitico.mx\\\/wp-content\\\/uploads\\\/2022\\\/10\\\/D403440A-C799-4D03-A0A5-EA06B2B71146.jpeg\",\"width\":946,\"height\":694},{\"@type\":\"BreadcrumbList\",\"@id\":\"https:\\\/\\\/quehacerpolitico.mx\\\/?p=96572#breadcrumb\",\"itemListElement\":[{\"@type\":\"ListItem\",\"position\":1,\"name\":\"Inicio\",\"item\":\"https:\\\/\\\/quehacerpolitico.mx\\\/\"},{\"@type\":\"ListItem\",\"position\":2,\"name\":\"L\u00f3pez Obrador anuncia que impugnar\u00e1n amparo contra plan piloto de la SEP\"}]},{\"@type\":\"WebSite\",\"@id\":\"https:\\\/\\\/quehacerpolitico.mx\\\/#website\",\"url\":\"https:\\\/\\\/quehacerpolitico.mx\\\/\",\"name\":\"\",\"description\":\"\",\"potentialAction\":[{\"@type\":\"SearchAction\",\"target\":{\"@type\":\"EntryPoint\",\"urlTemplate\":\"https:\\\/\\\/quehacerpolitico.mx\\\/?s={search_term_string}\"},\"query-input\":{\"@type\":\"PropertyValueSpecification\",\"valueRequired\":true,\"valueName\":\"search_term_string\"}}],\"inLanguage\":\"es\"},{\"@type\":\"Person\",\"@id\":\"https:\\\/\\\/quehacerpolitico.mx\\\/#\\\/schema\\\/person\\\/496d8ad2d1d3f8036101dca7ee39e585\",\"name\":\"Redacci\u00f3n QP\",\"image\":{\"@type\":\"ImageObject\",\"inLanguage\":\"es\",\"@id\":\"https:\\\/\\\/secure.gravatar.com\\\/avatar\\\/c7164ed6fdec453195284ad24a5ae5b6e1eed2b848477fa2a4787ba9adf39a41?s=96&d=mm&r=g\",\"url\":\"https:\\\/\\\/secure.gravatar.com\\\/avatar\\\/c7164ed6fdec453195284ad24a5ae5b6e1eed2b848477fa2a4787ba9adf39a41?s=96&d=mm&r=g\",\"contentUrl\":\"https:\\\/\\\/secure.gravatar.com\\\/avatar\\\/c7164ed6fdec453195284ad24a5ae5b6e1eed2b848477fa2a4787ba9adf39a41?s=96&d=mm&r=g\",\"caption\":\"Redacci\u00f3n QP\"},\"url\":\"https:\\\/\\\/quehacerpolitico.mx\\\/?author=2\"}]}<\/script>\n<!-- \/ Yoast SEO plugin. -->","yoast_head_json":{"title":"L\u00f3pez Obrador anuncia que impugnar\u00e1n amparo contra plan piloto de la SEP -","robots":{"index":"index","follow":"follow","max-snippet":"max-snippet:-1","max-image-preview":"max-image-preview:large","max-video-preview":"max-video-preview:-1"},"canonical":"https:\/\/quehacerpolitico.mx\/?p=96572","og_locale":"es_MX","og_type":"article","og_title":"L\u00f3pez Obrador anuncia que impugnar\u00e1n amparo contra plan piloto de la SEP -","og_description":"Por Redacci\u00f3n QP &#8220;Vamos a recurrir a las instancias legales para que se contin\u00fae con...","og_url":"https:\/\/quehacerpolitico.mx\/?p=96572","article_published_time":"2022-10-21T18:09:26+00:00","article_modified_time":"2022-10-21T18:09:30+00:00","og_image":[{"width":946,"height":694,"url":"https:\/\/quehacerpolitico.mx\/wp-content\/uploads\/2022\/10\/D403440A-C799-4D03-A0A5-EA06B2B71146.jpeg","type":"image\/jpeg"}],"author":"Redacci\u00f3n QP","twitter_card":"summary_large_image","twitter_misc":{"Escrito por":"Redacci\u00f3n QP","Tiempo de lectura":"2 minutos"},"schema":{"@context":"https:\/\/schema.org","@graph":[{"@type":"Article","@id":"https:\/\/quehacerpolitico.mx\/?p=96572#article","isPartOf":{"@id":"https:\/\/quehacerpolitico.mx\/?p=96572"},"author":{"name":"Redacci\u00f3n QP","@id":"https:\/\/quehacerpolitico.mx\/#\/schema\/person\/496d8ad2d1d3f8036101dca7ee39e585"},"headline":"L\u00f3pez Obrador anuncia que impugnar\u00e1n amparo contra plan piloto de la SEP","datePublished":"2022-10-21T18:09:26+00:00","dateModified":"2022-10-21T18:09:30+00:00","mainEntityOfPage":{"@id":"https:\/\/quehacerpolitico.mx\/?p=96572"},"wordCount":323,"commentCount":0,"image":{"@id":"https:\/\/quehacerpolitico.mx\/?p=96572#primaryimage"},"thumbnailUrl":"https:\/\/quehacerpolitico.mx\/wp-content\/uploads\/2022\/10\/D403440A-C799-4D03-A0A5-EA06B2B71146.jpeg","articleSection":["Noticias"],"inLanguage":"es","potentialAction":[{"@type":"CommentAction","name":"Comment","target":["https:\/\/quehacerpolitico.mx\/?p=96572#respond"]}]},{"@type":"WebPage","@id":"https:\/\/quehacerpolitico.mx\/?p=96572","url":"https:\/\/quehacerpolitico.mx\/?p=96572","name":"L\u00f3pez Obrador anuncia que impugnar\u00e1n amparo contra plan piloto de la SEP -","isPartOf":{"@id":"https:\/\/quehacerpolitico.mx\/#website"},"primaryImageOfPage":{"@id":"https:\/\/quehacerpolitico.mx\/?p=96572#primaryimage"},"image":{"@id":"https:\/\/quehacerpolitico.mx\/?p=96572#primaryimage"},"thumbnailUrl":"https:\/\/quehacerpolitico.mx\/wp-content\/uploads\/2022\/10\/D403440A-C799-4D03-A0A5-EA06B2B71146.jpeg","datePublished":"2022-10-21T18:09:26+00:00","dateModified":"2022-10-21T18:09:30+00:00","author":{"@id":"https:\/\/quehacerpolitico.mx\/#\/schema\/person\/496d8ad2d1d3f8036101dca7ee39e585"},"breadcrumb":{"@id":"https:\/\/quehacerpolitico.mx\/?p=96572#breadcrumb"},"inLanguage":"es","potentialAction":[{"@type":"ReadAction","target":["https:\/\/quehacerpolitico.mx\/?p=96572"]}]},{"@type":"ImageObject","inLanguage":"es","@id":"https:\/\/quehacerpolitico.mx\/?p=96572#primaryimage","url":"https:\/\/quehacerpolitico.mx\/wp-content\/uploads\/2022\/10\/D403440A-C799-4D03-A0A5-EA06B2B71146.jpeg","contentUrl":"https:\/\/quehacerpolitico.mx\/wp-content\/uploads\/2022\/10\/D403440A-C799-4D03-A0A5-EA06B2B71146.jpeg","width":946,"height":694},{"@type":"BreadcrumbList","@id":"https:\/\/quehacerpolitico.mx\/?p=96572#breadcrumb","itemListElement":[{"@type":"ListItem","position":1,"name":"Inicio","item":"https:\/\/quehacerpolitico.mx\/"},{"@type":"ListItem","position":2,"name":"L\u00f3pez Obrador anuncia que impugnar\u00e1n amparo contra plan piloto de la SEP"}]},{"@type":"WebSite","@id":"https:\/\/quehacerpolitico.mx\/#website","url":"https:\/\/quehacerpolitico.mx\/","name":"","description":"","potentialAction":[{"@type":"SearchAction","target":{"@type":"EntryPoint","urlTemplate":"https:\/\/quehacerpolitico.mx\/?s={search_term_string}"},"query-input":{"@type":"PropertyValueSpecification","valueRequired":true,"valueName":"search_term_string"}}],"inLanguage":"es"},{"@type":"Person","@id":"https:\/\/quehacerpolitico.mx\/#\/schema\/person\/496d8ad2d1d3f8036101dca7ee39e585","name":"Redacci\u00f3n QP","image":{"@type":"ImageObject","inLanguage":"es","@id":"https:\/\/secure.gravatar.com\/avatar\/c7164ed6fdec453195284ad24a5ae5b6e1eed2b848477fa2a4787ba9adf39a41?s=96&d=mm&r=g","url":"https:\/\/secure.gravatar.com\/avatar\/c7164ed6fdec453195284ad24a5ae5b6e1eed2b848477fa2a4787ba9adf39a41?s=96&d=mm&r=g","contentUrl":"https:\/\/secure.gravatar.com\/avatar\/c7164ed6fdec453195284ad24a5ae5b6e1eed2b848477fa2a4787ba9adf39a41?s=96&d=mm&r=g","caption":"Redacci\u00f3n QP"},"url":"https:\/\/quehacerpolitico.mx\/?author=2"}]}},"featured_image_urls":{"full":["https:\/\/quehacerpolitico.mx\/wp-content\/uploads\/2022\/10\/D403440A-C799-4D03-A0A5-EA06B2B71146.jpeg",946,694,false],"thumbnail":["https:\/\/quehacerpolitico.mx\/wp-content\/uploads\/2022\/10\/D403440A-C799-4D03-A0A5-EA06B2B71146-150x150.jpeg",150,150,true],"medium":["https:\/\/quehacerpolitico.mx\/wp-content\/uploads\/2022\/10\/D403440A-C799-4D03-A0A5-EA06B2B71146-300x220.jpeg",300,220,true],"medium_large":["https:\/\/quehacerpolitico.mx\/wp-content\/uploads\/2022\/10\/D403440A-C799-4D03-A0A5-EA06B2B71146-768x563.jpeg",640,469,true],"large":["https:\/\/quehacerpolitico.mx\/wp-content\/uploads\/2022\/10\/D403440A-C799-4D03-A0A5-EA06B2B71146.jpeg",640,470,false],"1536x1536":["https:\/\/quehacerpolitico.mx\/wp-content\/uploads\/2022\/10\/D403440A-C799-4D03-A0A5-EA06B2B71146.jpeg",946,694,false],"2048x2048":["https:\/\/quehacerpolitico.mx\/wp-content\/uploads\/2022\/10\/D403440A-C799-4D03-A0A5-EA06B2B71146.jpeg",946,694,false],"covernews-featured":["https:\/\/quehacerpolitico.mx\/wp-content\/uploads\/2022\/10\/D403440A-C799-4D03-A0A5-EA06B2B71146.jpeg",946,694,false],"covernews-medium":["https:\/\/quehacerpolitico.mx\/wp-content\/uploads\/2022\/10\/D403440A-C799-4D03-A0A5-EA06B2B71146.jpeg",463,340,false]},"author_info":{"display_name":"Redacci\u00f3n QP","author_link":"https:\/\/quehacerpolitico.mx\/?author=2"},"category_info":"<a href=\"https:\/\/quehacerpolitico.mx\/?cat=2\" rel=\"category\">Noticias<\/a>","tag_info":"Noticias","comment_count":"0","_links":{"self":[{"href":"https:\/\/quehacerpolitico.mx\/index.php?rest_route=\/wp\/v2\/posts\/96572","targetHints":{"allow":["GET"]}}],"collection":[{"href":"https:\/\/quehacerpolitico.mx\/index.php?rest_route=\/wp\/v2\/posts"}],"about":[{"href":"https:\/\/quehacerpolitico.mx\/index.php?rest_route=\/wp\/v2\/types\/post"}],"author":[{"embeddable":true,"href":"https:\/\/quehacerpolitico.mx\/index.php?rest_route=\/wp\/v2\/users\/2"}],"replies":[{"embeddable":true,"href":"https:\/\/quehacerpolitico.mx\/index.php?rest_route=%2Fwp%2Fv2%2Fcomments&post=96572"}],"version-history":[{"count":1,"href":"https:\/\/quehacerpolitico.mx\/index.php?rest_route=\/wp\/v2\/posts\/96572\/revisions"}],"predecessor-version":[{"id":96574,"href":"https:\/\/quehacerpolitico.mx\/index.php?rest_route=\/wp\/v2\/posts\/96572\/revisions\/96574"}],"wp:featuredmedia":[{"embeddable":true,"href":"https:\/\/quehacerpolitico.mx\/index.php?rest_route=\/wp\/v2\/media\/96573"}],"wp:attachment":[{"href":"https:\/\/quehacerpolitico.mx\/index.php?rest_route=%2Fwp%2Fv2%2Fmedia&parent=96572"}],"wp:term":[{"taxonomy":"category","embeddable":true,"href":"https:\/\/quehacerpolitico.mx\/index.php?rest_route=%2Fwp%2Fv2%2Fcategories&post=96572"},{"taxonomy":"post_tag","embeddable":true,"href":"https:\/\/quehacerpolitico.mx\/index.php?rest_route=%2Fwp%2Fv2%2Ftags&post=96572"}],"curies":[{"name":"wp","href":"https:\/\/api.w.org\/{rel}","templated":true}]}}