{"id":9653,"date":"2018-11-20T02:45:29","date_gmt":"2018-11-20T02:45:29","guid":{"rendered":"http:\/\/quehacerpolitico.mx\/alcaldias-con-el-taller-dulce-negocio-fomentan-el-autoempleo-en-la-alcaldia-cuauhtemoc\/"},"modified":"2018-11-20T02:45:29","modified_gmt":"2018-11-20T02:45:29","slug":"alcaldias-con-el-taller-dulce-negocio-fomentan-el-autoempleo-en-la-alcaldia-cuauhtemoc","status":"publish","type":"post","link":"https:\/\/quehacerpolitico.mx\/?p=9653","title":{"rendered":"Alcald\u00edas\/\/\/Con el taller \u201cDulce Negocio\u201d fomentan el autoempleo en la Alcald\u00eda Cuauht\u00e9moc"},"content":{"rendered":"<p><span class=\"s4\"><span class=\"bumpedFont15\">Con el taller \u201cDulce Negocio\u201d<\/span><\/span><span class=\"s4\"><span class=\"bumpedFont15\">fomentan el autoempleo en <\/span><\/span><span class=\"s4\"><span class=\"bumpedFont15\">la Alcald\u00eda <\/span><\/span><span class=\"s4\"><span class=\"bumpedFont15\">Cuau<\/span><\/span><span class=\"s4\"><span class=\"bumpedFont15\">ht\u00e9moc<\/span><\/span><\/p>\n<p>Por Redacci\u00f3n QP<\/p>\n<div class=\"s8\"><span class=\"s6\">\u2022 <\/span><span class=\"s7\">Es un taller enfocado a apoyar la econom\u00eda familiar<\/span><span class=\"s7\">; <\/span><span class=\"s7\">amas de casa<\/span><a name=\"_GoBack\"><\/a><span class=\"s7\">, adultos mayores y j\u00f3venes acudieron a la clase<\/span><\/div>\n<div class=\"s8\"><span class=\"s6\">\u2022 <\/span><span class=\"s7\">El pr\u00f3ximo taller se impartir\u00e1 el 30 de noviembre en un horario de 10:00 a 13:00<\/span><span class=\"s7\"> en las instalaciones de la Alcald\u00eda<\/span><\/div>\n<p class=\"s9\"><span class=\"s10\"><span class=\"bumpedFont15\">C<\/span><\/span><span class=\"s10\"><span class=\"bumpedFont15\">o<\/span><\/span><span class=\"s10\"><span class=\"bumpedFont15\">n una asistencia que rebas\u00f3 la expectativa <\/span><\/span><span class=\"s10\"><span class=\"bumpedFont15\">inicial de<\/span><\/span><span class=\"s10\"><span class=\"bumpedFont15\">contar con <\/span><\/span><span class=\"s10\"><span class=\"bumpedFont15\">100 asistentes, <\/span><\/span><span class=\"s10\"><span class=\"bumpedFont15\">la Alcald\u00eda Cuauht\u00e9moc <\/span><\/span><span class=\"s10\"><span class=\"bumpedFont15\">llev\u00f3 a cabo <\/span><\/span><span class=\"s10\"><span class=\"bumpedFont15\">el <\/span><\/span><span class=\"s10\"><span class=\"bumpedFont15\">taller<\/span><\/span><span class=\"s10\"><span class=\"bumpedFont15\"> de autoempleo <\/span><\/span><span class=\"s10\"><span class=\"bumpedFont15\">\u201cDulce Negocio\u201d <\/span><\/span><span class=\"s10\"><span class=\"bumpedFont15\">para <\/span><\/span><span class=\"s10\"><span class=\"bumpedFont15\">habitantes <\/span><\/span><span class=\"s10\"><span class=\"bumpedFont15\">de la demarcaci\u00f3n, enfocado a la creaci\u00f3n de gelatinas<\/span><\/span><span class=\"s10\"><span class=\"bumpedFont15\"> con productos <\/span><\/span><span class=\"s10\"><span class=\"bumpedFont15\">\u201c<\/span><\/span><span class=\"s10\"><span class=\"bumpedFont15\">Gari<\/span><\/span><span class=\"s10\"><span class=\"bumpedFont15\">\u201d<\/span><\/span><span class=\"s10\"><span class=\"bumpedFont15\">.<\/span><\/span><\/p>\n<p class=\"s9\"><span class=\"s10\"><span class=\"bumpedFont15\">El objetivo de este tipo de cursos es dotar de los conocimientos necesarios<\/span><\/span><span class=\"s10\"><span class=\"bumpedFont15\"> a las amas de casa, j\u00f3venes y adultos mayores,<\/span><\/span><span class=\"s10\"><span class=\"bumpedFont15\"> para apoyar su econom\u00eda y emprender su propio negocio<\/span><\/span><span class=\"s10\"><span class=\"bumpedFont15\">. En el taller <\/span><\/span><span class=\"s10\"><span class=\"bumpedFont15\">t<\/span><\/span><span class=\"s10\"><span class=\"bumpedFont15\">odo el material <\/span><\/span><span class=\"s10\"><span class=\"bumpedFont15\">que se proporcio<\/span><\/span><span class=\"s10\"><span class=\"bumpedFont15\">nado<\/span><\/span> <span class=\"s10\"><span class=\"bumpedFont15\">es <\/span><\/span><span class=\"s10\"><span class=\"bumpedFont15\">totalmente gratuito<\/span><\/span><span class=\"s10\"><span class=\"bumpedFont15\">, dijo Sandra Gil Lamadrid, directora de <\/span><\/span><span class=\"s10\"><span class=\"bumpedFont15\">Desarrollo Econ\u00f3mico y Fomento Cooperativo.<\/span><\/span><\/p>\n<p class=\"s9\"><span class=\"s10\"><span class=\"bumpedFont15\">Por su parte, el <\/span><\/span><span class=\"s10\"><span class=\"bumpedFont15\">Chef Luis Lagos fue el encargado de mostrar a los asistentes diversas y atractivas formas de preparar gelatinas, <\/span><\/span><span class=\"s10\"><span class=\"bumpedFont15\">donde adem\u00e1s de ense\u00f1ar nuevas recetas,<\/span><\/span><span class=\"s10\"><span class=\"bumpedFont15\"> comparti\u00f3 algunos trucos para perfecciona<\/span><\/span><span class=\"s10\"><span class=\"bumpedFont15\">rlas<\/span><\/span><span class=\"s10\"><span class=\"bumpedFont15\">.<\/span><\/span><\/p>\n<p class=\"s9\"><span class=\"s10\"><span class=\"bumpedFont15\">El p\u00fablico, conformado en su mayor\u00eda por mujeres, recibi\u00f3 un kit con recetas y obsequios por parte de la empresa patrocinadora<\/span><\/span><span class=\"s10\"><span class=\"bumpedFont15\"> que consisti\u00f3 en gelatinas y un mandil de cocina. <\/span><\/span><\/p>\n<p class=\"s9\"><span class=\"s10\"><span class=\"bumpedFont15\">Los comentarios hechos por las personas asistentes demostraron la aceptaci\u00f3n del taller, ya que coincidieron en<\/span><\/span><span class=\"s10\"><span class=\"bumpedFont15\"> solicitar<\/span><\/span> <span class=\"s10\"><span class=\"bumpedFont15\">m\u00e1s <\/span><\/span><span class=\"s10\"><span class=\"bumpedFont15\">capacitaciones relacionadas con medicina natural, belleza y<\/span><\/span><span class=\"s10\"><span class=\"bumpedFont15\"> otros oficios.<\/span><\/span><\/p>\n<p class=\"s9\"><span class=\"s10\"><span class=\"bumpedFont15\">Por lo que la directora Sandra Gil Lamadrid mencion\u00f3 que<\/span><\/span><span class=\"s10\"><span class=\"bumpedFont15\">,<\/span><\/span><span class=\"s10\"><span class=\"bumpedFont15\"> se incorporar\u00e1n nuevas tem\u00e1ticas <\/span><\/span><span class=\"s10\"><span class=\"bumpedFont15\">a las que ya existen y forman parte de los talleres que se proporcionan desde la administraci\u00f3n pasada.<\/span><\/span><\/p>\n<p class=\"s9\"><span class=\"s10\"><span class=\"bumpedFont15\">El pr\u00f3ximo taller se impartir\u00e1 el 30 de noviembre en un horario de 10:00 a 13:00 horas<\/span><\/span><span class=\"s10\"><span class=\"bumpedFont15\"> en el auditorio Valent\u00edn Campa, ubicado en las instalaciones de la Alcald\u00eda Cuauht\u00e9moc.<\/span><\/span><\/p>\n","protected":false},"excerpt":{"rendered":"<p>Con el taller \u201cDulce Negocio\u201d fomentan el autoempleo en la Alcald\u00eda Cuauht\u00e9moc<br \/>\nPor Redacci\u00f3n QP<\/p>\n","protected":false},"author":2,"featured_media":9652,"comment_status":"open","ping_status":"open","sticky":false,"template":"","format":"standard","meta":{"_monsterinsights_skip_tracking":false,"_monsterinsights_sitenote_active":false,"_monsterinsights_sitenote_note":"","_monsterinsights_sitenote_category":0,"footnotes":""},"categories":[55],"tags":[],"class_list":["post-9653","post","type-post","status-publish","format-standard","has-post-thumbnail","hentry","category-cdmx"],"yoast_head":"<!-- This site is optimized with the Yoast SEO plugin v27.3 - https:\/\/yoast.com\/product\/yoast-seo-wordpress\/ -->\n<title>Alcald\u00edas\/\/\/Con el taller \u201cDulce Negocio\u201d fomentan el autoempleo en la Alcald\u00eda Cuauht\u00e9moc -<\/title>\n<meta name=\"robots\" content=\"index, follow, max-snippet:-1, max-image-preview:large, max-video-preview:-1\" \/>\n<link rel=\"canonical\" href=\"https:\/\/quehacerpolitico.mx\/?p=9653\" \/>\n<meta property=\"og:locale\" content=\"es_MX\" \/>\n<meta property=\"og:type\" content=\"article\" \/>\n<meta property=\"og:title\" content=\"Alcald\u00edas\/\/\/Con el taller \u201cDulce Negocio\u201d fomentan el autoempleo en la Alcald\u00eda Cuauht\u00e9moc -\" \/>\n<meta property=\"og:description\" content=\"Con el taller \u201cDulce Negocio\u201d fomentan el autoempleo en la Alcald\u00eda Cuauht\u00e9moc Por Redacci\u00f3n QP\" \/>\n<meta property=\"og:url\" content=\"https:\/\/quehacerpolitico.mx\/?p=9653\" \/>\n<meta property=\"article:published_time\" content=\"2018-11-20T02:45:29+00:00\" \/>\n<meta name=\"author\" content=\"Redacci\u00f3n QP\" \/>\n<meta name=\"twitter:card\" content=\"summary_large_image\" \/>\n<meta name=\"twitter:label1\" content=\"Escrito por\" \/>\n\t<meta name=\"twitter:data1\" content=\"Redacci\u00f3n QP\" \/>\n\t<meta name=\"twitter:label2\" content=\"Tiempo de lectura\" \/>\n\t<meta name=\"twitter:data2\" content=\"2 minutos\" \/>\n<script type=\"application\/ld+json\" class=\"yoast-schema-graph\">{\"@context\":\"https:\\\/\\\/schema.org\",\"@graph\":[{\"@type\":\"Article\",\"@id\":\"https:\\\/\\\/quehacerpolitico.mx\\\/?p=9653#article\",\"isPartOf\":{\"@id\":\"https:\\\/\\\/quehacerpolitico.mx\\\/?p=9653\"},\"author\":{\"name\":\"Redacci\u00f3n QP\",\"@id\":\"https:\\\/\\\/quehacerpolitico.mx\\\/#\\\/schema\\\/person\\\/496d8ad2d1d3f8036101dca7ee39e585\"},\"headline\":\"Alcald\u00edas\\\/\\\/\\\/Con el taller \u201cDulce Negocio\u201d fomentan el autoempleo en la Alcald\u00eda Cuauht\u00e9moc\",\"datePublished\":\"2018-11-20T02:45:29+00:00\",\"mainEntityOfPage\":{\"@id\":\"https:\\\/\\\/quehacerpolitico.mx\\\/?p=9653\"},\"wordCount\":344,\"commentCount\":0,\"image\":{\"@id\":\"https:\\\/\\\/quehacerpolitico.mx\\\/?p=9653#primaryimage\"},\"thumbnailUrl\":\"\",\"articleSection\":[\"CDMX\"],\"inLanguage\":\"es\",\"potentialAction\":[{\"@type\":\"CommentAction\",\"name\":\"Comment\",\"target\":[\"https:\\\/\\\/quehacerpolitico.mx\\\/?p=9653#respond\"]}]},{\"@type\":\"WebPage\",\"@id\":\"https:\\\/\\\/quehacerpolitico.mx\\\/?p=9653\",\"url\":\"https:\\\/\\\/quehacerpolitico.mx\\\/?p=9653\",\"name\":\"Alcald\u00edas\\\/\\\/\\\/Con el taller \u201cDulce Negocio\u201d fomentan el autoempleo en la Alcald\u00eda Cuauht\u00e9moc -\",\"isPartOf\":{\"@id\":\"https:\\\/\\\/quehacerpolitico.mx\\\/#website\"},\"primaryImageOfPage\":{\"@id\":\"https:\\\/\\\/quehacerpolitico.mx\\\/?p=9653#primaryimage\"},\"image\":{\"@id\":\"https:\\\/\\\/quehacerpolitico.mx\\\/?p=9653#primaryimage\"},\"thumbnailUrl\":\"\",\"datePublished\":\"2018-11-20T02:45:29+00:00\",\"author\":{\"@id\":\"https:\\\/\\\/quehacerpolitico.mx\\\/#\\\/schema\\\/person\\\/496d8ad2d1d3f8036101dca7ee39e585\"},\"breadcrumb\":{\"@id\":\"https:\\\/\\\/quehacerpolitico.mx\\\/?p=9653#breadcrumb\"},\"inLanguage\":\"es\",\"potentialAction\":[{\"@type\":\"ReadAction\",\"target\":[\"https:\\\/\\\/quehacerpolitico.mx\\\/?p=9653\"]}]},{\"@type\":\"ImageObject\",\"inLanguage\":\"es\",\"@id\":\"https:\\\/\\\/quehacerpolitico.mx\\\/?p=9653#primaryimage\",\"url\":\"\",\"contentUrl\":\"\"},{\"@type\":\"BreadcrumbList\",\"@id\":\"https:\\\/\\\/quehacerpolitico.mx\\\/?p=9653#breadcrumb\",\"itemListElement\":[{\"@type\":\"ListItem\",\"position\":1,\"name\":\"Inicio\",\"item\":\"https:\\\/\\\/quehacerpolitico.mx\\\/\"},{\"@type\":\"ListItem\",\"position\":2,\"name\":\"Alcald\u00edas\\\/\\\/\\\/Con el taller \u201cDulce Negocio\u201d fomentan el autoempleo en la Alcald\u00eda Cuauht\u00e9moc\"}]},{\"@type\":\"WebSite\",\"@id\":\"https:\\\/\\\/quehacerpolitico.mx\\\/#website\",\"url\":\"https:\\\/\\\/quehacerpolitico.mx\\\/\",\"name\":\"\",\"description\":\"\",\"potentialAction\":[{\"@type\":\"SearchAction\",\"target\":{\"@type\":\"EntryPoint\",\"urlTemplate\":\"https:\\\/\\\/quehacerpolitico.mx\\\/?s={search_term_string}\"},\"query-input\":{\"@type\":\"PropertyValueSpecification\",\"valueRequired\":true,\"valueName\":\"search_term_string\"}}],\"inLanguage\":\"es\"},{\"@type\":\"Person\",\"@id\":\"https:\\\/\\\/quehacerpolitico.mx\\\/#\\\/schema\\\/person\\\/496d8ad2d1d3f8036101dca7ee39e585\",\"name\":\"Redacci\u00f3n QP\",\"image\":{\"@type\":\"ImageObject\",\"inLanguage\":\"es\",\"@id\":\"https:\\\/\\\/secure.gravatar.com\\\/avatar\\\/c7164ed6fdec453195284ad24a5ae5b6e1eed2b848477fa2a4787ba9adf39a41?s=96&d=mm&r=g\",\"url\":\"https:\\\/\\\/secure.gravatar.com\\\/avatar\\\/c7164ed6fdec453195284ad24a5ae5b6e1eed2b848477fa2a4787ba9adf39a41?s=96&d=mm&r=g\",\"contentUrl\":\"https:\\\/\\\/secure.gravatar.com\\\/avatar\\\/c7164ed6fdec453195284ad24a5ae5b6e1eed2b848477fa2a4787ba9adf39a41?s=96&d=mm&r=g\",\"caption\":\"Redacci\u00f3n QP\"},\"url\":\"https:\\\/\\\/quehacerpolitico.mx\\\/?author=2\"}]}<\/script>\n<!-- \/ Yoast SEO plugin. -->","yoast_head_json":{"title":"Alcald\u00edas\/\/\/Con el taller \u201cDulce Negocio\u201d fomentan el autoempleo en la Alcald\u00eda Cuauht\u00e9moc -","robots":{"index":"index","follow":"follow","max-snippet":"max-snippet:-1","max-image-preview":"max-image-preview:large","max-video-preview":"max-video-preview:-1"},"canonical":"https:\/\/quehacerpolitico.mx\/?p=9653","og_locale":"es_MX","og_type":"article","og_title":"Alcald\u00edas\/\/\/Con el taller \u201cDulce Negocio\u201d fomentan el autoempleo en la Alcald\u00eda Cuauht\u00e9moc -","og_description":"Con el taller \u201cDulce Negocio\u201d fomentan el autoempleo en la Alcald\u00eda Cuauht\u00e9moc Por Redacci\u00f3n QP","og_url":"https:\/\/quehacerpolitico.mx\/?p=9653","article_published_time":"2018-11-20T02:45:29+00:00","author":"Redacci\u00f3n QP","twitter_card":"summary_large_image","twitter_misc":{"Escrito por":"Redacci\u00f3n QP","Tiempo de lectura":"2 minutos"},"schema":{"@context":"https:\/\/schema.org","@graph":[{"@type":"Article","@id":"https:\/\/quehacerpolitico.mx\/?p=9653#article","isPartOf":{"@id":"https:\/\/quehacerpolitico.mx\/?p=9653"},"author":{"name":"Redacci\u00f3n QP","@id":"https:\/\/quehacerpolitico.mx\/#\/schema\/person\/496d8ad2d1d3f8036101dca7ee39e585"},"headline":"Alcald\u00edas\/\/\/Con el taller \u201cDulce Negocio\u201d fomentan el autoempleo en la Alcald\u00eda Cuauht\u00e9moc","datePublished":"2018-11-20T02:45:29+00:00","mainEntityOfPage":{"@id":"https:\/\/quehacerpolitico.mx\/?p=9653"},"wordCount":344,"commentCount":0,"image":{"@id":"https:\/\/quehacerpolitico.mx\/?p=9653#primaryimage"},"thumbnailUrl":"","articleSection":["CDMX"],"inLanguage":"es","potentialAction":[{"@type":"CommentAction","name":"Comment","target":["https:\/\/quehacerpolitico.mx\/?p=9653#respond"]}]},{"@type":"WebPage","@id":"https:\/\/quehacerpolitico.mx\/?p=9653","url":"https:\/\/quehacerpolitico.mx\/?p=9653","name":"Alcald\u00edas\/\/\/Con el taller \u201cDulce Negocio\u201d fomentan el autoempleo en la Alcald\u00eda Cuauht\u00e9moc -","isPartOf":{"@id":"https:\/\/quehacerpolitico.mx\/#website"},"primaryImageOfPage":{"@id":"https:\/\/quehacerpolitico.mx\/?p=9653#primaryimage"},"image":{"@id":"https:\/\/quehacerpolitico.mx\/?p=9653#primaryimage"},"thumbnailUrl":"","datePublished":"2018-11-20T02:45:29+00:00","author":{"@id":"https:\/\/quehacerpolitico.mx\/#\/schema\/person\/496d8ad2d1d3f8036101dca7ee39e585"},"breadcrumb":{"@id":"https:\/\/quehacerpolitico.mx\/?p=9653#breadcrumb"},"inLanguage":"es","potentialAction":[{"@type":"ReadAction","target":["https:\/\/quehacerpolitico.mx\/?p=9653"]}]},{"@type":"ImageObject","inLanguage":"es","@id":"https:\/\/quehacerpolitico.mx\/?p=9653#primaryimage","url":"","contentUrl":""},{"@type":"BreadcrumbList","@id":"https:\/\/quehacerpolitico.mx\/?p=9653#breadcrumb","itemListElement":[{"@type":"ListItem","position":1,"name":"Inicio","item":"https:\/\/quehacerpolitico.mx\/"},{"@type":"ListItem","position":2,"name":"Alcald\u00edas\/\/\/Con el taller \u201cDulce Negocio\u201d fomentan el autoempleo en la Alcald\u00eda Cuauht\u00e9moc"}]},{"@type":"WebSite","@id":"https:\/\/quehacerpolitico.mx\/#website","url":"https:\/\/quehacerpolitico.mx\/","name":"","description":"","potentialAction":[{"@type":"SearchAction","target":{"@type":"EntryPoint","urlTemplate":"https:\/\/quehacerpolitico.mx\/?s={search_term_string}"},"query-input":{"@type":"PropertyValueSpecification","valueRequired":true,"valueName":"search_term_string"}}],"inLanguage":"es"},{"@type":"Person","@id":"https:\/\/quehacerpolitico.mx\/#\/schema\/person\/496d8ad2d1d3f8036101dca7ee39e585","name":"Redacci\u00f3n QP","image":{"@type":"ImageObject","inLanguage":"es","@id":"https:\/\/secure.gravatar.com\/avatar\/c7164ed6fdec453195284ad24a5ae5b6e1eed2b848477fa2a4787ba9adf39a41?s=96&d=mm&r=g","url":"https:\/\/secure.gravatar.com\/avatar\/c7164ed6fdec453195284ad24a5ae5b6e1eed2b848477fa2a4787ba9adf39a41?s=96&d=mm&r=g","contentUrl":"https:\/\/secure.gravatar.com\/avatar\/c7164ed6fdec453195284ad24a5ae5b6e1eed2b848477fa2a4787ba9adf39a41?s=96&d=mm&r=g","caption":"Redacci\u00f3n QP"},"url":"https:\/\/quehacerpolitico.mx\/?author=2"}]}},"featured_image_urls":{"full":"","thumbnail":"","medium":"","medium_large":"","large":"","1536x1536":"","2048x2048":"","covernews-featured":"","covernews-medium":""},"author_info":{"display_name":"Redacci\u00f3n QP","author_link":"https:\/\/quehacerpolitico.mx\/?author=2"},"category_info":"<a href=\"https:\/\/quehacerpolitico.mx\/?cat=55\" rel=\"category\">CDMX<\/a>","tag_info":"CDMX","comment_count":"0","_links":{"self":[{"href":"https:\/\/quehacerpolitico.mx\/index.php?rest_route=\/wp\/v2\/posts\/9653","targetHints":{"allow":["GET"]}}],"collection":[{"href":"https:\/\/quehacerpolitico.mx\/index.php?rest_route=\/wp\/v2\/posts"}],"about":[{"href":"https:\/\/quehacerpolitico.mx\/index.php?rest_route=\/wp\/v2\/types\/post"}],"author":[{"embeddable":true,"href":"https:\/\/quehacerpolitico.mx\/index.php?rest_route=\/wp\/v2\/users\/2"}],"replies":[{"embeddable":true,"href":"https:\/\/quehacerpolitico.mx\/index.php?rest_route=%2Fwp%2Fv2%2Fcomments&post=9653"}],"version-history":[{"count":0,"href":"https:\/\/quehacerpolitico.mx\/index.php?rest_route=\/wp\/v2\/posts\/9653\/revisions"}],"wp:featuredmedia":[{"embeddable":true,"href":"https:\/\/quehacerpolitico.mx\/index.php?rest_route=\/"}],"wp:attachment":[{"href":"https:\/\/quehacerpolitico.mx\/index.php?rest_route=%2Fwp%2Fv2%2Fmedia&parent=9653"}],"wp:term":[{"taxonomy":"category","embeddable":true,"href":"https:\/\/quehacerpolitico.mx\/index.php?rest_route=%2Fwp%2Fv2%2Fcategories&post=9653"},{"taxonomy":"post_tag","embeddable":true,"href":"https:\/\/quehacerpolitico.mx\/index.php?rest_route=%2Fwp%2Fv2%2Ftags&post=9653"}],"curies":[{"name":"wp","href":"https:\/\/api.w.org\/{rel}","templated":true}]}}