{"id":96435,"date":"2022-10-18T17:33:41","date_gmt":"2022-10-18T17:33:41","guid":{"rendered":"https:\/\/quehacerpolitico.mx\/?p=96435"},"modified":"2022-10-18T17:33:45","modified_gmt":"2022-10-18T17:33:45","slug":"mexico-iguala-el-pib-y-generacion-de-riqueza-de-espana-lopez-obrador","status":"publish","type":"post","link":"https:\/\/quehacerpolitico.mx\/?p=96435","title":{"rendered":"M\u00e9xico iguala el PIB y generaci\u00f3n de riqueza de Espa\u00f1a: L\u00f3pez Obrador\u00a0"},"content":{"rendered":"\n<p>Por Redacci\u00f3n QP<\/p>\n\n\n\n<p>L\u00f3pez Obrador hace\u00a0estas declaraciones en su rueda de prensa &#8220;ma\u00f1anera&#8221; cuestionado por su pol\u00edtica econ\u00f3mica y la recuperaci\u00f3n pospandemia<\/p>\n\n\n\n<p>El Presidente\u00a0Andres Manuel Lopez Obrador dijo este martes que M\u00e9xico ya iguala el producto interno bruto (PIB) y la generaci\u00f3n de riqueza de Espa\u00f1a.<\/p>\n\n\n\n<p><strong>&#8220;Se habla de que tenemos ya el mismo producto interno bruto, la misma generaci\u00f3n de riqueza, incluso ya estamos superando a Espa\u00f1a en generaci\u00f3n de riqueza, deben de ser como 20 o 21 billones de pesos (1 bill\u00f3n o 1.05 billones de d\u00f3lares) del producto interno bruto&#8221;<\/strong>, declar\u00f3 L\u00f3pez Obrador.<\/p>\n\n\n\n<p>L\u00f3pez Obrador hizo estas declaraciones en su\u00a0rueda de prensa \u201dma\u00f1anera\u201d cuestionado por su pol\u00edtica econ\u00f3mica y la recuperaci\u00f3n pospandemia.<\/p>\n\n\n\n<p>El gobernante mexicano\u00a0<strong>compar\u00f3 la pol\u00edtica de ambos pa\u00edses, en particular su endeudamiento<\/strong>.<\/p>\n\n\n\n<p><strong>&#8220;Lo interesante es que nosotros, de esos 20 o 21 billones de pesos, solo tenemos deuda de 10 o 12 billones (500 mil\u00a0o 600 mil\u00a0millones de d\u00f3lares), 50% del PIB, y en el caso de Espa\u00f1a, de esos 20 o 21 billones de pesos, su deuda es como de 25 billones (1.25 billones de d\u00f3lares), el doble, entonces s\u00ed hay diferencia&#8221;<\/strong>, asegur\u00f3.<\/p>\n\n\n\n<p>El Presidente L\u00f3pez Obrador, quien en febrero pasado pidi\u00f3 una &#8220;pausa&#8221; con Espa\u00f1a y ha cuestionado el comportamiento de las empresas espa\u00f1olas en M\u00e9xico, critic\u00f3 que<strong>&nbsp;&#8220;siempre hay una tendencia a poner de ejemplo lo que hacen en el extranjero&#8221;<\/strong>.<\/p>\n\n\n\n<p>El Mandatario, quien rechaz\u00f3 ser chovinista, se quej\u00f3 de quienes\u00a0<strong>&#8220;solo exaltan, admiran, lo que se hace en el extranjero y piensan que lo hecho en M\u00e9xico est\u00e1 mal hecho, cuando no es as\u00ed&#8221;<\/strong>.<\/p>\n\n\n\n<p><strong>&#8220;No somos m\u00e1s, pero tampoco somos menos, y s\u00ed, M\u00e9xico en lo que somos m\u00e1s, con todo respeto, es en nuestra grandeza cultural y de ah\u00ed dimana nuestra fortaleza&#8221;<\/strong>, coment\u00f3.<\/p>\n\n\n\n<p>L\u00f3pez Obrador relat\u00f3 que el secretario de Hacienda, Rogelio Ram\u00edrez de la O, viaj\u00f3 a Washington y habl\u00f3 con Larry Fink, director general del fondo de inversiones BlackRock, quien &#8220;le coment\u00f3 que M\u00e9xico era de los pa\u00edses que mejor hab\u00eda manejado la crisis originada por la pandemia&#8221; porque rechaz\u00f3 endeudarse.<\/p>\n\n\n\n<p>Sus declaraciones se producen pese a que M\u00e9xico es uno de los pocos pa\u00edses de Am\u00e9rica que no ha recuperado el PIB prepandemia.<\/p>\n\n\n\n<p>El PIB de M\u00e9xico creci\u00f3 1.9% anual en el primer semestre de este 2022, pero se desplom\u00f3 8.2% en 2020, con un repunte insuficiente de 4.8% en 2021.<\/p>\n\n\n\n<p>Con informaci\u00f3n de EFE<\/p>\n","protected":false},"excerpt":{"rendered":"<p>Por Redacci\u00f3n QP L\u00f3pez Obrador hace\u00a0estas declaraciones en su rueda de prensa &#8220;ma\u00f1anera&#8221; cuestionado por&#8230;<\/p>\n","protected":false},"author":2,"featured_media":96436,"comment_status":"open","ping_status":"open","sticky":false,"template":"","format":"standard","meta":{"_monsterinsights_skip_tracking":false,"_monsterinsights_sitenote_active":false,"_monsterinsights_sitenote_note":"","_monsterinsights_sitenote_category":0,"footnotes":""},"categories":[56],"tags":[],"class_list":["post-96435","post","type-post","status-publish","format-standard","has-post-thumbnail","hentry","category-economia"],"yoast_head":"<!-- This site is optimized with the Yoast SEO plugin v27.3 - https:\/\/yoast.com\/product\/yoast-seo-wordpress\/ -->\n<title>M\u00e9xico iguala el PIB y generaci\u00f3n de riqueza de Espa\u00f1a: L\u00f3pez Obrador\u00a0 -<\/title>\n<meta name=\"robots\" content=\"index, follow, max-snippet:-1, max-image-preview:large, max-video-preview:-1\" \/>\n<link rel=\"canonical\" href=\"https:\/\/quehacerpolitico.mx\/?p=96435\" \/>\n<meta property=\"og:locale\" content=\"es_MX\" \/>\n<meta property=\"og:type\" content=\"article\" \/>\n<meta property=\"og:title\" content=\"M\u00e9xico iguala el PIB y generaci\u00f3n de riqueza de Espa\u00f1a: L\u00f3pez Obrador\u00a0 -\" \/>\n<meta property=\"og:description\" content=\"Por Redacci\u00f3n QP L\u00f3pez Obrador hace\u00a0estas declaraciones en su rueda de prensa &#8220;ma\u00f1anera&#8221; cuestionado por...\" \/>\n<meta property=\"og:url\" content=\"https:\/\/quehacerpolitico.mx\/?p=96435\" \/>\n<meta property=\"article:published_time\" content=\"2022-10-18T17:33:41+00:00\" \/>\n<meta property=\"article:modified_time\" content=\"2022-10-18T17:33:45+00:00\" \/>\n<meta property=\"og:image\" content=\"https:\/\/quehacerpolitico.mx\/wp-content\/uploads\/2022\/10\/5812C944-1795-41CB-B496-86FA1C147C1A.jpeg\" \/>\n\t<meta property=\"og:image:width\" content=\"1041\" \/>\n\t<meta property=\"og:image:height\" content=\"597\" \/>\n\t<meta property=\"og:image:type\" content=\"image\/jpeg\" \/>\n<meta name=\"author\" content=\"Redacci\u00f3n QP\" \/>\n<meta name=\"twitter:card\" content=\"summary_large_image\" \/>\n<meta name=\"twitter:label1\" content=\"Escrito por\" \/>\n\t<meta name=\"twitter:data1\" content=\"Redacci\u00f3n QP\" \/>\n\t<meta name=\"twitter:label2\" content=\"Tiempo de lectura\" \/>\n\t<meta name=\"twitter:data2\" content=\"2 minutos\" \/>\n<script type=\"application\/ld+json\" class=\"yoast-schema-graph\">{\"@context\":\"https:\\\/\\\/schema.org\",\"@graph\":[{\"@type\":\"Article\",\"@id\":\"https:\\\/\\\/quehacerpolitico.mx\\\/?p=96435#article\",\"isPartOf\":{\"@id\":\"https:\\\/\\\/quehacerpolitico.mx\\\/?p=96435\"},\"author\":{\"name\":\"Redacci\u00f3n QP\",\"@id\":\"https:\\\/\\\/quehacerpolitico.mx\\\/#\\\/schema\\\/person\\\/496d8ad2d1d3f8036101dca7ee39e585\"},\"headline\":\"M\u00e9xico iguala el PIB y generaci\u00f3n de riqueza de Espa\u00f1a: L\u00f3pez Obrador\u00a0\",\"datePublished\":\"2022-10-18T17:33:41+00:00\",\"dateModified\":\"2022-10-18T17:33:45+00:00\",\"mainEntityOfPage\":{\"@id\":\"https:\\\/\\\/quehacerpolitico.mx\\\/?p=96435\"},\"wordCount\":443,\"commentCount\":0,\"image\":{\"@id\":\"https:\\\/\\\/quehacerpolitico.mx\\\/?p=96435#primaryimage\"},\"thumbnailUrl\":\"https:\\\/\\\/quehacerpolitico.mx\\\/wp-content\\\/uploads\\\/2022\\\/10\\\/5812C944-1795-41CB-B496-86FA1C147C1A.jpeg\",\"articleSection\":[\"Econom\u00eda\"],\"inLanguage\":\"es\",\"potentialAction\":[{\"@type\":\"CommentAction\",\"name\":\"Comment\",\"target\":[\"https:\\\/\\\/quehacerpolitico.mx\\\/?p=96435#respond\"]}]},{\"@type\":\"WebPage\",\"@id\":\"https:\\\/\\\/quehacerpolitico.mx\\\/?p=96435\",\"url\":\"https:\\\/\\\/quehacerpolitico.mx\\\/?p=96435\",\"name\":\"M\u00e9xico iguala el PIB y generaci\u00f3n de riqueza de Espa\u00f1a: L\u00f3pez Obrador\u00a0 -\",\"isPartOf\":{\"@id\":\"https:\\\/\\\/quehacerpolitico.mx\\\/#website\"},\"primaryImageOfPage\":{\"@id\":\"https:\\\/\\\/quehacerpolitico.mx\\\/?p=96435#primaryimage\"},\"image\":{\"@id\":\"https:\\\/\\\/quehacerpolitico.mx\\\/?p=96435#primaryimage\"},\"thumbnailUrl\":\"https:\\\/\\\/quehacerpolitico.mx\\\/wp-content\\\/uploads\\\/2022\\\/10\\\/5812C944-1795-41CB-B496-86FA1C147C1A.jpeg\",\"datePublished\":\"2022-10-18T17:33:41+00:00\",\"dateModified\":\"2022-10-18T17:33:45+00:00\",\"author\":{\"@id\":\"https:\\\/\\\/quehacerpolitico.mx\\\/#\\\/schema\\\/person\\\/496d8ad2d1d3f8036101dca7ee39e585\"},\"breadcrumb\":{\"@id\":\"https:\\\/\\\/quehacerpolitico.mx\\\/?p=96435#breadcrumb\"},\"inLanguage\":\"es\",\"potentialAction\":[{\"@type\":\"ReadAction\",\"target\":[\"https:\\\/\\\/quehacerpolitico.mx\\\/?p=96435\"]}]},{\"@type\":\"ImageObject\",\"inLanguage\":\"es\",\"@id\":\"https:\\\/\\\/quehacerpolitico.mx\\\/?p=96435#primaryimage\",\"url\":\"https:\\\/\\\/quehacerpolitico.mx\\\/wp-content\\\/uploads\\\/2022\\\/10\\\/5812C944-1795-41CB-B496-86FA1C147C1A.jpeg\",\"contentUrl\":\"https:\\\/\\\/quehacerpolitico.mx\\\/wp-content\\\/uploads\\\/2022\\\/10\\\/5812C944-1795-41CB-B496-86FA1C147C1A.jpeg\",\"width\":1041,\"height\":597},{\"@type\":\"BreadcrumbList\",\"@id\":\"https:\\\/\\\/quehacerpolitico.mx\\\/?p=96435#breadcrumb\",\"itemListElement\":[{\"@type\":\"ListItem\",\"position\":1,\"name\":\"Inicio\",\"item\":\"https:\\\/\\\/quehacerpolitico.mx\\\/\"},{\"@type\":\"ListItem\",\"position\":2,\"name\":\"M\u00e9xico iguala el PIB y generaci\u00f3n de riqueza de Espa\u00f1a: L\u00f3pez Obrador\u00a0\"}]},{\"@type\":\"WebSite\",\"@id\":\"https:\\\/\\\/quehacerpolitico.mx\\\/#website\",\"url\":\"https:\\\/\\\/quehacerpolitico.mx\\\/\",\"name\":\"\",\"description\":\"\",\"potentialAction\":[{\"@type\":\"SearchAction\",\"target\":{\"@type\":\"EntryPoint\",\"urlTemplate\":\"https:\\\/\\\/quehacerpolitico.mx\\\/?s={search_term_string}\"},\"query-input\":{\"@type\":\"PropertyValueSpecification\",\"valueRequired\":true,\"valueName\":\"search_term_string\"}}],\"inLanguage\":\"es\"},{\"@type\":\"Person\",\"@id\":\"https:\\\/\\\/quehacerpolitico.mx\\\/#\\\/schema\\\/person\\\/496d8ad2d1d3f8036101dca7ee39e585\",\"name\":\"Redacci\u00f3n QP\",\"image\":{\"@type\":\"ImageObject\",\"inLanguage\":\"es\",\"@id\":\"https:\\\/\\\/secure.gravatar.com\\\/avatar\\\/c7164ed6fdec453195284ad24a5ae5b6e1eed2b848477fa2a4787ba9adf39a41?s=96&d=mm&r=g\",\"url\":\"https:\\\/\\\/secure.gravatar.com\\\/avatar\\\/c7164ed6fdec453195284ad24a5ae5b6e1eed2b848477fa2a4787ba9adf39a41?s=96&d=mm&r=g\",\"contentUrl\":\"https:\\\/\\\/secure.gravatar.com\\\/avatar\\\/c7164ed6fdec453195284ad24a5ae5b6e1eed2b848477fa2a4787ba9adf39a41?s=96&d=mm&r=g\",\"caption\":\"Redacci\u00f3n QP\"},\"url\":\"https:\\\/\\\/quehacerpolitico.mx\\\/?author=2\"}]}<\/script>\n<!-- \/ Yoast SEO plugin. -->","yoast_head_json":{"title":"M\u00e9xico iguala el PIB y generaci\u00f3n de riqueza de Espa\u00f1a: L\u00f3pez Obrador\u00a0 -","robots":{"index":"index","follow":"follow","max-snippet":"max-snippet:-1","max-image-preview":"max-image-preview:large","max-video-preview":"max-video-preview:-1"},"canonical":"https:\/\/quehacerpolitico.mx\/?p=96435","og_locale":"es_MX","og_type":"article","og_title":"M\u00e9xico iguala el PIB y generaci\u00f3n de riqueza de Espa\u00f1a: L\u00f3pez Obrador\u00a0 -","og_description":"Por Redacci\u00f3n QP L\u00f3pez Obrador hace\u00a0estas declaraciones en su rueda de prensa &#8220;ma\u00f1anera&#8221; cuestionado por...","og_url":"https:\/\/quehacerpolitico.mx\/?p=96435","article_published_time":"2022-10-18T17:33:41+00:00","article_modified_time":"2022-10-18T17:33:45+00:00","og_image":[{"width":1041,"height":597,"url":"https:\/\/quehacerpolitico.mx\/wp-content\/uploads\/2022\/10\/5812C944-1795-41CB-B496-86FA1C147C1A.jpeg","type":"image\/jpeg"}],"author":"Redacci\u00f3n QP","twitter_card":"summary_large_image","twitter_misc":{"Escrito por":"Redacci\u00f3n QP","Tiempo de lectura":"2 minutos"},"schema":{"@context":"https:\/\/schema.org","@graph":[{"@type":"Article","@id":"https:\/\/quehacerpolitico.mx\/?p=96435#article","isPartOf":{"@id":"https:\/\/quehacerpolitico.mx\/?p=96435"},"author":{"name":"Redacci\u00f3n QP","@id":"https:\/\/quehacerpolitico.mx\/#\/schema\/person\/496d8ad2d1d3f8036101dca7ee39e585"},"headline":"M\u00e9xico iguala el PIB y generaci\u00f3n de riqueza de Espa\u00f1a: L\u00f3pez Obrador\u00a0","datePublished":"2022-10-18T17:33:41+00:00","dateModified":"2022-10-18T17:33:45+00:00","mainEntityOfPage":{"@id":"https:\/\/quehacerpolitico.mx\/?p=96435"},"wordCount":443,"commentCount":0,"image":{"@id":"https:\/\/quehacerpolitico.mx\/?p=96435#primaryimage"},"thumbnailUrl":"https:\/\/quehacerpolitico.mx\/wp-content\/uploads\/2022\/10\/5812C944-1795-41CB-B496-86FA1C147C1A.jpeg","articleSection":["Econom\u00eda"],"inLanguage":"es","potentialAction":[{"@type":"CommentAction","name":"Comment","target":["https:\/\/quehacerpolitico.mx\/?p=96435#respond"]}]},{"@type":"WebPage","@id":"https:\/\/quehacerpolitico.mx\/?p=96435","url":"https:\/\/quehacerpolitico.mx\/?p=96435","name":"M\u00e9xico iguala el PIB y generaci\u00f3n de riqueza de Espa\u00f1a: L\u00f3pez Obrador\u00a0 -","isPartOf":{"@id":"https:\/\/quehacerpolitico.mx\/#website"},"primaryImageOfPage":{"@id":"https:\/\/quehacerpolitico.mx\/?p=96435#primaryimage"},"image":{"@id":"https:\/\/quehacerpolitico.mx\/?p=96435#primaryimage"},"thumbnailUrl":"https:\/\/quehacerpolitico.mx\/wp-content\/uploads\/2022\/10\/5812C944-1795-41CB-B496-86FA1C147C1A.jpeg","datePublished":"2022-10-18T17:33:41+00:00","dateModified":"2022-10-18T17:33:45+00:00","author":{"@id":"https:\/\/quehacerpolitico.mx\/#\/schema\/person\/496d8ad2d1d3f8036101dca7ee39e585"},"breadcrumb":{"@id":"https:\/\/quehacerpolitico.mx\/?p=96435#breadcrumb"},"inLanguage":"es","potentialAction":[{"@type":"ReadAction","target":["https:\/\/quehacerpolitico.mx\/?p=96435"]}]},{"@type":"ImageObject","inLanguage":"es","@id":"https:\/\/quehacerpolitico.mx\/?p=96435#primaryimage","url":"https:\/\/quehacerpolitico.mx\/wp-content\/uploads\/2022\/10\/5812C944-1795-41CB-B496-86FA1C147C1A.jpeg","contentUrl":"https:\/\/quehacerpolitico.mx\/wp-content\/uploads\/2022\/10\/5812C944-1795-41CB-B496-86FA1C147C1A.jpeg","width":1041,"height":597},{"@type":"BreadcrumbList","@id":"https:\/\/quehacerpolitico.mx\/?p=96435#breadcrumb","itemListElement":[{"@type":"ListItem","position":1,"name":"Inicio","item":"https:\/\/quehacerpolitico.mx\/"},{"@type":"ListItem","position":2,"name":"M\u00e9xico iguala el PIB y generaci\u00f3n de riqueza de Espa\u00f1a: L\u00f3pez Obrador\u00a0"}]},{"@type":"WebSite","@id":"https:\/\/quehacerpolitico.mx\/#website","url":"https:\/\/quehacerpolitico.mx\/","name":"","description":"","potentialAction":[{"@type":"SearchAction","target":{"@type":"EntryPoint","urlTemplate":"https:\/\/quehacerpolitico.mx\/?s={search_term_string}"},"query-input":{"@type":"PropertyValueSpecification","valueRequired":true,"valueName":"search_term_string"}}],"inLanguage":"es"},{"@type":"Person","@id":"https:\/\/quehacerpolitico.mx\/#\/schema\/person\/496d8ad2d1d3f8036101dca7ee39e585","name":"Redacci\u00f3n QP","image":{"@type":"ImageObject","inLanguage":"es","@id":"https:\/\/secure.gravatar.com\/avatar\/c7164ed6fdec453195284ad24a5ae5b6e1eed2b848477fa2a4787ba9adf39a41?s=96&d=mm&r=g","url":"https:\/\/secure.gravatar.com\/avatar\/c7164ed6fdec453195284ad24a5ae5b6e1eed2b848477fa2a4787ba9adf39a41?s=96&d=mm&r=g","contentUrl":"https:\/\/secure.gravatar.com\/avatar\/c7164ed6fdec453195284ad24a5ae5b6e1eed2b848477fa2a4787ba9adf39a41?s=96&d=mm&r=g","caption":"Redacci\u00f3n QP"},"url":"https:\/\/quehacerpolitico.mx\/?author=2"}]}},"featured_image_urls":{"full":["https:\/\/quehacerpolitico.mx\/wp-content\/uploads\/2022\/10\/5812C944-1795-41CB-B496-86FA1C147C1A.jpeg",1041,597,false],"thumbnail":["https:\/\/quehacerpolitico.mx\/wp-content\/uploads\/2022\/10\/5812C944-1795-41CB-B496-86FA1C147C1A-150x150.jpeg",150,150,true],"medium":["https:\/\/quehacerpolitico.mx\/wp-content\/uploads\/2022\/10\/5812C944-1795-41CB-B496-86FA1C147C1A-300x172.jpeg",300,172,true],"medium_large":["https:\/\/quehacerpolitico.mx\/wp-content\/uploads\/2022\/10\/5812C944-1795-41CB-B496-86FA1C147C1A-768x440.jpeg",640,367,true],"large":["https:\/\/quehacerpolitico.mx\/wp-content\/uploads\/2022\/10\/5812C944-1795-41CB-B496-86FA1C147C1A-1024x587.jpeg",640,367,true],"1536x1536":["https:\/\/quehacerpolitico.mx\/wp-content\/uploads\/2022\/10\/5812C944-1795-41CB-B496-86FA1C147C1A.jpeg",1041,597,false],"2048x2048":["https:\/\/quehacerpolitico.mx\/wp-content\/uploads\/2022\/10\/5812C944-1795-41CB-B496-86FA1C147C1A.jpeg",1041,597,false],"covernews-featured":["https:\/\/quehacerpolitico.mx\/wp-content\/uploads\/2022\/10\/5812C944-1795-41CB-B496-86FA1C147C1A.jpeg",1024,587,false],"covernews-medium":["https:\/\/quehacerpolitico.mx\/wp-content\/uploads\/2022\/10\/5812C944-1795-41CB-B496-86FA1C147C1A.jpeg",540,310,false]},"author_info":{"display_name":"Redacci\u00f3n QP","author_link":"https:\/\/quehacerpolitico.mx\/?author=2"},"category_info":"<a href=\"https:\/\/quehacerpolitico.mx\/?cat=56\" rel=\"category\">Econom\u00eda<\/a>","tag_info":"Econom\u00eda","comment_count":"0","_links":{"self":[{"href":"https:\/\/quehacerpolitico.mx\/index.php?rest_route=\/wp\/v2\/posts\/96435","targetHints":{"allow":["GET"]}}],"collection":[{"href":"https:\/\/quehacerpolitico.mx\/index.php?rest_route=\/wp\/v2\/posts"}],"about":[{"href":"https:\/\/quehacerpolitico.mx\/index.php?rest_route=\/wp\/v2\/types\/post"}],"author":[{"embeddable":true,"href":"https:\/\/quehacerpolitico.mx\/index.php?rest_route=\/wp\/v2\/users\/2"}],"replies":[{"embeddable":true,"href":"https:\/\/quehacerpolitico.mx\/index.php?rest_route=%2Fwp%2Fv2%2Fcomments&post=96435"}],"version-history":[{"count":1,"href":"https:\/\/quehacerpolitico.mx\/index.php?rest_route=\/wp\/v2\/posts\/96435\/revisions"}],"predecessor-version":[{"id":96437,"href":"https:\/\/quehacerpolitico.mx\/index.php?rest_route=\/wp\/v2\/posts\/96435\/revisions\/96437"}],"wp:featuredmedia":[{"embeddable":true,"href":"https:\/\/quehacerpolitico.mx\/index.php?rest_route=\/wp\/v2\/media\/96436"}],"wp:attachment":[{"href":"https:\/\/quehacerpolitico.mx\/index.php?rest_route=%2Fwp%2Fv2%2Fmedia&parent=96435"}],"wp:term":[{"taxonomy":"category","embeddable":true,"href":"https:\/\/quehacerpolitico.mx\/index.php?rest_route=%2Fwp%2Fv2%2Fcategories&post=96435"},{"taxonomy":"post_tag","embeddable":true,"href":"https:\/\/quehacerpolitico.mx\/index.php?rest_route=%2Fwp%2Fv2%2Ftags&post=96435"}],"curies":[{"name":"wp","href":"https:\/\/api.w.org\/{rel}","templated":true}]}}