{"id":96432,"date":"2022-10-18T17:04:23","date_gmt":"2022-10-18T17:04:23","guid":{"rendered":"https:\/\/quehacerpolitico.mx\/?p=96432"},"modified":"2022-10-18T17:04:27","modified_gmt":"2022-10-18T17:04:27","slug":"ante-la-negativa-del-secretario-de-la-defensa-nacional-sedena-luis-cresencio-sandoval-para-reunirse-con-diputados-federales-no-es-ni-nota-amlo","status":"publish","type":"post","link":"https:\/\/quehacerpolitico.mx\/?p=96432","title":{"rendered":"Ante la negativa del Secretario de la Defensa Nacional\u00a0(Sedena),\u00a0Luis Cresencio Sandoval, para reunirse con\u00a0diputados federales\u00a0\u201cno es ni nota\u201d: AMLO"},"content":{"rendered":"\n<p>Por Redacci\u00f3n QP<\/p>\n\n\n\n<p>El presidente L\u00f3pez Obrador afirm\u00f3 que la situaci\u00f3n entre el general Luis Cresencio Sandoval, y diputados federales \u201cno es ni nota\u201d<\/p>\n\n\n\n<p>El presidente de M\u00e9xico,\u00a0<strong>Andr\u00e9s Manuel L\u00f3pez Obrador<\/strong>, resto importancia a la negativa del titular de la<strong>\u00a0Secretar\u00eda de la Defensa Nacional<\/strong>\u00a0(<strong>Sedena<\/strong>),\u00a0<strong>Luis Cresencio Sandoval<\/strong>, para reunirse con\u00a0<strong>diputados federales<\/strong>\u00a0para explicar el\u00a0<strong>hackeo<\/strong> llevado a cabo por el colectivo\u00a0<strong>Guacamaya<\/strong>\u00a0a la dependencia.<\/p>\n\n\n\n<p>En la conferencia matutina de\u00a0<strong>Palacio Nacional<\/strong>,\u00a0<strong>L\u00f3pez Obrador<\/strong>apunt\u00f3 que dicha situaci\u00f3n \u201cno es nota\u201d para los periodistas, y pidi\u00f3 no dar importancia a dicho asunto, que consider\u00f3 derivado de la\u00a0<strong>politiquer\u00eda<\/strong>.<\/p>\n\n\n\n<p>Es parte de lo mismo, es la politiquer\u00eda, no le den importancia a eso, no es nota no, no, no, no, es nota\u201d, declar\u00f3.<\/p>\n\n\n\n<p>\u201cNota es que el peso sea la moneda menos devaluada en el mundo, eso s\u00ed es nota. Lo dem\u00e1s son nuestros adversarios, conservadores, no hay que enojarse, hay que estar contentos, alegres, felices, y que ellos se serenen, se tranquilicen, sirve la pasiflorina, o el t\u00e9 de flor de tila\u201d, dijo<\/p>\n\n\n\n<figure class=\"wp-block-embed is-type-rich is-provider-twitter wp-block-embed-twitter\"><div class=\"wp-block-embed__wrapper\">\n<blockquote class=\"twitter-tweet\" data-width=\"550\" data-dnt=\"true\"><p lang=\"es\" dir=\"ltr\">Eso no es nota.. es politiquer\u00eda <a href=\"https:\/\/t.co\/qVbNCpTemy\">pic.twitter.com\/qVbNCpTemy<\/a><\/p>&mdash; Leonardo Curzio (@LeonardoCurzio) <a href=\"https:\/\/twitter.com\/LeonardoCurzio\/status\/1582391151528579073?ref_src=twsrc%5Etfw\">October 18, 2022<\/a><\/blockquote><script async src=\"https:\/\/platform.twitter.com\/widgets.js\" charset=\"utf-8\"><\/script>\n<\/div><\/figure>\n\n\n\n<p>\u201cQue los medios ya le cambien, no les funciona lo que hacen, siguen sin afectarnos, no es que no me preocupen, es que no nos afecta, me da much\u00edsimo gusto que a gente est\u00e9 tan despierta. Ve uno cualquier a de los peri\u00f3dicos y todos en contra, todos, todos, todos, todos en contra\u201d, agreg\u00f3.<\/p>\n\n\n\n<p>El diputado\u00a0Sergio Barrera, quien pertenece a\u00a0<strong>Movimiento Ciudadano<\/strong>, cuestion\u00f3 el fin de semana pasado que el secretario de la\u00a0<strong>Defensa <\/strong>pospusiera hasta nuevo aviso la\u00a0<strong>reuni\u00f3n<\/strong>\u00a0que sostendr\u00eda con\u00a0<strong>diputados federales<\/strong>\u00a0el pr\u00f3ximo 18 de octubre para explicar el hackeo\u00a0dicha dependencia.<\/p>\n\n\n\n<figure class=\"wp-block-embed is-type-rich is-provider-twitter wp-block-embed-twitter\"><div class=\"wp-block-embed__wrapper\">\n<blockquote class=\"twitter-tweet\" data-width=\"550\" data-dnt=\"true\"><p lang=\"es\" dir=\"ltr\">He sido notificado por parte de la Secretaria T\u00e9cnica de la Comisi\u00f3n de Defensa, que el Gral Crescencio Sandoval ha pospuesto hasta nuevo aviso la reuni\u00f3n que ten\u00edamos para el pr\u00f3ximo 18 de octubre. <br><br>No s\u00f3lo no le importa comparecer, sino que desde\u00f1a a todo un poder. Lamentable. <a href=\"https:\/\/t.co\/eaglg9QmEi\">pic.twitter.com\/eaglg9QmEi<\/a><\/p>&mdash; Checo Barrera (@ChecoBarrera) <a href=\"https:\/\/twitter.com\/ChecoBarrera\/status\/1581410909586538497?ref_src=twsrc%5Etfw\">October 15, 2022<\/a><\/blockquote><script async src=\"https:\/\/platform.twitter.com\/widgets.js\" charset=\"utf-8\"><\/script>\n<\/div><\/figure>\n\n\n\n<p>\u201cNo s\u00f3lo no le importa comparecer, sino que desde\u00f1a a todo un poder. Lamentable\u201d, agreg\u00f3 el diputado federal por el estado de Jalisco.<\/p>\n\n\n\n<p>Sin embargo, el titular de Gobernaci\u00f3n (<strong>Segob<\/strong>),&nbsp;<strong>Ad\u00e1n Augusto L\u00f3pez<\/strong>, defendi\u00f3 al&nbsp;<strong>general<\/strong>&nbsp;<strong>Luis Cresencio Sandoval<\/strong>&nbsp;al se\u00f1alar que que \u201cno es exactamente cierto\u201d que \u00e9ste \u201cno haya querido rendir cuentas\u201d ante los legisladores, y se\u00f1al\u00f3 que hubo un diputado que se dirigi\u00f3 en t\u00e9rminos \u201cirrespetuosos\u201d al general secretario.<\/p>\n\n\n\n<p>En respuesta,\u00a0<strong>Barrera<\/strong>\u00a0mostr\u00f3 en redes sociales el oficio dirigido al genera Sandoval y expuso que el objetivo era \u201cconstruir en di\u00e1logo democr\u00e1tico, conscientes de nuestra soberan\u00eda como Legislativo y con respeto al Ejecutivo y nuestras Fuerzas Armadas\u201d.<\/p>\n\n\n\n<figure class=\"wp-block-embed is-type-rich is-provider-twitter wp-block-embed-twitter\"><div class=\"wp-block-embed__wrapper\">\n<blockquote class=\"twitter-tweet\" data-width=\"550\" data-dnt=\"true\"><p lang=\"es\" dir=\"ltr\">Mi visi\u00f3n y la de mi <a href=\"https:\/\/twitter.com\/BancadaNaranjaD?ref_src=twsrc%5Etfw\">@BancadaNaranjaD<\/a> es construir en di\u00e1logo democr\u00e1tico, conscientes de nuestra soberan\u00eda como Legislativo y con respeto al Ejecutivo y nuestras FFAA.<br><br>Aqu\u00ed la carta de referencia, para que la opini\u00f3n p\u00fablica formule su propio criterio. <a href=\"https:\/\/t.co\/vOQYoHDJdr\">pic.twitter.com\/vOQYoHDJdr<\/a><\/p>&mdash; Checo Barrera (@ChecoBarrera) <a href=\"https:\/\/twitter.com\/ChecoBarrera\/status\/1582071631425380352?ref_src=twsrc%5Etfw\">October 17, 2022<\/a><\/blockquote><script async src=\"https:\/\/platform.twitter.com\/widgets.js\" charset=\"utf-8\"><\/script>\n<\/div><\/figure>\n","protected":false},"excerpt":{"rendered":"<p>Por Redacci\u00f3n QP El presidente L\u00f3pez Obrador afirm\u00f3 que la situaci\u00f3n entre el general Luis&#8230;<\/p>\n","protected":false},"author":2,"featured_media":96433,"comment_status":"open","ping_status":"open","sticky":false,"template":"","format":"standard","meta":{"_monsterinsights_skip_tracking":false,"_monsterinsights_sitenote_active":false,"_monsterinsights_sitenote_note":"","_monsterinsights_sitenote_category":0,"footnotes":""},"categories":[2],"tags":[],"class_list":["post-96432","post","type-post","status-publish","format-standard","has-post-thumbnail","hentry","category-noticias"],"yoast_head":"<!-- This site is optimized with the Yoast SEO plugin v27.3 - https:\/\/yoast.com\/product\/yoast-seo-wordpress\/ -->\n<title>Ante la negativa del Secretario de la Defensa Nacional\u00a0(Sedena),\u00a0Luis Cresencio Sandoval, para reunirse con\u00a0diputados federales\u00a0\u201cno es ni nota\u201d: AMLO -<\/title>\n<meta name=\"robots\" content=\"index, follow, max-snippet:-1, max-image-preview:large, max-video-preview:-1\" \/>\n<link rel=\"canonical\" href=\"https:\/\/quehacerpolitico.mx\/?p=96432\" \/>\n<meta property=\"og:locale\" content=\"es_MX\" \/>\n<meta property=\"og:type\" content=\"article\" \/>\n<meta property=\"og:title\" content=\"Ante la negativa del Secretario de la Defensa Nacional\u00a0(Sedena),\u00a0Luis Cresencio Sandoval, para reunirse con\u00a0diputados federales\u00a0\u201cno es ni nota\u201d: AMLO -\" \/>\n<meta property=\"og:description\" content=\"Por Redacci\u00f3n QP El presidente L\u00f3pez Obrador afirm\u00f3 que la situaci\u00f3n entre el general Luis...\" \/>\n<meta property=\"og:url\" content=\"https:\/\/quehacerpolitico.mx\/?p=96432\" \/>\n<meta property=\"article:published_time\" content=\"2022-10-18T17:04:23+00:00\" \/>\n<meta property=\"article:modified_time\" content=\"2022-10-18T17:04:27+00:00\" \/>\n<meta property=\"og:image\" content=\"https:\/\/quehacerpolitico.mx\/wp-content\/uploads\/2022\/10\/DBD35AFA-32B7-446E-8221-399B76128D6E.jpeg\" \/>\n\t<meta property=\"og:image:width\" content=\"1284\" \/>\n\t<meta property=\"og:image:height\" content=\"711\" \/>\n\t<meta property=\"og:image:type\" content=\"image\/jpeg\" \/>\n<meta name=\"author\" content=\"Redacci\u00f3n QP\" \/>\n<meta name=\"twitter:card\" content=\"summary_large_image\" \/>\n<meta name=\"twitter:label1\" content=\"Escrito por\" \/>\n\t<meta name=\"twitter:data1\" content=\"Redacci\u00f3n QP\" \/>\n\t<meta name=\"twitter:label2\" content=\"Tiempo de lectura\" \/>\n\t<meta name=\"twitter:data2\" content=\"2 minutos\" \/>\n<script type=\"application\/ld+json\" class=\"yoast-schema-graph\">{\"@context\":\"https:\\\/\\\/schema.org\",\"@graph\":[{\"@type\":\"Article\",\"@id\":\"https:\\\/\\\/quehacerpolitico.mx\\\/?p=96432#article\",\"isPartOf\":{\"@id\":\"https:\\\/\\\/quehacerpolitico.mx\\\/?p=96432\"},\"author\":{\"name\":\"Redacci\u00f3n QP\",\"@id\":\"https:\\\/\\\/quehacerpolitico.mx\\\/#\\\/schema\\\/person\\\/496d8ad2d1d3f8036101dca7ee39e585\"},\"headline\":\"Ante la negativa del Secretario de la Defensa Nacional\u00a0(Sedena),\u00a0Luis Cresencio Sandoval, para reunirse con\u00a0diputados federales\u00a0\u201cno es ni nota\u201d: AMLO\",\"datePublished\":\"2022-10-18T17:04:23+00:00\",\"dateModified\":\"2022-10-18T17:04:27+00:00\",\"mainEntityOfPage\":{\"@id\":\"https:\\\/\\\/quehacerpolitico.mx\\\/?p=96432\"},\"wordCount\":469,\"commentCount\":0,\"image\":{\"@id\":\"https:\\\/\\\/quehacerpolitico.mx\\\/?p=96432#primaryimage\"},\"thumbnailUrl\":\"https:\\\/\\\/quehacerpolitico.mx\\\/wp-content\\\/uploads\\\/2022\\\/10\\\/DBD35AFA-32B7-446E-8221-399B76128D6E.jpeg\",\"articleSection\":[\"Noticias\"],\"inLanguage\":\"es\",\"potentialAction\":[{\"@type\":\"CommentAction\",\"name\":\"Comment\",\"target\":[\"https:\\\/\\\/quehacerpolitico.mx\\\/?p=96432#respond\"]}]},{\"@type\":\"WebPage\",\"@id\":\"https:\\\/\\\/quehacerpolitico.mx\\\/?p=96432\",\"url\":\"https:\\\/\\\/quehacerpolitico.mx\\\/?p=96432\",\"name\":\"Ante la negativa del Secretario de la Defensa Nacional\u00a0(Sedena),\u00a0Luis Cresencio Sandoval, para reunirse con\u00a0diputados federales\u00a0\u201cno es ni nota\u201d: AMLO -\",\"isPartOf\":{\"@id\":\"https:\\\/\\\/quehacerpolitico.mx\\\/#website\"},\"primaryImageOfPage\":{\"@id\":\"https:\\\/\\\/quehacerpolitico.mx\\\/?p=96432#primaryimage\"},\"image\":{\"@id\":\"https:\\\/\\\/quehacerpolitico.mx\\\/?p=96432#primaryimage\"},\"thumbnailUrl\":\"https:\\\/\\\/quehacerpolitico.mx\\\/wp-content\\\/uploads\\\/2022\\\/10\\\/DBD35AFA-32B7-446E-8221-399B76128D6E.jpeg\",\"datePublished\":\"2022-10-18T17:04:23+00:00\",\"dateModified\":\"2022-10-18T17:04:27+00:00\",\"author\":{\"@id\":\"https:\\\/\\\/quehacerpolitico.mx\\\/#\\\/schema\\\/person\\\/496d8ad2d1d3f8036101dca7ee39e585\"},\"breadcrumb\":{\"@id\":\"https:\\\/\\\/quehacerpolitico.mx\\\/?p=96432#breadcrumb\"},\"inLanguage\":\"es\",\"potentialAction\":[{\"@type\":\"ReadAction\",\"target\":[\"https:\\\/\\\/quehacerpolitico.mx\\\/?p=96432\"]}]},{\"@type\":\"ImageObject\",\"inLanguage\":\"es\",\"@id\":\"https:\\\/\\\/quehacerpolitico.mx\\\/?p=96432#primaryimage\",\"url\":\"https:\\\/\\\/quehacerpolitico.mx\\\/wp-content\\\/uploads\\\/2022\\\/10\\\/DBD35AFA-32B7-446E-8221-399B76128D6E.jpeg\",\"contentUrl\":\"https:\\\/\\\/quehacerpolitico.mx\\\/wp-content\\\/uploads\\\/2022\\\/10\\\/DBD35AFA-32B7-446E-8221-399B76128D6E.jpeg\",\"width\":1284,\"height\":711},{\"@type\":\"BreadcrumbList\",\"@id\":\"https:\\\/\\\/quehacerpolitico.mx\\\/?p=96432#breadcrumb\",\"itemListElement\":[{\"@type\":\"ListItem\",\"position\":1,\"name\":\"Inicio\",\"item\":\"https:\\\/\\\/quehacerpolitico.mx\\\/\"},{\"@type\":\"ListItem\",\"position\":2,\"name\":\"Ante la negativa del Secretario de la Defensa Nacional\u00a0(Sedena),\u00a0Luis Cresencio Sandoval, para reunirse con\u00a0diputados federales\u00a0\u201cno es ni nota\u201d: AMLO\"}]},{\"@type\":\"WebSite\",\"@id\":\"https:\\\/\\\/quehacerpolitico.mx\\\/#website\",\"url\":\"https:\\\/\\\/quehacerpolitico.mx\\\/\",\"name\":\"\",\"description\":\"\",\"potentialAction\":[{\"@type\":\"SearchAction\",\"target\":{\"@type\":\"EntryPoint\",\"urlTemplate\":\"https:\\\/\\\/quehacerpolitico.mx\\\/?s={search_term_string}\"},\"query-input\":{\"@type\":\"PropertyValueSpecification\",\"valueRequired\":true,\"valueName\":\"search_term_string\"}}],\"inLanguage\":\"es\"},{\"@type\":\"Person\",\"@id\":\"https:\\\/\\\/quehacerpolitico.mx\\\/#\\\/schema\\\/person\\\/496d8ad2d1d3f8036101dca7ee39e585\",\"name\":\"Redacci\u00f3n QP\",\"image\":{\"@type\":\"ImageObject\",\"inLanguage\":\"es\",\"@id\":\"https:\\\/\\\/secure.gravatar.com\\\/avatar\\\/c7164ed6fdec453195284ad24a5ae5b6e1eed2b848477fa2a4787ba9adf39a41?s=96&d=mm&r=g\",\"url\":\"https:\\\/\\\/secure.gravatar.com\\\/avatar\\\/c7164ed6fdec453195284ad24a5ae5b6e1eed2b848477fa2a4787ba9adf39a41?s=96&d=mm&r=g\",\"contentUrl\":\"https:\\\/\\\/secure.gravatar.com\\\/avatar\\\/c7164ed6fdec453195284ad24a5ae5b6e1eed2b848477fa2a4787ba9adf39a41?s=96&d=mm&r=g\",\"caption\":\"Redacci\u00f3n QP\"},\"url\":\"https:\\\/\\\/quehacerpolitico.mx\\\/?author=2\"}]}<\/script>\n<!-- \/ Yoast SEO plugin. -->","yoast_head_json":{"title":"Ante la negativa del Secretario de la Defensa Nacional\u00a0(Sedena),\u00a0Luis Cresencio Sandoval, para reunirse con\u00a0diputados federales\u00a0\u201cno es ni nota\u201d: AMLO -","robots":{"index":"index","follow":"follow","max-snippet":"max-snippet:-1","max-image-preview":"max-image-preview:large","max-video-preview":"max-video-preview:-1"},"canonical":"https:\/\/quehacerpolitico.mx\/?p=96432","og_locale":"es_MX","og_type":"article","og_title":"Ante la negativa del Secretario de la Defensa Nacional\u00a0(Sedena),\u00a0Luis Cresencio Sandoval, para reunirse con\u00a0diputados federales\u00a0\u201cno es ni nota\u201d: AMLO -","og_description":"Por Redacci\u00f3n QP El presidente L\u00f3pez Obrador afirm\u00f3 que la situaci\u00f3n entre el general Luis...","og_url":"https:\/\/quehacerpolitico.mx\/?p=96432","article_published_time":"2022-10-18T17:04:23+00:00","article_modified_time":"2022-10-18T17:04:27+00:00","og_image":[{"width":1284,"height":711,"url":"https:\/\/quehacerpolitico.mx\/wp-content\/uploads\/2022\/10\/DBD35AFA-32B7-446E-8221-399B76128D6E.jpeg","type":"image\/jpeg"}],"author":"Redacci\u00f3n QP","twitter_card":"summary_large_image","twitter_misc":{"Escrito por":"Redacci\u00f3n QP","Tiempo de lectura":"2 minutos"},"schema":{"@context":"https:\/\/schema.org","@graph":[{"@type":"Article","@id":"https:\/\/quehacerpolitico.mx\/?p=96432#article","isPartOf":{"@id":"https:\/\/quehacerpolitico.mx\/?p=96432"},"author":{"name":"Redacci\u00f3n QP","@id":"https:\/\/quehacerpolitico.mx\/#\/schema\/person\/496d8ad2d1d3f8036101dca7ee39e585"},"headline":"Ante la negativa del Secretario de la Defensa Nacional\u00a0(Sedena),\u00a0Luis Cresencio Sandoval, para reunirse con\u00a0diputados federales\u00a0\u201cno es ni nota\u201d: AMLO","datePublished":"2022-10-18T17:04:23+00:00","dateModified":"2022-10-18T17:04:27+00:00","mainEntityOfPage":{"@id":"https:\/\/quehacerpolitico.mx\/?p=96432"},"wordCount":469,"commentCount":0,"image":{"@id":"https:\/\/quehacerpolitico.mx\/?p=96432#primaryimage"},"thumbnailUrl":"https:\/\/quehacerpolitico.mx\/wp-content\/uploads\/2022\/10\/DBD35AFA-32B7-446E-8221-399B76128D6E.jpeg","articleSection":["Noticias"],"inLanguage":"es","potentialAction":[{"@type":"CommentAction","name":"Comment","target":["https:\/\/quehacerpolitico.mx\/?p=96432#respond"]}]},{"@type":"WebPage","@id":"https:\/\/quehacerpolitico.mx\/?p=96432","url":"https:\/\/quehacerpolitico.mx\/?p=96432","name":"Ante la negativa del Secretario de la Defensa Nacional\u00a0(Sedena),\u00a0Luis Cresencio Sandoval, para reunirse con\u00a0diputados federales\u00a0\u201cno es ni nota\u201d: AMLO -","isPartOf":{"@id":"https:\/\/quehacerpolitico.mx\/#website"},"primaryImageOfPage":{"@id":"https:\/\/quehacerpolitico.mx\/?p=96432#primaryimage"},"image":{"@id":"https:\/\/quehacerpolitico.mx\/?p=96432#primaryimage"},"thumbnailUrl":"https:\/\/quehacerpolitico.mx\/wp-content\/uploads\/2022\/10\/DBD35AFA-32B7-446E-8221-399B76128D6E.jpeg","datePublished":"2022-10-18T17:04:23+00:00","dateModified":"2022-10-18T17:04:27+00:00","author":{"@id":"https:\/\/quehacerpolitico.mx\/#\/schema\/person\/496d8ad2d1d3f8036101dca7ee39e585"},"breadcrumb":{"@id":"https:\/\/quehacerpolitico.mx\/?p=96432#breadcrumb"},"inLanguage":"es","potentialAction":[{"@type":"ReadAction","target":["https:\/\/quehacerpolitico.mx\/?p=96432"]}]},{"@type":"ImageObject","inLanguage":"es","@id":"https:\/\/quehacerpolitico.mx\/?p=96432#primaryimage","url":"https:\/\/quehacerpolitico.mx\/wp-content\/uploads\/2022\/10\/DBD35AFA-32B7-446E-8221-399B76128D6E.jpeg","contentUrl":"https:\/\/quehacerpolitico.mx\/wp-content\/uploads\/2022\/10\/DBD35AFA-32B7-446E-8221-399B76128D6E.jpeg","width":1284,"height":711},{"@type":"BreadcrumbList","@id":"https:\/\/quehacerpolitico.mx\/?p=96432#breadcrumb","itemListElement":[{"@type":"ListItem","position":1,"name":"Inicio","item":"https:\/\/quehacerpolitico.mx\/"},{"@type":"ListItem","position":2,"name":"Ante la negativa del Secretario de la Defensa Nacional\u00a0(Sedena),\u00a0Luis Cresencio Sandoval, para reunirse con\u00a0diputados federales\u00a0\u201cno es ni nota\u201d: AMLO"}]},{"@type":"WebSite","@id":"https:\/\/quehacerpolitico.mx\/#website","url":"https:\/\/quehacerpolitico.mx\/","name":"","description":"","potentialAction":[{"@type":"SearchAction","target":{"@type":"EntryPoint","urlTemplate":"https:\/\/quehacerpolitico.mx\/?s={search_term_string}"},"query-input":{"@type":"PropertyValueSpecification","valueRequired":true,"valueName":"search_term_string"}}],"inLanguage":"es"},{"@type":"Person","@id":"https:\/\/quehacerpolitico.mx\/#\/schema\/person\/496d8ad2d1d3f8036101dca7ee39e585","name":"Redacci\u00f3n QP","image":{"@type":"ImageObject","inLanguage":"es","@id":"https:\/\/secure.gravatar.com\/avatar\/c7164ed6fdec453195284ad24a5ae5b6e1eed2b848477fa2a4787ba9adf39a41?s=96&d=mm&r=g","url":"https:\/\/secure.gravatar.com\/avatar\/c7164ed6fdec453195284ad24a5ae5b6e1eed2b848477fa2a4787ba9adf39a41?s=96&d=mm&r=g","contentUrl":"https:\/\/secure.gravatar.com\/avatar\/c7164ed6fdec453195284ad24a5ae5b6e1eed2b848477fa2a4787ba9adf39a41?s=96&d=mm&r=g","caption":"Redacci\u00f3n QP"},"url":"https:\/\/quehacerpolitico.mx\/?author=2"}]}},"featured_image_urls":{"full":["https:\/\/quehacerpolitico.mx\/wp-content\/uploads\/2022\/10\/DBD35AFA-32B7-446E-8221-399B76128D6E.jpeg",1284,711,false],"thumbnail":["https:\/\/quehacerpolitico.mx\/wp-content\/uploads\/2022\/10\/DBD35AFA-32B7-446E-8221-399B76128D6E-150x150.jpeg",150,150,true],"medium":["https:\/\/quehacerpolitico.mx\/wp-content\/uploads\/2022\/10\/DBD35AFA-32B7-446E-8221-399B76128D6E-300x166.jpeg",300,166,true],"medium_large":["https:\/\/quehacerpolitico.mx\/wp-content\/uploads\/2022\/10\/DBD35AFA-32B7-446E-8221-399B76128D6E-768x425.jpeg",640,354,true],"large":["https:\/\/quehacerpolitico.mx\/wp-content\/uploads\/2022\/10\/DBD35AFA-32B7-446E-8221-399B76128D6E-1024x567.jpeg",640,354,true],"1536x1536":["https:\/\/quehacerpolitico.mx\/wp-content\/uploads\/2022\/10\/DBD35AFA-32B7-446E-8221-399B76128D6E.jpeg",1284,711,false],"2048x2048":["https:\/\/quehacerpolitico.mx\/wp-content\/uploads\/2022\/10\/DBD35AFA-32B7-446E-8221-399B76128D6E.jpeg",1284,711,false],"covernews-featured":["https:\/\/quehacerpolitico.mx\/wp-content\/uploads\/2022\/10\/DBD35AFA-32B7-446E-8221-399B76128D6E.jpeg",1024,567,false],"covernews-medium":["https:\/\/quehacerpolitico.mx\/wp-content\/uploads\/2022\/10\/DBD35AFA-32B7-446E-8221-399B76128D6E.jpeg",540,299,false]},"author_info":{"display_name":"Redacci\u00f3n QP","author_link":"https:\/\/quehacerpolitico.mx\/?author=2"},"category_info":"<a href=\"https:\/\/quehacerpolitico.mx\/?cat=2\" rel=\"category\">Noticias<\/a>","tag_info":"Noticias","comment_count":"0","_links":{"self":[{"href":"https:\/\/quehacerpolitico.mx\/index.php?rest_route=\/wp\/v2\/posts\/96432","targetHints":{"allow":["GET"]}}],"collection":[{"href":"https:\/\/quehacerpolitico.mx\/index.php?rest_route=\/wp\/v2\/posts"}],"about":[{"href":"https:\/\/quehacerpolitico.mx\/index.php?rest_route=\/wp\/v2\/types\/post"}],"author":[{"embeddable":true,"href":"https:\/\/quehacerpolitico.mx\/index.php?rest_route=\/wp\/v2\/users\/2"}],"replies":[{"embeddable":true,"href":"https:\/\/quehacerpolitico.mx\/index.php?rest_route=%2Fwp%2Fv2%2Fcomments&post=96432"}],"version-history":[{"count":1,"href":"https:\/\/quehacerpolitico.mx\/index.php?rest_route=\/wp\/v2\/posts\/96432\/revisions"}],"predecessor-version":[{"id":96434,"href":"https:\/\/quehacerpolitico.mx\/index.php?rest_route=\/wp\/v2\/posts\/96432\/revisions\/96434"}],"wp:featuredmedia":[{"embeddable":true,"href":"https:\/\/quehacerpolitico.mx\/index.php?rest_route=\/wp\/v2\/media\/96433"}],"wp:attachment":[{"href":"https:\/\/quehacerpolitico.mx\/index.php?rest_route=%2Fwp%2Fv2%2Fmedia&parent=96432"}],"wp:term":[{"taxonomy":"category","embeddable":true,"href":"https:\/\/quehacerpolitico.mx\/index.php?rest_route=%2Fwp%2Fv2%2Fcategories&post=96432"},{"taxonomy":"post_tag","embeddable":true,"href":"https:\/\/quehacerpolitico.mx\/index.php?rest_route=%2Fwp%2Fv2%2Ftags&post=96432"}],"curies":[{"name":"wp","href":"https:\/\/api.w.org\/{rel}","templated":true}]}}