{"id":96408,"date":"2022-10-17T23:19:35","date_gmt":"2022-10-17T23:19:35","guid":{"rendered":"https:\/\/quehacerpolitico.mx\/?p=96408"},"modified":"2022-10-17T23:19:39","modified_gmt":"2022-10-17T23:19:39","slug":"anaya-cuestiona-apoyo-de-lopez-obrador-a-mujeres-habla-de-dientes-para-afuera","status":"publish","type":"post","link":"https:\/\/quehacerpolitico.mx\/?p=96408","title":{"rendered":"Anaya cuestiona apoyo de L\u00f3pez Obrador a mujeres: Habla &#8220;de dientes para afuera&#8221;\u00a0"},"content":{"rendered":"\n<p>Por Redacci\u00f3n QP<\/p>\n\n\n\n<p>&#8220;Se ha atrevido a decir que su gobierno es, seg\u00fan \u00e9l, el que m\u00e1s ha apoyado a las mujeres en la historia&#8221;, dijo el panista<\/p>\n\n\n\n<p>En un nuevo ataque contra el Presidente de M\u00e9xico, Andr\u00e9s Manuel L\u00f3pez Obrador, el panista Ricardo Anaya, le pidi\u00f3 de que de hablar &#8220;de dientes para afuera&#8221;, sobre que su Gobierno apoyan a las mujeres &#8220;cuando en realidad hace todo lo contrario&#8221;.<\/p>\n\n\n\n<p><strong>&#8220;Se ha atrevido a decir que su gobierno es, seg\u00fan \u00e9l, el que m\u00e1s ha apoyado a las mujeres en la historia. Nada m\u00e1s que, como siempre, su dicho se contradice con los hechos&#8221;<\/strong>, sentenci\u00f3.<\/p>\n\n\n\n<p>En un video publicado en redes sociales, Anaya cuestion\u00f3: &#8220;Si apoya a las mujeres, entonces \u00bfpor qu\u00e9 cerr\u00f3 las estancias infantiles?, \u00bflos refugios para v\u00edctimas de violencia?, \u00bfel programa de escuelas de tiempo completo?, \u00bfpor qu\u00e9 hay m\u00e1s feminicidios y mayor brecha salarial?, \u00bfpor qu\u00e9 la represi\u00f3n contra las mujeres?&#8221;.<\/p>\n\n\n\n<figure class=\"wp-block-embed is-type-video is-provider-youtube wp-block-embed-youtube wp-embed-aspect-16-9 wp-has-aspect-ratio\"><div class=\"wp-block-embed__wrapper\">\n<iframe loading=\"lazy\" title=\"El papel que se les olvid\u00f3 esconder\" width=\"640\" height=\"360\" src=\"https:\/\/www.youtube.com\/embed\/8vUtpouKjMM?feature=oembed\" frameborder=\"0\" allow=\"accelerometer; autoplay; clipboard-write; encrypted-media; gyroscope; picture-in-picture; web-share\" referrerpolicy=\"strict-origin-when-cross-origin\" allowfullscreen><\/iframe>\n<\/div><\/figure>\n\n\n\n<p>El excandidato presidencial del PAN llam\u00f3 a entender que el acceso de las mujeres a cargos de decisi\u00f3n trae consecuencias &#8220;sumamente positivas&#8221;.<\/p>\n\n\n\n<p>&#8220;Y es que no hay duda de que somos un mejor pa\u00eds cuando decidimos juntos, las mujeres y los hombres. Hacen falta m\u00e1s acciones y menos discursos, m\u00e1s verdades y no m\u00e1s mentiras. El reconocimiento del derecho al voto fue apenas el primer paso, y al conmemorarlo, deber\u00edamos pensar en lo mucho que nos falta por hacer, para alcanzar la verdadera igualdad&#8221;, declar\u00f3.<\/p>\n\n\n\n<p><strong>Anaya Cort\u00e9s propuso que se reinicie y ampl\u00ede el programa de escuelas de tiempo completo, que reabran las estancias infantiles y los refugios para mujeres<\/strong>, adem\u00e1s que haya m\u00e1s becas, m\u00e1s empleo bien pagados, m\u00e1s guarder\u00edas y espacios de lactancia.<\/p>\n\n\n\n<p>&#8220;Que haya m\u00e1s oportunidades para las mujeres ind\u00edgenas. Que se respeten los derechos pol\u00edticos y haya paridad completa en los puestos p\u00fablicos y los \u00f3rganos de decisi\u00f3n. Que las mujeres mexicanas, que son m\u00e1s de la mitad de la poblaci\u00f3n, sean por fin la fuerza que detone el desarrollo del pa\u00eds&#8221;, expres\u00f3 Anaya.<\/p>\n\n\n\n<p>Con informaci\u00f3n de SUN<\/p>\n","protected":false},"excerpt":{"rendered":"<p>Por Redacci\u00f3n QP &#8220;Se ha atrevido a decir que su gobierno es, seg\u00fan \u00e9l, el&#8230;<\/p>\n","protected":false},"author":2,"featured_media":96409,"comment_status":"open","ping_status":"open","sticky":false,"template":"","format":"standard","meta":{"_monsterinsights_skip_tracking":false,"_monsterinsights_sitenote_active":false,"_monsterinsights_sitenote_note":"","_monsterinsights_sitenote_category":0,"footnotes":""},"categories":[2],"tags":[],"class_list":["post-96408","post","type-post","status-publish","format-standard","has-post-thumbnail","hentry","category-noticias"],"yoast_head":"<!-- This site is optimized with the Yoast SEO plugin v27.3 - https:\/\/yoast.com\/product\/yoast-seo-wordpress\/ -->\n<title>Anaya cuestiona apoyo de L\u00f3pez Obrador a mujeres: Habla &quot;de dientes para afuera&quot;\u00a0 -<\/title>\n<meta name=\"robots\" content=\"index, follow, max-snippet:-1, max-image-preview:large, max-video-preview:-1\" \/>\n<link rel=\"canonical\" href=\"https:\/\/quehacerpolitico.mx\/?p=96408\" \/>\n<meta property=\"og:locale\" content=\"es_MX\" \/>\n<meta property=\"og:type\" content=\"article\" \/>\n<meta property=\"og:title\" content=\"Anaya cuestiona apoyo de L\u00f3pez Obrador a mujeres: Habla &quot;de dientes para afuera&quot;\u00a0 -\" \/>\n<meta property=\"og:description\" content=\"Por Redacci\u00f3n QP &#8220;Se ha atrevido a decir que su gobierno es, seg\u00fan \u00e9l, el...\" \/>\n<meta property=\"og:url\" content=\"https:\/\/quehacerpolitico.mx\/?p=96408\" \/>\n<meta property=\"article:published_time\" content=\"2022-10-17T23:19:35+00:00\" \/>\n<meta property=\"article:modified_time\" content=\"2022-10-17T23:19:39+00:00\" \/>\n<meta property=\"og:image\" content=\"https:\/\/quehacerpolitico.mx\/wp-content\/uploads\/2022\/10\/B0B6F232-4C5D-42DC-82CA-21AB4AB54073.jpeg\" \/>\n\t<meta property=\"og:image:width\" content=\"1284\" \/>\n\t<meta property=\"og:image:height\" content=\"687\" \/>\n\t<meta property=\"og:image:type\" content=\"image\/jpeg\" \/>\n<meta name=\"author\" content=\"Redacci\u00f3n QP\" \/>\n<meta name=\"twitter:card\" content=\"summary_large_image\" \/>\n<meta name=\"twitter:label1\" content=\"Escrito por\" \/>\n\t<meta name=\"twitter:data1\" content=\"Redacci\u00f3n QP\" \/>\n\t<meta name=\"twitter:label2\" content=\"Tiempo de lectura\" \/>\n\t<meta name=\"twitter:data2\" content=\"2 minutos\" \/>\n<script type=\"application\/ld+json\" class=\"yoast-schema-graph\">{\"@context\":\"https:\\\/\\\/schema.org\",\"@graph\":[{\"@type\":\"Article\",\"@id\":\"https:\\\/\\\/quehacerpolitico.mx\\\/?p=96408#article\",\"isPartOf\":{\"@id\":\"https:\\\/\\\/quehacerpolitico.mx\\\/?p=96408\"},\"author\":{\"name\":\"Redacci\u00f3n QP\",\"@id\":\"https:\\\/\\\/quehacerpolitico.mx\\\/#\\\/schema\\\/person\\\/496d8ad2d1d3f8036101dca7ee39e585\"},\"headline\":\"Anaya cuestiona apoyo de L\u00f3pez Obrador a mujeres: Habla &#8220;de dientes para afuera&#8221;\u00a0\",\"datePublished\":\"2022-10-17T23:19:35+00:00\",\"dateModified\":\"2022-10-17T23:19:39+00:00\",\"mainEntityOfPage\":{\"@id\":\"https:\\\/\\\/quehacerpolitico.mx\\\/?p=96408\"},\"wordCount\":389,\"commentCount\":0,\"image\":{\"@id\":\"https:\\\/\\\/quehacerpolitico.mx\\\/?p=96408#primaryimage\"},\"thumbnailUrl\":\"https:\\\/\\\/quehacerpolitico.mx\\\/wp-content\\\/uploads\\\/2022\\\/10\\\/B0B6F232-4C5D-42DC-82CA-21AB4AB54073.jpeg\",\"articleSection\":[\"Noticias\"],\"inLanguage\":\"es\",\"potentialAction\":[{\"@type\":\"CommentAction\",\"name\":\"Comment\",\"target\":[\"https:\\\/\\\/quehacerpolitico.mx\\\/?p=96408#respond\"]}]},{\"@type\":\"WebPage\",\"@id\":\"https:\\\/\\\/quehacerpolitico.mx\\\/?p=96408\",\"url\":\"https:\\\/\\\/quehacerpolitico.mx\\\/?p=96408\",\"name\":\"Anaya cuestiona apoyo de L\u00f3pez Obrador a mujeres: Habla \\\"de dientes para afuera\\\"\u00a0 -\",\"isPartOf\":{\"@id\":\"https:\\\/\\\/quehacerpolitico.mx\\\/#website\"},\"primaryImageOfPage\":{\"@id\":\"https:\\\/\\\/quehacerpolitico.mx\\\/?p=96408#primaryimage\"},\"image\":{\"@id\":\"https:\\\/\\\/quehacerpolitico.mx\\\/?p=96408#primaryimage\"},\"thumbnailUrl\":\"https:\\\/\\\/quehacerpolitico.mx\\\/wp-content\\\/uploads\\\/2022\\\/10\\\/B0B6F232-4C5D-42DC-82CA-21AB4AB54073.jpeg\",\"datePublished\":\"2022-10-17T23:19:35+00:00\",\"dateModified\":\"2022-10-17T23:19:39+00:00\",\"author\":{\"@id\":\"https:\\\/\\\/quehacerpolitico.mx\\\/#\\\/schema\\\/person\\\/496d8ad2d1d3f8036101dca7ee39e585\"},\"breadcrumb\":{\"@id\":\"https:\\\/\\\/quehacerpolitico.mx\\\/?p=96408#breadcrumb\"},\"inLanguage\":\"es\",\"potentialAction\":[{\"@type\":\"ReadAction\",\"target\":[\"https:\\\/\\\/quehacerpolitico.mx\\\/?p=96408\"]}]},{\"@type\":\"ImageObject\",\"inLanguage\":\"es\",\"@id\":\"https:\\\/\\\/quehacerpolitico.mx\\\/?p=96408#primaryimage\",\"url\":\"https:\\\/\\\/quehacerpolitico.mx\\\/wp-content\\\/uploads\\\/2022\\\/10\\\/B0B6F232-4C5D-42DC-82CA-21AB4AB54073.jpeg\",\"contentUrl\":\"https:\\\/\\\/quehacerpolitico.mx\\\/wp-content\\\/uploads\\\/2022\\\/10\\\/B0B6F232-4C5D-42DC-82CA-21AB4AB54073.jpeg\",\"width\":1284,\"height\":687},{\"@type\":\"BreadcrumbList\",\"@id\":\"https:\\\/\\\/quehacerpolitico.mx\\\/?p=96408#breadcrumb\",\"itemListElement\":[{\"@type\":\"ListItem\",\"position\":1,\"name\":\"Inicio\",\"item\":\"https:\\\/\\\/quehacerpolitico.mx\\\/\"},{\"@type\":\"ListItem\",\"position\":2,\"name\":\"Anaya cuestiona apoyo de L\u00f3pez Obrador a mujeres: Habla &#8220;de dientes para afuera&#8221;\u00a0\"}]},{\"@type\":\"WebSite\",\"@id\":\"https:\\\/\\\/quehacerpolitico.mx\\\/#website\",\"url\":\"https:\\\/\\\/quehacerpolitico.mx\\\/\",\"name\":\"\",\"description\":\"\",\"potentialAction\":[{\"@type\":\"SearchAction\",\"target\":{\"@type\":\"EntryPoint\",\"urlTemplate\":\"https:\\\/\\\/quehacerpolitico.mx\\\/?s={search_term_string}\"},\"query-input\":{\"@type\":\"PropertyValueSpecification\",\"valueRequired\":true,\"valueName\":\"search_term_string\"}}],\"inLanguage\":\"es\"},{\"@type\":\"Person\",\"@id\":\"https:\\\/\\\/quehacerpolitico.mx\\\/#\\\/schema\\\/person\\\/496d8ad2d1d3f8036101dca7ee39e585\",\"name\":\"Redacci\u00f3n QP\",\"image\":{\"@type\":\"ImageObject\",\"inLanguage\":\"es\",\"@id\":\"https:\\\/\\\/secure.gravatar.com\\\/avatar\\\/c7164ed6fdec453195284ad24a5ae5b6e1eed2b848477fa2a4787ba9adf39a41?s=96&d=mm&r=g\",\"url\":\"https:\\\/\\\/secure.gravatar.com\\\/avatar\\\/c7164ed6fdec453195284ad24a5ae5b6e1eed2b848477fa2a4787ba9adf39a41?s=96&d=mm&r=g\",\"contentUrl\":\"https:\\\/\\\/secure.gravatar.com\\\/avatar\\\/c7164ed6fdec453195284ad24a5ae5b6e1eed2b848477fa2a4787ba9adf39a41?s=96&d=mm&r=g\",\"caption\":\"Redacci\u00f3n QP\"},\"url\":\"https:\\\/\\\/quehacerpolitico.mx\\\/?author=2\"}]}<\/script>\n<!-- \/ Yoast SEO plugin. -->","yoast_head_json":{"title":"Anaya cuestiona apoyo de L\u00f3pez Obrador a mujeres: Habla \"de dientes para afuera\"\u00a0 -","robots":{"index":"index","follow":"follow","max-snippet":"max-snippet:-1","max-image-preview":"max-image-preview:large","max-video-preview":"max-video-preview:-1"},"canonical":"https:\/\/quehacerpolitico.mx\/?p=96408","og_locale":"es_MX","og_type":"article","og_title":"Anaya cuestiona apoyo de L\u00f3pez Obrador a mujeres: Habla \"de dientes para afuera\"\u00a0 -","og_description":"Por Redacci\u00f3n QP &#8220;Se ha atrevido a decir que su gobierno es, seg\u00fan \u00e9l, el...","og_url":"https:\/\/quehacerpolitico.mx\/?p=96408","article_published_time":"2022-10-17T23:19:35+00:00","article_modified_time":"2022-10-17T23:19:39+00:00","og_image":[{"width":1284,"height":687,"url":"https:\/\/quehacerpolitico.mx\/wp-content\/uploads\/2022\/10\/B0B6F232-4C5D-42DC-82CA-21AB4AB54073.jpeg","type":"image\/jpeg"}],"author":"Redacci\u00f3n QP","twitter_card":"summary_large_image","twitter_misc":{"Escrito por":"Redacci\u00f3n QP","Tiempo de lectura":"2 minutos"},"schema":{"@context":"https:\/\/schema.org","@graph":[{"@type":"Article","@id":"https:\/\/quehacerpolitico.mx\/?p=96408#article","isPartOf":{"@id":"https:\/\/quehacerpolitico.mx\/?p=96408"},"author":{"name":"Redacci\u00f3n QP","@id":"https:\/\/quehacerpolitico.mx\/#\/schema\/person\/496d8ad2d1d3f8036101dca7ee39e585"},"headline":"Anaya cuestiona apoyo de L\u00f3pez Obrador a mujeres: Habla &#8220;de dientes para afuera&#8221;\u00a0","datePublished":"2022-10-17T23:19:35+00:00","dateModified":"2022-10-17T23:19:39+00:00","mainEntityOfPage":{"@id":"https:\/\/quehacerpolitico.mx\/?p=96408"},"wordCount":389,"commentCount":0,"image":{"@id":"https:\/\/quehacerpolitico.mx\/?p=96408#primaryimage"},"thumbnailUrl":"https:\/\/quehacerpolitico.mx\/wp-content\/uploads\/2022\/10\/B0B6F232-4C5D-42DC-82CA-21AB4AB54073.jpeg","articleSection":["Noticias"],"inLanguage":"es","potentialAction":[{"@type":"CommentAction","name":"Comment","target":["https:\/\/quehacerpolitico.mx\/?p=96408#respond"]}]},{"@type":"WebPage","@id":"https:\/\/quehacerpolitico.mx\/?p=96408","url":"https:\/\/quehacerpolitico.mx\/?p=96408","name":"Anaya cuestiona apoyo de L\u00f3pez Obrador a mujeres: Habla \"de dientes para afuera\"\u00a0 -","isPartOf":{"@id":"https:\/\/quehacerpolitico.mx\/#website"},"primaryImageOfPage":{"@id":"https:\/\/quehacerpolitico.mx\/?p=96408#primaryimage"},"image":{"@id":"https:\/\/quehacerpolitico.mx\/?p=96408#primaryimage"},"thumbnailUrl":"https:\/\/quehacerpolitico.mx\/wp-content\/uploads\/2022\/10\/B0B6F232-4C5D-42DC-82CA-21AB4AB54073.jpeg","datePublished":"2022-10-17T23:19:35+00:00","dateModified":"2022-10-17T23:19:39+00:00","author":{"@id":"https:\/\/quehacerpolitico.mx\/#\/schema\/person\/496d8ad2d1d3f8036101dca7ee39e585"},"breadcrumb":{"@id":"https:\/\/quehacerpolitico.mx\/?p=96408#breadcrumb"},"inLanguage":"es","potentialAction":[{"@type":"ReadAction","target":["https:\/\/quehacerpolitico.mx\/?p=96408"]}]},{"@type":"ImageObject","inLanguage":"es","@id":"https:\/\/quehacerpolitico.mx\/?p=96408#primaryimage","url":"https:\/\/quehacerpolitico.mx\/wp-content\/uploads\/2022\/10\/B0B6F232-4C5D-42DC-82CA-21AB4AB54073.jpeg","contentUrl":"https:\/\/quehacerpolitico.mx\/wp-content\/uploads\/2022\/10\/B0B6F232-4C5D-42DC-82CA-21AB4AB54073.jpeg","width":1284,"height":687},{"@type":"BreadcrumbList","@id":"https:\/\/quehacerpolitico.mx\/?p=96408#breadcrumb","itemListElement":[{"@type":"ListItem","position":1,"name":"Inicio","item":"https:\/\/quehacerpolitico.mx\/"},{"@type":"ListItem","position":2,"name":"Anaya cuestiona apoyo de L\u00f3pez Obrador a mujeres: Habla &#8220;de dientes para afuera&#8221;\u00a0"}]},{"@type":"WebSite","@id":"https:\/\/quehacerpolitico.mx\/#website","url":"https:\/\/quehacerpolitico.mx\/","name":"","description":"","potentialAction":[{"@type":"SearchAction","target":{"@type":"EntryPoint","urlTemplate":"https:\/\/quehacerpolitico.mx\/?s={search_term_string}"},"query-input":{"@type":"PropertyValueSpecification","valueRequired":true,"valueName":"search_term_string"}}],"inLanguage":"es"},{"@type":"Person","@id":"https:\/\/quehacerpolitico.mx\/#\/schema\/person\/496d8ad2d1d3f8036101dca7ee39e585","name":"Redacci\u00f3n QP","image":{"@type":"ImageObject","inLanguage":"es","@id":"https:\/\/secure.gravatar.com\/avatar\/c7164ed6fdec453195284ad24a5ae5b6e1eed2b848477fa2a4787ba9adf39a41?s=96&d=mm&r=g","url":"https:\/\/secure.gravatar.com\/avatar\/c7164ed6fdec453195284ad24a5ae5b6e1eed2b848477fa2a4787ba9adf39a41?s=96&d=mm&r=g","contentUrl":"https:\/\/secure.gravatar.com\/avatar\/c7164ed6fdec453195284ad24a5ae5b6e1eed2b848477fa2a4787ba9adf39a41?s=96&d=mm&r=g","caption":"Redacci\u00f3n QP"},"url":"https:\/\/quehacerpolitico.mx\/?author=2"}]}},"featured_image_urls":{"full":["https:\/\/quehacerpolitico.mx\/wp-content\/uploads\/2022\/10\/B0B6F232-4C5D-42DC-82CA-21AB4AB54073.jpeg",1284,687,false],"thumbnail":["https:\/\/quehacerpolitico.mx\/wp-content\/uploads\/2022\/10\/B0B6F232-4C5D-42DC-82CA-21AB4AB54073-150x150.jpeg",150,150,true],"medium":["https:\/\/quehacerpolitico.mx\/wp-content\/uploads\/2022\/10\/B0B6F232-4C5D-42DC-82CA-21AB4AB54073-300x161.jpeg",300,161,true],"medium_large":["https:\/\/quehacerpolitico.mx\/wp-content\/uploads\/2022\/10\/B0B6F232-4C5D-42DC-82CA-21AB4AB54073-768x411.jpeg",640,343,true],"large":["https:\/\/quehacerpolitico.mx\/wp-content\/uploads\/2022\/10\/B0B6F232-4C5D-42DC-82CA-21AB4AB54073-1024x548.jpeg",640,343,true],"1536x1536":["https:\/\/quehacerpolitico.mx\/wp-content\/uploads\/2022\/10\/B0B6F232-4C5D-42DC-82CA-21AB4AB54073.jpeg",1284,687,false],"2048x2048":["https:\/\/quehacerpolitico.mx\/wp-content\/uploads\/2022\/10\/B0B6F232-4C5D-42DC-82CA-21AB4AB54073.jpeg",1284,687,false],"covernews-featured":["https:\/\/quehacerpolitico.mx\/wp-content\/uploads\/2022\/10\/B0B6F232-4C5D-42DC-82CA-21AB4AB54073.jpeg",1024,548,false],"covernews-medium":["https:\/\/quehacerpolitico.mx\/wp-content\/uploads\/2022\/10\/B0B6F232-4C5D-42DC-82CA-21AB4AB54073.jpeg",540,289,false]},"author_info":{"display_name":"Redacci\u00f3n QP","author_link":"https:\/\/quehacerpolitico.mx\/?author=2"},"category_info":"<a href=\"https:\/\/quehacerpolitico.mx\/?cat=2\" rel=\"category\">Noticias<\/a>","tag_info":"Noticias","comment_count":"0","_links":{"self":[{"href":"https:\/\/quehacerpolitico.mx\/index.php?rest_route=\/wp\/v2\/posts\/96408","targetHints":{"allow":["GET"]}}],"collection":[{"href":"https:\/\/quehacerpolitico.mx\/index.php?rest_route=\/wp\/v2\/posts"}],"about":[{"href":"https:\/\/quehacerpolitico.mx\/index.php?rest_route=\/wp\/v2\/types\/post"}],"author":[{"embeddable":true,"href":"https:\/\/quehacerpolitico.mx\/index.php?rest_route=\/wp\/v2\/users\/2"}],"replies":[{"embeddable":true,"href":"https:\/\/quehacerpolitico.mx\/index.php?rest_route=%2Fwp%2Fv2%2Fcomments&post=96408"}],"version-history":[{"count":1,"href":"https:\/\/quehacerpolitico.mx\/index.php?rest_route=\/wp\/v2\/posts\/96408\/revisions"}],"predecessor-version":[{"id":96410,"href":"https:\/\/quehacerpolitico.mx\/index.php?rest_route=\/wp\/v2\/posts\/96408\/revisions\/96410"}],"wp:featuredmedia":[{"embeddable":true,"href":"https:\/\/quehacerpolitico.mx\/index.php?rest_route=\/wp\/v2\/media\/96409"}],"wp:attachment":[{"href":"https:\/\/quehacerpolitico.mx\/index.php?rest_route=%2Fwp%2Fv2%2Fmedia&parent=96408"}],"wp:term":[{"taxonomy":"category","embeddable":true,"href":"https:\/\/quehacerpolitico.mx\/index.php?rest_route=%2Fwp%2Fv2%2Fcategories&post=96408"},{"taxonomy":"post_tag","embeddable":true,"href":"https:\/\/quehacerpolitico.mx\/index.php?rest_route=%2Fwp%2Fv2%2Ftags&post=96408"}],"curies":[{"name":"wp","href":"https:\/\/api.w.org\/{rel}","templated":true}]}}