{"id":96405,"date":"2022-10-17T18:13:38","date_gmt":"2022-10-17T18:13:38","guid":{"rendered":"https:\/\/quehacerpolitico.mx\/?p=96405"},"modified":"2022-10-17T18:13:42","modified_gmt":"2022-10-17T18:13:42","slug":"es-oficial-chivas-anuncia-a-fernando-hierro-como-su-nuevo-director-deportivo","status":"publish","type":"post","link":"https:\/\/quehacerpolitico.mx\/?p=96405","title":{"rendered":"\u00a1Es oficial! Chivas anuncia a Fernando Hierro como su nuevo director deportivo\u00a0"},"content":{"rendered":"\n<p>Por Redacci\u00f3n QP<\/p>\n\n\n\n<p>El ex-capit\u00e1n del Real Madrid fue presentado para encabezar la re-estructuraci\u00f3n del Club Guadalajara mediante las redes sociales del equipo.<\/p>\n\n\n\n<p>\u00a1Es oficial! Las Chivas del Club Guadalajara anunciaron la incorporaci\u00f3n de Fernando Hierro como nuevo director deportivo. La leyenda del Real Madrid arriba a territorio mexicano para encabezar la re-estructuraci\u00f3n del conjunto tapat\u00edo de cara al torneo Clausura 2023. Donde el conjunto tapat\u00edo buscar\u00e1 luchar en lo m\u00e1s alto de la tabla y conseguir el t\u00edtulo.\u00a0 As\u00ed anunci\u00f3 Chivas a su nuevo Director Deportivo\u00a0 El Club Guadalajara comparti\u00f3 mediante sus redes sociales un video donde se puede preciar al due\u00f1o del equipo, Amaury Vergara, escribiendo una carta, misma que entrega junto a una chamarra a un empleado del club. Quien hace el viaje a Madrid, Espa\u00f1a para hacerle la entrega a Fernando Hierro.<\/p>\n\n\n\n<figure class=\"wp-block-embed is-type-video is-provider-youtube wp-block-embed-youtube wp-embed-aspect-16-9 wp-has-aspect-ratio\"><div class=\"wp-block-embed__wrapper\">\n<iframe loading=\"lazy\" title=\"Primeras palabras, Fernando Hierro, Director Deportivo de Chivas\" width=\"640\" height=\"360\" src=\"https:\/\/www.youtube.com\/embed\/xQ6fs3kNmJc?feature=oembed\" frameborder=\"0\" allow=\"accelerometer; autoplay; clipboard-write; encrypted-media; gyroscope; picture-in-picture; web-share\" referrerpolicy=\"strict-origin-when-cross-origin\" allowfullscreen><\/iframe>\n<\/div><\/figure>\n\n\n\n<p>&#8220;Muchas gracias por darme la oportunidad de trabajar con vosotros, es un reto precioso el que tenemos por delante. Un Abrazo para todos&#8221;, es el mensaje que Fernando Hierro le envi\u00f3 a la afici\u00f3n rojiblanca durante su video de presentaci\u00f3n como nuevo director deportivo del equipo. Terminando con el hashtag: Las Chivas de Hierro.<\/p>\n\n\n\n<figure class=\"wp-block-embed is-type-rich is-provider-twitter wp-block-embed-twitter\"><div class=\"wp-block-embed__wrapper\">\n<blockquote class=\"twitter-tweet\" data-width=\"550\" data-dnt=\"true\"><p lang=\"es\" dir=\"ltr\">\ud83d\udce6 \ud83d\udeeb Nos fuimos por todo lo alto para una entrega importante, hist\u00f3rica y necesaria\u2026 <a href=\"https:\/\/twitter.com\/hashtag\/ChivasDeHierro?src=hash&amp;ref_src=twsrc%5Etfw\">#ChivasDeHierro<\/a> \u2694\ufe0f\ud83d\udee1 <a href=\"https:\/\/t.co\/D4pcW9Cglo\">pic.twitter.com\/D4pcW9Cglo<\/a><\/p>&mdash; CHIVAS (@Chivas) <a href=\"https:\/\/twitter.com\/Chivas\/status\/1582021174279774209?ref_src=twsrc%5Etfw\">October 17, 2022<\/a><\/blockquote><script async src=\"https:\/\/platform.twitter.com\/widgets.js\" charset=\"utf-8\"><\/script>\n<\/div><\/figure>\n\n\n\n<p>Estas cualidades buscar\u00e1 Hierro para el nuevo DT de Chivas\u00a0 Del mismo modo, Fernando Hierro habl\u00f3 de las cualidades que buscar\u00e1 en el siguiente director t\u00e9cnico del Club Guadalajara, despu\u00e9s de que el interinato de Ricardo Cadena tuviera su final el pasado domingo. Donde expres\u00f3 que &#8220;debe de poder trabajar bien con j\u00f3venes&#8221;, &#8220;que conozca el futbol mexicano&#8221; y que de preferencia &#8220;haya tenido experiencia en el futbol europeo&#8221;. Amaury Vergara comenz\u00f3 una total re-estructuraci\u00f3n del club despu\u00e9s de que las Chivas fueran eliminadas del torneo Apertura 2022, durante el Repechaje a manos del Club Puebla. El Reba\u00f1o no ha logrado disputar una Final desde que consiguieron la decimosegunda liga en el Clausura 2017.<\/p>\n\n\n\n<figure class=\"wp-block-embed is-type-rich is-provider-twitter wp-block-embed-twitter\"><div class=\"wp-block-embed__wrapper\">\n<blockquote class=\"twitter-tweet\" data-width=\"550\" data-dnt=\"true\"><p lang=\"es\" dir=\"ltr\">\ud83d\udc10 Aqu\u00ed comienza una nueva era del Guadalajara. <br><br>\u00a1Bienvenido al equipo equipo m\u00e1s mexicano, Fernando Hierro! <br>\u27a1\ufe0f <a href=\"https:\/\/t.co\/keQuX0xnyw\">https:\/\/t.co\/keQuX0xnyw<\/a><a href=\"https:\/\/twitter.com\/hashtag\/ChivasDeHierro?src=hash&amp;ref_src=twsrc%5Etfw\">#ChivasDeHierro<\/a> \u2694\ufe0f\ud83d\udee1 <a href=\"https:\/\/t.co\/dwtLEC83NH\">pic.twitter.com\/dwtLEC83NH<\/a><\/p>&mdash; CHIVAS (@Chivas) <a href=\"https:\/\/twitter.com\/Chivas\/status\/1582022513545998337?ref_src=twsrc%5Etfw\">October 17, 2022<\/a><\/blockquote><script async src=\"https:\/\/platform.twitter.com\/widgets.js\" charset=\"utf-8\"><\/script>\n<\/div><\/figure>\n\n\n\n<p>Con informaci\u00f3n de Medio Tiempo<\/p>\n","protected":false},"excerpt":{"rendered":"<p>Por Redacci\u00f3n QP El ex-capit\u00e1n del Real Madrid fue presentado para encabezar la re-estructuraci\u00f3n del&#8230;<\/p>\n","protected":false},"author":2,"featured_media":96406,"comment_status":"open","ping_status":"open","sticky":false,"template":"","format":"standard","meta":{"_monsterinsights_skip_tracking":false,"_monsterinsights_sitenote_active":false,"_monsterinsights_sitenote_note":"","_monsterinsights_sitenote_category":0,"footnotes":""},"categories":[54],"tags":[],"class_list":["post-96405","post","type-post","status-publish","format-standard","has-post-thumbnail","hentry","category-deportes"],"yoast_head":"<!-- This site is optimized with the Yoast SEO plugin v27.3 - https:\/\/yoast.com\/product\/yoast-seo-wordpress\/ -->\n<title>\u00a1Es oficial! Chivas anuncia a Fernando Hierro como su nuevo director deportivo\u00a0 -<\/title>\n<meta name=\"robots\" content=\"index, follow, max-snippet:-1, max-image-preview:large, max-video-preview:-1\" \/>\n<link rel=\"canonical\" href=\"https:\/\/quehacerpolitico.mx\/?p=96405\" \/>\n<meta property=\"og:locale\" content=\"es_MX\" \/>\n<meta property=\"og:type\" content=\"article\" \/>\n<meta property=\"og:title\" content=\"\u00a1Es oficial! Chivas anuncia a Fernando Hierro como su nuevo director deportivo\u00a0 -\" \/>\n<meta property=\"og:description\" content=\"Por Redacci\u00f3n QP El ex-capit\u00e1n del Real Madrid fue presentado para encabezar la re-estructuraci\u00f3n del...\" \/>\n<meta property=\"og:url\" content=\"https:\/\/quehacerpolitico.mx\/?p=96405\" \/>\n<meta property=\"article:published_time\" content=\"2022-10-17T18:13:38+00:00\" \/>\n<meta property=\"article:modified_time\" content=\"2022-10-17T18:13:42+00:00\" \/>\n<meta property=\"og:image\" content=\"https:\/\/quehacerpolitico.mx\/wp-content\/uploads\/2022\/10\/9533CE5D-B71F-4190-9316-2D768EF59E0C.jpeg\" \/>\n\t<meta property=\"og:image:width\" content=\"1080\" \/>\n\t<meta property=\"og:image:height\" content=\"625\" \/>\n\t<meta property=\"og:image:type\" content=\"image\/jpeg\" \/>\n<meta name=\"author\" content=\"Redacci\u00f3n QP\" \/>\n<meta name=\"twitter:card\" content=\"summary_large_image\" \/>\n<meta name=\"twitter:label1\" content=\"Escrito por\" \/>\n\t<meta name=\"twitter:data1\" content=\"Redacci\u00f3n QP\" \/>\n\t<meta name=\"twitter:label2\" content=\"Tiempo de lectura\" \/>\n\t<meta name=\"twitter:data2\" content=\"2 minutos\" \/>\n<script type=\"application\/ld+json\" class=\"yoast-schema-graph\">{\"@context\":\"https:\\\/\\\/schema.org\",\"@graph\":[{\"@type\":\"Article\",\"@id\":\"https:\\\/\\\/quehacerpolitico.mx\\\/?p=96405#article\",\"isPartOf\":{\"@id\":\"https:\\\/\\\/quehacerpolitico.mx\\\/?p=96405\"},\"author\":{\"name\":\"Redacci\u00f3n QP\",\"@id\":\"https:\\\/\\\/quehacerpolitico.mx\\\/#\\\/schema\\\/person\\\/496d8ad2d1d3f8036101dca7ee39e585\"},\"headline\":\"\u00a1Es oficial! Chivas anuncia a Fernando Hierro como su nuevo director deportivo\u00a0\",\"datePublished\":\"2022-10-17T18:13:38+00:00\",\"dateModified\":\"2022-10-17T18:13:42+00:00\",\"mainEntityOfPage\":{\"@id\":\"https:\\\/\\\/quehacerpolitico.mx\\\/?p=96405\"},\"wordCount\":367,\"commentCount\":0,\"image\":{\"@id\":\"https:\\\/\\\/quehacerpolitico.mx\\\/?p=96405#primaryimage\"},\"thumbnailUrl\":\"https:\\\/\\\/quehacerpolitico.mx\\\/wp-content\\\/uploads\\\/2022\\\/10\\\/9533CE5D-B71F-4190-9316-2D768EF59E0C.jpeg\",\"articleSection\":[\"Deportes\"],\"inLanguage\":\"es\",\"potentialAction\":[{\"@type\":\"CommentAction\",\"name\":\"Comment\",\"target\":[\"https:\\\/\\\/quehacerpolitico.mx\\\/?p=96405#respond\"]}]},{\"@type\":\"WebPage\",\"@id\":\"https:\\\/\\\/quehacerpolitico.mx\\\/?p=96405\",\"url\":\"https:\\\/\\\/quehacerpolitico.mx\\\/?p=96405\",\"name\":\"\u00a1Es oficial! Chivas anuncia a Fernando Hierro como su nuevo director deportivo\u00a0 -\",\"isPartOf\":{\"@id\":\"https:\\\/\\\/quehacerpolitico.mx\\\/#website\"},\"primaryImageOfPage\":{\"@id\":\"https:\\\/\\\/quehacerpolitico.mx\\\/?p=96405#primaryimage\"},\"image\":{\"@id\":\"https:\\\/\\\/quehacerpolitico.mx\\\/?p=96405#primaryimage\"},\"thumbnailUrl\":\"https:\\\/\\\/quehacerpolitico.mx\\\/wp-content\\\/uploads\\\/2022\\\/10\\\/9533CE5D-B71F-4190-9316-2D768EF59E0C.jpeg\",\"datePublished\":\"2022-10-17T18:13:38+00:00\",\"dateModified\":\"2022-10-17T18:13:42+00:00\",\"author\":{\"@id\":\"https:\\\/\\\/quehacerpolitico.mx\\\/#\\\/schema\\\/person\\\/496d8ad2d1d3f8036101dca7ee39e585\"},\"breadcrumb\":{\"@id\":\"https:\\\/\\\/quehacerpolitico.mx\\\/?p=96405#breadcrumb\"},\"inLanguage\":\"es\",\"potentialAction\":[{\"@type\":\"ReadAction\",\"target\":[\"https:\\\/\\\/quehacerpolitico.mx\\\/?p=96405\"]}]},{\"@type\":\"ImageObject\",\"inLanguage\":\"es\",\"@id\":\"https:\\\/\\\/quehacerpolitico.mx\\\/?p=96405#primaryimage\",\"url\":\"https:\\\/\\\/quehacerpolitico.mx\\\/wp-content\\\/uploads\\\/2022\\\/10\\\/9533CE5D-B71F-4190-9316-2D768EF59E0C.jpeg\",\"contentUrl\":\"https:\\\/\\\/quehacerpolitico.mx\\\/wp-content\\\/uploads\\\/2022\\\/10\\\/9533CE5D-B71F-4190-9316-2D768EF59E0C.jpeg\",\"width\":1080,\"height\":625},{\"@type\":\"BreadcrumbList\",\"@id\":\"https:\\\/\\\/quehacerpolitico.mx\\\/?p=96405#breadcrumb\",\"itemListElement\":[{\"@type\":\"ListItem\",\"position\":1,\"name\":\"Inicio\",\"item\":\"https:\\\/\\\/quehacerpolitico.mx\\\/\"},{\"@type\":\"ListItem\",\"position\":2,\"name\":\"\u00a1Es oficial! Chivas anuncia a Fernando Hierro como su nuevo director deportivo\u00a0\"}]},{\"@type\":\"WebSite\",\"@id\":\"https:\\\/\\\/quehacerpolitico.mx\\\/#website\",\"url\":\"https:\\\/\\\/quehacerpolitico.mx\\\/\",\"name\":\"\",\"description\":\"\",\"potentialAction\":[{\"@type\":\"SearchAction\",\"target\":{\"@type\":\"EntryPoint\",\"urlTemplate\":\"https:\\\/\\\/quehacerpolitico.mx\\\/?s={search_term_string}\"},\"query-input\":{\"@type\":\"PropertyValueSpecification\",\"valueRequired\":true,\"valueName\":\"search_term_string\"}}],\"inLanguage\":\"es\"},{\"@type\":\"Person\",\"@id\":\"https:\\\/\\\/quehacerpolitico.mx\\\/#\\\/schema\\\/person\\\/496d8ad2d1d3f8036101dca7ee39e585\",\"name\":\"Redacci\u00f3n QP\",\"image\":{\"@type\":\"ImageObject\",\"inLanguage\":\"es\",\"@id\":\"https:\\\/\\\/secure.gravatar.com\\\/avatar\\\/c7164ed6fdec453195284ad24a5ae5b6e1eed2b848477fa2a4787ba9adf39a41?s=96&d=mm&r=g\",\"url\":\"https:\\\/\\\/secure.gravatar.com\\\/avatar\\\/c7164ed6fdec453195284ad24a5ae5b6e1eed2b848477fa2a4787ba9adf39a41?s=96&d=mm&r=g\",\"contentUrl\":\"https:\\\/\\\/secure.gravatar.com\\\/avatar\\\/c7164ed6fdec453195284ad24a5ae5b6e1eed2b848477fa2a4787ba9adf39a41?s=96&d=mm&r=g\",\"caption\":\"Redacci\u00f3n QP\"},\"url\":\"https:\\\/\\\/quehacerpolitico.mx\\\/?author=2\"}]}<\/script>\n<!-- \/ Yoast SEO plugin. -->","yoast_head_json":{"title":"\u00a1Es oficial! Chivas anuncia a Fernando Hierro como su nuevo director deportivo\u00a0 -","robots":{"index":"index","follow":"follow","max-snippet":"max-snippet:-1","max-image-preview":"max-image-preview:large","max-video-preview":"max-video-preview:-1"},"canonical":"https:\/\/quehacerpolitico.mx\/?p=96405","og_locale":"es_MX","og_type":"article","og_title":"\u00a1Es oficial! Chivas anuncia a Fernando Hierro como su nuevo director deportivo\u00a0 -","og_description":"Por Redacci\u00f3n QP El ex-capit\u00e1n del Real Madrid fue presentado para encabezar la re-estructuraci\u00f3n del...","og_url":"https:\/\/quehacerpolitico.mx\/?p=96405","article_published_time":"2022-10-17T18:13:38+00:00","article_modified_time":"2022-10-17T18:13:42+00:00","og_image":[{"width":1080,"height":625,"url":"https:\/\/quehacerpolitico.mx\/wp-content\/uploads\/2022\/10\/9533CE5D-B71F-4190-9316-2D768EF59E0C.jpeg","type":"image\/jpeg"}],"author":"Redacci\u00f3n QP","twitter_card":"summary_large_image","twitter_misc":{"Escrito por":"Redacci\u00f3n QP","Tiempo de lectura":"2 minutos"},"schema":{"@context":"https:\/\/schema.org","@graph":[{"@type":"Article","@id":"https:\/\/quehacerpolitico.mx\/?p=96405#article","isPartOf":{"@id":"https:\/\/quehacerpolitico.mx\/?p=96405"},"author":{"name":"Redacci\u00f3n QP","@id":"https:\/\/quehacerpolitico.mx\/#\/schema\/person\/496d8ad2d1d3f8036101dca7ee39e585"},"headline":"\u00a1Es oficial! Chivas anuncia a Fernando Hierro como su nuevo director deportivo\u00a0","datePublished":"2022-10-17T18:13:38+00:00","dateModified":"2022-10-17T18:13:42+00:00","mainEntityOfPage":{"@id":"https:\/\/quehacerpolitico.mx\/?p=96405"},"wordCount":367,"commentCount":0,"image":{"@id":"https:\/\/quehacerpolitico.mx\/?p=96405#primaryimage"},"thumbnailUrl":"https:\/\/quehacerpolitico.mx\/wp-content\/uploads\/2022\/10\/9533CE5D-B71F-4190-9316-2D768EF59E0C.jpeg","articleSection":["Deportes"],"inLanguage":"es","potentialAction":[{"@type":"CommentAction","name":"Comment","target":["https:\/\/quehacerpolitico.mx\/?p=96405#respond"]}]},{"@type":"WebPage","@id":"https:\/\/quehacerpolitico.mx\/?p=96405","url":"https:\/\/quehacerpolitico.mx\/?p=96405","name":"\u00a1Es oficial! Chivas anuncia a Fernando Hierro como su nuevo director deportivo\u00a0 -","isPartOf":{"@id":"https:\/\/quehacerpolitico.mx\/#website"},"primaryImageOfPage":{"@id":"https:\/\/quehacerpolitico.mx\/?p=96405#primaryimage"},"image":{"@id":"https:\/\/quehacerpolitico.mx\/?p=96405#primaryimage"},"thumbnailUrl":"https:\/\/quehacerpolitico.mx\/wp-content\/uploads\/2022\/10\/9533CE5D-B71F-4190-9316-2D768EF59E0C.jpeg","datePublished":"2022-10-17T18:13:38+00:00","dateModified":"2022-10-17T18:13:42+00:00","author":{"@id":"https:\/\/quehacerpolitico.mx\/#\/schema\/person\/496d8ad2d1d3f8036101dca7ee39e585"},"breadcrumb":{"@id":"https:\/\/quehacerpolitico.mx\/?p=96405#breadcrumb"},"inLanguage":"es","potentialAction":[{"@type":"ReadAction","target":["https:\/\/quehacerpolitico.mx\/?p=96405"]}]},{"@type":"ImageObject","inLanguage":"es","@id":"https:\/\/quehacerpolitico.mx\/?p=96405#primaryimage","url":"https:\/\/quehacerpolitico.mx\/wp-content\/uploads\/2022\/10\/9533CE5D-B71F-4190-9316-2D768EF59E0C.jpeg","contentUrl":"https:\/\/quehacerpolitico.mx\/wp-content\/uploads\/2022\/10\/9533CE5D-B71F-4190-9316-2D768EF59E0C.jpeg","width":1080,"height":625},{"@type":"BreadcrumbList","@id":"https:\/\/quehacerpolitico.mx\/?p=96405#breadcrumb","itemListElement":[{"@type":"ListItem","position":1,"name":"Inicio","item":"https:\/\/quehacerpolitico.mx\/"},{"@type":"ListItem","position":2,"name":"\u00a1Es oficial! Chivas anuncia a Fernando Hierro como su nuevo director deportivo\u00a0"}]},{"@type":"WebSite","@id":"https:\/\/quehacerpolitico.mx\/#website","url":"https:\/\/quehacerpolitico.mx\/","name":"","description":"","potentialAction":[{"@type":"SearchAction","target":{"@type":"EntryPoint","urlTemplate":"https:\/\/quehacerpolitico.mx\/?s={search_term_string}"},"query-input":{"@type":"PropertyValueSpecification","valueRequired":true,"valueName":"search_term_string"}}],"inLanguage":"es"},{"@type":"Person","@id":"https:\/\/quehacerpolitico.mx\/#\/schema\/person\/496d8ad2d1d3f8036101dca7ee39e585","name":"Redacci\u00f3n QP","image":{"@type":"ImageObject","inLanguage":"es","@id":"https:\/\/secure.gravatar.com\/avatar\/c7164ed6fdec453195284ad24a5ae5b6e1eed2b848477fa2a4787ba9adf39a41?s=96&d=mm&r=g","url":"https:\/\/secure.gravatar.com\/avatar\/c7164ed6fdec453195284ad24a5ae5b6e1eed2b848477fa2a4787ba9adf39a41?s=96&d=mm&r=g","contentUrl":"https:\/\/secure.gravatar.com\/avatar\/c7164ed6fdec453195284ad24a5ae5b6e1eed2b848477fa2a4787ba9adf39a41?s=96&d=mm&r=g","caption":"Redacci\u00f3n QP"},"url":"https:\/\/quehacerpolitico.mx\/?author=2"}]}},"featured_image_urls":{"full":["https:\/\/quehacerpolitico.mx\/wp-content\/uploads\/2022\/10\/9533CE5D-B71F-4190-9316-2D768EF59E0C.jpeg",1080,625,false],"thumbnail":["https:\/\/quehacerpolitico.mx\/wp-content\/uploads\/2022\/10\/9533CE5D-B71F-4190-9316-2D768EF59E0C-150x150.jpeg",150,150,true],"medium":["https:\/\/quehacerpolitico.mx\/wp-content\/uploads\/2022\/10\/9533CE5D-B71F-4190-9316-2D768EF59E0C-300x174.jpeg",300,174,true],"medium_large":["https:\/\/quehacerpolitico.mx\/wp-content\/uploads\/2022\/10\/9533CE5D-B71F-4190-9316-2D768EF59E0C-768x444.jpeg",640,370,true],"large":["https:\/\/quehacerpolitico.mx\/wp-content\/uploads\/2022\/10\/9533CE5D-B71F-4190-9316-2D768EF59E0C-1024x593.jpeg",640,371,true],"1536x1536":["https:\/\/quehacerpolitico.mx\/wp-content\/uploads\/2022\/10\/9533CE5D-B71F-4190-9316-2D768EF59E0C.jpeg",1080,625,false],"2048x2048":["https:\/\/quehacerpolitico.mx\/wp-content\/uploads\/2022\/10\/9533CE5D-B71F-4190-9316-2D768EF59E0C.jpeg",1080,625,false],"covernews-featured":["https:\/\/quehacerpolitico.mx\/wp-content\/uploads\/2022\/10\/9533CE5D-B71F-4190-9316-2D768EF59E0C.jpeg",1024,593,false],"covernews-medium":["https:\/\/quehacerpolitico.mx\/wp-content\/uploads\/2022\/10\/9533CE5D-B71F-4190-9316-2D768EF59E0C.jpeg",540,313,false]},"author_info":{"display_name":"Redacci\u00f3n QP","author_link":"https:\/\/quehacerpolitico.mx\/?author=2"},"category_info":"<a href=\"https:\/\/quehacerpolitico.mx\/?cat=54\" rel=\"category\">Deportes<\/a>","tag_info":"Deportes","comment_count":"0","_links":{"self":[{"href":"https:\/\/quehacerpolitico.mx\/index.php?rest_route=\/wp\/v2\/posts\/96405","targetHints":{"allow":["GET"]}}],"collection":[{"href":"https:\/\/quehacerpolitico.mx\/index.php?rest_route=\/wp\/v2\/posts"}],"about":[{"href":"https:\/\/quehacerpolitico.mx\/index.php?rest_route=\/wp\/v2\/types\/post"}],"author":[{"embeddable":true,"href":"https:\/\/quehacerpolitico.mx\/index.php?rest_route=\/wp\/v2\/users\/2"}],"replies":[{"embeddable":true,"href":"https:\/\/quehacerpolitico.mx\/index.php?rest_route=%2Fwp%2Fv2%2Fcomments&post=96405"}],"version-history":[{"count":1,"href":"https:\/\/quehacerpolitico.mx\/index.php?rest_route=\/wp\/v2\/posts\/96405\/revisions"}],"predecessor-version":[{"id":96407,"href":"https:\/\/quehacerpolitico.mx\/index.php?rest_route=\/wp\/v2\/posts\/96405\/revisions\/96407"}],"wp:featuredmedia":[{"embeddable":true,"href":"https:\/\/quehacerpolitico.mx\/index.php?rest_route=\/wp\/v2\/media\/96406"}],"wp:attachment":[{"href":"https:\/\/quehacerpolitico.mx\/index.php?rest_route=%2Fwp%2Fv2%2Fmedia&parent=96405"}],"wp:term":[{"taxonomy":"category","embeddable":true,"href":"https:\/\/quehacerpolitico.mx\/index.php?rest_route=%2Fwp%2Fv2%2Fcategories&post=96405"},{"taxonomy":"post_tag","embeddable":true,"href":"https:\/\/quehacerpolitico.mx\/index.php?rest_route=%2Fwp%2Fv2%2Ftags&post=96405"}],"curies":[{"name":"wp","href":"https:\/\/api.w.org\/{rel}","templated":true}]}}