{"id":96398,"date":"2022-10-17T15:18:47","date_gmt":"2022-10-17T15:18:47","guid":{"rendered":"https:\/\/quehacerpolitico.mx\/?p=96398"},"modified":"2022-10-17T15:18:51","modified_gmt":"2022-10-17T15:18:51","slug":"aifa-es-el-mejor-de-america-latina-amlo","status":"publish","type":"post","link":"https:\/\/quehacerpolitico.mx\/?p=96398","title":{"rendered":"AIFA \u201ces el mejor de America Latina\u201d: AMLO"},"content":{"rendered":"\n<p>Por Redacci\u00f3n QP<\/p>\n\n\n\n<p>El presidente L\u00f3pez Obrador dej\u00f3 en claro que el Aeropuerto Internacional Felipe \u00c1ngeles (AIFA) va a seguir creciendo conforme pase el tiempo<\/p>\n\n\n\n<p>El presidente\u00a0<strong>Andres Manuel\u00a0L\u00f3pez Obrador<\/strong>\u00a0insisti\u00f3 en que el\u00a0<strong>Aeropuerto Internacional Felipe \u00c1ngeles<\/strong>\u00a0(<strong>AIFA<\/strong>) es la mejor instalaci\u00f3n a\u00e9rea de\u00a0<strong>Am\u00e9rica Latina<\/strong>.<\/p>\n\n\n\n<figure class=\"wp-block-embed is-type-rich is-provider-twitter wp-block-embed-twitter\"><div class=\"wp-block-embed__wrapper\">\n<blockquote class=\"twitter-tweet\" data-width=\"550\" data-dnt=\"true\"><p lang=\"es\" dir=\"ltr\">El presidente L\u00f3pez Obrador asegur\u00f3 que el Aeropuerto Internacional Felipe \u00c1ngeles <a href=\"https:\/\/twitter.com\/hashtag\/AIFA?src=hash&amp;ref_src=twsrc%5Etfw\">#AIFA<\/a> \u201ces el mejor de Am\u00e9rica Latina&quot;. <a href=\"https:\/\/t.co\/h7JIaQtZIQ\">pic.twitter.com\/h7JIaQtZIQ<\/a><\/p>&mdash; Ruido en la Red (@RuidoEnLaRed) <a href=\"https:\/\/twitter.com\/RuidoEnLaRed\/status\/1582026119779209217?ref_src=twsrc%5Etfw\">October 17, 2022<\/a><\/blockquote><script async src=\"https:\/\/platform.twitter.com\/widgets.js\" charset=\"utf-8\"><\/script>\n<\/div><\/figure>\n\n\n\n<p>En la conferencia matutina de\u00a0<strong>Palacio Nacional<\/strong>,\u00a0<strong>L\u00f3pez Obrador<\/strong> dejo en claro que el\u00a0<strong>AIFA<\/strong>\u00a0va a seguir creciendo conforme pase el tiempo, y que los cr\u00edticos de dicha obra prioritaria del\u00a0<strong>Gobierno<\/strong> de la\u00a0<strong>Cuarta Transformaci\u00f3n<\/strong>\u00a0no quieren reconocer la importancia de dicho aeropuerto.<\/p>\n\n\n\n<p>\u201cEn el caso del aeropuerto Felipe \u00c1ngeles, se acuerdan que dec\u00edan que hab\u00eda una se\u00f1ora ah\u00ed vendiendo tlayudas, como si eso fuese un pecado, al contrario, y que no hab\u00eda c\u00f3mo llegar, que se perd\u00eda la gente, que estaba vac\u00edo, que espantaban, que era la central avionera, no s\u00e9 cu\u00e1ntas cosas, pero como se termin\u00f3 el 21 de marzo, pues ah\u00ed va poco a poco\u201d, dijo.<\/p>\n\n\n\n<figure class=\"wp-block-image size-large\"><img loading=\"lazy\" decoding=\"async\" width=\"787\" height=\"1024\" src=\"https:\/\/quehacerpolitico.mx\/wp-content\/uploads\/2022\/10\/image-58-787x1024.jpeg\" alt=\"\" class=\"wp-image-96399\" srcset=\"https:\/\/quehacerpolitico.mx\/wp-content\/uploads\/2022\/10\/image-58-787x1024.jpeg 787w, https:\/\/quehacerpolitico.mx\/wp-content\/uploads\/2022\/10\/image-58-231x300.jpeg 231w, https:\/\/quehacerpolitico.mx\/wp-content\/uploads\/2022\/10\/image-58-768x999.jpeg 768w, https:\/\/quehacerpolitico.mx\/wp-content\/uploads\/2022\/10\/image-58-112x146.jpeg 112w, https:\/\/quehacerpolitico.mx\/wp-content\/uploads\/2022\/10\/image-58-38x50.jpeg 38w, https:\/\/quehacerpolitico.mx\/wp-content\/uploads\/2022\/10\/image-58-58x75.jpeg 58w, https:\/\/quehacerpolitico.mx\/wp-content\/uploads\/2022\/10\/image-58.jpeg 1177w\" sizes=\"auto, (max-width: 787px) 100vw, 787px\" \/><\/figure>\n\n\n\n<p>\u201cEs el mejor aeropuerto de Am\u00e9rica Latina, nada m\u00e1s que pas\u00f3 el tiempo ya todo se va aclarando, eso s\u00ed, ya se quedan callados porque como no los caracteriza la honestidad, sino la hipocres\u00eda, ya no son capaces de decir \u2018me equivoqu\u00e9, ofrezco disculpas o no todo est\u00e1 mal&#8217;\u201d, puntualiz\u00f3.<\/p>\n\n\n\n<p>\u201cY ya se est\u00e1n haciendo viajes del centro de la ciudad en 45 minutos, desde distintos puntos, al nuevo aeropuerto y va a seguir creciendo y creciendo, enfatiz\u00f3.<\/p>\n\n\n\n<p>El pasado 4 de octubre, el director general del\u00a0<strong>Aeropuerto Internacional Felipe \u00c1ngeles,<\/strong>\u00a0Isidoro Pastor, detall\u00f3 que desde su inauguraci\u00f3n, el pasado 21 de marzo, la instalaci\u00f3n a\u00e9rea ha\u00a0<strong>transportado<\/strong>\u00a0a\u00a0<strong>317 mil 502 pasajeros.<\/strong><\/p>\n\n\n\n<p>Apunt\u00f3 el&nbsp;<strong>AIFA<\/strong>&nbsp;dio inicio con tan solo 16 operaciones ahora, y que hasta el pasado 1 de octubre se han logrado un total de 66. Adem\u00e1s, la afluencia pasajeros pas\u00f3 de mil 204 desde el pasado 22 de marzo a cinco mil 626 pasajeros atendidos diariamente en la actualidad.<\/p>\n","protected":false},"excerpt":{"rendered":"<p>Por Redacci\u00f3n QP El presidente L\u00f3pez Obrador dej\u00f3 en claro que el Aeropuerto Internacional Felipe&#8230;<\/p>\n","protected":false},"author":2,"featured_media":96400,"comment_status":"open","ping_status":"open","sticky":false,"template":"","format":"standard","meta":{"_monsterinsights_skip_tracking":false,"_monsterinsights_sitenote_active":false,"_monsterinsights_sitenote_note":"","_monsterinsights_sitenote_category":0,"footnotes":""},"categories":[2],"tags":[],"class_list":["post-96398","post","type-post","status-publish","format-standard","has-post-thumbnail","hentry","category-noticias"],"yoast_head":"<!-- This site is optimized with the Yoast SEO plugin v27.3 - https:\/\/yoast.com\/product\/yoast-seo-wordpress\/ -->\n<title>AIFA \u201ces el mejor de America Latina\u201d: AMLO -<\/title>\n<meta name=\"robots\" content=\"index, follow, max-snippet:-1, max-image-preview:large, max-video-preview:-1\" \/>\n<link rel=\"canonical\" href=\"https:\/\/quehacerpolitico.mx\/?p=96398\" \/>\n<meta property=\"og:locale\" content=\"es_MX\" \/>\n<meta property=\"og:type\" content=\"article\" \/>\n<meta property=\"og:title\" content=\"AIFA \u201ces el mejor de America Latina\u201d: AMLO -\" \/>\n<meta property=\"og:description\" content=\"Por Redacci\u00f3n QP El presidente L\u00f3pez Obrador dej\u00f3 en claro que el Aeropuerto Internacional Felipe...\" \/>\n<meta property=\"og:url\" content=\"https:\/\/quehacerpolitico.mx\/?p=96398\" \/>\n<meta property=\"article:published_time\" content=\"2022-10-17T15:18:47+00:00\" \/>\n<meta property=\"article:modified_time\" content=\"2022-10-17T15:18:51+00:00\" \/>\n<meta property=\"og:image\" content=\"https:\/\/quehacerpolitico.mx\/wp-content\/uploads\/2022\/10\/32CFA7DD-29A5-442D-94DC-6D140287335B.jpeg\" \/>\n\t<meta property=\"og:image:width\" content=\"1284\" \/>\n\t<meta property=\"og:image:height\" content=\"701\" \/>\n\t<meta property=\"og:image:type\" content=\"image\/jpeg\" \/>\n<meta name=\"author\" content=\"Redacci\u00f3n QP\" \/>\n<meta name=\"twitter:card\" content=\"summary_large_image\" \/>\n<meta name=\"twitter:label1\" content=\"Escrito por\" \/>\n\t<meta name=\"twitter:data1\" content=\"Redacci\u00f3n QP\" \/>\n\t<meta name=\"twitter:label2\" content=\"Tiempo de lectura\" \/>\n\t<meta name=\"twitter:data2\" content=\"2 minutos\" \/>\n<script type=\"application\/ld+json\" class=\"yoast-schema-graph\">{\"@context\":\"https:\\\/\\\/schema.org\",\"@graph\":[{\"@type\":\"Article\",\"@id\":\"https:\\\/\\\/quehacerpolitico.mx\\\/?p=96398#article\",\"isPartOf\":{\"@id\":\"https:\\\/\\\/quehacerpolitico.mx\\\/?p=96398\"},\"author\":{\"name\":\"Redacci\u00f3n QP\",\"@id\":\"https:\\\/\\\/quehacerpolitico.mx\\\/#\\\/schema\\\/person\\\/496d8ad2d1d3f8036101dca7ee39e585\"},\"headline\":\"AIFA \u201ces el mejor de America Latina\u201d: AMLO\",\"datePublished\":\"2022-10-17T15:18:47+00:00\",\"dateModified\":\"2022-10-17T15:18:51+00:00\",\"mainEntityOfPage\":{\"@id\":\"https:\\\/\\\/quehacerpolitico.mx\\\/?p=96398\"},\"wordCount\":357,\"commentCount\":0,\"image\":{\"@id\":\"https:\\\/\\\/quehacerpolitico.mx\\\/?p=96398#primaryimage\"},\"thumbnailUrl\":\"https:\\\/\\\/quehacerpolitico.mx\\\/wp-content\\\/uploads\\\/2022\\\/10\\\/32CFA7DD-29A5-442D-94DC-6D140287335B.jpeg\",\"articleSection\":[\"Noticias\"],\"inLanguage\":\"es\",\"potentialAction\":[{\"@type\":\"CommentAction\",\"name\":\"Comment\",\"target\":[\"https:\\\/\\\/quehacerpolitico.mx\\\/?p=96398#respond\"]}]},{\"@type\":\"WebPage\",\"@id\":\"https:\\\/\\\/quehacerpolitico.mx\\\/?p=96398\",\"url\":\"https:\\\/\\\/quehacerpolitico.mx\\\/?p=96398\",\"name\":\"AIFA \u201ces el mejor de America Latina\u201d: AMLO -\",\"isPartOf\":{\"@id\":\"https:\\\/\\\/quehacerpolitico.mx\\\/#website\"},\"primaryImageOfPage\":{\"@id\":\"https:\\\/\\\/quehacerpolitico.mx\\\/?p=96398#primaryimage\"},\"image\":{\"@id\":\"https:\\\/\\\/quehacerpolitico.mx\\\/?p=96398#primaryimage\"},\"thumbnailUrl\":\"https:\\\/\\\/quehacerpolitico.mx\\\/wp-content\\\/uploads\\\/2022\\\/10\\\/32CFA7DD-29A5-442D-94DC-6D140287335B.jpeg\",\"datePublished\":\"2022-10-17T15:18:47+00:00\",\"dateModified\":\"2022-10-17T15:18:51+00:00\",\"author\":{\"@id\":\"https:\\\/\\\/quehacerpolitico.mx\\\/#\\\/schema\\\/person\\\/496d8ad2d1d3f8036101dca7ee39e585\"},\"breadcrumb\":{\"@id\":\"https:\\\/\\\/quehacerpolitico.mx\\\/?p=96398#breadcrumb\"},\"inLanguage\":\"es\",\"potentialAction\":[{\"@type\":\"ReadAction\",\"target\":[\"https:\\\/\\\/quehacerpolitico.mx\\\/?p=96398\"]}]},{\"@type\":\"ImageObject\",\"inLanguage\":\"es\",\"@id\":\"https:\\\/\\\/quehacerpolitico.mx\\\/?p=96398#primaryimage\",\"url\":\"https:\\\/\\\/quehacerpolitico.mx\\\/wp-content\\\/uploads\\\/2022\\\/10\\\/32CFA7DD-29A5-442D-94DC-6D140287335B.jpeg\",\"contentUrl\":\"https:\\\/\\\/quehacerpolitico.mx\\\/wp-content\\\/uploads\\\/2022\\\/10\\\/32CFA7DD-29A5-442D-94DC-6D140287335B.jpeg\",\"width\":1284,\"height\":701},{\"@type\":\"BreadcrumbList\",\"@id\":\"https:\\\/\\\/quehacerpolitico.mx\\\/?p=96398#breadcrumb\",\"itemListElement\":[{\"@type\":\"ListItem\",\"position\":1,\"name\":\"Inicio\",\"item\":\"https:\\\/\\\/quehacerpolitico.mx\\\/\"},{\"@type\":\"ListItem\",\"position\":2,\"name\":\"AIFA \u201ces el mejor de America Latina\u201d: AMLO\"}]},{\"@type\":\"WebSite\",\"@id\":\"https:\\\/\\\/quehacerpolitico.mx\\\/#website\",\"url\":\"https:\\\/\\\/quehacerpolitico.mx\\\/\",\"name\":\"\",\"description\":\"\",\"potentialAction\":[{\"@type\":\"SearchAction\",\"target\":{\"@type\":\"EntryPoint\",\"urlTemplate\":\"https:\\\/\\\/quehacerpolitico.mx\\\/?s={search_term_string}\"},\"query-input\":{\"@type\":\"PropertyValueSpecification\",\"valueRequired\":true,\"valueName\":\"search_term_string\"}}],\"inLanguage\":\"es\"},{\"@type\":\"Person\",\"@id\":\"https:\\\/\\\/quehacerpolitico.mx\\\/#\\\/schema\\\/person\\\/496d8ad2d1d3f8036101dca7ee39e585\",\"name\":\"Redacci\u00f3n QP\",\"image\":{\"@type\":\"ImageObject\",\"inLanguage\":\"es\",\"@id\":\"https:\\\/\\\/secure.gravatar.com\\\/avatar\\\/c7164ed6fdec453195284ad24a5ae5b6e1eed2b848477fa2a4787ba9adf39a41?s=96&d=mm&r=g\",\"url\":\"https:\\\/\\\/secure.gravatar.com\\\/avatar\\\/c7164ed6fdec453195284ad24a5ae5b6e1eed2b848477fa2a4787ba9adf39a41?s=96&d=mm&r=g\",\"contentUrl\":\"https:\\\/\\\/secure.gravatar.com\\\/avatar\\\/c7164ed6fdec453195284ad24a5ae5b6e1eed2b848477fa2a4787ba9adf39a41?s=96&d=mm&r=g\",\"caption\":\"Redacci\u00f3n QP\"},\"url\":\"https:\\\/\\\/quehacerpolitico.mx\\\/?author=2\"}]}<\/script>\n<!-- \/ Yoast SEO plugin. -->","yoast_head_json":{"title":"AIFA \u201ces el mejor de America Latina\u201d: AMLO -","robots":{"index":"index","follow":"follow","max-snippet":"max-snippet:-1","max-image-preview":"max-image-preview:large","max-video-preview":"max-video-preview:-1"},"canonical":"https:\/\/quehacerpolitico.mx\/?p=96398","og_locale":"es_MX","og_type":"article","og_title":"AIFA \u201ces el mejor de America Latina\u201d: AMLO -","og_description":"Por Redacci\u00f3n QP El presidente L\u00f3pez Obrador dej\u00f3 en claro que el Aeropuerto Internacional Felipe...","og_url":"https:\/\/quehacerpolitico.mx\/?p=96398","article_published_time":"2022-10-17T15:18:47+00:00","article_modified_time":"2022-10-17T15:18:51+00:00","og_image":[{"width":1284,"height":701,"url":"https:\/\/quehacerpolitico.mx\/wp-content\/uploads\/2022\/10\/32CFA7DD-29A5-442D-94DC-6D140287335B.jpeg","type":"image\/jpeg"}],"author":"Redacci\u00f3n QP","twitter_card":"summary_large_image","twitter_misc":{"Escrito por":"Redacci\u00f3n QP","Tiempo de lectura":"2 minutos"},"schema":{"@context":"https:\/\/schema.org","@graph":[{"@type":"Article","@id":"https:\/\/quehacerpolitico.mx\/?p=96398#article","isPartOf":{"@id":"https:\/\/quehacerpolitico.mx\/?p=96398"},"author":{"name":"Redacci\u00f3n QP","@id":"https:\/\/quehacerpolitico.mx\/#\/schema\/person\/496d8ad2d1d3f8036101dca7ee39e585"},"headline":"AIFA \u201ces el mejor de America Latina\u201d: AMLO","datePublished":"2022-10-17T15:18:47+00:00","dateModified":"2022-10-17T15:18:51+00:00","mainEntityOfPage":{"@id":"https:\/\/quehacerpolitico.mx\/?p=96398"},"wordCount":357,"commentCount":0,"image":{"@id":"https:\/\/quehacerpolitico.mx\/?p=96398#primaryimage"},"thumbnailUrl":"https:\/\/quehacerpolitico.mx\/wp-content\/uploads\/2022\/10\/32CFA7DD-29A5-442D-94DC-6D140287335B.jpeg","articleSection":["Noticias"],"inLanguage":"es","potentialAction":[{"@type":"CommentAction","name":"Comment","target":["https:\/\/quehacerpolitico.mx\/?p=96398#respond"]}]},{"@type":"WebPage","@id":"https:\/\/quehacerpolitico.mx\/?p=96398","url":"https:\/\/quehacerpolitico.mx\/?p=96398","name":"AIFA \u201ces el mejor de America Latina\u201d: AMLO -","isPartOf":{"@id":"https:\/\/quehacerpolitico.mx\/#website"},"primaryImageOfPage":{"@id":"https:\/\/quehacerpolitico.mx\/?p=96398#primaryimage"},"image":{"@id":"https:\/\/quehacerpolitico.mx\/?p=96398#primaryimage"},"thumbnailUrl":"https:\/\/quehacerpolitico.mx\/wp-content\/uploads\/2022\/10\/32CFA7DD-29A5-442D-94DC-6D140287335B.jpeg","datePublished":"2022-10-17T15:18:47+00:00","dateModified":"2022-10-17T15:18:51+00:00","author":{"@id":"https:\/\/quehacerpolitico.mx\/#\/schema\/person\/496d8ad2d1d3f8036101dca7ee39e585"},"breadcrumb":{"@id":"https:\/\/quehacerpolitico.mx\/?p=96398#breadcrumb"},"inLanguage":"es","potentialAction":[{"@type":"ReadAction","target":["https:\/\/quehacerpolitico.mx\/?p=96398"]}]},{"@type":"ImageObject","inLanguage":"es","@id":"https:\/\/quehacerpolitico.mx\/?p=96398#primaryimage","url":"https:\/\/quehacerpolitico.mx\/wp-content\/uploads\/2022\/10\/32CFA7DD-29A5-442D-94DC-6D140287335B.jpeg","contentUrl":"https:\/\/quehacerpolitico.mx\/wp-content\/uploads\/2022\/10\/32CFA7DD-29A5-442D-94DC-6D140287335B.jpeg","width":1284,"height":701},{"@type":"BreadcrumbList","@id":"https:\/\/quehacerpolitico.mx\/?p=96398#breadcrumb","itemListElement":[{"@type":"ListItem","position":1,"name":"Inicio","item":"https:\/\/quehacerpolitico.mx\/"},{"@type":"ListItem","position":2,"name":"AIFA \u201ces el mejor de America Latina\u201d: AMLO"}]},{"@type":"WebSite","@id":"https:\/\/quehacerpolitico.mx\/#website","url":"https:\/\/quehacerpolitico.mx\/","name":"","description":"","potentialAction":[{"@type":"SearchAction","target":{"@type":"EntryPoint","urlTemplate":"https:\/\/quehacerpolitico.mx\/?s={search_term_string}"},"query-input":{"@type":"PropertyValueSpecification","valueRequired":true,"valueName":"search_term_string"}}],"inLanguage":"es"},{"@type":"Person","@id":"https:\/\/quehacerpolitico.mx\/#\/schema\/person\/496d8ad2d1d3f8036101dca7ee39e585","name":"Redacci\u00f3n QP","image":{"@type":"ImageObject","inLanguage":"es","@id":"https:\/\/secure.gravatar.com\/avatar\/c7164ed6fdec453195284ad24a5ae5b6e1eed2b848477fa2a4787ba9adf39a41?s=96&d=mm&r=g","url":"https:\/\/secure.gravatar.com\/avatar\/c7164ed6fdec453195284ad24a5ae5b6e1eed2b848477fa2a4787ba9adf39a41?s=96&d=mm&r=g","contentUrl":"https:\/\/secure.gravatar.com\/avatar\/c7164ed6fdec453195284ad24a5ae5b6e1eed2b848477fa2a4787ba9adf39a41?s=96&d=mm&r=g","caption":"Redacci\u00f3n QP"},"url":"https:\/\/quehacerpolitico.mx\/?author=2"}]}},"featured_image_urls":{"full":["https:\/\/quehacerpolitico.mx\/wp-content\/uploads\/2022\/10\/32CFA7DD-29A5-442D-94DC-6D140287335B.jpeg",1284,701,false],"thumbnail":["https:\/\/quehacerpolitico.mx\/wp-content\/uploads\/2022\/10\/32CFA7DD-29A5-442D-94DC-6D140287335B-150x150.jpeg",150,150,true],"medium":["https:\/\/quehacerpolitico.mx\/wp-content\/uploads\/2022\/10\/32CFA7DD-29A5-442D-94DC-6D140287335B-300x164.jpeg",300,164,true],"medium_large":["https:\/\/quehacerpolitico.mx\/wp-content\/uploads\/2022\/10\/32CFA7DD-29A5-442D-94DC-6D140287335B-768x419.jpeg",640,349,true],"large":["https:\/\/quehacerpolitico.mx\/wp-content\/uploads\/2022\/10\/32CFA7DD-29A5-442D-94DC-6D140287335B-1024x559.jpeg",640,349,true],"1536x1536":["https:\/\/quehacerpolitico.mx\/wp-content\/uploads\/2022\/10\/32CFA7DD-29A5-442D-94DC-6D140287335B.jpeg",1284,701,false],"2048x2048":["https:\/\/quehacerpolitico.mx\/wp-content\/uploads\/2022\/10\/32CFA7DD-29A5-442D-94DC-6D140287335B.jpeg",1284,701,false],"covernews-featured":["https:\/\/quehacerpolitico.mx\/wp-content\/uploads\/2022\/10\/32CFA7DD-29A5-442D-94DC-6D140287335B.jpeg",1024,559,false],"covernews-medium":["https:\/\/quehacerpolitico.mx\/wp-content\/uploads\/2022\/10\/32CFA7DD-29A5-442D-94DC-6D140287335B.jpeg",540,295,false]},"author_info":{"display_name":"Redacci\u00f3n QP","author_link":"https:\/\/quehacerpolitico.mx\/?author=2"},"category_info":"<a href=\"https:\/\/quehacerpolitico.mx\/?cat=2\" rel=\"category\">Noticias<\/a>","tag_info":"Noticias","comment_count":"0","_links":{"self":[{"href":"https:\/\/quehacerpolitico.mx\/index.php?rest_route=\/wp\/v2\/posts\/96398","targetHints":{"allow":["GET"]}}],"collection":[{"href":"https:\/\/quehacerpolitico.mx\/index.php?rest_route=\/wp\/v2\/posts"}],"about":[{"href":"https:\/\/quehacerpolitico.mx\/index.php?rest_route=\/wp\/v2\/types\/post"}],"author":[{"embeddable":true,"href":"https:\/\/quehacerpolitico.mx\/index.php?rest_route=\/wp\/v2\/users\/2"}],"replies":[{"embeddable":true,"href":"https:\/\/quehacerpolitico.mx\/index.php?rest_route=%2Fwp%2Fv2%2Fcomments&post=96398"}],"version-history":[{"count":1,"href":"https:\/\/quehacerpolitico.mx\/index.php?rest_route=\/wp\/v2\/posts\/96398\/revisions"}],"predecessor-version":[{"id":96401,"href":"https:\/\/quehacerpolitico.mx\/index.php?rest_route=\/wp\/v2\/posts\/96398\/revisions\/96401"}],"wp:featuredmedia":[{"embeddable":true,"href":"https:\/\/quehacerpolitico.mx\/index.php?rest_route=\/wp\/v2\/media\/96400"}],"wp:attachment":[{"href":"https:\/\/quehacerpolitico.mx\/index.php?rest_route=%2Fwp%2Fv2%2Fmedia&parent=96398"}],"wp:term":[{"taxonomy":"category","embeddable":true,"href":"https:\/\/quehacerpolitico.mx\/index.php?rest_route=%2Fwp%2Fv2%2Fcategories&post=96398"},{"taxonomy":"post_tag","embeddable":true,"href":"https:\/\/quehacerpolitico.mx\/index.php?rest_route=%2Fwp%2Fv2%2Ftags&post=96398"}],"curies":[{"name":"wp","href":"https:\/\/api.w.org\/{rel}","templated":true}]}}