{"id":96383,"date":"2022-10-17T14:01:18","date_gmt":"2022-10-17T14:01:18","guid":{"rendered":"https:\/\/quehacerpolitico.mx\/?p=96383"},"modified":"2022-10-17T14:01:21","modified_gmt":"2022-10-17T14:01:21","slug":"la-opinion-monserrat-cortes-arrona-cdmx-y-sus-pulmones-negros-por-la-mala-calidad-del-aire","status":"publish","type":"post","link":"https:\/\/quehacerpolitico.mx\/?p=96383","title":{"rendered":"La opini\u00f3n\/\/\/Monserrat Cort\u00e9s Arrona\/\/\/CDMX y sus pulmones negros por la mala calidad del aire"},"content":{"rendered":"\n<p>Por Lic Monserrat Cort\u00e9s Arrona<\/p>\n\n\n\n<p>En los \u00faltimos meses la Ciudad de M\u00e9xico rompi\u00f3 r\u00e9cord de d\u00edas continuos con mala calidad del<br>aire, las autoridades no han priorizado en acciones preventivas, y la conse-cuencia de ello es implementar actos reactivos ante la mala calidad del aire, por supuesto, las medidas han sido insuficientes.<br>Es muy seguro que sigamos bajo estas condiciones ya que a\u00fan sigue sin plantearse una estrategia con medidas a corto, mediano y largo plazo.<br>La crisis ambiental que hemos vivido en la ciudad de M\u00e9xico prendi\u00f3 los focos rojos sobre un tema prioritario al que no se le ha dado la importancia debida, el cual demanda una soluci\u00f3n responsable e integral que requiere de una pol\u00edtica ambiental por parte de Claudia Sheiumbaum, para proteger nuestra vida y la de nuestras familias.<br>En la Ciudad de M\u00e9xico, el problema de la contaminaci\u00f3n del aire es un tema fundamental, y apremia generar soluciones ya que los habitantes deben tolerar niveles superiores a los recomendados por la Organizaci\u00f3n Mundial de la Salud (OMS).<br>La contaminaci\u00f3n del aire no es exclusiva de las grandes ciudades, sin embargo, la presencia de contaminantes t\u00f3xicos representa uno de los problemas ambientales que est\u00e1n presentes en zonas urbanas, sobre todo en sitios con las caracter\u00edsticas econ\u00f3micas, sociales y geogr\u00e1ficas de la Ciudad de M\u00e9xico.<br>El problema de la calidad del aire en la Ciudad de M\u00e9xico ha alcanzado grandes dimensiones. El acelerado crecimiento de la poblaci\u00f3n y su demanda de servicios ha incrementado enormemente las necesidades de energ\u00eda y transporte en la ciudad. Esta necesidad a su vez, ha incrementado la circulaci\u00f3n de transporte p\u00fablico, privado y de carga, con todo ello se presentan cifras alarmantes y en crecimiento de sus consecuencias.<br>Cada a\u00f1o mueren en el mundo 12.6 millones de personas a causa de la insalubridad del medio ambiente, como es la poluci\u00f3n del aire, el agua y el suelo, la exposici\u00f3n a los productos qu\u00edmicos, el cambio clim\u00e1tico y la radiaci\u00f3n ultravioleta, que contribuyen a m\u00e1s de 100 enfermedades o traumatismos, alert\u00f3 este martes la OMS. En M\u00e9xico, se producen cerca nueve mil 300 muertes al a\u00f1o asociadas con la contaminaci\u00f3n del aire, de acuerdo con datos de la misma Organizaci\u00f3n Mundial de la Salud.<br>Para contrarrestar la elevada contaminaci\u00f3n atmosf\u00e9rica en la Ciudad de M\u00e9xico, urge reducir el alto n\u00famero de veh\u00edculos en circulaci\u00f3n; el programa Hoy no circula, se promovi\u00f3 el tr\u00e1nsito de veh\u00edculos nuevos; la reacci\u00f3n de la gente fue tratar de conseguir uno y ahora se tiene otro problema, que es reducir el alto n\u00famero de autos en las vialidades.<br>El desarrollo de la ciudad necesita una visi\u00f3n integral y compartida, pensada para las personas y no como un conjunto de obras aisladas, carentes de integraci\u00f3n.<br>La pol\u00edtica Medioambiental de la Ciudad de M\u00e9xico debe ir dirigida hacia esta visi\u00f3n a trav\u00e9s de acuerdos p\u00fablicos que promuevan el equilibrio entre desarrollo econ\u00f3mico, equidad social, movilidad y calidad del espacio p\u00fablico, siempre a partir de un enfoque de derechos.<br>En el caso concreto de la Ciudad de M\u00e9xico, el momento actual no podr\u00eda ser m\u00e1s propicio para reflexionar sobre este asunto. Hemos padecido varios meses de Mala Calidad del Aire que han afectado nuestra salud y nos han forzado a modificar nuestros patrones de movilidad. Ante un escenario como \u00e9ste, en el que la salud y el bienestar de la ciudadan\u00eda se encuentran en entredicho, la discusi\u00f3n sobre el derecho a un medio ambiente sano se vuelve fundamental.<\/p>\n\n\n\n<p>Urge desarrollar pol\u00edticas publicas para alcanzar buenos niveles en la calidad del aire para nuestra amada Ciudad de Mexico y los habitantes de la misma por el bien de todos.<\/p>\n\n\n\n<p>En mi opini\u00f3n.Es cuanto.<\/p>\n","protected":false},"excerpt":{"rendered":"<p>Por Lic Monserrat Cort\u00e9s Arrona En los \u00faltimos meses la Ciudad de M\u00e9xico rompi\u00f3 r\u00e9cord&#8230;<\/p>\n","protected":false},"author":2,"featured_media":96384,"comment_status":"open","ping_status":"open","sticky":false,"template":"","format":"standard","meta":{"_monsterinsights_skip_tracking":false,"_monsterinsights_sitenote_active":false,"_monsterinsights_sitenote_note":"","_monsterinsights_sitenote_category":0,"footnotes":""},"categories":[55],"tags":[],"class_list":["post-96383","post","type-post","status-publish","format-standard","has-post-thumbnail","hentry","category-cdmx"],"yoast_head":"<!-- This site is optimized with the Yoast SEO plugin v27.3 - https:\/\/yoast.com\/product\/yoast-seo-wordpress\/ -->\n<title>La opini\u00f3n\/\/\/Monserrat Cort\u00e9s Arrona\/\/\/CDMX y sus pulmones negros por la mala calidad del aire -<\/title>\n<meta name=\"robots\" content=\"index, follow, max-snippet:-1, max-image-preview:large, max-video-preview:-1\" \/>\n<link rel=\"canonical\" href=\"https:\/\/quehacerpolitico.mx\/?p=96383\" \/>\n<meta property=\"og:locale\" content=\"es_MX\" \/>\n<meta property=\"og:type\" content=\"article\" \/>\n<meta property=\"og:title\" content=\"La opini\u00f3n\/\/\/Monserrat Cort\u00e9s Arrona\/\/\/CDMX y sus pulmones negros por la mala calidad del aire -\" \/>\n<meta property=\"og:description\" content=\"Por Lic Monserrat Cort\u00e9s Arrona En los \u00faltimos meses la Ciudad de M\u00e9xico rompi\u00f3 r\u00e9cord...\" \/>\n<meta property=\"og:url\" content=\"https:\/\/quehacerpolitico.mx\/?p=96383\" \/>\n<meta property=\"article:published_time\" content=\"2022-10-17T14:01:18+00:00\" \/>\n<meta property=\"article:modified_time\" content=\"2022-10-17T14:01:21+00:00\" \/>\n<meta property=\"og:image\" content=\"https:\/\/quehacerpolitico.mx\/wp-content\/uploads\/2022\/10\/16E3220C-98CB-47AE-BF20-CC06C0F0DC01.jpeg\" \/>\n\t<meta property=\"og:image:width\" content=\"962\" \/>\n\t<meta property=\"og:image:height\" content=\"493\" \/>\n\t<meta property=\"og:image:type\" content=\"image\/jpeg\" \/>\n<meta name=\"author\" content=\"Redacci\u00f3n QP\" \/>\n<meta name=\"twitter:card\" content=\"summary_large_image\" \/>\n<meta name=\"twitter:label1\" content=\"Escrito por\" \/>\n\t<meta name=\"twitter:data1\" content=\"Redacci\u00f3n QP\" \/>\n\t<meta name=\"twitter:label2\" content=\"Tiempo de lectura\" \/>\n\t<meta name=\"twitter:data2\" content=\"3 minutos\" \/>\n<script type=\"application\/ld+json\" class=\"yoast-schema-graph\">{\"@context\":\"https:\\\/\\\/schema.org\",\"@graph\":[{\"@type\":\"Article\",\"@id\":\"https:\\\/\\\/quehacerpolitico.mx\\\/?p=96383#article\",\"isPartOf\":{\"@id\":\"https:\\\/\\\/quehacerpolitico.mx\\\/?p=96383\"},\"author\":{\"name\":\"Redacci\u00f3n QP\",\"@id\":\"https:\\\/\\\/quehacerpolitico.mx\\\/#\\\/schema\\\/person\\\/496d8ad2d1d3f8036101dca7ee39e585\"},\"headline\":\"La opini\u00f3n\\\/\\\/\\\/Monserrat Cort\u00e9s Arrona\\\/\\\/\\\/CDMX y sus pulmones negros por la mala calidad del aire\",\"datePublished\":\"2022-10-17T14:01:18+00:00\",\"dateModified\":\"2022-10-17T14:01:21+00:00\",\"mainEntityOfPage\":{\"@id\":\"https:\\\/\\\/quehacerpolitico.mx\\\/?p=96383\"},\"wordCount\":687,\"commentCount\":0,\"image\":{\"@id\":\"https:\\\/\\\/quehacerpolitico.mx\\\/?p=96383#primaryimage\"},\"thumbnailUrl\":\"https:\\\/\\\/quehacerpolitico.mx\\\/wp-content\\\/uploads\\\/2022\\\/10\\\/16E3220C-98CB-47AE-BF20-CC06C0F0DC01.jpeg\",\"articleSection\":[\"CDMX\"],\"inLanguage\":\"es\",\"potentialAction\":[{\"@type\":\"CommentAction\",\"name\":\"Comment\",\"target\":[\"https:\\\/\\\/quehacerpolitico.mx\\\/?p=96383#respond\"]}]},{\"@type\":\"WebPage\",\"@id\":\"https:\\\/\\\/quehacerpolitico.mx\\\/?p=96383\",\"url\":\"https:\\\/\\\/quehacerpolitico.mx\\\/?p=96383\",\"name\":\"La opini\u00f3n\\\/\\\/\\\/Monserrat Cort\u00e9s Arrona\\\/\\\/\\\/CDMX y sus pulmones negros por la mala calidad del aire -\",\"isPartOf\":{\"@id\":\"https:\\\/\\\/quehacerpolitico.mx\\\/#website\"},\"primaryImageOfPage\":{\"@id\":\"https:\\\/\\\/quehacerpolitico.mx\\\/?p=96383#primaryimage\"},\"image\":{\"@id\":\"https:\\\/\\\/quehacerpolitico.mx\\\/?p=96383#primaryimage\"},\"thumbnailUrl\":\"https:\\\/\\\/quehacerpolitico.mx\\\/wp-content\\\/uploads\\\/2022\\\/10\\\/16E3220C-98CB-47AE-BF20-CC06C0F0DC01.jpeg\",\"datePublished\":\"2022-10-17T14:01:18+00:00\",\"dateModified\":\"2022-10-17T14:01:21+00:00\",\"author\":{\"@id\":\"https:\\\/\\\/quehacerpolitico.mx\\\/#\\\/schema\\\/person\\\/496d8ad2d1d3f8036101dca7ee39e585\"},\"breadcrumb\":{\"@id\":\"https:\\\/\\\/quehacerpolitico.mx\\\/?p=96383#breadcrumb\"},\"inLanguage\":\"es\",\"potentialAction\":[{\"@type\":\"ReadAction\",\"target\":[\"https:\\\/\\\/quehacerpolitico.mx\\\/?p=96383\"]}]},{\"@type\":\"ImageObject\",\"inLanguage\":\"es\",\"@id\":\"https:\\\/\\\/quehacerpolitico.mx\\\/?p=96383#primaryimage\",\"url\":\"https:\\\/\\\/quehacerpolitico.mx\\\/wp-content\\\/uploads\\\/2022\\\/10\\\/16E3220C-98CB-47AE-BF20-CC06C0F0DC01.jpeg\",\"contentUrl\":\"https:\\\/\\\/quehacerpolitico.mx\\\/wp-content\\\/uploads\\\/2022\\\/10\\\/16E3220C-98CB-47AE-BF20-CC06C0F0DC01.jpeg\",\"width\":962,\"height\":493},{\"@type\":\"BreadcrumbList\",\"@id\":\"https:\\\/\\\/quehacerpolitico.mx\\\/?p=96383#breadcrumb\",\"itemListElement\":[{\"@type\":\"ListItem\",\"position\":1,\"name\":\"Inicio\",\"item\":\"https:\\\/\\\/quehacerpolitico.mx\\\/\"},{\"@type\":\"ListItem\",\"position\":2,\"name\":\"La opini\u00f3n\\\/\\\/\\\/Monserrat Cort\u00e9s Arrona\\\/\\\/\\\/CDMX y sus pulmones negros por la mala calidad del aire\"}]},{\"@type\":\"WebSite\",\"@id\":\"https:\\\/\\\/quehacerpolitico.mx\\\/#website\",\"url\":\"https:\\\/\\\/quehacerpolitico.mx\\\/\",\"name\":\"\",\"description\":\"\",\"potentialAction\":[{\"@type\":\"SearchAction\",\"target\":{\"@type\":\"EntryPoint\",\"urlTemplate\":\"https:\\\/\\\/quehacerpolitico.mx\\\/?s={search_term_string}\"},\"query-input\":{\"@type\":\"PropertyValueSpecification\",\"valueRequired\":true,\"valueName\":\"search_term_string\"}}],\"inLanguage\":\"es\"},{\"@type\":\"Person\",\"@id\":\"https:\\\/\\\/quehacerpolitico.mx\\\/#\\\/schema\\\/person\\\/496d8ad2d1d3f8036101dca7ee39e585\",\"name\":\"Redacci\u00f3n QP\",\"image\":{\"@type\":\"ImageObject\",\"inLanguage\":\"es\",\"@id\":\"https:\\\/\\\/secure.gravatar.com\\\/avatar\\\/c7164ed6fdec453195284ad24a5ae5b6e1eed2b848477fa2a4787ba9adf39a41?s=96&d=mm&r=g\",\"url\":\"https:\\\/\\\/secure.gravatar.com\\\/avatar\\\/c7164ed6fdec453195284ad24a5ae5b6e1eed2b848477fa2a4787ba9adf39a41?s=96&d=mm&r=g\",\"contentUrl\":\"https:\\\/\\\/secure.gravatar.com\\\/avatar\\\/c7164ed6fdec453195284ad24a5ae5b6e1eed2b848477fa2a4787ba9adf39a41?s=96&d=mm&r=g\",\"caption\":\"Redacci\u00f3n QP\"},\"url\":\"https:\\\/\\\/quehacerpolitico.mx\\\/?author=2\"}]}<\/script>\n<!-- \/ Yoast SEO plugin. -->","yoast_head_json":{"title":"La opini\u00f3n\/\/\/Monserrat Cort\u00e9s Arrona\/\/\/CDMX y sus pulmones negros por la mala calidad del aire -","robots":{"index":"index","follow":"follow","max-snippet":"max-snippet:-1","max-image-preview":"max-image-preview:large","max-video-preview":"max-video-preview:-1"},"canonical":"https:\/\/quehacerpolitico.mx\/?p=96383","og_locale":"es_MX","og_type":"article","og_title":"La opini\u00f3n\/\/\/Monserrat Cort\u00e9s Arrona\/\/\/CDMX y sus pulmones negros por la mala calidad del aire -","og_description":"Por Lic Monserrat Cort\u00e9s Arrona En los \u00faltimos meses la Ciudad de M\u00e9xico rompi\u00f3 r\u00e9cord...","og_url":"https:\/\/quehacerpolitico.mx\/?p=96383","article_published_time":"2022-10-17T14:01:18+00:00","article_modified_time":"2022-10-17T14:01:21+00:00","og_image":[{"width":962,"height":493,"url":"https:\/\/quehacerpolitico.mx\/wp-content\/uploads\/2022\/10\/16E3220C-98CB-47AE-BF20-CC06C0F0DC01.jpeg","type":"image\/jpeg"}],"author":"Redacci\u00f3n QP","twitter_card":"summary_large_image","twitter_misc":{"Escrito por":"Redacci\u00f3n QP","Tiempo de lectura":"3 minutos"},"schema":{"@context":"https:\/\/schema.org","@graph":[{"@type":"Article","@id":"https:\/\/quehacerpolitico.mx\/?p=96383#article","isPartOf":{"@id":"https:\/\/quehacerpolitico.mx\/?p=96383"},"author":{"name":"Redacci\u00f3n QP","@id":"https:\/\/quehacerpolitico.mx\/#\/schema\/person\/496d8ad2d1d3f8036101dca7ee39e585"},"headline":"La opini\u00f3n\/\/\/Monserrat Cort\u00e9s Arrona\/\/\/CDMX y sus pulmones negros por la mala calidad del aire","datePublished":"2022-10-17T14:01:18+00:00","dateModified":"2022-10-17T14:01:21+00:00","mainEntityOfPage":{"@id":"https:\/\/quehacerpolitico.mx\/?p=96383"},"wordCount":687,"commentCount":0,"image":{"@id":"https:\/\/quehacerpolitico.mx\/?p=96383#primaryimage"},"thumbnailUrl":"https:\/\/quehacerpolitico.mx\/wp-content\/uploads\/2022\/10\/16E3220C-98CB-47AE-BF20-CC06C0F0DC01.jpeg","articleSection":["CDMX"],"inLanguage":"es","potentialAction":[{"@type":"CommentAction","name":"Comment","target":["https:\/\/quehacerpolitico.mx\/?p=96383#respond"]}]},{"@type":"WebPage","@id":"https:\/\/quehacerpolitico.mx\/?p=96383","url":"https:\/\/quehacerpolitico.mx\/?p=96383","name":"La opini\u00f3n\/\/\/Monserrat Cort\u00e9s Arrona\/\/\/CDMX y sus pulmones negros por la mala calidad del aire -","isPartOf":{"@id":"https:\/\/quehacerpolitico.mx\/#website"},"primaryImageOfPage":{"@id":"https:\/\/quehacerpolitico.mx\/?p=96383#primaryimage"},"image":{"@id":"https:\/\/quehacerpolitico.mx\/?p=96383#primaryimage"},"thumbnailUrl":"https:\/\/quehacerpolitico.mx\/wp-content\/uploads\/2022\/10\/16E3220C-98CB-47AE-BF20-CC06C0F0DC01.jpeg","datePublished":"2022-10-17T14:01:18+00:00","dateModified":"2022-10-17T14:01:21+00:00","author":{"@id":"https:\/\/quehacerpolitico.mx\/#\/schema\/person\/496d8ad2d1d3f8036101dca7ee39e585"},"breadcrumb":{"@id":"https:\/\/quehacerpolitico.mx\/?p=96383#breadcrumb"},"inLanguage":"es","potentialAction":[{"@type":"ReadAction","target":["https:\/\/quehacerpolitico.mx\/?p=96383"]}]},{"@type":"ImageObject","inLanguage":"es","@id":"https:\/\/quehacerpolitico.mx\/?p=96383#primaryimage","url":"https:\/\/quehacerpolitico.mx\/wp-content\/uploads\/2022\/10\/16E3220C-98CB-47AE-BF20-CC06C0F0DC01.jpeg","contentUrl":"https:\/\/quehacerpolitico.mx\/wp-content\/uploads\/2022\/10\/16E3220C-98CB-47AE-BF20-CC06C0F0DC01.jpeg","width":962,"height":493},{"@type":"BreadcrumbList","@id":"https:\/\/quehacerpolitico.mx\/?p=96383#breadcrumb","itemListElement":[{"@type":"ListItem","position":1,"name":"Inicio","item":"https:\/\/quehacerpolitico.mx\/"},{"@type":"ListItem","position":2,"name":"La opini\u00f3n\/\/\/Monserrat Cort\u00e9s Arrona\/\/\/CDMX y sus pulmones negros por la mala calidad del aire"}]},{"@type":"WebSite","@id":"https:\/\/quehacerpolitico.mx\/#website","url":"https:\/\/quehacerpolitico.mx\/","name":"","description":"","potentialAction":[{"@type":"SearchAction","target":{"@type":"EntryPoint","urlTemplate":"https:\/\/quehacerpolitico.mx\/?s={search_term_string}"},"query-input":{"@type":"PropertyValueSpecification","valueRequired":true,"valueName":"search_term_string"}}],"inLanguage":"es"},{"@type":"Person","@id":"https:\/\/quehacerpolitico.mx\/#\/schema\/person\/496d8ad2d1d3f8036101dca7ee39e585","name":"Redacci\u00f3n QP","image":{"@type":"ImageObject","inLanguage":"es","@id":"https:\/\/secure.gravatar.com\/avatar\/c7164ed6fdec453195284ad24a5ae5b6e1eed2b848477fa2a4787ba9adf39a41?s=96&d=mm&r=g","url":"https:\/\/secure.gravatar.com\/avatar\/c7164ed6fdec453195284ad24a5ae5b6e1eed2b848477fa2a4787ba9adf39a41?s=96&d=mm&r=g","contentUrl":"https:\/\/secure.gravatar.com\/avatar\/c7164ed6fdec453195284ad24a5ae5b6e1eed2b848477fa2a4787ba9adf39a41?s=96&d=mm&r=g","caption":"Redacci\u00f3n QP"},"url":"https:\/\/quehacerpolitico.mx\/?author=2"}]}},"featured_image_urls":{"full":["https:\/\/quehacerpolitico.mx\/wp-content\/uploads\/2022\/10\/16E3220C-98CB-47AE-BF20-CC06C0F0DC01.jpeg",962,493,false],"thumbnail":["https:\/\/quehacerpolitico.mx\/wp-content\/uploads\/2022\/10\/16E3220C-98CB-47AE-BF20-CC06C0F0DC01-150x150.jpeg",150,150,true],"medium":["https:\/\/quehacerpolitico.mx\/wp-content\/uploads\/2022\/10\/16E3220C-98CB-47AE-BF20-CC06C0F0DC01-300x154.jpeg",300,154,true],"medium_large":["https:\/\/quehacerpolitico.mx\/wp-content\/uploads\/2022\/10\/16E3220C-98CB-47AE-BF20-CC06C0F0DC01-768x394.jpeg",640,328,true],"large":["https:\/\/quehacerpolitico.mx\/wp-content\/uploads\/2022\/10\/16E3220C-98CB-47AE-BF20-CC06C0F0DC01.jpeg",640,328,false],"1536x1536":["https:\/\/quehacerpolitico.mx\/wp-content\/uploads\/2022\/10\/16E3220C-98CB-47AE-BF20-CC06C0F0DC01.jpeg",962,493,false],"2048x2048":["https:\/\/quehacerpolitico.mx\/wp-content\/uploads\/2022\/10\/16E3220C-98CB-47AE-BF20-CC06C0F0DC01.jpeg",962,493,false],"covernews-featured":["https:\/\/quehacerpolitico.mx\/wp-content\/uploads\/2022\/10\/16E3220C-98CB-47AE-BF20-CC06C0F0DC01.jpeg",962,493,false],"covernews-medium":["https:\/\/quehacerpolitico.mx\/wp-content\/uploads\/2022\/10\/16E3220C-98CB-47AE-BF20-CC06C0F0DC01.jpeg",540,277,false]},"author_info":{"display_name":"Redacci\u00f3n QP","author_link":"https:\/\/quehacerpolitico.mx\/?author=2"},"category_info":"<a href=\"https:\/\/quehacerpolitico.mx\/?cat=55\" rel=\"category\">CDMX<\/a>","tag_info":"CDMX","comment_count":"0","_links":{"self":[{"href":"https:\/\/quehacerpolitico.mx\/index.php?rest_route=\/wp\/v2\/posts\/96383","targetHints":{"allow":["GET"]}}],"collection":[{"href":"https:\/\/quehacerpolitico.mx\/index.php?rest_route=\/wp\/v2\/posts"}],"about":[{"href":"https:\/\/quehacerpolitico.mx\/index.php?rest_route=\/wp\/v2\/types\/post"}],"author":[{"embeddable":true,"href":"https:\/\/quehacerpolitico.mx\/index.php?rest_route=\/wp\/v2\/users\/2"}],"replies":[{"embeddable":true,"href":"https:\/\/quehacerpolitico.mx\/index.php?rest_route=%2Fwp%2Fv2%2Fcomments&post=96383"}],"version-history":[{"count":1,"href":"https:\/\/quehacerpolitico.mx\/index.php?rest_route=\/wp\/v2\/posts\/96383\/revisions"}],"predecessor-version":[{"id":96385,"href":"https:\/\/quehacerpolitico.mx\/index.php?rest_route=\/wp\/v2\/posts\/96383\/revisions\/96385"}],"wp:featuredmedia":[{"embeddable":true,"href":"https:\/\/quehacerpolitico.mx\/index.php?rest_route=\/wp\/v2\/media\/96384"}],"wp:attachment":[{"href":"https:\/\/quehacerpolitico.mx\/index.php?rest_route=%2Fwp%2Fv2%2Fmedia&parent=96383"}],"wp:term":[{"taxonomy":"category","embeddable":true,"href":"https:\/\/quehacerpolitico.mx\/index.php?rest_route=%2Fwp%2Fv2%2Fcategories&post=96383"},{"taxonomy":"post_tag","embeddable":true,"href":"https:\/\/quehacerpolitico.mx\/index.php?rest_route=%2Fwp%2Fv2%2Ftags&post=96383"}],"curies":[{"name":"wp","href":"https:\/\/api.w.org\/{rel}","templated":true}]}}