{"id":96378,"date":"2022-10-15T02:13:13","date_gmt":"2022-10-15T02:13:13","guid":{"rendered":"https:\/\/quehacerpolitico.mx\/?p=96378"},"modified":"2022-10-15T02:13:15","modified_gmt":"2022-10-15T02:13:15","slug":"este-viernes-fueron-trasladados-a-un-centro-penitenciario-los-siete-responsables-del-secuestro-de-un-nino-en-huehuetoca-edomex","status":"publish","type":"post","link":"https:\/\/quehacerpolitico.mx\/?p=96378","title":{"rendered":"Este viernes,\u00a0fueron trasladados\u00a0a un centro penitenciario\u00a0los siete\u00a0responsables del secuestro de un ni\u00f1o en Huehuetoca\u00a0EdoMex"},"content":{"rendered":"\n<p>Por Redacci\u00f3n QP<\/p>\n\n\n\n<p>Luego del secuestro y rescate de un menor, ocurrido en Huehuetoca, la Fiscal\u00eda General de Justicia Mexiquense asegur\u00f3 el traslado de los secuestradores a la prisi\u00f3n<\/p>\n\n\n\n<p>Este viernes,\u00a0<strong>fueron trasladados<\/strong>\u00a0a un centro penitenciario<strong>\u00a0los siete\u00a0responsables del secuestro de un ni\u00f1o en Huehuetoca<\/strong>, Estado de M\u00e9xico, esto cuatro d\u00edas despu\u00e9s de que una c\u00e1mara de seguridad grabara el hecho en una de las calles del centro.<\/p>\n\n\n\n<figure class=\"wp-block-image size-full\"><img loading=\"lazy\" decoding=\"async\" width=\"400\" height=\"225\" src=\"https:\/\/quehacerpolitico.mx\/wp-content\/uploads\/2022\/10\/image-57.jpeg\" alt=\"\" class=\"wp-image-96380\" srcset=\"https:\/\/quehacerpolitico.mx\/wp-content\/uploads\/2022\/10\/image-57.jpeg 400w, https:\/\/quehacerpolitico.mx\/wp-content\/uploads\/2022\/10\/image-57-300x169.jpeg 300w, https:\/\/quehacerpolitico.mx\/wp-content\/uploads\/2022\/10\/image-57-260x146.jpeg 260w, https:\/\/quehacerpolitico.mx\/wp-content\/uploads\/2022\/10\/image-57-50x28.jpeg 50w, https:\/\/quehacerpolitico.mx\/wp-content\/uploads\/2022\/10\/image-57-133x75.jpeg 133w\" sizes=\"auto, (max-width: 400px) 100vw, 400px\" \/><\/figure>\n\n\n\n<figure class=\"wp-block-image size-full\"><img loading=\"lazy\" decoding=\"async\" width=\"701\" height=\"438\" src=\"https:\/\/quehacerpolitico.mx\/wp-content\/uploads\/2022\/10\/image-56.jpeg\" alt=\"\" class=\"wp-image-96379\" srcset=\"https:\/\/quehacerpolitico.mx\/wp-content\/uploads\/2022\/10\/image-56.jpeg 701w, https:\/\/quehacerpolitico.mx\/wp-content\/uploads\/2022\/10\/image-56-300x187.jpeg 300w, https:\/\/quehacerpolitico.mx\/wp-content\/uploads\/2022\/10\/image-56-234x146.jpeg 234w, https:\/\/quehacerpolitico.mx\/wp-content\/uploads\/2022\/10\/image-56-50x31.jpeg 50w, https:\/\/quehacerpolitico.mx\/wp-content\/uploads\/2022\/10\/image-56-120x75.jpeg 120w\" sizes=\"auto, (max-width: 701px) 100vw, 701px\" \/><\/figure>\n\n\n\n<p>El atentado ocurri\u00f3 este lunes 10 de octubre en una de las calles del centro. Una c\u00e1mara de seguridad grab\u00f3 el momento en el que cuando\u00a0<strong>dos desconocidos se estacionaron\u00a0y arrebataron\u00a0al menor de 9 a\u00f1os de su madre<\/strong>, lo metieron\u00a0en un auto color vino y se lo llevaron.<\/p>\n\n\n\n<p>El 13 de octubre, la\u00a0<strong>Fiscal\u00eda de Justicia,<\/strong>\u00a0junto con la\u00a0<strong>Secretar\u00eda de Seguridad estatal<\/strong>, revel\u00f3 que el menor ya se encontraba a salvo y los responsables, quienes hab\u00edan solicitado un rescate de cuatro millones de pesos, hab\u00edan sido detenidos.<\/p>\n\n\n\n<figure class=\"wp-block-embed is-type-rich is-provider-twitter wp-block-embed-twitter\"><div class=\"wp-block-embed__wrapper\">\n<blockquote class=\"twitter-tweet\" data-width=\"550\" data-dnt=\"true\"><p lang=\"es\" dir=\"ltr\">Lo que les cuento en radio. <br><br>Sale a la luz el video de otro menor secuestrado, ahora en Huehuetoca. <br><br>(V\u00eda <a href=\"https:\/\/twitter.com\/Radio_Formula?ref_src=twsrc%5Etfw\">@Radio_Formula<\/a> \/ <a href=\"https:\/\/twitter.com\/poloespejel?ref_src=twsrc%5Etfw\">@poloespejel<\/a>) <a href=\"https:\/\/t.co\/Wvg6nH0mme\">pic.twitter.com\/Wvg6nH0mme<\/a><\/p>&mdash; Joaqu\u00edn L\u00f3pez-D\u00f3riga (@lopezdoriga) <a href=\"https:\/\/twitter.com\/lopezdoriga\/status\/1580272582569660417?ref_src=twsrc%5Etfw\">October 12, 2022<\/a><\/blockquote><script async src=\"https:\/\/platform.twitter.com\/widgets.js\" charset=\"utf-8\"><\/script>\n<\/div><\/figure>\n\n\n\n<p>La \u00a0Fiscal\u00eda General de Justicia exiquense (<strong>FGJEm<\/strong>) concluy\u00f3 que los hombres (Mois\u00e9s Alexander, Erick Mateo, Omar Avelardo y Leonel Eduardo) ser\u00e1n llevados al centro penitenciario de Cuautitl\u00e1n, mientras que las mujeres (Glenda, Lucila Guadalupe y una adolescente) ser\u00e1n llevadas a la penal de Barrientos.<\/p>\n\n\n\n<figure class=\"wp-block-embed is-type-rich is-provider-twitter wp-block-embed-twitter\"><div class=\"wp-block-embed__wrapper\">\n<blockquote class=\"twitter-tweet\" data-width=\"550\" data-dnt=\"true\"><p lang=\"es\" dir=\"ltr\">\u25b6 Los secuestradores del menor Max fueron ingresados a distintos penales en el <a href=\"https:\/\/twitter.com\/hashtag\/Edomex?src=hash&amp;ref_src=twsrc%5Etfw\">#Edomex<\/a>; los hombres fueron llevados al penal de Cuautitl\u00e1n y las mujeres a Barrientos.<br><br> \ud83d\udcfa <a href=\"https:\/\/twitter.com\/hashtag\/TelediarioEnEl6?src=hash&amp;ref_src=twsrc%5Etfw\">#TelediarioEnEl6<\/a> con <a href=\"https:\/\/twitter.com\/paobarquet?ref_src=twsrc%5Etfw\">@paobarquet<\/a> y <a href=\"https:\/\/twitter.com\/Carloszup?ref_src=twsrc%5Etfw\">@Carloszup<\/a> <a href=\"https:\/\/t.co\/374Gfr4alO\">pic.twitter.com\/374Gfr4alO<\/a><\/p>&mdash; @telediario (@telediario) <a href=\"https:\/\/twitter.com\/telediario\/status\/1581078328433430530?ref_src=twsrc%5Etfw\">October 15, 2022<\/a><\/blockquote><script async src=\"https:\/\/platform.twitter.com\/widgets.js\" charset=\"utf-8\"><\/script>\n<\/div><\/figure>\n","protected":false},"excerpt":{"rendered":"<p>Por Redacci\u00f3n QP Luego del secuestro y rescate de un menor, ocurrido en Huehuetoca, la&#8230;<\/p>\n","protected":false},"author":2,"featured_media":96381,"comment_status":"open","ping_status":"open","sticky":false,"template":"","format":"standard","meta":{"_monsterinsights_skip_tracking":false,"_monsterinsights_sitenote_active":false,"_monsterinsights_sitenote_note":"","_monsterinsights_sitenote_category":0,"footnotes":""},"categories":[2],"tags":[],"class_list":["post-96378","post","type-post","status-publish","format-standard","has-post-thumbnail","hentry","category-noticias"],"yoast_head":"<!-- This site is optimized with the Yoast SEO plugin v27.3 - https:\/\/yoast.com\/product\/yoast-seo-wordpress\/ -->\n<title>Este viernes,\u00a0fueron trasladados\u00a0a un centro penitenciario\u00a0los siete\u00a0responsables del secuestro de un ni\u00f1o en Huehuetoca\u00a0EdoMex -<\/title>\n<meta name=\"robots\" content=\"index, follow, max-snippet:-1, max-image-preview:large, max-video-preview:-1\" \/>\n<link rel=\"canonical\" href=\"https:\/\/quehacerpolitico.mx\/?p=96378\" \/>\n<meta property=\"og:locale\" content=\"es_MX\" \/>\n<meta property=\"og:type\" content=\"article\" \/>\n<meta property=\"og:title\" content=\"Este viernes,\u00a0fueron trasladados\u00a0a un centro penitenciario\u00a0los siete\u00a0responsables del secuestro de un ni\u00f1o en Huehuetoca\u00a0EdoMex -\" \/>\n<meta property=\"og:description\" content=\"Por Redacci\u00f3n QP Luego del secuestro y rescate de un menor, ocurrido en Huehuetoca, la...\" \/>\n<meta property=\"og:url\" content=\"https:\/\/quehacerpolitico.mx\/?p=96378\" \/>\n<meta property=\"article:published_time\" content=\"2022-10-15T02:13:13+00:00\" \/>\n<meta property=\"article:modified_time\" content=\"2022-10-15T02:13:15+00:00\" \/>\n<meta property=\"og:image\" content=\"https:\/\/quehacerpolitico.mx\/wp-content\/uploads\/2022\/10\/92B025D6-4292-4E9F-A3AC-9002F10F021E.jpeg\" \/>\n\t<meta property=\"og:image:width\" content=\"739\" \/>\n\t<meta property=\"og:image:height\" content=\"415\" \/>\n\t<meta property=\"og:image:type\" content=\"image\/jpeg\" \/>\n<meta name=\"author\" content=\"Redacci\u00f3n QP\" \/>\n<meta name=\"twitter:card\" content=\"summary_large_image\" \/>\n<meta name=\"twitter:label1\" content=\"Escrito por\" \/>\n\t<meta name=\"twitter:data1\" content=\"Redacci\u00f3n QP\" \/>\n\t<meta name=\"twitter:label2\" content=\"Tiempo de lectura\" \/>\n\t<meta name=\"twitter:data2\" content=\"1 minuto\" \/>\n<script type=\"application\/ld+json\" class=\"yoast-schema-graph\">{\"@context\":\"https:\\\/\\\/schema.org\",\"@graph\":[{\"@type\":\"Article\",\"@id\":\"https:\\\/\\\/quehacerpolitico.mx\\\/?p=96378#article\",\"isPartOf\":{\"@id\":\"https:\\\/\\\/quehacerpolitico.mx\\\/?p=96378\"},\"author\":{\"name\":\"Redacci\u00f3n QP\",\"@id\":\"https:\\\/\\\/quehacerpolitico.mx\\\/#\\\/schema\\\/person\\\/496d8ad2d1d3f8036101dca7ee39e585\"},\"headline\":\"Este viernes,\u00a0fueron trasladados\u00a0a un centro penitenciario\u00a0los siete\u00a0responsables del secuestro de un ni\u00f1o en Huehuetoca\u00a0EdoMex\",\"datePublished\":\"2022-10-15T02:13:13+00:00\",\"dateModified\":\"2022-10-15T02:13:15+00:00\",\"mainEntityOfPage\":{\"@id\":\"https:\\\/\\\/quehacerpolitico.mx\\\/?p=96378\"},\"wordCount\":265,\"commentCount\":0,\"image\":{\"@id\":\"https:\\\/\\\/quehacerpolitico.mx\\\/?p=96378#primaryimage\"},\"thumbnailUrl\":\"https:\\\/\\\/quehacerpolitico.mx\\\/wp-content\\\/uploads\\\/2022\\\/10\\\/92B025D6-4292-4E9F-A3AC-9002F10F021E.jpeg\",\"articleSection\":[\"Noticias\"],\"inLanguage\":\"es\",\"potentialAction\":[{\"@type\":\"CommentAction\",\"name\":\"Comment\",\"target\":[\"https:\\\/\\\/quehacerpolitico.mx\\\/?p=96378#respond\"]}]},{\"@type\":\"WebPage\",\"@id\":\"https:\\\/\\\/quehacerpolitico.mx\\\/?p=96378\",\"url\":\"https:\\\/\\\/quehacerpolitico.mx\\\/?p=96378\",\"name\":\"Este viernes,\u00a0fueron trasladados\u00a0a un centro penitenciario\u00a0los siete\u00a0responsables del secuestro de un ni\u00f1o en Huehuetoca\u00a0EdoMex -\",\"isPartOf\":{\"@id\":\"https:\\\/\\\/quehacerpolitico.mx\\\/#website\"},\"primaryImageOfPage\":{\"@id\":\"https:\\\/\\\/quehacerpolitico.mx\\\/?p=96378#primaryimage\"},\"image\":{\"@id\":\"https:\\\/\\\/quehacerpolitico.mx\\\/?p=96378#primaryimage\"},\"thumbnailUrl\":\"https:\\\/\\\/quehacerpolitico.mx\\\/wp-content\\\/uploads\\\/2022\\\/10\\\/92B025D6-4292-4E9F-A3AC-9002F10F021E.jpeg\",\"datePublished\":\"2022-10-15T02:13:13+00:00\",\"dateModified\":\"2022-10-15T02:13:15+00:00\",\"author\":{\"@id\":\"https:\\\/\\\/quehacerpolitico.mx\\\/#\\\/schema\\\/person\\\/496d8ad2d1d3f8036101dca7ee39e585\"},\"breadcrumb\":{\"@id\":\"https:\\\/\\\/quehacerpolitico.mx\\\/?p=96378#breadcrumb\"},\"inLanguage\":\"es\",\"potentialAction\":[{\"@type\":\"ReadAction\",\"target\":[\"https:\\\/\\\/quehacerpolitico.mx\\\/?p=96378\"]}]},{\"@type\":\"ImageObject\",\"inLanguage\":\"es\",\"@id\":\"https:\\\/\\\/quehacerpolitico.mx\\\/?p=96378#primaryimage\",\"url\":\"https:\\\/\\\/quehacerpolitico.mx\\\/wp-content\\\/uploads\\\/2022\\\/10\\\/92B025D6-4292-4E9F-A3AC-9002F10F021E.jpeg\",\"contentUrl\":\"https:\\\/\\\/quehacerpolitico.mx\\\/wp-content\\\/uploads\\\/2022\\\/10\\\/92B025D6-4292-4E9F-A3AC-9002F10F021E.jpeg\",\"width\":739,\"height\":415},{\"@type\":\"BreadcrumbList\",\"@id\":\"https:\\\/\\\/quehacerpolitico.mx\\\/?p=96378#breadcrumb\",\"itemListElement\":[{\"@type\":\"ListItem\",\"position\":1,\"name\":\"Inicio\",\"item\":\"https:\\\/\\\/quehacerpolitico.mx\\\/\"},{\"@type\":\"ListItem\",\"position\":2,\"name\":\"Este viernes,\u00a0fueron trasladados\u00a0a un centro penitenciario\u00a0los siete\u00a0responsables del secuestro de un ni\u00f1o en Huehuetoca\u00a0EdoMex\"}]},{\"@type\":\"WebSite\",\"@id\":\"https:\\\/\\\/quehacerpolitico.mx\\\/#website\",\"url\":\"https:\\\/\\\/quehacerpolitico.mx\\\/\",\"name\":\"\",\"description\":\"\",\"potentialAction\":[{\"@type\":\"SearchAction\",\"target\":{\"@type\":\"EntryPoint\",\"urlTemplate\":\"https:\\\/\\\/quehacerpolitico.mx\\\/?s={search_term_string}\"},\"query-input\":{\"@type\":\"PropertyValueSpecification\",\"valueRequired\":true,\"valueName\":\"search_term_string\"}}],\"inLanguage\":\"es\"},{\"@type\":\"Person\",\"@id\":\"https:\\\/\\\/quehacerpolitico.mx\\\/#\\\/schema\\\/person\\\/496d8ad2d1d3f8036101dca7ee39e585\",\"name\":\"Redacci\u00f3n QP\",\"image\":{\"@type\":\"ImageObject\",\"inLanguage\":\"es\",\"@id\":\"https:\\\/\\\/secure.gravatar.com\\\/avatar\\\/c7164ed6fdec453195284ad24a5ae5b6e1eed2b848477fa2a4787ba9adf39a41?s=96&d=mm&r=g\",\"url\":\"https:\\\/\\\/secure.gravatar.com\\\/avatar\\\/c7164ed6fdec453195284ad24a5ae5b6e1eed2b848477fa2a4787ba9adf39a41?s=96&d=mm&r=g\",\"contentUrl\":\"https:\\\/\\\/secure.gravatar.com\\\/avatar\\\/c7164ed6fdec453195284ad24a5ae5b6e1eed2b848477fa2a4787ba9adf39a41?s=96&d=mm&r=g\",\"caption\":\"Redacci\u00f3n QP\"},\"url\":\"https:\\\/\\\/quehacerpolitico.mx\\\/?author=2\"}]}<\/script>\n<!-- \/ Yoast SEO plugin. -->","yoast_head_json":{"title":"Este viernes,\u00a0fueron trasladados\u00a0a un centro penitenciario\u00a0los siete\u00a0responsables del secuestro de un ni\u00f1o en Huehuetoca\u00a0EdoMex -","robots":{"index":"index","follow":"follow","max-snippet":"max-snippet:-1","max-image-preview":"max-image-preview:large","max-video-preview":"max-video-preview:-1"},"canonical":"https:\/\/quehacerpolitico.mx\/?p=96378","og_locale":"es_MX","og_type":"article","og_title":"Este viernes,\u00a0fueron trasladados\u00a0a un centro penitenciario\u00a0los siete\u00a0responsables del secuestro de un ni\u00f1o en Huehuetoca\u00a0EdoMex -","og_description":"Por Redacci\u00f3n QP Luego del secuestro y rescate de un menor, ocurrido en Huehuetoca, la...","og_url":"https:\/\/quehacerpolitico.mx\/?p=96378","article_published_time":"2022-10-15T02:13:13+00:00","article_modified_time":"2022-10-15T02:13:15+00:00","og_image":[{"width":739,"height":415,"url":"https:\/\/quehacerpolitico.mx\/wp-content\/uploads\/2022\/10\/92B025D6-4292-4E9F-A3AC-9002F10F021E.jpeg","type":"image\/jpeg"}],"author":"Redacci\u00f3n QP","twitter_card":"summary_large_image","twitter_misc":{"Escrito por":"Redacci\u00f3n QP","Tiempo de lectura":"1 minuto"},"schema":{"@context":"https:\/\/schema.org","@graph":[{"@type":"Article","@id":"https:\/\/quehacerpolitico.mx\/?p=96378#article","isPartOf":{"@id":"https:\/\/quehacerpolitico.mx\/?p=96378"},"author":{"name":"Redacci\u00f3n QP","@id":"https:\/\/quehacerpolitico.mx\/#\/schema\/person\/496d8ad2d1d3f8036101dca7ee39e585"},"headline":"Este viernes,\u00a0fueron trasladados\u00a0a un centro penitenciario\u00a0los siete\u00a0responsables del secuestro de un ni\u00f1o en Huehuetoca\u00a0EdoMex","datePublished":"2022-10-15T02:13:13+00:00","dateModified":"2022-10-15T02:13:15+00:00","mainEntityOfPage":{"@id":"https:\/\/quehacerpolitico.mx\/?p=96378"},"wordCount":265,"commentCount":0,"image":{"@id":"https:\/\/quehacerpolitico.mx\/?p=96378#primaryimage"},"thumbnailUrl":"https:\/\/quehacerpolitico.mx\/wp-content\/uploads\/2022\/10\/92B025D6-4292-4E9F-A3AC-9002F10F021E.jpeg","articleSection":["Noticias"],"inLanguage":"es","potentialAction":[{"@type":"CommentAction","name":"Comment","target":["https:\/\/quehacerpolitico.mx\/?p=96378#respond"]}]},{"@type":"WebPage","@id":"https:\/\/quehacerpolitico.mx\/?p=96378","url":"https:\/\/quehacerpolitico.mx\/?p=96378","name":"Este viernes,\u00a0fueron trasladados\u00a0a un centro penitenciario\u00a0los siete\u00a0responsables del secuestro de un ni\u00f1o en Huehuetoca\u00a0EdoMex -","isPartOf":{"@id":"https:\/\/quehacerpolitico.mx\/#website"},"primaryImageOfPage":{"@id":"https:\/\/quehacerpolitico.mx\/?p=96378#primaryimage"},"image":{"@id":"https:\/\/quehacerpolitico.mx\/?p=96378#primaryimage"},"thumbnailUrl":"https:\/\/quehacerpolitico.mx\/wp-content\/uploads\/2022\/10\/92B025D6-4292-4E9F-A3AC-9002F10F021E.jpeg","datePublished":"2022-10-15T02:13:13+00:00","dateModified":"2022-10-15T02:13:15+00:00","author":{"@id":"https:\/\/quehacerpolitico.mx\/#\/schema\/person\/496d8ad2d1d3f8036101dca7ee39e585"},"breadcrumb":{"@id":"https:\/\/quehacerpolitico.mx\/?p=96378#breadcrumb"},"inLanguage":"es","potentialAction":[{"@type":"ReadAction","target":["https:\/\/quehacerpolitico.mx\/?p=96378"]}]},{"@type":"ImageObject","inLanguage":"es","@id":"https:\/\/quehacerpolitico.mx\/?p=96378#primaryimage","url":"https:\/\/quehacerpolitico.mx\/wp-content\/uploads\/2022\/10\/92B025D6-4292-4E9F-A3AC-9002F10F021E.jpeg","contentUrl":"https:\/\/quehacerpolitico.mx\/wp-content\/uploads\/2022\/10\/92B025D6-4292-4E9F-A3AC-9002F10F021E.jpeg","width":739,"height":415},{"@type":"BreadcrumbList","@id":"https:\/\/quehacerpolitico.mx\/?p=96378#breadcrumb","itemListElement":[{"@type":"ListItem","position":1,"name":"Inicio","item":"https:\/\/quehacerpolitico.mx\/"},{"@type":"ListItem","position":2,"name":"Este viernes,\u00a0fueron trasladados\u00a0a un centro penitenciario\u00a0los siete\u00a0responsables del secuestro de un ni\u00f1o en Huehuetoca\u00a0EdoMex"}]},{"@type":"WebSite","@id":"https:\/\/quehacerpolitico.mx\/#website","url":"https:\/\/quehacerpolitico.mx\/","name":"","description":"","potentialAction":[{"@type":"SearchAction","target":{"@type":"EntryPoint","urlTemplate":"https:\/\/quehacerpolitico.mx\/?s={search_term_string}"},"query-input":{"@type":"PropertyValueSpecification","valueRequired":true,"valueName":"search_term_string"}}],"inLanguage":"es"},{"@type":"Person","@id":"https:\/\/quehacerpolitico.mx\/#\/schema\/person\/496d8ad2d1d3f8036101dca7ee39e585","name":"Redacci\u00f3n QP","image":{"@type":"ImageObject","inLanguage":"es","@id":"https:\/\/secure.gravatar.com\/avatar\/c7164ed6fdec453195284ad24a5ae5b6e1eed2b848477fa2a4787ba9adf39a41?s=96&d=mm&r=g","url":"https:\/\/secure.gravatar.com\/avatar\/c7164ed6fdec453195284ad24a5ae5b6e1eed2b848477fa2a4787ba9adf39a41?s=96&d=mm&r=g","contentUrl":"https:\/\/secure.gravatar.com\/avatar\/c7164ed6fdec453195284ad24a5ae5b6e1eed2b848477fa2a4787ba9adf39a41?s=96&d=mm&r=g","caption":"Redacci\u00f3n QP"},"url":"https:\/\/quehacerpolitico.mx\/?author=2"}]}},"featured_image_urls":{"full":["https:\/\/quehacerpolitico.mx\/wp-content\/uploads\/2022\/10\/92B025D6-4292-4E9F-A3AC-9002F10F021E.jpeg",739,415,false],"thumbnail":["https:\/\/quehacerpolitico.mx\/wp-content\/uploads\/2022\/10\/92B025D6-4292-4E9F-A3AC-9002F10F021E-150x150.jpeg",150,150,true],"medium":["https:\/\/quehacerpolitico.mx\/wp-content\/uploads\/2022\/10\/92B025D6-4292-4E9F-A3AC-9002F10F021E-300x168.jpeg",300,168,true],"medium_large":["https:\/\/quehacerpolitico.mx\/wp-content\/uploads\/2022\/10\/92B025D6-4292-4E9F-A3AC-9002F10F021E.jpeg",640,359,false],"large":["https:\/\/quehacerpolitico.mx\/wp-content\/uploads\/2022\/10\/92B025D6-4292-4E9F-A3AC-9002F10F021E.jpeg",640,359,false],"1536x1536":["https:\/\/quehacerpolitico.mx\/wp-content\/uploads\/2022\/10\/92B025D6-4292-4E9F-A3AC-9002F10F021E.jpeg",739,415,false],"2048x2048":["https:\/\/quehacerpolitico.mx\/wp-content\/uploads\/2022\/10\/92B025D6-4292-4E9F-A3AC-9002F10F021E.jpeg",739,415,false],"covernews-featured":["https:\/\/quehacerpolitico.mx\/wp-content\/uploads\/2022\/10\/92B025D6-4292-4E9F-A3AC-9002F10F021E.jpeg",739,415,false],"covernews-medium":["https:\/\/quehacerpolitico.mx\/wp-content\/uploads\/2022\/10\/92B025D6-4292-4E9F-A3AC-9002F10F021E.jpeg",540,303,false]},"author_info":{"display_name":"Redacci\u00f3n QP","author_link":"https:\/\/quehacerpolitico.mx\/?author=2"},"category_info":"<a href=\"https:\/\/quehacerpolitico.mx\/?cat=2\" rel=\"category\">Noticias<\/a>","tag_info":"Noticias","comment_count":"0","_links":{"self":[{"href":"https:\/\/quehacerpolitico.mx\/index.php?rest_route=\/wp\/v2\/posts\/96378","targetHints":{"allow":["GET"]}}],"collection":[{"href":"https:\/\/quehacerpolitico.mx\/index.php?rest_route=\/wp\/v2\/posts"}],"about":[{"href":"https:\/\/quehacerpolitico.mx\/index.php?rest_route=\/wp\/v2\/types\/post"}],"author":[{"embeddable":true,"href":"https:\/\/quehacerpolitico.mx\/index.php?rest_route=\/wp\/v2\/users\/2"}],"replies":[{"embeddable":true,"href":"https:\/\/quehacerpolitico.mx\/index.php?rest_route=%2Fwp%2Fv2%2Fcomments&post=96378"}],"version-history":[{"count":1,"href":"https:\/\/quehacerpolitico.mx\/index.php?rest_route=\/wp\/v2\/posts\/96378\/revisions"}],"predecessor-version":[{"id":96382,"href":"https:\/\/quehacerpolitico.mx\/index.php?rest_route=\/wp\/v2\/posts\/96378\/revisions\/96382"}],"wp:featuredmedia":[{"embeddable":true,"href":"https:\/\/quehacerpolitico.mx\/index.php?rest_route=\/wp\/v2\/media\/96381"}],"wp:attachment":[{"href":"https:\/\/quehacerpolitico.mx\/index.php?rest_route=%2Fwp%2Fv2%2Fmedia&parent=96378"}],"wp:term":[{"taxonomy":"category","embeddable":true,"href":"https:\/\/quehacerpolitico.mx\/index.php?rest_route=%2Fwp%2Fv2%2Fcategories&post=96378"},{"taxonomy":"post_tag","embeddable":true,"href":"https:\/\/quehacerpolitico.mx\/index.php?rest_route=%2Fwp%2Fv2%2Ftags&post=96378"}],"curies":[{"name":"wp","href":"https:\/\/api.w.org\/{rel}","templated":true}]}}