{"id":96374,"date":"2022-10-15T01:34:06","date_gmt":"2022-10-15T01:34:06","guid":{"rendered":"https:\/\/quehacerpolitico.mx\/?p=96374"},"modified":"2022-10-15T01:34:08","modified_gmt":"2022-10-15T01:34:08","slug":"1er-aviso-asaltantes-dejan-amenaza-en-casa-de-fernandez-norona","status":"publish","type":"post","link":"https:\/\/quehacerpolitico.mx\/?p=96374","title":{"rendered":"\u201c1er aviso\u201d: Asaltantes dejan amenaza en casa de Fern\u00e1ndez Noro\u00f1a\u00a0"},"content":{"rendered":"\n<p>Por Redacci\u00f3n QP<\/p>\n\n\n\n<p>El legislador del PT denunci\u00f3 a trav\u00e9s de redes sociales que descubri\u00f3 un mensaje intimidante en las paredes de su casa<\/p>\n\n\n\n<p>El diputado Gerardo Fern\u00e1ndez Noro\u00f1a denunci\u00f3 a trav\u00e9s de redes sociales que descubri\u00f3 una amenaza en las paredes de su casa.<\/p>\n\n\n\n<p>&#8220;1er aviso&#8221; son las palabras que se alcanzan a leer en la pared del legislador, quien comparti\u00f3 el hallazgo v\u00eda Twitter junto a la presunta advertencia.<\/p>\n\n\n\n<figure class=\"wp-block-embed is-type-rich is-provider-twitter wp-block-embed-twitter\"><div class=\"wp-block-embed__wrapper\">\nhttps:\/\/twitter.com\/fernandeznorona\/status\/1580913504898658306?s=20&#038;t=5D7LVRArmaLv2eDrerT3GA\n<\/div><\/figure>\n\n\n\n<p>&#8220;De hecho, creo que la polic\u00eda no lo hab\u00eda visto. Yo no lo hab\u00eda visto, lo vio @Ascension528Hz&#8221;, escribi\u00f3 Fern\u00e1ndez de Noro\u00f1a en su cuenta.<\/p>\n\n\n\n<figure class=\"wp-block-image size-large\"><img loading=\"lazy\" decoding=\"async\" width=\"667\" height=\"1024\" src=\"https:\/\/quehacerpolitico.mx\/wp-content\/uploads\/2022\/10\/image-55-667x1024.jpeg\" alt=\"\" class=\"wp-image-96375\" srcset=\"https:\/\/quehacerpolitico.mx\/wp-content\/uploads\/2022\/10\/image-55-667x1024.jpeg 667w, https:\/\/quehacerpolitico.mx\/wp-content\/uploads\/2022\/10\/image-55-195x300.jpeg 195w, https:\/\/quehacerpolitico.mx\/wp-content\/uploads\/2022\/10\/image-55-768x1180.jpeg 768w, https:\/\/quehacerpolitico.mx\/wp-content\/uploads\/2022\/10\/image-55-1000x1536.jpeg 1000w, https:\/\/quehacerpolitico.mx\/wp-content\/uploads\/2022\/10\/image-55-95x146.jpeg 95w, https:\/\/quehacerpolitico.mx\/wp-content\/uploads\/2022\/10\/image-55-33x50.jpeg 33w, https:\/\/quehacerpolitico.mx\/wp-content\/uploads\/2022\/10\/image-55-49x75.jpeg 49w, https:\/\/quehacerpolitico.mx\/wp-content\/uploads\/2022\/10\/image-55.jpeg 1211w\" sizes=\"auto, (max-width: 667px) 100vw, 667px\" \/><\/figure>\n\n\n\n<h2 class=\"wp-block-heading\">As\u00ed fue el robo en casa de Fern\u00e1ndez Noro\u00f1a<\/h2>\n\n\n\n<p>El pasado 9 de octubre, el diputado denunci\u00f3 a trav\u00e9s de esta misma red social que su casa hab\u00eda quedado &#8220;patas para arriba&#8221; pues ladrones hab\u00edan entrado a robar.<\/p>\n\n\n\n<p>Asimismo, declar\u00f3 en otra ocasi\u00f3n que se hab\u00edan llevado el dinero que ten\u00eda ahorrado para sus aspiraciones pol\u00edticas e intuy\u00f3 que fue &#8220;la oposici\u00f3n&#8221; quien hab\u00eda mandado a \u00e9l o los responsables a robarle.<\/p>\n\n\n\n<p>Con informaci\u00f3n de SUN<\/p>\n","protected":false},"excerpt":{"rendered":"<p>Por Redacci\u00f3n QP El legislador del PT denunci\u00f3 a trav\u00e9s de redes sociales que descubri\u00f3&#8230;<\/p>\n","protected":false},"author":2,"featured_media":96376,"comment_status":"open","ping_status":"open","sticky":false,"template":"","format":"standard","meta":{"_monsterinsights_skip_tracking":false,"_monsterinsights_sitenote_active":false,"_monsterinsights_sitenote_note":"","_monsterinsights_sitenote_category":0,"footnotes":""},"categories":[2],"tags":[],"class_list":["post-96374","post","type-post","status-publish","format-standard","has-post-thumbnail","hentry","category-noticias"],"yoast_head":"<!-- This site is optimized with the Yoast SEO plugin v27.3 - https:\/\/yoast.com\/product\/yoast-seo-wordpress\/ -->\n<title>\u201c1er aviso\u201d: Asaltantes dejan amenaza en casa de Fern\u00e1ndez Noro\u00f1a\u00a0 -<\/title>\n<meta name=\"robots\" content=\"index, follow, max-snippet:-1, max-image-preview:large, max-video-preview:-1\" \/>\n<link rel=\"canonical\" href=\"https:\/\/quehacerpolitico.mx\/?p=96374\" \/>\n<meta property=\"og:locale\" content=\"es_MX\" \/>\n<meta property=\"og:type\" content=\"article\" \/>\n<meta property=\"og:title\" content=\"\u201c1er aviso\u201d: Asaltantes dejan amenaza en casa de Fern\u00e1ndez Noro\u00f1a\u00a0 -\" \/>\n<meta property=\"og:description\" content=\"Por Redacci\u00f3n QP El legislador del PT denunci\u00f3 a trav\u00e9s de redes sociales que descubri\u00f3...\" \/>\n<meta property=\"og:url\" content=\"https:\/\/quehacerpolitico.mx\/?p=96374\" \/>\n<meta property=\"article:published_time\" content=\"2022-10-15T01:34:06+00:00\" \/>\n<meta property=\"article:modified_time\" content=\"2022-10-15T01:34:08+00:00\" \/>\n<meta property=\"og:image\" content=\"https:\/\/quehacerpolitico.mx\/wp-content\/uploads\/2022\/10\/A10BC244-CE3A-4D22-82A3-8418964D525A.jpeg\" \/>\n\t<meta property=\"og:image:width\" content=\"360\" \/>\n\t<meta property=\"og:image:height\" content=\"222\" \/>\n\t<meta property=\"og:image:type\" content=\"image\/jpeg\" \/>\n<meta name=\"author\" content=\"Redacci\u00f3n QP\" \/>\n<meta name=\"twitter:card\" content=\"summary_large_image\" \/>\n<meta name=\"twitter:label1\" content=\"Escrito por\" \/>\n\t<meta name=\"twitter:data1\" content=\"Redacci\u00f3n QP\" \/>\n\t<meta name=\"twitter:label2\" content=\"Tiempo de lectura\" \/>\n\t<meta name=\"twitter:data2\" content=\"1 minuto\" \/>\n<script type=\"application\/ld+json\" class=\"yoast-schema-graph\">{\"@context\":\"https:\\\/\\\/schema.org\",\"@graph\":[{\"@type\":\"Article\",\"@id\":\"https:\\\/\\\/quehacerpolitico.mx\\\/?p=96374#article\",\"isPartOf\":{\"@id\":\"https:\\\/\\\/quehacerpolitico.mx\\\/?p=96374\"},\"author\":{\"name\":\"Redacci\u00f3n QP\",\"@id\":\"https:\\\/\\\/quehacerpolitico.mx\\\/#\\\/schema\\\/person\\\/496d8ad2d1d3f8036101dca7ee39e585\"},\"headline\":\"\u201c1er aviso\u201d: Asaltantes dejan amenaza en casa de Fern\u00e1ndez Noro\u00f1a\u00a0\",\"datePublished\":\"2022-10-15T01:34:06+00:00\",\"dateModified\":\"2022-10-15T01:34:08+00:00\",\"mainEntityOfPage\":{\"@id\":\"https:\\\/\\\/quehacerpolitico.mx\\\/?p=96374\"},\"wordCount\":219,\"commentCount\":0,\"image\":{\"@id\":\"https:\\\/\\\/quehacerpolitico.mx\\\/?p=96374#primaryimage\"},\"thumbnailUrl\":\"https:\\\/\\\/quehacerpolitico.mx\\\/wp-content\\\/uploads\\\/2022\\\/10\\\/A10BC244-CE3A-4D22-82A3-8418964D525A.jpeg\",\"articleSection\":[\"Noticias\"],\"inLanguage\":\"es\",\"potentialAction\":[{\"@type\":\"CommentAction\",\"name\":\"Comment\",\"target\":[\"https:\\\/\\\/quehacerpolitico.mx\\\/?p=96374#respond\"]}]},{\"@type\":\"WebPage\",\"@id\":\"https:\\\/\\\/quehacerpolitico.mx\\\/?p=96374\",\"url\":\"https:\\\/\\\/quehacerpolitico.mx\\\/?p=96374\",\"name\":\"\u201c1er aviso\u201d: Asaltantes dejan amenaza en casa de Fern\u00e1ndez Noro\u00f1a\u00a0 -\",\"isPartOf\":{\"@id\":\"https:\\\/\\\/quehacerpolitico.mx\\\/#website\"},\"primaryImageOfPage\":{\"@id\":\"https:\\\/\\\/quehacerpolitico.mx\\\/?p=96374#primaryimage\"},\"image\":{\"@id\":\"https:\\\/\\\/quehacerpolitico.mx\\\/?p=96374#primaryimage\"},\"thumbnailUrl\":\"https:\\\/\\\/quehacerpolitico.mx\\\/wp-content\\\/uploads\\\/2022\\\/10\\\/A10BC244-CE3A-4D22-82A3-8418964D525A.jpeg\",\"datePublished\":\"2022-10-15T01:34:06+00:00\",\"dateModified\":\"2022-10-15T01:34:08+00:00\",\"author\":{\"@id\":\"https:\\\/\\\/quehacerpolitico.mx\\\/#\\\/schema\\\/person\\\/496d8ad2d1d3f8036101dca7ee39e585\"},\"breadcrumb\":{\"@id\":\"https:\\\/\\\/quehacerpolitico.mx\\\/?p=96374#breadcrumb\"},\"inLanguage\":\"es\",\"potentialAction\":[{\"@type\":\"ReadAction\",\"target\":[\"https:\\\/\\\/quehacerpolitico.mx\\\/?p=96374\"]}]},{\"@type\":\"ImageObject\",\"inLanguage\":\"es\",\"@id\":\"https:\\\/\\\/quehacerpolitico.mx\\\/?p=96374#primaryimage\",\"url\":\"https:\\\/\\\/quehacerpolitico.mx\\\/wp-content\\\/uploads\\\/2022\\\/10\\\/A10BC244-CE3A-4D22-82A3-8418964D525A.jpeg\",\"contentUrl\":\"https:\\\/\\\/quehacerpolitico.mx\\\/wp-content\\\/uploads\\\/2022\\\/10\\\/A10BC244-CE3A-4D22-82A3-8418964D525A.jpeg\",\"width\":360,\"height\":222},{\"@type\":\"BreadcrumbList\",\"@id\":\"https:\\\/\\\/quehacerpolitico.mx\\\/?p=96374#breadcrumb\",\"itemListElement\":[{\"@type\":\"ListItem\",\"position\":1,\"name\":\"Inicio\",\"item\":\"https:\\\/\\\/quehacerpolitico.mx\\\/\"},{\"@type\":\"ListItem\",\"position\":2,\"name\":\"\u201c1er aviso\u201d: Asaltantes dejan amenaza en casa de Fern\u00e1ndez Noro\u00f1a\u00a0\"}]},{\"@type\":\"WebSite\",\"@id\":\"https:\\\/\\\/quehacerpolitico.mx\\\/#website\",\"url\":\"https:\\\/\\\/quehacerpolitico.mx\\\/\",\"name\":\"\",\"description\":\"\",\"potentialAction\":[{\"@type\":\"SearchAction\",\"target\":{\"@type\":\"EntryPoint\",\"urlTemplate\":\"https:\\\/\\\/quehacerpolitico.mx\\\/?s={search_term_string}\"},\"query-input\":{\"@type\":\"PropertyValueSpecification\",\"valueRequired\":true,\"valueName\":\"search_term_string\"}}],\"inLanguage\":\"es\"},{\"@type\":\"Person\",\"@id\":\"https:\\\/\\\/quehacerpolitico.mx\\\/#\\\/schema\\\/person\\\/496d8ad2d1d3f8036101dca7ee39e585\",\"name\":\"Redacci\u00f3n QP\",\"image\":{\"@type\":\"ImageObject\",\"inLanguage\":\"es\",\"@id\":\"https:\\\/\\\/secure.gravatar.com\\\/avatar\\\/c7164ed6fdec453195284ad24a5ae5b6e1eed2b848477fa2a4787ba9adf39a41?s=96&d=mm&r=g\",\"url\":\"https:\\\/\\\/secure.gravatar.com\\\/avatar\\\/c7164ed6fdec453195284ad24a5ae5b6e1eed2b848477fa2a4787ba9adf39a41?s=96&d=mm&r=g\",\"contentUrl\":\"https:\\\/\\\/secure.gravatar.com\\\/avatar\\\/c7164ed6fdec453195284ad24a5ae5b6e1eed2b848477fa2a4787ba9adf39a41?s=96&d=mm&r=g\",\"caption\":\"Redacci\u00f3n QP\"},\"url\":\"https:\\\/\\\/quehacerpolitico.mx\\\/?author=2\"}]}<\/script>\n<!-- \/ Yoast SEO plugin. -->","yoast_head_json":{"title":"\u201c1er aviso\u201d: Asaltantes dejan amenaza en casa de Fern\u00e1ndez Noro\u00f1a\u00a0 -","robots":{"index":"index","follow":"follow","max-snippet":"max-snippet:-1","max-image-preview":"max-image-preview:large","max-video-preview":"max-video-preview:-1"},"canonical":"https:\/\/quehacerpolitico.mx\/?p=96374","og_locale":"es_MX","og_type":"article","og_title":"\u201c1er aviso\u201d: Asaltantes dejan amenaza en casa de Fern\u00e1ndez Noro\u00f1a\u00a0 -","og_description":"Por Redacci\u00f3n QP El legislador del PT denunci\u00f3 a trav\u00e9s de redes sociales que descubri\u00f3...","og_url":"https:\/\/quehacerpolitico.mx\/?p=96374","article_published_time":"2022-10-15T01:34:06+00:00","article_modified_time":"2022-10-15T01:34:08+00:00","og_image":[{"width":360,"height":222,"url":"https:\/\/quehacerpolitico.mx\/wp-content\/uploads\/2022\/10\/A10BC244-CE3A-4D22-82A3-8418964D525A.jpeg","type":"image\/jpeg"}],"author":"Redacci\u00f3n QP","twitter_card":"summary_large_image","twitter_misc":{"Escrito por":"Redacci\u00f3n QP","Tiempo de lectura":"1 minuto"},"schema":{"@context":"https:\/\/schema.org","@graph":[{"@type":"Article","@id":"https:\/\/quehacerpolitico.mx\/?p=96374#article","isPartOf":{"@id":"https:\/\/quehacerpolitico.mx\/?p=96374"},"author":{"name":"Redacci\u00f3n QP","@id":"https:\/\/quehacerpolitico.mx\/#\/schema\/person\/496d8ad2d1d3f8036101dca7ee39e585"},"headline":"\u201c1er aviso\u201d: Asaltantes dejan amenaza en casa de Fern\u00e1ndez Noro\u00f1a\u00a0","datePublished":"2022-10-15T01:34:06+00:00","dateModified":"2022-10-15T01:34:08+00:00","mainEntityOfPage":{"@id":"https:\/\/quehacerpolitico.mx\/?p=96374"},"wordCount":219,"commentCount":0,"image":{"@id":"https:\/\/quehacerpolitico.mx\/?p=96374#primaryimage"},"thumbnailUrl":"https:\/\/quehacerpolitico.mx\/wp-content\/uploads\/2022\/10\/A10BC244-CE3A-4D22-82A3-8418964D525A.jpeg","articleSection":["Noticias"],"inLanguage":"es","potentialAction":[{"@type":"CommentAction","name":"Comment","target":["https:\/\/quehacerpolitico.mx\/?p=96374#respond"]}]},{"@type":"WebPage","@id":"https:\/\/quehacerpolitico.mx\/?p=96374","url":"https:\/\/quehacerpolitico.mx\/?p=96374","name":"\u201c1er aviso\u201d: Asaltantes dejan amenaza en casa de Fern\u00e1ndez Noro\u00f1a\u00a0 -","isPartOf":{"@id":"https:\/\/quehacerpolitico.mx\/#website"},"primaryImageOfPage":{"@id":"https:\/\/quehacerpolitico.mx\/?p=96374#primaryimage"},"image":{"@id":"https:\/\/quehacerpolitico.mx\/?p=96374#primaryimage"},"thumbnailUrl":"https:\/\/quehacerpolitico.mx\/wp-content\/uploads\/2022\/10\/A10BC244-CE3A-4D22-82A3-8418964D525A.jpeg","datePublished":"2022-10-15T01:34:06+00:00","dateModified":"2022-10-15T01:34:08+00:00","author":{"@id":"https:\/\/quehacerpolitico.mx\/#\/schema\/person\/496d8ad2d1d3f8036101dca7ee39e585"},"breadcrumb":{"@id":"https:\/\/quehacerpolitico.mx\/?p=96374#breadcrumb"},"inLanguage":"es","potentialAction":[{"@type":"ReadAction","target":["https:\/\/quehacerpolitico.mx\/?p=96374"]}]},{"@type":"ImageObject","inLanguage":"es","@id":"https:\/\/quehacerpolitico.mx\/?p=96374#primaryimage","url":"https:\/\/quehacerpolitico.mx\/wp-content\/uploads\/2022\/10\/A10BC244-CE3A-4D22-82A3-8418964D525A.jpeg","contentUrl":"https:\/\/quehacerpolitico.mx\/wp-content\/uploads\/2022\/10\/A10BC244-CE3A-4D22-82A3-8418964D525A.jpeg","width":360,"height":222},{"@type":"BreadcrumbList","@id":"https:\/\/quehacerpolitico.mx\/?p=96374#breadcrumb","itemListElement":[{"@type":"ListItem","position":1,"name":"Inicio","item":"https:\/\/quehacerpolitico.mx\/"},{"@type":"ListItem","position":2,"name":"\u201c1er aviso\u201d: Asaltantes dejan amenaza en casa de Fern\u00e1ndez Noro\u00f1a\u00a0"}]},{"@type":"WebSite","@id":"https:\/\/quehacerpolitico.mx\/#website","url":"https:\/\/quehacerpolitico.mx\/","name":"","description":"","potentialAction":[{"@type":"SearchAction","target":{"@type":"EntryPoint","urlTemplate":"https:\/\/quehacerpolitico.mx\/?s={search_term_string}"},"query-input":{"@type":"PropertyValueSpecification","valueRequired":true,"valueName":"search_term_string"}}],"inLanguage":"es"},{"@type":"Person","@id":"https:\/\/quehacerpolitico.mx\/#\/schema\/person\/496d8ad2d1d3f8036101dca7ee39e585","name":"Redacci\u00f3n QP","image":{"@type":"ImageObject","inLanguage":"es","@id":"https:\/\/secure.gravatar.com\/avatar\/c7164ed6fdec453195284ad24a5ae5b6e1eed2b848477fa2a4787ba9adf39a41?s=96&d=mm&r=g","url":"https:\/\/secure.gravatar.com\/avatar\/c7164ed6fdec453195284ad24a5ae5b6e1eed2b848477fa2a4787ba9adf39a41?s=96&d=mm&r=g","contentUrl":"https:\/\/secure.gravatar.com\/avatar\/c7164ed6fdec453195284ad24a5ae5b6e1eed2b848477fa2a4787ba9adf39a41?s=96&d=mm&r=g","caption":"Redacci\u00f3n QP"},"url":"https:\/\/quehacerpolitico.mx\/?author=2"}]}},"featured_image_urls":{"full":["https:\/\/quehacerpolitico.mx\/wp-content\/uploads\/2022\/10\/A10BC244-CE3A-4D22-82A3-8418964D525A.jpeg",360,222,false],"thumbnail":["https:\/\/quehacerpolitico.mx\/wp-content\/uploads\/2022\/10\/A10BC244-CE3A-4D22-82A3-8418964D525A-150x150.jpeg",150,150,true],"medium":["https:\/\/quehacerpolitico.mx\/wp-content\/uploads\/2022\/10\/A10BC244-CE3A-4D22-82A3-8418964D525A-300x185.jpeg",300,185,true],"medium_large":["https:\/\/quehacerpolitico.mx\/wp-content\/uploads\/2022\/10\/A10BC244-CE3A-4D22-82A3-8418964D525A.jpeg",360,222,false],"large":["https:\/\/quehacerpolitico.mx\/wp-content\/uploads\/2022\/10\/A10BC244-CE3A-4D22-82A3-8418964D525A.jpeg",360,222,false],"1536x1536":["https:\/\/quehacerpolitico.mx\/wp-content\/uploads\/2022\/10\/A10BC244-CE3A-4D22-82A3-8418964D525A.jpeg",360,222,false],"2048x2048":["https:\/\/quehacerpolitico.mx\/wp-content\/uploads\/2022\/10\/A10BC244-CE3A-4D22-82A3-8418964D525A.jpeg",360,222,false],"covernews-featured":["https:\/\/quehacerpolitico.mx\/wp-content\/uploads\/2022\/10\/A10BC244-CE3A-4D22-82A3-8418964D525A.jpeg",360,222,false],"covernews-medium":["https:\/\/quehacerpolitico.mx\/wp-content\/uploads\/2022\/10\/A10BC244-CE3A-4D22-82A3-8418964D525A.jpeg",360,222,false]},"author_info":{"display_name":"Redacci\u00f3n QP","author_link":"https:\/\/quehacerpolitico.mx\/?author=2"},"category_info":"<a href=\"https:\/\/quehacerpolitico.mx\/?cat=2\" rel=\"category\">Noticias<\/a>","tag_info":"Noticias","comment_count":"0","_links":{"self":[{"href":"https:\/\/quehacerpolitico.mx\/index.php?rest_route=\/wp\/v2\/posts\/96374","targetHints":{"allow":["GET"]}}],"collection":[{"href":"https:\/\/quehacerpolitico.mx\/index.php?rest_route=\/wp\/v2\/posts"}],"about":[{"href":"https:\/\/quehacerpolitico.mx\/index.php?rest_route=\/wp\/v2\/types\/post"}],"author":[{"embeddable":true,"href":"https:\/\/quehacerpolitico.mx\/index.php?rest_route=\/wp\/v2\/users\/2"}],"replies":[{"embeddable":true,"href":"https:\/\/quehacerpolitico.mx\/index.php?rest_route=%2Fwp%2Fv2%2Fcomments&post=96374"}],"version-history":[{"count":1,"href":"https:\/\/quehacerpolitico.mx\/index.php?rest_route=\/wp\/v2\/posts\/96374\/revisions"}],"predecessor-version":[{"id":96377,"href":"https:\/\/quehacerpolitico.mx\/index.php?rest_route=\/wp\/v2\/posts\/96374\/revisions\/96377"}],"wp:featuredmedia":[{"embeddable":true,"href":"https:\/\/quehacerpolitico.mx\/index.php?rest_route=\/wp\/v2\/media\/96376"}],"wp:attachment":[{"href":"https:\/\/quehacerpolitico.mx\/index.php?rest_route=%2Fwp%2Fv2%2Fmedia&parent=96374"}],"wp:term":[{"taxonomy":"category","embeddable":true,"href":"https:\/\/quehacerpolitico.mx\/index.php?rest_route=%2Fwp%2Fv2%2Fcategories&post=96374"},{"taxonomy":"post_tag","embeddable":true,"href":"https:\/\/quehacerpolitico.mx\/index.php?rest_route=%2Fwp%2Fv2%2Ftags&post=96374"}],"curies":[{"name":"wp","href":"https:\/\/api.w.org\/{rel}","templated":true}]}}