{"id":96371,"date":"2022-10-15T01:07:44","date_gmt":"2022-10-15T01:07:44","guid":{"rendered":"https:\/\/quehacerpolitico.mx\/?p=96371"},"modified":"2022-10-15T01:07:47","modified_gmt":"2022-10-15T01:07:47","slug":"alejandro-encinas-es-el-nuevo-subsecretario-de-comercio-exterior","status":"publish","type":"post","link":"https:\/\/quehacerpolitico.mx\/?p=96371","title":{"rendered":"Alejandro Encinas es el nuevo subsecretario de Comercio Exterior\u00a0"},"content":{"rendered":"\n<p>Por Redacci\u00f3n QP<\/p>\n\n\n\n<p>Alejandro Encinas N\u00e1jera llega a reemplazar a\u00a0Luz Mar\u00eda de la Mora como subsecretario\u00a0de comercio exterior<\/p>\n\n\n\n<p>La Secretar\u00eda de Econom\u00eda (SE) anunci\u00f3 que\u00a0<strong>Alejandro Encinas N\u00e1jera es el nuevo subsecretario de Comercio Exterior,\u00a0<\/strong>y Luis Abel Romero L\u00f3pez, el nuevo subsecretario de Industria y Comercio.<\/p>\n\n\n\n<p>Fue mediante su cuenta oficial de Twitter que la dependencia dio a conocer que la secretaria de Econom\u00eda,<strong>&nbsp;Raquel Buenrostro, present\u00f3 a ambos funcionarios<\/strong>&nbsp;en la dependencia que ella encabeza.<\/p>\n\n\n\n<p>&#8220;La Secretaria de Econom\u00eda, Mtra. Raquel Buenrostro, present\u00f3 al\u00a0<strong>Dr. Alejandro Encinas N\u00e1jera como Subsecretario de Comercio Exterior<\/strong>\u00a0y al Lic. Luis Abel Romero L\u00f3pez como Subsecretario de Industria y Comercio&#8221;, comparti\u00f3 la dependencia.<\/p>\n\n\n\n<figure class=\"wp-block-embed is-type-rich is-provider-twitter wp-block-embed-twitter\"><div class=\"wp-block-embed__wrapper\">\n<blockquote class=\"twitter-tweet\" data-width=\"550\" data-dnt=\"true\"><p lang=\"es\" dir=\"ltr\">La Secretaria de Econom\u00eda, Mtra. Raquel Buenrostro, present\u00f3 al Dr. Alejandro Encinas N\u00e1jera como Subsecretario de Comercio Exterior y al Lic. Luis Abel Romero L\u00f3pez como Subsecretario de Industria y Comercio. <a href=\"https:\/\/t.co\/T3V5jUpXPf\">pic.twitter.com\/T3V5jUpXPf<\/a><\/p>&mdash; Econom\u00eda M\u00e9xico (@SE_mx) <a href=\"https:\/\/twitter.com\/SE_mx\/status\/1580965969870041091?ref_src=twsrc%5Etfw\">October 14, 2022<\/a><\/blockquote><script async src=\"https:\/\/platform.twitter.com\/widgets.js\" charset=\"utf-8\"><\/script>\n<\/div><\/figure>\n\n\n\n<p><strong>Cabe mencionar que Luis Abel Romero L\u00f3pez ya hab\u00eda trabajado anteriormente en el Servicio de Administraci\u00f3n Tributaria (SAT)\u00a0<\/strong>junto con Buenrostro. En su momento ocup\u00f3 el cargo de administrador general de Recaudaci\u00f3n, con lo que el SAT toma control de Econom\u00eda.<\/p>\n\n\n\n<p>Con informaci\u00f3n de SUN<\/p>\n","protected":false},"excerpt":{"rendered":"<p>Por Redacci\u00f3n QP Alejandro Encinas N\u00e1jera llega a reemplazar a\u00a0Luz Mar\u00eda de la Mora como&#8230;<\/p>\n","protected":false},"author":2,"featured_media":96372,"comment_status":"open","ping_status":"open","sticky":false,"template":"","format":"standard","meta":{"_monsterinsights_skip_tracking":false,"_monsterinsights_sitenote_active":false,"_monsterinsights_sitenote_note":"","_monsterinsights_sitenote_category":0,"footnotes":""},"categories":[56],"tags":[],"class_list":["post-96371","post","type-post","status-publish","format-standard","has-post-thumbnail","hentry","category-economia"],"yoast_head":"<!-- This site is optimized with the Yoast SEO plugin v27.3 - https:\/\/yoast.com\/product\/yoast-seo-wordpress\/ -->\n<title>Alejandro Encinas es el nuevo subsecretario de Comercio Exterior\u00a0 -<\/title>\n<meta name=\"robots\" content=\"index, follow, max-snippet:-1, max-image-preview:large, max-video-preview:-1\" \/>\n<link rel=\"canonical\" href=\"https:\/\/quehacerpolitico.mx\/?p=96371\" \/>\n<meta property=\"og:locale\" content=\"es_MX\" \/>\n<meta property=\"og:type\" content=\"article\" \/>\n<meta property=\"og:title\" content=\"Alejandro Encinas es el nuevo subsecretario de Comercio Exterior\u00a0 -\" \/>\n<meta property=\"og:description\" content=\"Por Redacci\u00f3n QP Alejandro Encinas N\u00e1jera llega a reemplazar a\u00a0Luz Mar\u00eda de la Mora como...\" \/>\n<meta property=\"og:url\" content=\"https:\/\/quehacerpolitico.mx\/?p=96371\" \/>\n<meta property=\"article:published_time\" content=\"2022-10-15T01:07:44+00:00\" \/>\n<meta property=\"article:modified_time\" content=\"2022-10-15T01:07:47+00:00\" \/>\n<meta property=\"og:image\" content=\"https:\/\/quehacerpolitico.mx\/wp-content\/uploads\/2022\/10\/8D8A3AC5-9998-40ED-9316-DAB587707088.jpeg\" \/>\n\t<meta property=\"og:image:width\" content=\"2048\" \/>\n\t<meta property=\"og:image:height\" content=\"1564\" \/>\n\t<meta property=\"og:image:type\" content=\"image\/jpeg\" \/>\n<meta name=\"author\" content=\"Redacci\u00f3n QP\" \/>\n<meta name=\"twitter:card\" content=\"summary_large_image\" \/>\n<meta name=\"twitter:label1\" content=\"Escrito por\" \/>\n\t<meta name=\"twitter:data1\" content=\"Redacci\u00f3n QP\" \/>\n\t<meta name=\"twitter:label2\" content=\"Tiempo de lectura\" \/>\n\t<meta name=\"twitter:data2\" content=\"1 minuto\" \/>\n<script type=\"application\/ld+json\" class=\"yoast-schema-graph\">{\"@context\":\"https:\\\/\\\/schema.org\",\"@graph\":[{\"@type\":\"Article\",\"@id\":\"https:\\\/\\\/quehacerpolitico.mx\\\/?p=96371#article\",\"isPartOf\":{\"@id\":\"https:\\\/\\\/quehacerpolitico.mx\\\/?p=96371\"},\"author\":{\"name\":\"Redacci\u00f3n QP\",\"@id\":\"https:\\\/\\\/quehacerpolitico.mx\\\/#\\\/schema\\\/person\\\/496d8ad2d1d3f8036101dca7ee39e585\"},\"headline\":\"Alejandro Encinas es el nuevo subsecretario de Comercio Exterior\u00a0\",\"datePublished\":\"2022-10-15T01:07:44+00:00\",\"dateModified\":\"2022-10-15T01:07:47+00:00\",\"mainEntityOfPage\":{\"@id\":\"https:\\\/\\\/quehacerpolitico.mx\\\/?p=96371\"},\"wordCount\":198,\"commentCount\":0,\"image\":{\"@id\":\"https:\\\/\\\/quehacerpolitico.mx\\\/?p=96371#primaryimage\"},\"thumbnailUrl\":\"https:\\\/\\\/quehacerpolitico.mx\\\/wp-content\\\/uploads\\\/2022\\\/10\\\/8D8A3AC5-9998-40ED-9316-DAB587707088.jpeg\",\"articleSection\":[\"Econom\u00eda\"],\"inLanguage\":\"es\",\"potentialAction\":[{\"@type\":\"CommentAction\",\"name\":\"Comment\",\"target\":[\"https:\\\/\\\/quehacerpolitico.mx\\\/?p=96371#respond\"]}]},{\"@type\":\"WebPage\",\"@id\":\"https:\\\/\\\/quehacerpolitico.mx\\\/?p=96371\",\"url\":\"https:\\\/\\\/quehacerpolitico.mx\\\/?p=96371\",\"name\":\"Alejandro Encinas es el nuevo subsecretario de Comercio Exterior\u00a0 -\",\"isPartOf\":{\"@id\":\"https:\\\/\\\/quehacerpolitico.mx\\\/#website\"},\"primaryImageOfPage\":{\"@id\":\"https:\\\/\\\/quehacerpolitico.mx\\\/?p=96371#primaryimage\"},\"image\":{\"@id\":\"https:\\\/\\\/quehacerpolitico.mx\\\/?p=96371#primaryimage\"},\"thumbnailUrl\":\"https:\\\/\\\/quehacerpolitico.mx\\\/wp-content\\\/uploads\\\/2022\\\/10\\\/8D8A3AC5-9998-40ED-9316-DAB587707088.jpeg\",\"datePublished\":\"2022-10-15T01:07:44+00:00\",\"dateModified\":\"2022-10-15T01:07:47+00:00\",\"author\":{\"@id\":\"https:\\\/\\\/quehacerpolitico.mx\\\/#\\\/schema\\\/person\\\/496d8ad2d1d3f8036101dca7ee39e585\"},\"breadcrumb\":{\"@id\":\"https:\\\/\\\/quehacerpolitico.mx\\\/?p=96371#breadcrumb\"},\"inLanguage\":\"es\",\"potentialAction\":[{\"@type\":\"ReadAction\",\"target\":[\"https:\\\/\\\/quehacerpolitico.mx\\\/?p=96371\"]}]},{\"@type\":\"ImageObject\",\"inLanguage\":\"es\",\"@id\":\"https:\\\/\\\/quehacerpolitico.mx\\\/?p=96371#primaryimage\",\"url\":\"https:\\\/\\\/quehacerpolitico.mx\\\/wp-content\\\/uploads\\\/2022\\\/10\\\/8D8A3AC5-9998-40ED-9316-DAB587707088.jpeg\",\"contentUrl\":\"https:\\\/\\\/quehacerpolitico.mx\\\/wp-content\\\/uploads\\\/2022\\\/10\\\/8D8A3AC5-9998-40ED-9316-DAB587707088.jpeg\",\"width\":2048,\"height\":1564},{\"@type\":\"BreadcrumbList\",\"@id\":\"https:\\\/\\\/quehacerpolitico.mx\\\/?p=96371#breadcrumb\",\"itemListElement\":[{\"@type\":\"ListItem\",\"position\":1,\"name\":\"Inicio\",\"item\":\"https:\\\/\\\/quehacerpolitico.mx\\\/\"},{\"@type\":\"ListItem\",\"position\":2,\"name\":\"Alejandro Encinas es el nuevo subsecretario de Comercio Exterior\u00a0\"}]},{\"@type\":\"WebSite\",\"@id\":\"https:\\\/\\\/quehacerpolitico.mx\\\/#website\",\"url\":\"https:\\\/\\\/quehacerpolitico.mx\\\/\",\"name\":\"\",\"description\":\"\",\"potentialAction\":[{\"@type\":\"SearchAction\",\"target\":{\"@type\":\"EntryPoint\",\"urlTemplate\":\"https:\\\/\\\/quehacerpolitico.mx\\\/?s={search_term_string}\"},\"query-input\":{\"@type\":\"PropertyValueSpecification\",\"valueRequired\":true,\"valueName\":\"search_term_string\"}}],\"inLanguage\":\"es\"},{\"@type\":\"Person\",\"@id\":\"https:\\\/\\\/quehacerpolitico.mx\\\/#\\\/schema\\\/person\\\/496d8ad2d1d3f8036101dca7ee39e585\",\"name\":\"Redacci\u00f3n QP\",\"image\":{\"@type\":\"ImageObject\",\"inLanguage\":\"es\",\"@id\":\"https:\\\/\\\/secure.gravatar.com\\\/avatar\\\/c7164ed6fdec453195284ad24a5ae5b6e1eed2b848477fa2a4787ba9adf39a41?s=96&d=mm&r=g\",\"url\":\"https:\\\/\\\/secure.gravatar.com\\\/avatar\\\/c7164ed6fdec453195284ad24a5ae5b6e1eed2b848477fa2a4787ba9adf39a41?s=96&d=mm&r=g\",\"contentUrl\":\"https:\\\/\\\/secure.gravatar.com\\\/avatar\\\/c7164ed6fdec453195284ad24a5ae5b6e1eed2b848477fa2a4787ba9adf39a41?s=96&d=mm&r=g\",\"caption\":\"Redacci\u00f3n QP\"},\"url\":\"https:\\\/\\\/quehacerpolitico.mx\\\/?author=2\"}]}<\/script>\n<!-- \/ Yoast SEO plugin. -->","yoast_head_json":{"title":"Alejandro Encinas es el nuevo subsecretario de Comercio Exterior\u00a0 -","robots":{"index":"index","follow":"follow","max-snippet":"max-snippet:-1","max-image-preview":"max-image-preview:large","max-video-preview":"max-video-preview:-1"},"canonical":"https:\/\/quehacerpolitico.mx\/?p=96371","og_locale":"es_MX","og_type":"article","og_title":"Alejandro Encinas es el nuevo subsecretario de Comercio Exterior\u00a0 -","og_description":"Por Redacci\u00f3n QP Alejandro Encinas N\u00e1jera llega a reemplazar a\u00a0Luz Mar\u00eda de la Mora como...","og_url":"https:\/\/quehacerpolitico.mx\/?p=96371","article_published_time":"2022-10-15T01:07:44+00:00","article_modified_time":"2022-10-15T01:07:47+00:00","og_image":[{"width":2048,"height":1564,"url":"https:\/\/quehacerpolitico.mx\/wp-content\/uploads\/2022\/10\/8D8A3AC5-9998-40ED-9316-DAB587707088.jpeg","type":"image\/jpeg"}],"author":"Redacci\u00f3n QP","twitter_card":"summary_large_image","twitter_misc":{"Escrito por":"Redacci\u00f3n QP","Tiempo de lectura":"1 minuto"},"schema":{"@context":"https:\/\/schema.org","@graph":[{"@type":"Article","@id":"https:\/\/quehacerpolitico.mx\/?p=96371#article","isPartOf":{"@id":"https:\/\/quehacerpolitico.mx\/?p=96371"},"author":{"name":"Redacci\u00f3n QP","@id":"https:\/\/quehacerpolitico.mx\/#\/schema\/person\/496d8ad2d1d3f8036101dca7ee39e585"},"headline":"Alejandro Encinas es el nuevo subsecretario de Comercio Exterior\u00a0","datePublished":"2022-10-15T01:07:44+00:00","dateModified":"2022-10-15T01:07:47+00:00","mainEntityOfPage":{"@id":"https:\/\/quehacerpolitico.mx\/?p=96371"},"wordCount":198,"commentCount":0,"image":{"@id":"https:\/\/quehacerpolitico.mx\/?p=96371#primaryimage"},"thumbnailUrl":"https:\/\/quehacerpolitico.mx\/wp-content\/uploads\/2022\/10\/8D8A3AC5-9998-40ED-9316-DAB587707088.jpeg","articleSection":["Econom\u00eda"],"inLanguage":"es","potentialAction":[{"@type":"CommentAction","name":"Comment","target":["https:\/\/quehacerpolitico.mx\/?p=96371#respond"]}]},{"@type":"WebPage","@id":"https:\/\/quehacerpolitico.mx\/?p=96371","url":"https:\/\/quehacerpolitico.mx\/?p=96371","name":"Alejandro Encinas es el nuevo subsecretario de Comercio Exterior\u00a0 -","isPartOf":{"@id":"https:\/\/quehacerpolitico.mx\/#website"},"primaryImageOfPage":{"@id":"https:\/\/quehacerpolitico.mx\/?p=96371#primaryimage"},"image":{"@id":"https:\/\/quehacerpolitico.mx\/?p=96371#primaryimage"},"thumbnailUrl":"https:\/\/quehacerpolitico.mx\/wp-content\/uploads\/2022\/10\/8D8A3AC5-9998-40ED-9316-DAB587707088.jpeg","datePublished":"2022-10-15T01:07:44+00:00","dateModified":"2022-10-15T01:07:47+00:00","author":{"@id":"https:\/\/quehacerpolitico.mx\/#\/schema\/person\/496d8ad2d1d3f8036101dca7ee39e585"},"breadcrumb":{"@id":"https:\/\/quehacerpolitico.mx\/?p=96371#breadcrumb"},"inLanguage":"es","potentialAction":[{"@type":"ReadAction","target":["https:\/\/quehacerpolitico.mx\/?p=96371"]}]},{"@type":"ImageObject","inLanguage":"es","@id":"https:\/\/quehacerpolitico.mx\/?p=96371#primaryimage","url":"https:\/\/quehacerpolitico.mx\/wp-content\/uploads\/2022\/10\/8D8A3AC5-9998-40ED-9316-DAB587707088.jpeg","contentUrl":"https:\/\/quehacerpolitico.mx\/wp-content\/uploads\/2022\/10\/8D8A3AC5-9998-40ED-9316-DAB587707088.jpeg","width":2048,"height":1564},{"@type":"BreadcrumbList","@id":"https:\/\/quehacerpolitico.mx\/?p=96371#breadcrumb","itemListElement":[{"@type":"ListItem","position":1,"name":"Inicio","item":"https:\/\/quehacerpolitico.mx\/"},{"@type":"ListItem","position":2,"name":"Alejandro Encinas es el nuevo subsecretario de Comercio Exterior\u00a0"}]},{"@type":"WebSite","@id":"https:\/\/quehacerpolitico.mx\/#website","url":"https:\/\/quehacerpolitico.mx\/","name":"","description":"","potentialAction":[{"@type":"SearchAction","target":{"@type":"EntryPoint","urlTemplate":"https:\/\/quehacerpolitico.mx\/?s={search_term_string}"},"query-input":{"@type":"PropertyValueSpecification","valueRequired":true,"valueName":"search_term_string"}}],"inLanguage":"es"},{"@type":"Person","@id":"https:\/\/quehacerpolitico.mx\/#\/schema\/person\/496d8ad2d1d3f8036101dca7ee39e585","name":"Redacci\u00f3n QP","image":{"@type":"ImageObject","inLanguage":"es","@id":"https:\/\/secure.gravatar.com\/avatar\/c7164ed6fdec453195284ad24a5ae5b6e1eed2b848477fa2a4787ba9adf39a41?s=96&d=mm&r=g","url":"https:\/\/secure.gravatar.com\/avatar\/c7164ed6fdec453195284ad24a5ae5b6e1eed2b848477fa2a4787ba9adf39a41?s=96&d=mm&r=g","contentUrl":"https:\/\/secure.gravatar.com\/avatar\/c7164ed6fdec453195284ad24a5ae5b6e1eed2b848477fa2a4787ba9adf39a41?s=96&d=mm&r=g","caption":"Redacci\u00f3n QP"},"url":"https:\/\/quehacerpolitico.mx\/?author=2"}]}},"featured_image_urls":{"full":["https:\/\/quehacerpolitico.mx\/wp-content\/uploads\/2022\/10\/8D8A3AC5-9998-40ED-9316-DAB587707088.jpeg",2048,1564,false],"thumbnail":["https:\/\/quehacerpolitico.mx\/wp-content\/uploads\/2022\/10\/8D8A3AC5-9998-40ED-9316-DAB587707088-150x150.jpeg",150,150,true],"medium":["https:\/\/quehacerpolitico.mx\/wp-content\/uploads\/2022\/10\/8D8A3AC5-9998-40ED-9316-DAB587707088-300x229.jpeg",300,229,true],"medium_large":["https:\/\/quehacerpolitico.mx\/wp-content\/uploads\/2022\/10\/8D8A3AC5-9998-40ED-9316-DAB587707088-768x587.jpeg",640,489,true],"large":["https:\/\/quehacerpolitico.mx\/wp-content\/uploads\/2022\/10\/8D8A3AC5-9998-40ED-9316-DAB587707088-1024x782.jpeg",640,489,true],"1536x1536":["https:\/\/quehacerpolitico.mx\/wp-content\/uploads\/2022\/10\/8D8A3AC5-9998-40ED-9316-DAB587707088-1536x1173.jpeg",1536,1173,true],"2048x2048":["https:\/\/quehacerpolitico.mx\/wp-content\/uploads\/2022\/10\/8D8A3AC5-9998-40ED-9316-DAB587707088.jpeg",2048,1564,false],"covernews-featured":["https:\/\/quehacerpolitico.mx\/wp-content\/uploads\/2022\/10\/8D8A3AC5-9998-40ED-9316-DAB587707088.jpeg",1024,782,false],"covernews-medium":["https:\/\/quehacerpolitico.mx\/wp-content\/uploads\/2022\/10\/8D8A3AC5-9998-40ED-9316-DAB587707088.jpeg",445,340,false]},"author_info":{"display_name":"Redacci\u00f3n QP","author_link":"https:\/\/quehacerpolitico.mx\/?author=2"},"category_info":"<a href=\"https:\/\/quehacerpolitico.mx\/?cat=56\" rel=\"category\">Econom\u00eda<\/a>","tag_info":"Econom\u00eda","comment_count":"0","_links":{"self":[{"href":"https:\/\/quehacerpolitico.mx\/index.php?rest_route=\/wp\/v2\/posts\/96371","targetHints":{"allow":["GET"]}}],"collection":[{"href":"https:\/\/quehacerpolitico.mx\/index.php?rest_route=\/wp\/v2\/posts"}],"about":[{"href":"https:\/\/quehacerpolitico.mx\/index.php?rest_route=\/wp\/v2\/types\/post"}],"author":[{"embeddable":true,"href":"https:\/\/quehacerpolitico.mx\/index.php?rest_route=\/wp\/v2\/users\/2"}],"replies":[{"embeddable":true,"href":"https:\/\/quehacerpolitico.mx\/index.php?rest_route=%2Fwp%2Fv2%2Fcomments&post=96371"}],"version-history":[{"count":1,"href":"https:\/\/quehacerpolitico.mx\/index.php?rest_route=\/wp\/v2\/posts\/96371\/revisions"}],"predecessor-version":[{"id":96373,"href":"https:\/\/quehacerpolitico.mx\/index.php?rest_route=\/wp\/v2\/posts\/96371\/revisions\/96373"}],"wp:featuredmedia":[{"embeddable":true,"href":"https:\/\/quehacerpolitico.mx\/index.php?rest_route=\/wp\/v2\/media\/96372"}],"wp:attachment":[{"href":"https:\/\/quehacerpolitico.mx\/index.php?rest_route=%2Fwp%2Fv2%2Fmedia&parent=96371"}],"wp:term":[{"taxonomy":"category","embeddable":true,"href":"https:\/\/quehacerpolitico.mx\/index.php?rest_route=%2Fwp%2Fv2%2Fcategories&post=96371"},{"taxonomy":"post_tag","embeddable":true,"href":"https:\/\/quehacerpolitico.mx\/index.php?rest_route=%2Fwp%2Fv2%2Ftags&post=96371"}],"curies":[{"name":"wp","href":"https:\/\/api.w.org\/{rel}","templated":true}]}}