{"id":96368,"date":"2022-10-15T00:56:13","date_gmt":"2022-10-15T00:56:13","guid":{"rendered":"https:\/\/quehacerpolitico.mx\/?p=96368"},"modified":"2022-10-15T00:56:15","modified_gmt":"2022-10-15T00:56:15","slug":"el-monumento-a-la-revolucion-sera-el-anfitrion-del-corona-fifa-fan-festival","status":"publish","type":"post","link":"https:\/\/quehacerpolitico.mx\/?p=96368","title":{"rendered":"El Monumento a la Revoluci\u00f3n ser\u00e1 el anfitri\u00f3n del \u201dCorona FIFA Fan Festival\u201d"},"content":{"rendered":"\n<p>Por Redacci\u00f3n QP<\/p>\n\n\n\n<p>La Ciudad de M\u00e9xico ser una de las 6 ciudades del planeta donde se podr\u00e1 disfrutar de la experiencia que tendr\u00e1 como escenario el Monumento a la Revoluci\u00f3n<\/p>\n\n\n\n<p>El Gobierno de la Ciudad de M\u00e9xico, Grupo Modelo y Grupo Expansi\u00f3n se unieron para el Corona FIFA Fan Festival, la experiencia que traer\u00e1 a los mexicanos entretenimiento, la emoci\u00f3n y toda la pasi\u00f3n mundialista de la Copa del Mundo con transmisiones en vivo de los juegos de FIFA Catar 2022 y diversas actividades de entretenimiento, musicales y culturales. El evento llegar\u00e1 a la Plaza de la Rep\u00fablica del 20 de noviembre al 18 de diciembre, teniendo como escenario el Monumento a la Revoluci\u00f3n.<\/p>\n\n\n\n<p>Por primera vez en la historia, gracias a la alianza global entre la FIFA y AB InBev, esta experiencia se podr\u00e1 vivir en 6 ciudades del planeta, como complemento del festival principal que tendr\u00e1 lugar en el parque Al Bidda de Doha, en Catar. Adem\u00e1s de la Ciudad de M\u00e9xico, el FIFA Fan Festival estar\u00e1 presente en R\u00edo de Janeiro y Sao Paulo en Brasil; en Londres, Inglaterra; Se\u00fal en Corea, y Dub\u00e1i en los Emiratos \u00c1rabes Unidos.<\/p>\n\n\n\n<figure class=\"wp-block-embed is-type-video is-provider-youtube wp-block-embed-youtube wp-embed-aspect-16-9 wp-has-aspect-ratio\"><div class=\"wp-block-embed__wrapper\">\n<iframe loading=\"lazy\" title=\"Presentaci\u00f3n del Corona FIFA Fan Festival\" width=\"640\" height=\"360\" src=\"https:\/\/www.youtube.com\/embed\/gxwkJxcVnls?feature=oembed\" frameborder=\"0\" allow=\"accelerometer; autoplay; clipboard-write; encrypted-media; gyroscope; picture-in-picture; web-share\" referrerpolicy=\"strict-origin-when-cross-origin\" allowfullscreen><\/iframe>\n<\/div><\/figure>\n\n\n\n<p>En la Ciudad de M\u00e9xico, Corona es la marca insignia de Grupo Modelo, la encargada de traer el festival a la capital durante todo el torneo, en fechas y horas seleccionadas, mientras que Grupo Expansi\u00f3n, a trav\u00e9s de su divisi\u00f3n de Eventos, ser\u00e1 el responsable de la producci\u00f3n, operaci\u00f3n y promoci\u00f3n del evento. Este ic\u00f3nico destino tur\u00edstico, nacional e internacional, puede albergar a 10 mil visitantes por d\u00eda y tiene una ubicaci\u00f3n inigualable, y se puede llegar a \u00e9l a trav\u00e9s de diversos medios de transporte p\u00fablico y privado.<\/p>\n\n\n\n<p>La experiencia ser\u00e1 gratuita para todo p\u00fablico y para acceder s\u00f3lo ser\u00e1 necesario registrarse en la p\u00e1gina del evento que se dar\u00e1 a conocer pr\u00f3ximamente.<\/p>\n\n\n\n<p>\u201cLa copa mundial de f\u00fatbol es el evento deportivo y cultural m\u00e1s importante de M\u00e9xico. A lo largo de casi un siglo, Grupo Modelo ha compartido esa pasi\u00f3n y acercado el f\u00fatbol a los todos los mexicanos a trav\u00e9s de sus marcas. Este a\u00f1o no pod\u00eda ser la excepci\u00f3n, por eso, en alianza con el Gobierno de la Ciudad de M\u00e9xico, traemos el Corona FIFA Fan Festival, para que los fan\u00e1ticos del f\u00fatbol puedan experimentar toda la emoci\u00f3n de la Copa del Mundo FIFA Catar 2022\u2122\u201d, asegur\u00f3 Cassiano De Stefano, presidente de Grupo Modelo.<\/p>\n\n\n\n<p>La Jefa de Gobierno, Claudia Sheinbaum Pardo, se\u00f1al\u00f3 que es un orgullo para la Ciudad de M\u00e9xico ser una de las seis ciudades del planeta donde se podr\u00e1 vivir esta experiencia que, gracias a la colaboraci\u00f3n con el Grupo Modelo, disfrutar\u00e1n habitantes y visitantes de la capital.<\/p>\n\n\n\n<p>\u201cSomos la Ciudad que lo tiene todo y muestra de ello, es que la Ciudad de M\u00e9xico fue seleccionada para transmitir en vivo los juegos de la Copa del Mundo FIFA Catar, lo cual refleja que es una ciudad c\u00e1lida, segura y con mucha afici\u00f3n futbolera\u201d, expres\u00f3.<\/p>\n\n\n\n<p>Adem\u00e1s de las transmisiones en vivo de los partidos de la Copa del Mundo FIFA Catar 2022, el Corona FIFA Fan Festival ofrecer\u00e1 diferentes opciones gastron\u00f3micas, diversas actividades de entretenimiento, incluidos juegos y presentaciones de artistas locales, as\u00ed como informaci\u00f3n sobre consumo responsable de la mano de Corona Cero.&nbsp;<\/p>\n\n\n\n<p>Se pueden consultar m\u00e1s detalles sobre el evento a trav\u00e9s de redes sociales oficiales de Corona, Grupo Modelo y @FIFAFanFestivalMx.<\/p>\n\n\n\n<p>\u201cPara hacer posible el Corona FIFA Fan Festival en la Ciudad de M\u00e9xico, en Grupo Expansi\u00f3n, desde la divisi\u00f3n de Eventos, hemos colaborado de manera activa y coordinada, en conjunto con Grupo Modelo, el Instituto del Deporte y el Gobierno de la Ciudad de M\u00e9xico, reafirmando los lazos con empresas, instituciones y gobiernos que comparten nuestra inquietud por generar eventos de talla internacional en el pa\u00eds\u201d, mencion\u00f3 \u00c9dgar Farah, presidente de Grupo Expansi\u00f3n.<\/p>\n","protected":false},"excerpt":{"rendered":"<p>Por Redacci\u00f3n QP La Ciudad de M\u00e9xico ser una de las 6 ciudades del planeta&#8230;<\/p>\n","protected":false},"author":2,"featured_media":96369,"comment_status":"open","ping_status":"open","sticky":false,"template":"","format":"standard","meta":{"_monsterinsights_skip_tracking":false,"_monsterinsights_sitenote_active":false,"_monsterinsights_sitenote_note":"","_monsterinsights_sitenote_category":0,"footnotes":""},"categories":[55],"tags":[],"class_list":["post-96368","post","type-post","status-publish","format-standard","has-post-thumbnail","hentry","category-cdmx"],"yoast_head":"<!-- This site is optimized with the Yoast SEO plugin v27.3 - https:\/\/yoast.com\/product\/yoast-seo-wordpress\/ -->\n<title>El Monumento a la Revoluci\u00f3n ser\u00e1 el anfitri\u00f3n del \u201dCorona FIFA Fan Festival\u201d -<\/title>\n<meta name=\"robots\" content=\"index, follow, max-snippet:-1, max-image-preview:large, max-video-preview:-1\" \/>\n<link rel=\"canonical\" href=\"https:\/\/quehacerpolitico.mx\/?p=96368\" \/>\n<meta property=\"og:locale\" content=\"es_MX\" \/>\n<meta property=\"og:type\" content=\"article\" \/>\n<meta property=\"og:title\" content=\"El Monumento a la Revoluci\u00f3n ser\u00e1 el anfitri\u00f3n del \u201dCorona FIFA Fan Festival\u201d -\" \/>\n<meta property=\"og:description\" content=\"Por Redacci\u00f3n QP La Ciudad de M\u00e9xico ser una de las 6 ciudades del planeta...\" \/>\n<meta property=\"og:url\" content=\"https:\/\/quehacerpolitico.mx\/?p=96368\" \/>\n<meta property=\"article:published_time\" content=\"2022-10-15T00:56:13+00:00\" \/>\n<meta property=\"article:modified_time\" content=\"2022-10-15T00:56:15+00:00\" \/>\n<meta property=\"og:image\" content=\"https:\/\/quehacerpolitico.mx\/wp-content\/uploads\/2022\/10\/8DD86157-4C17-4116-A1E0-24CA5AE7E2BD.jpeg\" \/>\n\t<meta property=\"og:image:width\" content=\"1280\" \/>\n\t<meta property=\"og:image:height\" content=\"851\" \/>\n\t<meta property=\"og:image:type\" content=\"image\/jpeg\" \/>\n<meta name=\"author\" content=\"Redacci\u00f3n QP\" \/>\n<meta name=\"twitter:card\" content=\"summary_large_image\" \/>\n<meta name=\"twitter:label1\" content=\"Escrito por\" \/>\n\t<meta name=\"twitter:data1\" content=\"Redacci\u00f3n QP\" \/>\n\t<meta name=\"twitter:label2\" content=\"Tiempo de lectura\" \/>\n\t<meta name=\"twitter:data2\" content=\"3 minutos\" \/>\n<script type=\"application\/ld+json\" class=\"yoast-schema-graph\">{\"@context\":\"https:\\\/\\\/schema.org\",\"@graph\":[{\"@type\":\"Article\",\"@id\":\"https:\\\/\\\/quehacerpolitico.mx\\\/?p=96368#article\",\"isPartOf\":{\"@id\":\"https:\\\/\\\/quehacerpolitico.mx\\\/?p=96368\"},\"author\":{\"name\":\"Redacci\u00f3n QP\",\"@id\":\"https:\\\/\\\/quehacerpolitico.mx\\\/#\\\/schema\\\/person\\\/496d8ad2d1d3f8036101dca7ee39e585\"},\"headline\":\"El Monumento a la Revoluci\u00f3n ser\u00e1 el anfitri\u00f3n del \u201dCorona FIFA Fan Festival\u201d\",\"datePublished\":\"2022-10-15T00:56:13+00:00\",\"dateModified\":\"2022-10-15T00:56:15+00:00\",\"mainEntityOfPage\":{\"@id\":\"https:\\\/\\\/quehacerpolitico.mx\\\/?p=96368\"},\"wordCount\":711,\"commentCount\":0,\"image\":{\"@id\":\"https:\\\/\\\/quehacerpolitico.mx\\\/?p=96368#primaryimage\"},\"thumbnailUrl\":\"https:\\\/\\\/quehacerpolitico.mx\\\/wp-content\\\/uploads\\\/2022\\\/10\\\/8DD86157-4C17-4116-A1E0-24CA5AE7E2BD.jpeg\",\"articleSection\":[\"CDMX\"],\"inLanguage\":\"es\",\"potentialAction\":[{\"@type\":\"CommentAction\",\"name\":\"Comment\",\"target\":[\"https:\\\/\\\/quehacerpolitico.mx\\\/?p=96368#respond\"]}]},{\"@type\":\"WebPage\",\"@id\":\"https:\\\/\\\/quehacerpolitico.mx\\\/?p=96368\",\"url\":\"https:\\\/\\\/quehacerpolitico.mx\\\/?p=96368\",\"name\":\"El Monumento a la Revoluci\u00f3n ser\u00e1 el anfitri\u00f3n del \u201dCorona FIFA Fan Festival\u201d -\",\"isPartOf\":{\"@id\":\"https:\\\/\\\/quehacerpolitico.mx\\\/#website\"},\"primaryImageOfPage\":{\"@id\":\"https:\\\/\\\/quehacerpolitico.mx\\\/?p=96368#primaryimage\"},\"image\":{\"@id\":\"https:\\\/\\\/quehacerpolitico.mx\\\/?p=96368#primaryimage\"},\"thumbnailUrl\":\"https:\\\/\\\/quehacerpolitico.mx\\\/wp-content\\\/uploads\\\/2022\\\/10\\\/8DD86157-4C17-4116-A1E0-24CA5AE7E2BD.jpeg\",\"datePublished\":\"2022-10-15T00:56:13+00:00\",\"dateModified\":\"2022-10-15T00:56:15+00:00\",\"author\":{\"@id\":\"https:\\\/\\\/quehacerpolitico.mx\\\/#\\\/schema\\\/person\\\/496d8ad2d1d3f8036101dca7ee39e585\"},\"breadcrumb\":{\"@id\":\"https:\\\/\\\/quehacerpolitico.mx\\\/?p=96368#breadcrumb\"},\"inLanguage\":\"es\",\"potentialAction\":[{\"@type\":\"ReadAction\",\"target\":[\"https:\\\/\\\/quehacerpolitico.mx\\\/?p=96368\"]}]},{\"@type\":\"ImageObject\",\"inLanguage\":\"es\",\"@id\":\"https:\\\/\\\/quehacerpolitico.mx\\\/?p=96368#primaryimage\",\"url\":\"https:\\\/\\\/quehacerpolitico.mx\\\/wp-content\\\/uploads\\\/2022\\\/10\\\/8DD86157-4C17-4116-A1E0-24CA5AE7E2BD.jpeg\",\"contentUrl\":\"https:\\\/\\\/quehacerpolitico.mx\\\/wp-content\\\/uploads\\\/2022\\\/10\\\/8DD86157-4C17-4116-A1E0-24CA5AE7E2BD.jpeg\",\"width\":1280,\"height\":851},{\"@type\":\"BreadcrumbList\",\"@id\":\"https:\\\/\\\/quehacerpolitico.mx\\\/?p=96368#breadcrumb\",\"itemListElement\":[{\"@type\":\"ListItem\",\"position\":1,\"name\":\"Inicio\",\"item\":\"https:\\\/\\\/quehacerpolitico.mx\\\/\"},{\"@type\":\"ListItem\",\"position\":2,\"name\":\"El Monumento a la Revoluci\u00f3n ser\u00e1 el anfitri\u00f3n del \u201dCorona FIFA Fan Festival\u201d\"}]},{\"@type\":\"WebSite\",\"@id\":\"https:\\\/\\\/quehacerpolitico.mx\\\/#website\",\"url\":\"https:\\\/\\\/quehacerpolitico.mx\\\/\",\"name\":\"\",\"description\":\"\",\"potentialAction\":[{\"@type\":\"SearchAction\",\"target\":{\"@type\":\"EntryPoint\",\"urlTemplate\":\"https:\\\/\\\/quehacerpolitico.mx\\\/?s={search_term_string}\"},\"query-input\":{\"@type\":\"PropertyValueSpecification\",\"valueRequired\":true,\"valueName\":\"search_term_string\"}}],\"inLanguage\":\"es\"},{\"@type\":\"Person\",\"@id\":\"https:\\\/\\\/quehacerpolitico.mx\\\/#\\\/schema\\\/person\\\/496d8ad2d1d3f8036101dca7ee39e585\",\"name\":\"Redacci\u00f3n QP\",\"image\":{\"@type\":\"ImageObject\",\"inLanguage\":\"es\",\"@id\":\"https:\\\/\\\/secure.gravatar.com\\\/avatar\\\/c7164ed6fdec453195284ad24a5ae5b6e1eed2b848477fa2a4787ba9adf39a41?s=96&d=mm&r=g\",\"url\":\"https:\\\/\\\/secure.gravatar.com\\\/avatar\\\/c7164ed6fdec453195284ad24a5ae5b6e1eed2b848477fa2a4787ba9adf39a41?s=96&d=mm&r=g\",\"contentUrl\":\"https:\\\/\\\/secure.gravatar.com\\\/avatar\\\/c7164ed6fdec453195284ad24a5ae5b6e1eed2b848477fa2a4787ba9adf39a41?s=96&d=mm&r=g\",\"caption\":\"Redacci\u00f3n QP\"},\"url\":\"https:\\\/\\\/quehacerpolitico.mx\\\/?author=2\"}]}<\/script>\n<!-- \/ Yoast SEO plugin. -->","yoast_head_json":{"title":"El Monumento a la Revoluci\u00f3n ser\u00e1 el anfitri\u00f3n del \u201dCorona FIFA Fan Festival\u201d -","robots":{"index":"index","follow":"follow","max-snippet":"max-snippet:-1","max-image-preview":"max-image-preview:large","max-video-preview":"max-video-preview:-1"},"canonical":"https:\/\/quehacerpolitico.mx\/?p=96368","og_locale":"es_MX","og_type":"article","og_title":"El Monumento a la Revoluci\u00f3n ser\u00e1 el anfitri\u00f3n del \u201dCorona FIFA Fan Festival\u201d -","og_description":"Por Redacci\u00f3n QP La Ciudad de M\u00e9xico ser una de las 6 ciudades del planeta...","og_url":"https:\/\/quehacerpolitico.mx\/?p=96368","article_published_time":"2022-10-15T00:56:13+00:00","article_modified_time":"2022-10-15T00:56:15+00:00","og_image":[{"width":1280,"height":851,"url":"https:\/\/quehacerpolitico.mx\/wp-content\/uploads\/2022\/10\/8DD86157-4C17-4116-A1E0-24CA5AE7E2BD.jpeg","type":"image\/jpeg"}],"author":"Redacci\u00f3n QP","twitter_card":"summary_large_image","twitter_misc":{"Escrito por":"Redacci\u00f3n QP","Tiempo de lectura":"3 minutos"},"schema":{"@context":"https:\/\/schema.org","@graph":[{"@type":"Article","@id":"https:\/\/quehacerpolitico.mx\/?p=96368#article","isPartOf":{"@id":"https:\/\/quehacerpolitico.mx\/?p=96368"},"author":{"name":"Redacci\u00f3n QP","@id":"https:\/\/quehacerpolitico.mx\/#\/schema\/person\/496d8ad2d1d3f8036101dca7ee39e585"},"headline":"El Monumento a la Revoluci\u00f3n ser\u00e1 el anfitri\u00f3n del \u201dCorona FIFA Fan Festival\u201d","datePublished":"2022-10-15T00:56:13+00:00","dateModified":"2022-10-15T00:56:15+00:00","mainEntityOfPage":{"@id":"https:\/\/quehacerpolitico.mx\/?p=96368"},"wordCount":711,"commentCount":0,"image":{"@id":"https:\/\/quehacerpolitico.mx\/?p=96368#primaryimage"},"thumbnailUrl":"https:\/\/quehacerpolitico.mx\/wp-content\/uploads\/2022\/10\/8DD86157-4C17-4116-A1E0-24CA5AE7E2BD.jpeg","articleSection":["CDMX"],"inLanguage":"es","potentialAction":[{"@type":"CommentAction","name":"Comment","target":["https:\/\/quehacerpolitico.mx\/?p=96368#respond"]}]},{"@type":"WebPage","@id":"https:\/\/quehacerpolitico.mx\/?p=96368","url":"https:\/\/quehacerpolitico.mx\/?p=96368","name":"El Monumento a la Revoluci\u00f3n ser\u00e1 el anfitri\u00f3n del \u201dCorona FIFA Fan Festival\u201d -","isPartOf":{"@id":"https:\/\/quehacerpolitico.mx\/#website"},"primaryImageOfPage":{"@id":"https:\/\/quehacerpolitico.mx\/?p=96368#primaryimage"},"image":{"@id":"https:\/\/quehacerpolitico.mx\/?p=96368#primaryimage"},"thumbnailUrl":"https:\/\/quehacerpolitico.mx\/wp-content\/uploads\/2022\/10\/8DD86157-4C17-4116-A1E0-24CA5AE7E2BD.jpeg","datePublished":"2022-10-15T00:56:13+00:00","dateModified":"2022-10-15T00:56:15+00:00","author":{"@id":"https:\/\/quehacerpolitico.mx\/#\/schema\/person\/496d8ad2d1d3f8036101dca7ee39e585"},"breadcrumb":{"@id":"https:\/\/quehacerpolitico.mx\/?p=96368#breadcrumb"},"inLanguage":"es","potentialAction":[{"@type":"ReadAction","target":["https:\/\/quehacerpolitico.mx\/?p=96368"]}]},{"@type":"ImageObject","inLanguage":"es","@id":"https:\/\/quehacerpolitico.mx\/?p=96368#primaryimage","url":"https:\/\/quehacerpolitico.mx\/wp-content\/uploads\/2022\/10\/8DD86157-4C17-4116-A1E0-24CA5AE7E2BD.jpeg","contentUrl":"https:\/\/quehacerpolitico.mx\/wp-content\/uploads\/2022\/10\/8DD86157-4C17-4116-A1E0-24CA5AE7E2BD.jpeg","width":1280,"height":851},{"@type":"BreadcrumbList","@id":"https:\/\/quehacerpolitico.mx\/?p=96368#breadcrumb","itemListElement":[{"@type":"ListItem","position":1,"name":"Inicio","item":"https:\/\/quehacerpolitico.mx\/"},{"@type":"ListItem","position":2,"name":"El Monumento a la Revoluci\u00f3n ser\u00e1 el anfitri\u00f3n del \u201dCorona FIFA Fan Festival\u201d"}]},{"@type":"WebSite","@id":"https:\/\/quehacerpolitico.mx\/#website","url":"https:\/\/quehacerpolitico.mx\/","name":"","description":"","potentialAction":[{"@type":"SearchAction","target":{"@type":"EntryPoint","urlTemplate":"https:\/\/quehacerpolitico.mx\/?s={search_term_string}"},"query-input":{"@type":"PropertyValueSpecification","valueRequired":true,"valueName":"search_term_string"}}],"inLanguage":"es"},{"@type":"Person","@id":"https:\/\/quehacerpolitico.mx\/#\/schema\/person\/496d8ad2d1d3f8036101dca7ee39e585","name":"Redacci\u00f3n QP","image":{"@type":"ImageObject","inLanguage":"es","@id":"https:\/\/secure.gravatar.com\/avatar\/c7164ed6fdec453195284ad24a5ae5b6e1eed2b848477fa2a4787ba9adf39a41?s=96&d=mm&r=g","url":"https:\/\/secure.gravatar.com\/avatar\/c7164ed6fdec453195284ad24a5ae5b6e1eed2b848477fa2a4787ba9adf39a41?s=96&d=mm&r=g","contentUrl":"https:\/\/secure.gravatar.com\/avatar\/c7164ed6fdec453195284ad24a5ae5b6e1eed2b848477fa2a4787ba9adf39a41?s=96&d=mm&r=g","caption":"Redacci\u00f3n QP"},"url":"https:\/\/quehacerpolitico.mx\/?author=2"}]}},"featured_image_urls":{"full":["https:\/\/quehacerpolitico.mx\/wp-content\/uploads\/2022\/10\/8DD86157-4C17-4116-A1E0-24CA5AE7E2BD.jpeg",1280,851,false],"thumbnail":["https:\/\/quehacerpolitico.mx\/wp-content\/uploads\/2022\/10\/8DD86157-4C17-4116-A1E0-24CA5AE7E2BD-150x150.jpeg",150,150,true],"medium":["https:\/\/quehacerpolitico.mx\/wp-content\/uploads\/2022\/10\/8DD86157-4C17-4116-A1E0-24CA5AE7E2BD-300x199.jpeg",300,199,true],"medium_large":["https:\/\/quehacerpolitico.mx\/wp-content\/uploads\/2022\/10\/8DD86157-4C17-4116-A1E0-24CA5AE7E2BD-768x511.jpeg",640,426,true],"large":["https:\/\/quehacerpolitico.mx\/wp-content\/uploads\/2022\/10\/8DD86157-4C17-4116-A1E0-24CA5AE7E2BD-1024x681.jpeg",640,426,true],"1536x1536":["https:\/\/quehacerpolitico.mx\/wp-content\/uploads\/2022\/10\/8DD86157-4C17-4116-A1E0-24CA5AE7E2BD.jpeg",1280,851,false],"2048x2048":["https:\/\/quehacerpolitico.mx\/wp-content\/uploads\/2022\/10\/8DD86157-4C17-4116-A1E0-24CA5AE7E2BD.jpeg",1280,851,false],"covernews-featured":["https:\/\/quehacerpolitico.mx\/wp-content\/uploads\/2022\/10\/8DD86157-4C17-4116-A1E0-24CA5AE7E2BD.jpeg",1024,681,false],"covernews-medium":["https:\/\/quehacerpolitico.mx\/wp-content\/uploads\/2022\/10\/8DD86157-4C17-4116-A1E0-24CA5AE7E2BD.jpeg",511,340,false]},"author_info":{"display_name":"Redacci\u00f3n QP","author_link":"https:\/\/quehacerpolitico.mx\/?author=2"},"category_info":"<a href=\"https:\/\/quehacerpolitico.mx\/?cat=55\" rel=\"category\">CDMX<\/a>","tag_info":"CDMX","comment_count":"0","_links":{"self":[{"href":"https:\/\/quehacerpolitico.mx\/index.php?rest_route=\/wp\/v2\/posts\/96368","targetHints":{"allow":["GET"]}}],"collection":[{"href":"https:\/\/quehacerpolitico.mx\/index.php?rest_route=\/wp\/v2\/posts"}],"about":[{"href":"https:\/\/quehacerpolitico.mx\/index.php?rest_route=\/wp\/v2\/types\/post"}],"author":[{"embeddable":true,"href":"https:\/\/quehacerpolitico.mx\/index.php?rest_route=\/wp\/v2\/users\/2"}],"replies":[{"embeddable":true,"href":"https:\/\/quehacerpolitico.mx\/index.php?rest_route=%2Fwp%2Fv2%2Fcomments&post=96368"}],"version-history":[{"count":1,"href":"https:\/\/quehacerpolitico.mx\/index.php?rest_route=\/wp\/v2\/posts\/96368\/revisions"}],"predecessor-version":[{"id":96370,"href":"https:\/\/quehacerpolitico.mx\/index.php?rest_route=\/wp\/v2\/posts\/96368\/revisions\/96370"}],"wp:featuredmedia":[{"embeddable":true,"href":"https:\/\/quehacerpolitico.mx\/index.php?rest_route=\/wp\/v2\/media\/96369"}],"wp:attachment":[{"href":"https:\/\/quehacerpolitico.mx\/index.php?rest_route=%2Fwp%2Fv2%2Fmedia&parent=96368"}],"wp:term":[{"taxonomy":"category","embeddable":true,"href":"https:\/\/quehacerpolitico.mx\/index.php?rest_route=%2Fwp%2Fv2%2Fcategories&post=96368"},{"taxonomy":"post_tag","embeddable":true,"href":"https:\/\/quehacerpolitico.mx\/index.php?rest_route=%2Fwp%2Fv2%2Ftags&post=96368"}],"curies":[{"name":"wp","href":"https:\/\/api.w.org\/{rel}","templated":true}]}}