{"id":96362,"date":"2022-10-15T00:19:46","date_gmt":"2022-10-15T00:19:46","guid":{"rendered":"https:\/\/quehacerpolitico.mx\/?p=96362"},"modified":"2022-10-15T00:19:51","modified_gmt":"2022-10-15T00:19:51","slug":"hay-que-aceptar-las-criticas-seria-saludable-para-el-y-para-el-pais-poniatowska-a-amlo","status":"publish","type":"post","link":"https:\/\/quehacerpolitico.mx\/?p=96362","title":{"rendered":"&#8220;Hay que aceptar las criticas (&#8230;) Ser\u00eda saludable para \u00e9l y para el pa\u00eds&#8221; : Poniatowska a AMLO"},"content":{"rendered":"\n<p>Por Redacci\u00f3n QP<\/p>\n\n\n\n<p>La escritora&nbsp;<strong>Elena Poniatowska<\/strong>&nbsp;critic\u00f3 al presidente&nbsp;<strong>Andr\u00e9s Manuel L\u00f3pez Obrador<\/strong>&nbsp;por abandonar el impulso de la&nbsp;<strong>cultura<\/strong>en M\u00e9xico.<\/p>\n\n\n\n<p>Durante su participaci\u00f3n en la Feria Internacional del Libro (FIL) de Monterrey la escritora record\u00f3 que durante su campa\u00f1a electoral L\u00f3pez Obrador prometi\u00f3 fomentar la cultura, pero que una vez en la Presidencia perdi\u00f3 el inter\u00e9s.<\/p>\n\n\n\n<p>No ha hecho nada de lo que esper\u00e1bamos por la cultura. No se ha ocupado de la cultura. Tanto \u00e9l como su mujer, Beatriz Guti\u00e9rrez M\u00fcller, son historiadores, pero no se ha visto un empuj\u00f3n hacia la cultura, un inter\u00e9s. Es una p\u00e9rdida yo creo, y un error\u201d, acus\u00f3.<\/p>\n\n\n\n<figure class=\"wp-block-embed is-type-rich is-provider-twitter wp-block-embed-twitter\"><div class=\"wp-block-embed__wrapper\">\n<blockquote class=\"twitter-tweet\" data-width=\"550\" data-dnt=\"true\"><p lang=\"es\" dir=\"ltr\">&quot;Hay que aceptar las criticas (&#8230;) Ser\u00eda saludable para \u00e9l y para el pa\u00eds&quot;<br><br>Es lo que le pide Elena Poniatowska a AMLO <a href=\"https:\/\/t.co\/dPL1e7OnU6\">pic.twitter.com\/dPL1e7OnU6<\/a><\/p>&mdash; Ruido en la Red (@RuidoEnLaRed) <a href=\"https:\/\/twitter.com\/RuidoEnLaRed\/status\/1580939468059529216?ref_src=twsrc%5Etfw\">October 14, 2022<\/a><\/blockquote><script async src=\"https:\/\/platform.twitter.com\/widgets.js\" charset=\"utf-8\"><\/script>\n<\/div><\/figure>\n\n\n\n<p>&#8220;Hay que aceptar las criticas (\u2026) Ser\u00eda saludable para \u00e9l y para el pa\u00eds&#8221;<\/p>\n\n\n\n<p>Poniatowska Amor propuso acercar la cultura a las escuelas invitando a\u00a0<strong>escritores<\/strong>\u00a0de todas las edades a hablar con los\u00a0<strong>estudiantes<\/strong>\u00a0y compartir textos.<\/p>\n\n\n\n<p>Leer textos de estudiantes, composiciones sobre su mam\u00e1, su perro, las paredes, lo que quieran hacer y eso se ha dado y creo que ser\u00eda un motivo de educaci\u00f3n y de difusi\u00f3n de cultura muy importante\u201d, opin\u00f3.<\/p>\n\n\n\n<p>La escritora tambi\u00e9n pidi\u00f3 al\u00a0<strong>presidente L\u00f3pez Obrador<\/strong>\u00a0abrirse a la\u00a0<strong>cr\u00edtica<\/strong>\u00a0y aceptar que se puede equivocar.<\/p>\n\n\n\n<p>Creo que en vez de pelearse con la oposici\u00f3n y se\u00f1alarla, y darle a veces una importancia que no tendr\u00eda si no apareciera tan p\u00fablicamente, creo que ser\u00eda m\u00e1s importante hacer un c\u00f3nclave cr\u00edtico de gente\u201d, refiri\u00f3.<\/p>\n\n\n\n<p>Por \u00faltimo consider\u00f3 que\u00a0<strong>Claudia Sheinbaum<\/strong>\u00a0es \u201cla obvia\u00a0<strong>candidata<\/strong>\u201d de L\u00f3pez Obrador a la\u00a0<strong>Presidencia de M\u00e9xico<\/strong>, y asegur\u00f3 que el pa\u00eds est\u00e1 preparado para ser gobernado por una mujer.<\/p>\n\n\n\n<p>Es una verdad que ha sido una muy buena jefa de Gobierno. Ella antes fue delegada de Tlalpan e hizo buen trabajo. En Am\u00e9rica Latina ya hay muchas mujeres que est\u00e1n en el poder, desde Michelle Bachelet, en Chile, y otras en Am\u00e9rica Latina que accedieron al poder. Claudia Sheinbaum tiene m\u00e1s posibilidades ahora que las que tuvo jam\u00e1s.\u201d<\/p>\n","protected":false},"excerpt":{"rendered":"<p>Por Redacci\u00f3n QP La escritora&nbsp;Elena Poniatowska&nbsp;critic\u00f3 al presidente&nbsp;Andr\u00e9s Manuel L\u00f3pez Obrador&nbsp;por abandonar el impulso de&#8230;<\/p>\n","protected":false},"author":2,"featured_media":96363,"comment_status":"open","ping_status":"open","sticky":false,"template":"","format":"standard","meta":{"_monsterinsights_skip_tracking":false,"_monsterinsights_sitenote_active":false,"_monsterinsights_sitenote_note":"","_monsterinsights_sitenote_category":0,"footnotes":""},"categories":[2],"tags":[],"class_list":["post-96362","post","type-post","status-publish","format-standard","has-post-thumbnail","hentry","category-noticias"],"yoast_head":"<!-- This site is optimized with the Yoast SEO plugin v27.3 - https:\/\/yoast.com\/product\/yoast-seo-wordpress\/ -->\n<title>&quot;Hay que aceptar las criticas (...) Ser\u00eda saludable para \u00e9l y para el pa\u00eds&quot; : Poniatowska a AMLO -<\/title>\n<meta name=\"robots\" content=\"index, follow, max-snippet:-1, max-image-preview:large, max-video-preview:-1\" \/>\n<link rel=\"canonical\" href=\"https:\/\/quehacerpolitico.mx\/?p=96362\" \/>\n<meta property=\"og:locale\" content=\"es_MX\" \/>\n<meta property=\"og:type\" content=\"article\" \/>\n<meta property=\"og:title\" content=\"&quot;Hay que aceptar las criticas (...) Ser\u00eda saludable para \u00e9l y para el pa\u00eds&quot; : Poniatowska a AMLO -\" \/>\n<meta property=\"og:description\" content=\"Por Redacci\u00f3n QP La escritora&nbsp;Elena Poniatowska&nbsp;critic\u00f3 al presidente&nbsp;Andr\u00e9s Manuel L\u00f3pez Obrador&nbsp;por abandonar el impulso de...\" \/>\n<meta property=\"og:url\" content=\"https:\/\/quehacerpolitico.mx\/?p=96362\" \/>\n<meta property=\"article:published_time\" content=\"2022-10-15T00:19:46+00:00\" \/>\n<meta property=\"article:modified_time\" content=\"2022-10-15T00:19:51+00:00\" \/>\n<meta property=\"og:image\" content=\"https:\/\/quehacerpolitico.mx\/wp-content\/uploads\/2022\/10\/43A6A765-4CA5-4E40-8201-8F46850E4779.jpeg\" \/>\n\t<meta property=\"og:image:width\" content=\"1284\" \/>\n\t<meta property=\"og:image:height\" content=\"699\" \/>\n\t<meta property=\"og:image:type\" content=\"image\/jpeg\" \/>\n<meta name=\"author\" content=\"Redacci\u00f3n QP\" \/>\n<meta name=\"twitter:card\" content=\"summary_large_image\" \/>\n<meta name=\"twitter:label1\" content=\"Escrito por\" \/>\n\t<meta name=\"twitter:data1\" content=\"Redacci\u00f3n QP\" \/>\n\t<meta name=\"twitter:label2\" content=\"Tiempo de lectura\" \/>\n\t<meta name=\"twitter:data2\" content=\"2 minutos\" \/>\n<script type=\"application\/ld+json\" class=\"yoast-schema-graph\">{\"@context\":\"https:\\\/\\\/schema.org\",\"@graph\":[{\"@type\":\"Article\",\"@id\":\"https:\\\/\\\/quehacerpolitico.mx\\\/?p=96362#article\",\"isPartOf\":{\"@id\":\"https:\\\/\\\/quehacerpolitico.mx\\\/?p=96362\"},\"author\":{\"name\":\"Redacci\u00f3n QP\",\"@id\":\"https:\\\/\\\/quehacerpolitico.mx\\\/#\\\/schema\\\/person\\\/496d8ad2d1d3f8036101dca7ee39e585\"},\"headline\":\"&#8220;Hay que aceptar las criticas (&#8230;) Ser\u00eda saludable para \u00e9l y para el pa\u00eds&#8221; : Poniatowska a AMLO\",\"datePublished\":\"2022-10-15T00:19:46+00:00\",\"dateModified\":\"2022-10-15T00:19:51+00:00\",\"mainEntityOfPage\":{\"@id\":\"https:\\\/\\\/quehacerpolitico.mx\\\/?p=96362\"},\"wordCount\":398,\"commentCount\":0,\"image\":{\"@id\":\"https:\\\/\\\/quehacerpolitico.mx\\\/?p=96362#primaryimage\"},\"thumbnailUrl\":\"https:\\\/\\\/quehacerpolitico.mx\\\/wp-content\\\/uploads\\\/2022\\\/10\\\/43A6A765-4CA5-4E40-8201-8F46850E4779.jpeg\",\"articleSection\":[\"Noticias\"],\"inLanguage\":\"es\",\"potentialAction\":[{\"@type\":\"CommentAction\",\"name\":\"Comment\",\"target\":[\"https:\\\/\\\/quehacerpolitico.mx\\\/?p=96362#respond\"]}]},{\"@type\":\"WebPage\",\"@id\":\"https:\\\/\\\/quehacerpolitico.mx\\\/?p=96362\",\"url\":\"https:\\\/\\\/quehacerpolitico.mx\\\/?p=96362\",\"name\":\"\\\"Hay que aceptar las criticas (...) Ser\u00eda saludable para \u00e9l y para el pa\u00eds\\\" : Poniatowska a AMLO -\",\"isPartOf\":{\"@id\":\"https:\\\/\\\/quehacerpolitico.mx\\\/#website\"},\"primaryImageOfPage\":{\"@id\":\"https:\\\/\\\/quehacerpolitico.mx\\\/?p=96362#primaryimage\"},\"image\":{\"@id\":\"https:\\\/\\\/quehacerpolitico.mx\\\/?p=96362#primaryimage\"},\"thumbnailUrl\":\"https:\\\/\\\/quehacerpolitico.mx\\\/wp-content\\\/uploads\\\/2022\\\/10\\\/43A6A765-4CA5-4E40-8201-8F46850E4779.jpeg\",\"datePublished\":\"2022-10-15T00:19:46+00:00\",\"dateModified\":\"2022-10-15T00:19:51+00:00\",\"author\":{\"@id\":\"https:\\\/\\\/quehacerpolitico.mx\\\/#\\\/schema\\\/person\\\/496d8ad2d1d3f8036101dca7ee39e585\"},\"breadcrumb\":{\"@id\":\"https:\\\/\\\/quehacerpolitico.mx\\\/?p=96362#breadcrumb\"},\"inLanguage\":\"es\",\"potentialAction\":[{\"@type\":\"ReadAction\",\"target\":[\"https:\\\/\\\/quehacerpolitico.mx\\\/?p=96362\"]}]},{\"@type\":\"ImageObject\",\"inLanguage\":\"es\",\"@id\":\"https:\\\/\\\/quehacerpolitico.mx\\\/?p=96362#primaryimage\",\"url\":\"https:\\\/\\\/quehacerpolitico.mx\\\/wp-content\\\/uploads\\\/2022\\\/10\\\/43A6A765-4CA5-4E40-8201-8F46850E4779.jpeg\",\"contentUrl\":\"https:\\\/\\\/quehacerpolitico.mx\\\/wp-content\\\/uploads\\\/2022\\\/10\\\/43A6A765-4CA5-4E40-8201-8F46850E4779.jpeg\",\"width\":1284,\"height\":699},{\"@type\":\"BreadcrumbList\",\"@id\":\"https:\\\/\\\/quehacerpolitico.mx\\\/?p=96362#breadcrumb\",\"itemListElement\":[{\"@type\":\"ListItem\",\"position\":1,\"name\":\"Inicio\",\"item\":\"https:\\\/\\\/quehacerpolitico.mx\\\/\"},{\"@type\":\"ListItem\",\"position\":2,\"name\":\"&#8220;Hay que aceptar las criticas (&#8230;) Ser\u00eda saludable para \u00e9l y para el pa\u00eds&#8221; : Poniatowska a AMLO\"}]},{\"@type\":\"WebSite\",\"@id\":\"https:\\\/\\\/quehacerpolitico.mx\\\/#website\",\"url\":\"https:\\\/\\\/quehacerpolitico.mx\\\/\",\"name\":\"\",\"description\":\"\",\"potentialAction\":[{\"@type\":\"SearchAction\",\"target\":{\"@type\":\"EntryPoint\",\"urlTemplate\":\"https:\\\/\\\/quehacerpolitico.mx\\\/?s={search_term_string}\"},\"query-input\":{\"@type\":\"PropertyValueSpecification\",\"valueRequired\":true,\"valueName\":\"search_term_string\"}}],\"inLanguage\":\"es\"},{\"@type\":\"Person\",\"@id\":\"https:\\\/\\\/quehacerpolitico.mx\\\/#\\\/schema\\\/person\\\/496d8ad2d1d3f8036101dca7ee39e585\",\"name\":\"Redacci\u00f3n QP\",\"image\":{\"@type\":\"ImageObject\",\"inLanguage\":\"es\",\"@id\":\"https:\\\/\\\/secure.gravatar.com\\\/avatar\\\/c7164ed6fdec453195284ad24a5ae5b6e1eed2b848477fa2a4787ba9adf39a41?s=96&d=mm&r=g\",\"url\":\"https:\\\/\\\/secure.gravatar.com\\\/avatar\\\/c7164ed6fdec453195284ad24a5ae5b6e1eed2b848477fa2a4787ba9adf39a41?s=96&d=mm&r=g\",\"contentUrl\":\"https:\\\/\\\/secure.gravatar.com\\\/avatar\\\/c7164ed6fdec453195284ad24a5ae5b6e1eed2b848477fa2a4787ba9adf39a41?s=96&d=mm&r=g\",\"caption\":\"Redacci\u00f3n QP\"},\"url\":\"https:\\\/\\\/quehacerpolitico.mx\\\/?author=2\"}]}<\/script>\n<!-- \/ Yoast SEO plugin. -->","yoast_head_json":{"title":"\"Hay que aceptar las criticas (...) Ser\u00eda saludable para \u00e9l y para el pa\u00eds\" : Poniatowska a AMLO -","robots":{"index":"index","follow":"follow","max-snippet":"max-snippet:-1","max-image-preview":"max-image-preview:large","max-video-preview":"max-video-preview:-1"},"canonical":"https:\/\/quehacerpolitico.mx\/?p=96362","og_locale":"es_MX","og_type":"article","og_title":"\"Hay que aceptar las criticas (...) Ser\u00eda saludable para \u00e9l y para el pa\u00eds\" : Poniatowska a AMLO -","og_description":"Por Redacci\u00f3n QP La escritora&nbsp;Elena Poniatowska&nbsp;critic\u00f3 al presidente&nbsp;Andr\u00e9s Manuel L\u00f3pez Obrador&nbsp;por abandonar el impulso de...","og_url":"https:\/\/quehacerpolitico.mx\/?p=96362","article_published_time":"2022-10-15T00:19:46+00:00","article_modified_time":"2022-10-15T00:19:51+00:00","og_image":[{"width":1284,"height":699,"url":"https:\/\/quehacerpolitico.mx\/wp-content\/uploads\/2022\/10\/43A6A765-4CA5-4E40-8201-8F46850E4779.jpeg","type":"image\/jpeg"}],"author":"Redacci\u00f3n QP","twitter_card":"summary_large_image","twitter_misc":{"Escrito por":"Redacci\u00f3n QP","Tiempo de lectura":"2 minutos"},"schema":{"@context":"https:\/\/schema.org","@graph":[{"@type":"Article","@id":"https:\/\/quehacerpolitico.mx\/?p=96362#article","isPartOf":{"@id":"https:\/\/quehacerpolitico.mx\/?p=96362"},"author":{"name":"Redacci\u00f3n QP","@id":"https:\/\/quehacerpolitico.mx\/#\/schema\/person\/496d8ad2d1d3f8036101dca7ee39e585"},"headline":"&#8220;Hay que aceptar las criticas (&#8230;) Ser\u00eda saludable para \u00e9l y para el pa\u00eds&#8221; : Poniatowska a AMLO","datePublished":"2022-10-15T00:19:46+00:00","dateModified":"2022-10-15T00:19:51+00:00","mainEntityOfPage":{"@id":"https:\/\/quehacerpolitico.mx\/?p=96362"},"wordCount":398,"commentCount":0,"image":{"@id":"https:\/\/quehacerpolitico.mx\/?p=96362#primaryimage"},"thumbnailUrl":"https:\/\/quehacerpolitico.mx\/wp-content\/uploads\/2022\/10\/43A6A765-4CA5-4E40-8201-8F46850E4779.jpeg","articleSection":["Noticias"],"inLanguage":"es","potentialAction":[{"@type":"CommentAction","name":"Comment","target":["https:\/\/quehacerpolitico.mx\/?p=96362#respond"]}]},{"@type":"WebPage","@id":"https:\/\/quehacerpolitico.mx\/?p=96362","url":"https:\/\/quehacerpolitico.mx\/?p=96362","name":"\"Hay que aceptar las criticas (...) Ser\u00eda saludable para \u00e9l y para el pa\u00eds\" : Poniatowska a AMLO -","isPartOf":{"@id":"https:\/\/quehacerpolitico.mx\/#website"},"primaryImageOfPage":{"@id":"https:\/\/quehacerpolitico.mx\/?p=96362#primaryimage"},"image":{"@id":"https:\/\/quehacerpolitico.mx\/?p=96362#primaryimage"},"thumbnailUrl":"https:\/\/quehacerpolitico.mx\/wp-content\/uploads\/2022\/10\/43A6A765-4CA5-4E40-8201-8F46850E4779.jpeg","datePublished":"2022-10-15T00:19:46+00:00","dateModified":"2022-10-15T00:19:51+00:00","author":{"@id":"https:\/\/quehacerpolitico.mx\/#\/schema\/person\/496d8ad2d1d3f8036101dca7ee39e585"},"breadcrumb":{"@id":"https:\/\/quehacerpolitico.mx\/?p=96362#breadcrumb"},"inLanguage":"es","potentialAction":[{"@type":"ReadAction","target":["https:\/\/quehacerpolitico.mx\/?p=96362"]}]},{"@type":"ImageObject","inLanguage":"es","@id":"https:\/\/quehacerpolitico.mx\/?p=96362#primaryimage","url":"https:\/\/quehacerpolitico.mx\/wp-content\/uploads\/2022\/10\/43A6A765-4CA5-4E40-8201-8F46850E4779.jpeg","contentUrl":"https:\/\/quehacerpolitico.mx\/wp-content\/uploads\/2022\/10\/43A6A765-4CA5-4E40-8201-8F46850E4779.jpeg","width":1284,"height":699},{"@type":"BreadcrumbList","@id":"https:\/\/quehacerpolitico.mx\/?p=96362#breadcrumb","itemListElement":[{"@type":"ListItem","position":1,"name":"Inicio","item":"https:\/\/quehacerpolitico.mx\/"},{"@type":"ListItem","position":2,"name":"&#8220;Hay que aceptar las criticas (&#8230;) Ser\u00eda saludable para \u00e9l y para el pa\u00eds&#8221; : Poniatowska a AMLO"}]},{"@type":"WebSite","@id":"https:\/\/quehacerpolitico.mx\/#website","url":"https:\/\/quehacerpolitico.mx\/","name":"","description":"","potentialAction":[{"@type":"SearchAction","target":{"@type":"EntryPoint","urlTemplate":"https:\/\/quehacerpolitico.mx\/?s={search_term_string}"},"query-input":{"@type":"PropertyValueSpecification","valueRequired":true,"valueName":"search_term_string"}}],"inLanguage":"es"},{"@type":"Person","@id":"https:\/\/quehacerpolitico.mx\/#\/schema\/person\/496d8ad2d1d3f8036101dca7ee39e585","name":"Redacci\u00f3n QP","image":{"@type":"ImageObject","inLanguage":"es","@id":"https:\/\/secure.gravatar.com\/avatar\/c7164ed6fdec453195284ad24a5ae5b6e1eed2b848477fa2a4787ba9adf39a41?s=96&d=mm&r=g","url":"https:\/\/secure.gravatar.com\/avatar\/c7164ed6fdec453195284ad24a5ae5b6e1eed2b848477fa2a4787ba9adf39a41?s=96&d=mm&r=g","contentUrl":"https:\/\/secure.gravatar.com\/avatar\/c7164ed6fdec453195284ad24a5ae5b6e1eed2b848477fa2a4787ba9adf39a41?s=96&d=mm&r=g","caption":"Redacci\u00f3n QP"},"url":"https:\/\/quehacerpolitico.mx\/?author=2"}]}},"featured_image_urls":{"full":["https:\/\/quehacerpolitico.mx\/wp-content\/uploads\/2022\/10\/43A6A765-4CA5-4E40-8201-8F46850E4779.jpeg",1284,699,false],"thumbnail":["https:\/\/quehacerpolitico.mx\/wp-content\/uploads\/2022\/10\/43A6A765-4CA5-4E40-8201-8F46850E4779-150x150.jpeg",150,150,true],"medium":["https:\/\/quehacerpolitico.mx\/wp-content\/uploads\/2022\/10\/43A6A765-4CA5-4E40-8201-8F46850E4779-300x163.jpeg",300,163,true],"medium_large":["https:\/\/quehacerpolitico.mx\/wp-content\/uploads\/2022\/10\/43A6A765-4CA5-4E40-8201-8F46850E4779-768x418.jpeg",640,348,true],"large":["https:\/\/quehacerpolitico.mx\/wp-content\/uploads\/2022\/10\/43A6A765-4CA5-4E40-8201-8F46850E4779-1024x557.jpeg",640,348,true],"1536x1536":["https:\/\/quehacerpolitico.mx\/wp-content\/uploads\/2022\/10\/43A6A765-4CA5-4E40-8201-8F46850E4779.jpeg",1284,699,false],"2048x2048":["https:\/\/quehacerpolitico.mx\/wp-content\/uploads\/2022\/10\/43A6A765-4CA5-4E40-8201-8F46850E4779.jpeg",1284,699,false],"covernews-featured":["https:\/\/quehacerpolitico.mx\/wp-content\/uploads\/2022\/10\/43A6A765-4CA5-4E40-8201-8F46850E4779.jpeg",1024,557,false],"covernews-medium":["https:\/\/quehacerpolitico.mx\/wp-content\/uploads\/2022\/10\/43A6A765-4CA5-4E40-8201-8F46850E4779.jpeg",540,294,false]},"author_info":{"display_name":"Redacci\u00f3n QP","author_link":"https:\/\/quehacerpolitico.mx\/?author=2"},"category_info":"<a href=\"https:\/\/quehacerpolitico.mx\/?cat=2\" rel=\"category\">Noticias<\/a>","tag_info":"Noticias","comment_count":"0","_links":{"self":[{"href":"https:\/\/quehacerpolitico.mx\/index.php?rest_route=\/wp\/v2\/posts\/96362","targetHints":{"allow":["GET"]}}],"collection":[{"href":"https:\/\/quehacerpolitico.mx\/index.php?rest_route=\/wp\/v2\/posts"}],"about":[{"href":"https:\/\/quehacerpolitico.mx\/index.php?rest_route=\/wp\/v2\/types\/post"}],"author":[{"embeddable":true,"href":"https:\/\/quehacerpolitico.mx\/index.php?rest_route=\/wp\/v2\/users\/2"}],"replies":[{"embeddable":true,"href":"https:\/\/quehacerpolitico.mx\/index.php?rest_route=%2Fwp%2Fv2%2Fcomments&post=96362"}],"version-history":[{"count":1,"href":"https:\/\/quehacerpolitico.mx\/index.php?rest_route=\/wp\/v2\/posts\/96362\/revisions"}],"predecessor-version":[{"id":96364,"href":"https:\/\/quehacerpolitico.mx\/index.php?rest_route=\/wp\/v2\/posts\/96362\/revisions\/96364"}],"wp:featuredmedia":[{"embeddable":true,"href":"https:\/\/quehacerpolitico.mx\/index.php?rest_route=\/wp\/v2\/media\/96363"}],"wp:attachment":[{"href":"https:\/\/quehacerpolitico.mx\/index.php?rest_route=%2Fwp%2Fv2%2Fmedia&parent=96362"}],"wp:term":[{"taxonomy":"category","embeddable":true,"href":"https:\/\/quehacerpolitico.mx\/index.php?rest_route=%2Fwp%2Fv2%2Fcategories&post=96362"},{"taxonomy":"post_tag","embeddable":true,"href":"https:\/\/quehacerpolitico.mx\/index.php?rest_route=%2Fwp%2Fv2%2Ftags&post=96362"}],"curies":[{"name":"wp","href":"https:\/\/api.w.org\/{rel}","templated":true}]}}