{"id":96355,"date":"2022-10-14T23:03:48","date_gmt":"2022-10-14T23:03:48","guid":{"rendered":"https:\/\/quehacerpolitico.mx\/?p=96355"},"modified":"2022-10-14T23:03:51","modified_gmt":"2022-10-14T23:03:51","slug":"internacionales-carolina-alonso-romei-en-fallo-dividido-la-segunda-sala-del-maximo-tribunal-en-chile-declaro-improcedente-la-extradicion-de-mauricio-toledo-a-mexico","status":"publish","type":"post","link":"https:\/\/quehacerpolitico.mx\/?p=96355","title":{"rendered":"Internacionales\/\/\/Carolina Alonso Romei\/\/\/En fallo dividido, la Segunda Sala del m\u00e1ximo tribunal en Chile declaro improcedente la extradici\u00f3n de Mauricio Toledo a M\u00e9xico"},"content":{"rendered":"\n<p>Por Carolina Alonso Romei<\/p>\n\n\n\n<p>Internacionalista <\/p>\n\n\n\n<p>En fallo dividido, la Segunda Sala del m\u00e1ximo tribunal en Chile declaro improcedente la extradici\u00f3n de Mauricio Toledo a M\u00e9xico<\/p>\n\n\n\n<p>La\u00a0Corte Suprema de Chile\u00a0<strong>rechaz\u00f3<\/strong>\u00a0hoy la\u00a0<strong>solicitud<\/strong>\u00a0de\u00a0<strong>extradici\u00f3n<\/strong>\u00a0del exdiputado federal\u00a0<strong>Mauricio Alonso Toledo Guti\u00e9rrez<\/strong>, requerido por<strong>\u00a0M\u00e9xico<\/strong>\u00a0por supuesto enriquecimiento il\u00edcito.<\/p>\n\n\n\n<p>En fallo dividido (causa rol 97.049-2021), la&nbsp;<strong>Segunda Sala<\/strong>&nbsp;del m\u00e1ximo tribunal revoc\u00f3 la sentencia de primera instancia, tras establecer la improcedencia de la extradici\u00f3n de&nbsp;<strong>Mauricio Toledo<\/strong>, al no cumplirse en la especie el principio de m\u00ednima gravedad del delito, al sancionarse en Chile el enriquecimiento il\u00edcito con una pena de multa y no con un a\u00f1o de reclusi\u00f3n, como lo establece el tratado sobre la materia suscrito entre ambos pa\u00edses.<\/p>\n\n\n\n<p>\u201cQue sobre el particular conviene tener en consideraci\u00f3n que constituye un principio general del derecho internacional, el que la extradici\u00f3n solo procede por delitos de gravedad, y no ser\u00edan tales aquellos cuya pena no supera el a\u00f1o de privaci\u00f3n de libertad, que ser\u00edan por tanto de escasa lesividad\u201d, sostiene el fallo.<\/p>\n\n\n\n<p>La resoluci\u00f3n agrega \u201cque conforme a dicho principio, el art\u00edculo 1\u00b0 del Tratado de Extradici\u00f3n que rige entre Chile y M\u00e9xico establece que ella ser\u00e1 aplicable solo cuando la privaci\u00f3n de libertad del delito requerido no excede de un a\u00f1o. Por su parte, el art\u00edculo 3 del citado instrumento estatuye que procede dar lugar a la extradici\u00f3n respecto de los delitos incluidos en convenios multilaterales suscritos por ambos pa\u00edses\u201d.<\/p>\n\n\n\n<p>\u201cToda vez que el delito que se le imputa al requerido no es de aquellos que autorizan la extradici\u00f3n seg\u00fan los tratados vigentes, y siendo copulativas las exigencias contempladas en dicha disposici\u00f3n, la solicitud de extradici\u00f3n materia de an\u00e1lisis ser\u00e1 desestimada\u201d, concluye el fallo del m\u00e1ximo tribunal chileno.<\/p>\n\n\n\n<p>Toledo Guti\u00e9rrez es investigado por la Fiscal\u00eda de la Ciudad de M\u00e9xico (FGJ CDMX) por enriquecimiento il\u00edcito, pues la dependencia afirma que desde el 2016 se detect\u00f3 que el legislador ten\u00eda varias propiedades que no iban acorde al salario del funcionario p\u00fablico y que, adem\u00e1s, no hab\u00eda logrado demostrar su procedencia.<\/p>\n\n\n\n<p>En agosto de 2021, la C\u00e1mara de Diputados, erigida como Jurado de Procedencia, determin\u00f3 el desafuero de Mauricio Toledo.<\/p>\n\n\n\n<p>Sin embargo, la Fiscal\u00eda inform\u00f3 entonces que el exdiputado hab\u00eda huido a Chile desde julio, algo que confirm\u00f3 el propio Toledo, quien aleg\u00f3 que viaj\u00f3 a ese pa\u00eds por motivos personales.<\/p>\n\n\n\n<p>Ese mismo mes, la FGJ CDMX logr\u00f3 obtener una orden de aprehensi\u00f3n contra Toledo Guti\u00e9rrez y adem\u00e1s de la autorizaci\u00f3n de la ficha roja por parte de la Interpol, para buscar su detenci\u00f3n a nivel internacional.<\/p>\n\n\n\n<p>Desde Chile, el exdiputado del Partido del Trabajo, ha acusado en diversas ocasiones ser v\u00edctima de una persecuci\u00f3n pol\u00edtica y ha dicho que ha colaborado con las autoridades chilenas para ponerse a disposici\u00f3n de la justicia.<\/p>\n\n\n\n<figure class=\"wp-block-image size-large\"><img loading=\"lazy\" decoding=\"async\" width=\"785\" height=\"1024\" src=\"https:\/\/quehacerpolitico.mx\/wp-content\/uploads\/2022\/10\/image-54-785x1024.jpeg\" alt=\"\" class=\"wp-image-96356\" srcset=\"https:\/\/quehacerpolitico.mx\/wp-content\/uploads\/2022\/10\/image-54-785x1024.jpeg 785w, https:\/\/quehacerpolitico.mx\/wp-content\/uploads\/2022\/10\/image-54-230x300.jpeg 230w, https:\/\/quehacerpolitico.mx\/wp-content\/uploads\/2022\/10\/image-54-768x1002.jpeg 768w, https:\/\/quehacerpolitico.mx\/wp-content\/uploads\/2022\/10\/image-54-1177x1536.jpeg 1177w, https:\/\/quehacerpolitico.mx\/wp-content\/uploads\/2022\/10\/image-54-112x146.jpeg 112w, https:\/\/quehacerpolitico.mx\/wp-content\/uploads\/2022\/10\/image-54-38x50.jpeg 38w, https:\/\/quehacerpolitico.mx\/wp-content\/uploads\/2022\/10\/image-54-57x75.jpeg 57w, https:\/\/quehacerpolitico.mx\/wp-content\/uploads\/2022\/10\/image-54.jpeg 1179w\" sizes=\"auto, (max-width: 785px) 100vw, 785px\" \/><\/figure>\n","protected":false},"excerpt":{"rendered":"<p>Por Carolina Alonso Romei Internacionalista En fallo dividido, la Segunda Sala del m\u00e1ximo tribunal en&#8230;<\/p>\n","protected":false},"author":2,"featured_media":96357,"comment_status":"open","ping_status":"open","sticky":false,"template":"","format":"standard","meta":{"_monsterinsights_skip_tracking":false,"_monsterinsights_sitenote_active":false,"_monsterinsights_sitenote_note":"","_monsterinsights_sitenote_category":0,"footnotes":""},"categories":[1],"tags":[],"class_list":["post-96355","post","type-post","status-publish","format-standard","has-post-thumbnail","hentry","category-sin-categoria"],"yoast_head":"<!-- This site is optimized with the Yoast SEO plugin v27.3 - https:\/\/yoast.com\/product\/yoast-seo-wordpress\/ -->\n<title>Internacionales\/\/\/Carolina Alonso Romei\/\/\/En fallo dividido, la Segunda Sala del m\u00e1ximo tribunal en Chile declaro improcedente la extradici\u00f3n de Mauricio Toledo a M\u00e9xico -<\/title>\n<meta name=\"robots\" content=\"index, follow, max-snippet:-1, max-image-preview:large, max-video-preview:-1\" \/>\n<link rel=\"canonical\" href=\"https:\/\/quehacerpolitico.mx\/?p=96355\" \/>\n<meta property=\"og:locale\" content=\"es_MX\" \/>\n<meta property=\"og:type\" content=\"article\" \/>\n<meta property=\"og:title\" content=\"Internacionales\/\/\/Carolina Alonso Romei\/\/\/En fallo dividido, la Segunda Sala del m\u00e1ximo tribunal en Chile declaro improcedente la extradici\u00f3n de Mauricio Toledo a M\u00e9xico -\" \/>\n<meta property=\"og:description\" content=\"Por Carolina Alonso Romei Internacionalista En fallo dividido, la Segunda Sala del m\u00e1ximo tribunal en...\" \/>\n<meta property=\"og:url\" content=\"https:\/\/quehacerpolitico.mx\/?p=96355\" \/>\n<meta property=\"article:published_time\" content=\"2022-10-14T23:03:48+00:00\" \/>\n<meta property=\"article:modified_time\" content=\"2022-10-14T23:03:51+00:00\" \/>\n<meta property=\"og:image\" content=\"https:\/\/quehacerpolitico.mx\/wp-content\/uploads\/2022\/10\/91C5E0C6-3FD8-4C88-94AC-41454D8A0D14.jpeg\" \/>\n\t<meta property=\"og:image:width\" content=\"771\" \/>\n\t<meta property=\"og:image:height\" content=\"398\" \/>\n\t<meta property=\"og:image:type\" content=\"image\/jpeg\" \/>\n<meta name=\"author\" content=\"Redacci\u00f3n QP\" \/>\n<meta name=\"twitter:card\" content=\"summary_large_image\" \/>\n<meta name=\"twitter:label1\" content=\"Escrito por\" \/>\n\t<meta name=\"twitter:data1\" content=\"Redacci\u00f3n QP\" \/>\n\t<meta name=\"twitter:label2\" content=\"Tiempo de lectura\" \/>\n\t<meta name=\"twitter:data2\" content=\"3 minutos\" \/>\n<script type=\"application\/ld+json\" class=\"yoast-schema-graph\">{\"@context\":\"https:\\\/\\\/schema.org\",\"@graph\":[{\"@type\":\"Article\",\"@id\":\"https:\\\/\\\/quehacerpolitico.mx\\\/?p=96355#article\",\"isPartOf\":{\"@id\":\"https:\\\/\\\/quehacerpolitico.mx\\\/?p=96355\"},\"author\":{\"name\":\"Redacci\u00f3n QP\",\"@id\":\"https:\\\/\\\/quehacerpolitico.mx\\\/#\\\/schema\\\/person\\\/496d8ad2d1d3f8036101dca7ee39e585\"},\"headline\":\"Internacionales\\\/\\\/\\\/Carolina Alonso Romei\\\/\\\/\\\/En fallo dividido, la Segunda Sala del m\u00e1ximo tribunal en Chile declaro improcedente la extradici\u00f3n de Mauricio Toledo a M\u00e9xico\",\"datePublished\":\"2022-10-14T23:03:48+00:00\",\"dateModified\":\"2022-10-14T23:03:51+00:00\",\"mainEntityOfPage\":{\"@id\":\"https:\\\/\\\/quehacerpolitico.mx\\\/?p=96355\"},\"wordCount\":545,\"commentCount\":0,\"image\":{\"@id\":\"https:\\\/\\\/quehacerpolitico.mx\\\/?p=96355#primaryimage\"},\"thumbnailUrl\":\"https:\\\/\\\/quehacerpolitico.mx\\\/wp-content\\\/uploads\\\/2022\\\/10\\\/91C5E0C6-3FD8-4C88-94AC-41454D8A0D14.jpeg\",\"articleSection\":[\"Internacionales\"],\"inLanguage\":\"es\",\"potentialAction\":[{\"@type\":\"CommentAction\",\"name\":\"Comment\",\"target\":[\"https:\\\/\\\/quehacerpolitico.mx\\\/?p=96355#respond\"]}]},{\"@type\":\"WebPage\",\"@id\":\"https:\\\/\\\/quehacerpolitico.mx\\\/?p=96355\",\"url\":\"https:\\\/\\\/quehacerpolitico.mx\\\/?p=96355\",\"name\":\"Internacionales\\\/\\\/\\\/Carolina Alonso Romei\\\/\\\/\\\/En fallo dividido, la Segunda Sala del m\u00e1ximo tribunal en Chile declaro improcedente la extradici\u00f3n de Mauricio Toledo a M\u00e9xico -\",\"isPartOf\":{\"@id\":\"https:\\\/\\\/quehacerpolitico.mx\\\/#website\"},\"primaryImageOfPage\":{\"@id\":\"https:\\\/\\\/quehacerpolitico.mx\\\/?p=96355#primaryimage\"},\"image\":{\"@id\":\"https:\\\/\\\/quehacerpolitico.mx\\\/?p=96355#primaryimage\"},\"thumbnailUrl\":\"https:\\\/\\\/quehacerpolitico.mx\\\/wp-content\\\/uploads\\\/2022\\\/10\\\/91C5E0C6-3FD8-4C88-94AC-41454D8A0D14.jpeg\",\"datePublished\":\"2022-10-14T23:03:48+00:00\",\"dateModified\":\"2022-10-14T23:03:51+00:00\",\"author\":{\"@id\":\"https:\\\/\\\/quehacerpolitico.mx\\\/#\\\/schema\\\/person\\\/496d8ad2d1d3f8036101dca7ee39e585\"},\"breadcrumb\":{\"@id\":\"https:\\\/\\\/quehacerpolitico.mx\\\/?p=96355#breadcrumb\"},\"inLanguage\":\"es\",\"potentialAction\":[{\"@type\":\"ReadAction\",\"target\":[\"https:\\\/\\\/quehacerpolitico.mx\\\/?p=96355\"]}]},{\"@type\":\"ImageObject\",\"inLanguage\":\"es\",\"@id\":\"https:\\\/\\\/quehacerpolitico.mx\\\/?p=96355#primaryimage\",\"url\":\"https:\\\/\\\/quehacerpolitico.mx\\\/wp-content\\\/uploads\\\/2022\\\/10\\\/91C5E0C6-3FD8-4C88-94AC-41454D8A0D14.jpeg\",\"contentUrl\":\"https:\\\/\\\/quehacerpolitico.mx\\\/wp-content\\\/uploads\\\/2022\\\/10\\\/91C5E0C6-3FD8-4C88-94AC-41454D8A0D14.jpeg\",\"width\":771,\"height\":398},{\"@type\":\"BreadcrumbList\",\"@id\":\"https:\\\/\\\/quehacerpolitico.mx\\\/?p=96355#breadcrumb\",\"itemListElement\":[{\"@type\":\"ListItem\",\"position\":1,\"name\":\"Inicio\",\"item\":\"https:\\\/\\\/quehacerpolitico.mx\\\/\"},{\"@type\":\"ListItem\",\"position\":2,\"name\":\"Internacionales\\\/\\\/\\\/Carolina Alonso Romei\\\/\\\/\\\/En fallo dividido, la Segunda Sala del m\u00e1ximo tribunal en Chile declaro improcedente la extradici\u00f3n de Mauricio Toledo a M\u00e9xico\"}]},{\"@type\":\"WebSite\",\"@id\":\"https:\\\/\\\/quehacerpolitico.mx\\\/#website\",\"url\":\"https:\\\/\\\/quehacerpolitico.mx\\\/\",\"name\":\"\",\"description\":\"\",\"potentialAction\":[{\"@type\":\"SearchAction\",\"target\":{\"@type\":\"EntryPoint\",\"urlTemplate\":\"https:\\\/\\\/quehacerpolitico.mx\\\/?s={search_term_string}\"},\"query-input\":{\"@type\":\"PropertyValueSpecification\",\"valueRequired\":true,\"valueName\":\"search_term_string\"}}],\"inLanguage\":\"es\"},{\"@type\":\"Person\",\"@id\":\"https:\\\/\\\/quehacerpolitico.mx\\\/#\\\/schema\\\/person\\\/496d8ad2d1d3f8036101dca7ee39e585\",\"name\":\"Redacci\u00f3n QP\",\"image\":{\"@type\":\"ImageObject\",\"inLanguage\":\"es\",\"@id\":\"https:\\\/\\\/secure.gravatar.com\\\/avatar\\\/c7164ed6fdec453195284ad24a5ae5b6e1eed2b848477fa2a4787ba9adf39a41?s=96&d=mm&r=g\",\"url\":\"https:\\\/\\\/secure.gravatar.com\\\/avatar\\\/c7164ed6fdec453195284ad24a5ae5b6e1eed2b848477fa2a4787ba9adf39a41?s=96&d=mm&r=g\",\"contentUrl\":\"https:\\\/\\\/secure.gravatar.com\\\/avatar\\\/c7164ed6fdec453195284ad24a5ae5b6e1eed2b848477fa2a4787ba9adf39a41?s=96&d=mm&r=g\",\"caption\":\"Redacci\u00f3n QP\"},\"url\":\"https:\\\/\\\/quehacerpolitico.mx\\\/?author=2\"}]}<\/script>\n<!-- \/ Yoast SEO plugin. -->","yoast_head_json":{"title":"Internacionales\/\/\/Carolina Alonso Romei\/\/\/En fallo dividido, la Segunda Sala del m\u00e1ximo tribunal en Chile declaro improcedente la extradici\u00f3n de Mauricio Toledo a M\u00e9xico -","robots":{"index":"index","follow":"follow","max-snippet":"max-snippet:-1","max-image-preview":"max-image-preview:large","max-video-preview":"max-video-preview:-1"},"canonical":"https:\/\/quehacerpolitico.mx\/?p=96355","og_locale":"es_MX","og_type":"article","og_title":"Internacionales\/\/\/Carolina Alonso Romei\/\/\/En fallo dividido, la Segunda Sala del m\u00e1ximo tribunal en Chile declaro improcedente la extradici\u00f3n de Mauricio Toledo a M\u00e9xico -","og_description":"Por Carolina Alonso Romei Internacionalista En fallo dividido, la Segunda Sala del m\u00e1ximo tribunal en...","og_url":"https:\/\/quehacerpolitico.mx\/?p=96355","article_published_time":"2022-10-14T23:03:48+00:00","article_modified_time":"2022-10-14T23:03:51+00:00","og_image":[{"width":771,"height":398,"url":"https:\/\/quehacerpolitico.mx\/wp-content\/uploads\/2022\/10\/91C5E0C6-3FD8-4C88-94AC-41454D8A0D14.jpeg","type":"image\/jpeg"}],"author":"Redacci\u00f3n QP","twitter_card":"summary_large_image","twitter_misc":{"Escrito por":"Redacci\u00f3n QP","Tiempo de lectura":"3 minutos"},"schema":{"@context":"https:\/\/schema.org","@graph":[{"@type":"Article","@id":"https:\/\/quehacerpolitico.mx\/?p=96355#article","isPartOf":{"@id":"https:\/\/quehacerpolitico.mx\/?p=96355"},"author":{"name":"Redacci\u00f3n QP","@id":"https:\/\/quehacerpolitico.mx\/#\/schema\/person\/496d8ad2d1d3f8036101dca7ee39e585"},"headline":"Internacionales\/\/\/Carolina Alonso Romei\/\/\/En fallo dividido, la Segunda Sala del m\u00e1ximo tribunal en Chile declaro improcedente la extradici\u00f3n de Mauricio Toledo a M\u00e9xico","datePublished":"2022-10-14T23:03:48+00:00","dateModified":"2022-10-14T23:03:51+00:00","mainEntityOfPage":{"@id":"https:\/\/quehacerpolitico.mx\/?p=96355"},"wordCount":545,"commentCount":0,"image":{"@id":"https:\/\/quehacerpolitico.mx\/?p=96355#primaryimage"},"thumbnailUrl":"https:\/\/quehacerpolitico.mx\/wp-content\/uploads\/2022\/10\/91C5E0C6-3FD8-4C88-94AC-41454D8A0D14.jpeg","articleSection":["Internacionales"],"inLanguage":"es","potentialAction":[{"@type":"CommentAction","name":"Comment","target":["https:\/\/quehacerpolitico.mx\/?p=96355#respond"]}]},{"@type":"WebPage","@id":"https:\/\/quehacerpolitico.mx\/?p=96355","url":"https:\/\/quehacerpolitico.mx\/?p=96355","name":"Internacionales\/\/\/Carolina Alonso Romei\/\/\/En fallo dividido, la Segunda Sala del m\u00e1ximo tribunal en Chile declaro improcedente la extradici\u00f3n de Mauricio Toledo a M\u00e9xico -","isPartOf":{"@id":"https:\/\/quehacerpolitico.mx\/#website"},"primaryImageOfPage":{"@id":"https:\/\/quehacerpolitico.mx\/?p=96355#primaryimage"},"image":{"@id":"https:\/\/quehacerpolitico.mx\/?p=96355#primaryimage"},"thumbnailUrl":"https:\/\/quehacerpolitico.mx\/wp-content\/uploads\/2022\/10\/91C5E0C6-3FD8-4C88-94AC-41454D8A0D14.jpeg","datePublished":"2022-10-14T23:03:48+00:00","dateModified":"2022-10-14T23:03:51+00:00","author":{"@id":"https:\/\/quehacerpolitico.mx\/#\/schema\/person\/496d8ad2d1d3f8036101dca7ee39e585"},"breadcrumb":{"@id":"https:\/\/quehacerpolitico.mx\/?p=96355#breadcrumb"},"inLanguage":"es","potentialAction":[{"@type":"ReadAction","target":["https:\/\/quehacerpolitico.mx\/?p=96355"]}]},{"@type":"ImageObject","inLanguage":"es","@id":"https:\/\/quehacerpolitico.mx\/?p=96355#primaryimage","url":"https:\/\/quehacerpolitico.mx\/wp-content\/uploads\/2022\/10\/91C5E0C6-3FD8-4C88-94AC-41454D8A0D14.jpeg","contentUrl":"https:\/\/quehacerpolitico.mx\/wp-content\/uploads\/2022\/10\/91C5E0C6-3FD8-4C88-94AC-41454D8A0D14.jpeg","width":771,"height":398},{"@type":"BreadcrumbList","@id":"https:\/\/quehacerpolitico.mx\/?p=96355#breadcrumb","itemListElement":[{"@type":"ListItem","position":1,"name":"Inicio","item":"https:\/\/quehacerpolitico.mx\/"},{"@type":"ListItem","position":2,"name":"Internacionales\/\/\/Carolina Alonso Romei\/\/\/En fallo dividido, la Segunda Sala del m\u00e1ximo tribunal en Chile declaro improcedente la extradici\u00f3n de Mauricio Toledo a M\u00e9xico"}]},{"@type":"WebSite","@id":"https:\/\/quehacerpolitico.mx\/#website","url":"https:\/\/quehacerpolitico.mx\/","name":"","description":"","potentialAction":[{"@type":"SearchAction","target":{"@type":"EntryPoint","urlTemplate":"https:\/\/quehacerpolitico.mx\/?s={search_term_string}"},"query-input":{"@type":"PropertyValueSpecification","valueRequired":true,"valueName":"search_term_string"}}],"inLanguage":"es"},{"@type":"Person","@id":"https:\/\/quehacerpolitico.mx\/#\/schema\/person\/496d8ad2d1d3f8036101dca7ee39e585","name":"Redacci\u00f3n QP","image":{"@type":"ImageObject","inLanguage":"es","@id":"https:\/\/secure.gravatar.com\/avatar\/c7164ed6fdec453195284ad24a5ae5b6e1eed2b848477fa2a4787ba9adf39a41?s=96&d=mm&r=g","url":"https:\/\/secure.gravatar.com\/avatar\/c7164ed6fdec453195284ad24a5ae5b6e1eed2b848477fa2a4787ba9adf39a41?s=96&d=mm&r=g","contentUrl":"https:\/\/secure.gravatar.com\/avatar\/c7164ed6fdec453195284ad24a5ae5b6e1eed2b848477fa2a4787ba9adf39a41?s=96&d=mm&r=g","caption":"Redacci\u00f3n QP"},"url":"https:\/\/quehacerpolitico.mx\/?author=2"}]}},"featured_image_urls":{"full":["https:\/\/quehacerpolitico.mx\/wp-content\/uploads\/2022\/10\/91C5E0C6-3FD8-4C88-94AC-41454D8A0D14.jpeg",771,398,false],"thumbnail":["https:\/\/quehacerpolitico.mx\/wp-content\/uploads\/2022\/10\/91C5E0C6-3FD8-4C88-94AC-41454D8A0D14-150x150.jpeg",150,150,true],"medium":["https:\/\/quehacerpolitico.mx\/wp-content\/uploads\/2022\/10\/91C5E0C6-3FD8-4C88-94AC-41454D8A0D14-300x155.jpeg",300,155,true],"medium_large":["https:\/\/quehacerpolitico.mx\/wp-content\/uploads\/2022\/10\/91C5E0C6-3FD8-4C88-94AC-41454D8A0D14-768x396.jpeg",640,330,true],"large":["https:\/\/quehacerpolitico.mx\/wp-content\/uploads\/2022\/10\/91C5E0C6-3FD8-4C88-94AC-41454D8A0D14.jpeg",640,330,false],"1536x1536":["https:\/\/quehacerpolitico.mx\/wp-content\/uploads\/2022\/10\/91C5E0C6-3FD8-4C88-94AC-41454D8A0D14.jpeg",771,398,false],"2048x2048":["https:\/\/quehacerpolitico.mx\/wp-content\/uploads\/2022\/10\/91C5E0C6-3FD8-4C88-94AC-41454D8A0D14.jpeg",771,398,false],"covernews-featured":["https:\/\/quehacerpolitico.mx\/wp-content\/uploads\/2022\/10\/91C5E0C6-3FD8-4C88-94AC-41454D8A0D14.jpeg",771,398,false],"covernews-medium":["https:\/\/quehacerpolitico.mx\/wp-content\/uploads\/2022\/10\/91C5E0C6-3FD8-4C88-94AC-41454D8A0D14.jpeg",540,279,false]},"author_info":{"display_name":"Redacci\u00f3n QP","author_link":"https:\/\/quehacerpolitico.mx\/?author=2"},"category_info":"<a href=\"https:\/\/quehacerpolitico.mx\/?cat=1\" rel=\"category\">Internacionales<\/a>","tag_info":"Internacionales","comment_count":"0","_links":{"self":[{"href":"https:\/\/quehacerpolitico.mx\/index.php?rest_route=\/wp\/v2\/posts\/96355","targetHints":{"allow":["GET"]}}],"collection":[{"href":"https:\/\/quehacerpolitico.mx\/index.php?rest_route=\/wp\/v2\/posts"}],"about":[{"href":"https:\/\/quehacerpolitico.mx\/index.php?rest_route=\/wp\/v2\/types\/post"}],"author":[{"embeddable":true,"href":"https:\/\/quehacerpolitico.mx\/index.php?rest_route=\/wp\/v2\/users\/2"}],"replies":[{"embeddable":true,"href":"https:\/\/quehacerpolitico.mx\/index.php?rest_route=%2Fwp%2Fv2%2Fcomments&post=96355"}],"version-history":[{"count":1,"href":"https:\/\/quehacerpolitico.mx\/index.php?rest_route=\/wp\/v2\/posts\/96355\/revisions"}],"predecessor-version":[{"id":96358,"href":"https:\/\/quehacerpolitico.mx\/index.php?rest_route=\/wp\/v2\/posts\/96355\/revisions\/96358"}],"wp:featuredmedia":[{"embeddable":true,"href":"https:\/\/quehacerpolitico.mx\/index.php?rest_route=\/wp\/v2\/media\/96357"}],"wp:attachment":[{"href":"https:\/\/quehacerpolitico.mx\/index.php?rest_route=%2Fwp%2Fv2%2Fmedia&parent=96355"}],"wp:term":[{"taxonomy":"category","embeddable":true,"href":"https:\/\/quehacerpolitico.mx\/index.php?rest_route=%2Fwp%2Fv2%2Fcategories&post=96355"},{"taxonomy":"post_tag","embeddable":true,"href":"https:\/\/quehacerpolitico.mx\/index.php?rest_route=%2Fwp%2Fv2%2Ftags&post=96355"}],"curies":[{"name":"wp","href":"https:\/\/api.w.org\/{rel}","templated":true}]}}