{"id":96349,"date":"2022-10-14T18:57:16","date_gmt":"2022-10-14T18:57:16","guid":{"rendered":"https:\/\/quehacerpolitico.mx\/?p=96349"},"modified":"2022-10-14T18:57:20","modified_gmt":"2022-10-14T18:57:20","slug":"internacionales-carolina-alonso-romei-a-traves-de-tiktok-estadounidenses-amenazan-con-matar-a-inmigrantes","status":"publish","type":"post","link":"https:\/\/quehacerpolitico.mx\/?p=96349","title":{"rendered":"Internacionales\/\/\/Carolina Alonso Romei\/\/\/A trav\u00e9s de TikTok, estadounidenses amenazan con matar a inmigrantes"},"content":{"rendered":"\n<p>Por Carolina Alonso Romei<\/p>\n\n\n\n<p>Internacionalista <\/p>\n\n\n\n<p>Dos hombres\u00a0enfrentan cargos luego de publicar amenazas de muerte hacia inmigrantes a trav\u00e9s de TikTok<\/p>\n\n\n\n<p>Utilizando la plataforma de TikTok, dos estadounidenses de 37 y 32 a\u00f1os de edad,\u00a0<strong>amenazaron con asesinar inmigrantes en la frontera de Estados Unidos y M\u00e9xico<\/strong>\u00a0&#8220;para recuperar este pa\u00eds&#8221;.<\/p>\n\n\n\n<p>Los dos hombres identificados como Bryan Perry y Jonathan\u00a0O&#8217;Dell tambi\u00e9n fueron se\u00f1alados por el Bur\u00f3 Federal de Investigaciones (FBI)\u00a0<strong>por realizar ataques en Washington<\/strong>, razones por las cuales enfrentan cargos criminales.<\/p>\n\n\n\n<figure class=\"wp-block-embed is-type-video is-provider-youtube wp-block-embed-youtube wp-embed-aspect-16-9 wp-has-aspect-ratio\"><div class=\"wp-block-embed__wrapper\">\n<iframe loading=\"lazy\" title=\"Acusan a dos hombres de conspirar para matar a migrantes | Noticias Telemundo\" width=\"640\" height=\"360\" src=\"https:\/\/www.youtube.com\/embed\/c3Q7GJOzY-w?feature=oembed\" frameborder=\"0\" allow=\"accelerometer; autoplay; clipboard-write; encrypted-media; gyroscope; picture-in-picture; web-share\" referrerpolicy=\"strict-origin-when-cross-origin\" allowfullscreen><\/iframe>\n<\/div><\/figure>\n\n\n\n<p>El d\u00eda de ayer jueves, se llev\u00f3 a cabo su primer audiencia en una corte del estado de Missouri, ambos enfrentan cargos por\u00a0<strong>posesi\u00f3n ilegal de armas y conspiraci\u00f3n para matar.<\/strong><\/p>\n\n\n\n<p>&#8220;Yo s\u00e9 que ya soy, pr\u00e1cticamente,&nbsp;<strong>un terrorista<\/strong>&nbsp;(&#8230;). S\u00e9, de hecho, que soy un patriota&#8221;, indic\u00f3 uno de ellos, seg\u00fan el FBI. La agencia detall\u00f3 que gracias a un informante an\u00f3nimo y un agente encubierto lograron identificar a los usuarios de TikTok que amenazaron con ataques violentos contra inmigrantes y el Gobierno de Estado Unidos.<\/p>\n\n\n\n<p>&#8220;Probablemente yo sea, en este momento, el \u00fanico listo para ir a la guerra contra este Gobierno&#8221;, afirm\u00f3 el usuario de una de las cuentas, que el FBI identific\u00f3 como Perry. En otros videos de TikTok aparece O&#8217;Dell expresando su deseo de &#8220;asegurar la frontera sur&#8221; y Perry indicando que su &#8220;peque\u00f1o grupo sale tan pronto como sea posible&#8221;<strong>\u00a0con la intenci\u00f3n de disparar a &#8220;matar&#8221;.<\/strong><\/p>\n\n\n\n<p>Perry anunci\u00f3 por TikTok sus planes de viaje a Texas el 8 de octubre y a\u00f1adi\u00f3 que el grupo planificaba llevar &#8220;equipo completo&#8221; lo cual, seg\u00fan los cargos, es una referencia a &#8220;chalecos que permiten llevar blindaje, munici\u00f3n adicional y radios&#8221;.&nbsp;<strong>&#8220;No vamos all\u00e1 a protestar&#8221;<\/strong>, a\u00f1adi\u00f3 Perry en un video, seg\u00fan los documentos. &#8220;No vamos para ser solo una presencia.<\/p>\n\n\n\n<p>&#8220;No. Vamos all\u00e1 a recuperar este pa\u00eds&#8221;. O&#8217;Dell ofreci\u00f3 al agente encubierto un canje de armas de fuego por radios y aparatos de visi\u00f3n nocturna. Perry fue acusado de transmitir una amenaza a trav\u00e9s de l\u00edmites estatales para atacar a otra persona, y de atacar a un agente del FBI con un arma mortal. O&#8217;Dell est\u00e1 acusado de la transmisi\u00f3n de amenaza a trav\u00e9s de l\u00edmites estatales y la posesi\u00f3n ilegal de un arma de fuego.<\/p>\n\n\n\n<p>Con informaci\u00f3n de EFE<\/p>\n","protected":false},"excerpt":{"rendered":"<p>Por Carolina Alonso Romei Internacionalista Dos hombres\u00a0enfrentan cargos luego de publicar amenazas de muerte hacia&#8230;<\/p>\n","protected":false},"author":2,"featured_media":96350,"comment_status":"open","ping_status":"open","sticky":false,"template":"","format":"standard","meta":{"_monsterinsights_skip_tracking":false,"_monsterinsights_sitenote_active":false,"_monsterinsights_sitenote_note":"","_monsterinsights_sitenote_category":0,"footnotes":""},"categories":[1],"tags":[],"class_list":["post-96349","post","type-post","status-publish","format-standard","has-post-thumbnail","hentry","category-sin-categoria"],"yoast_head":"<!-- This site is optimized with the Yoast SEO plugin v27.3 - https:\/\/yoast.com\/product\/yoast-seo-wordpress\/ -->\n<title>Internacionales\/\/\/Carolina Alonso Romei\/\/\/A trav\u00e9s de TikTok, estadounidenses amenazan con matar a inmigrantes -<\/title>\n<meta name=\"robots\" content=\"index, follow, max-snippet:-1, max-image-preview:large, max-video-preview:-1\" \/>\n<link rel=\"canonical\" href=\"https:\/\/quehacerpolitico.mx\/?p=96349\" \/>\n<meta property=\"og:locale\" content=\"es_MX\" \/>\n<meta property=\"og:type\" content=\"article\" \/>\n<meta property=\"og:title\" content=\"Internacionales\/\/\/Carolina Alonso Romei\/\/\/A trav\u00e9s de TikTok, estadounidenses amenazan con matar a inmigrantes -\" \/>\n<meta property=\"og:description\" content=\"Por Carolina Alonso Romei Internacionalista Dos hombres\u00a0enfrentan cargos luego de publicar amenazas de muerte hacia...\" \/>\n<meta property=\"og:url\" content=\"https:\/\/quehacerpolitico.mx\/?p=96349\" \/>\n<meta property=\"article:published_time\" content=\"2022-10-14T18:57:16+00:00\" \/>\n<meta property=\"article:modified_time\" content=\"2022-10-14T18:57:20+00:00\" \/>\n<meta property=\"og:image\" content=\"https:\/\/quehacerpolitico.mx\/wp-content\/uploads\/2022\/10\/5105E517-E836-461D-9C70-B5FD0675A53E.jpeg\" \/>\n\t<meta property=\"og:image:width\" content=\"1284\" \/>\n\t<meta property=\"og:image:height\" content=\"540\" \/>\n\t<meta property=\"og:image:type\" content=\"image\/jpeg\" \/>\n<meta name=\"author\" content=\"Redacci\u00f3n QP\" \/>\n<meta name=\"twitter:card\" content=\"summary_large_image\" \/>\n<meta name=\"twitter:label1\" content=\"Escrito por\" \/>\n\t<meta name=\"twitter:data1\" content=\"Redacci\u00f3n QP\" \/>\n\t<meta name=\"twitter:label2\" content=\"Tiempo de lectura\" \/>\n\t<meta name=\"twitter:data2\" content=\"2 minutos\" \/>\n<script type=\"application\/ld+json\" class=\"yoast-schema-graph\">{\"@context\":\"https:\\\/\\\/schema.org\",\"@graph\":[{\"@type\":\"Article\",\"@id\":\"https:\\\/\\\/quehacerpolitico.mx\\\/?p=96349#article\",\"isPartOf\":{\"@id\":\"https:\\\/\\\/quehacerpolitico.mx\\\/?p=96349\"},\"author\":{\"name\":\"Redacci\u00f3n QP\",\"@id\":\"https:\\\/\\\/quehacerpolitico.mx\\\/#\\\/schema\\\/person\\\/496d8ad2d1d3f8036101dca7ee39e585\"},\"headline\":\"Internacionales\\\/\\\/\\\/Carolina Alonso Romei\\\/\\\/\\\/A trav\u00e9s de TikTok, estadounidenses amenazan con matar a inmigrantes\",\"datePublished\":\"2022-10-14T18:57:16+00:00\",\"dateModified\":\"2022-10-14T18:57:20+00:00\",\"mainEntityOfPage\":{\"@id\":\"https:\\\/\\\/quehacerpolitico.mx\\\/?p=96349\"},\"wordCount\":429,\"commentCount\":0,\"image\":{\"@id\":\"https:\\\/\\\/quehacerpolitico.mx\\\/?p=96349#primaryimage\"},\"thumbnailUrl\":\"https:\\\/\\\/quehacerpolitico.mx\\\/wp-content\\\/uploads\\\/2022\\\/10\\\/5105E517-E836-461D-9C70-B5FD0675A53E.jpeg\",\"articleSection\":[\"Internacionales\"],\"inLanguage\":\"es\",\"potentialAction\":[{\"@type\":\"CommentAction\",\"name\":\"Comment\",\"target\":[\"https:\\\/\\\/quehacerpolitico.mx\\\/?p=96349#respond\"]}]},{\"@type\":\"WebPage\",\"@id\":\"https:\\\/\\\/quehacerpolitico.mx\\\/?p=96349\",\"url\":\"https:\\\/\\\/quehacerpolitico.mx\\\/?p=96349\",\"name\":\"Internacionales\\\/\\\/\\\/Carolina Alonso Romei\\\/\\\/\\\/A trav\u00e9s de TikTok, estadounidenses amenazan con matar a inmigrantes -\",\"isPartOf\":{\"@id\":\"https:\\\/\\\/quehacerpolitico.mx\\\/#website\"},\"primaryImageOfPage\":{\"@id\":\"https:\\\/\\\/quehacerpolitico.mx\\\/?p=96349#primaryimage\"},\"image\":{\"@id\":\"https:\\\/\\\/quehacerpolitico.mx\\\/?p=96349#primaryimage\"},\"thumbnailUrl\":\"https:\\\/\\\/quehacerpolitico.mx\\\/wp-content\\\/uploads\\\/2022\\\/10\\\/5105E517-E836-461D-9C70-B5FD0675A53E.jpeg\",\"datePublished\":\"2022-10-14T18:57:16+00:00\",\"dateModified\":\"2022-10-14T18:57:20+00:00\",\"author\":{\"@id\":\"https:\\\/\\\/quehacerpolitico.mx\\\/#\\\/schema\\\/person\\\/496d8ad2d1d3f8036101dca7ee39e585\"},\"breadcrumb\":{\"@id\":\"https:\\\/\\\/quehacerpolitico.mx\\\/?p=96349#breadcrumb\"},\"inLanguage\":\"es\",\"potentialAction\":[{\"@type\":\"ReadAction\",\"target\":[\"https:\\\/\\\/quehacerpolitico.mx\\\/?p=96349\"]}]},{\"@type\":\"ImageObject\",\"inLanguage\":\"es\",\"@id\":\"https:\\\/\\\/quehacerpolitico.mx\\\/?p=96349#primaryimage\",\"url\":\"https:\\\/\\\/quehacerpolitico.mx\\\/wp-content\\\/uploads\\\/2022\\\/10\\\/5105E517-E836-461D-9C70-B5FD0675A53E.jpeg\",\"contentUrl\":\"https:\\\/\\\/quehacerpolitico.mx\\\/wp-content\\\/uploads\\\/2022\\\/10\\\/5105E517-E836-461D-9C70-B5FD0675A53E.jpeg\",\"width\":1284,\"height\":540},{\"@type\":\"BreadcrumbList\",\"@id\":\"https:\\\/\\\/quehacerpolitico.mx\\\/?p=96349#breadcrumb\",\"itemListElement\":[{\"@type\":\"ListItem\",\"position\":1,\"name\":\"Inicio\",\"item\":\"https:\\\/\\\/quehacerpolitico.mx\\\/\"},{\"@type\":\"ListItem\",\"position\":2,\"name\":\"Internacionales\\\/\\\/\\\/Carolina Alonso Romei\\\/\\\/\\\/A trav\u00e9s de TikTok, estadounidenses amenazan con matar a inmigrantes\"}]},{\"@type\":\"WebSite\",\"@id\":\"https:\\\/\\\/quehacerpolitico.mx\\\/#website\",\"url\":\"https:\\\/\\\/quehacerpolitico.mx\\\/\",\"name\":\"\",\"description\":\"\",\"potentialAction\":[{\"@type\":\"SearchAction\",\"target\":{\"@type\":\"EntryPoint\",\"urlTemplate\":\"https:\\\/\\\/quehacerpolitico.mx\\\/?s={search_term_string}\"},\"query-input\":{\"@type\":\"PropertyValueSpecification\",\"valueRequired\":true,\"valueName\":\"search_term_string\"}}],\"inLanguage\":\"es\"},{\"@type\":\"Person\",\"@id\":\"https:\\\/\\\/quehacerpolitico.mx\\\/#\\\/schema\\\/person\\\/496d8ad2d1d3f8036101dca7ee39e585\",\"name\":\"Redacci\u00f3n QP\",\"image\":{\"@type\":\"ImageObject\",\"inLanguage\":\"es\",\"@id\":\"https:\\\/\\\/secure.gravatar.com\\\/avatar\\\/c7164ed6fdec453195284ad24a5ae5b6e1eed2b848477fa2a4787ba9adf39a41?s=96&d=mm&r=g\",\"url\":\"https:\\\/\\\/secure.gravatar.com\\\/avatar\\\/c7164ed6fdec453195284ad24a5ae5b6e1eed2b848477fa2a4787ba9adf39a41?s=96&d=mm&r=g\",\"contentUrl\":\"https:\\\/\\\/secure.gravatar.com\\\/avatar\\\/c7164ed6fdec453195284ad24a5ae5b6e1eed2b848477fa2a4787ba9adf39a41?s=96&d=mm&r=g\",\"caption\":\"Redacci\u00f3n QP\"},\"url\":\"https:\\\/\\\/quehacerpolitico.mx\\\/?author=2\"}]}<\/script>\n<!-- \/ Yoast SEO plugin. -->","yoast_head_json":{"title":"Internacionales\/\/\/Carolina Alonso Romei\/\/\/A trav\u00e9s de TikTok, estadounidenses amenazan con matar a inmigrantes -","robots":{"index":"index","follow":"follow","max-snippet":"max-snippet:-1","max-image-preview":"max-image-preview:large","max-video-preview":"max-video-preview:-1"},"canonical":"https:\/\/quehacerpolitico.mx\/?p=96349","og_locale":"es_MX","og_type":"article","og_title":"Internacionales\/\/\/Carolina Alonso Romei\/\/\/A trav\u00e9s de TikTok, estadounidenses amenazan con matar a inmigrantes -","og_description":"Por Carolina Alonso Romei Internacionalista Dos hombres\u00a0enfrentan cargos luego de publicar amenazas de muerte hacia...","og_url":"https:\/\/quehacerpolitico.mx\/?p=96349","article_published_time":"2022-10-14T18:57:16+00:00","article_modified_time":"2022-10-14T18:57:20+00:00","og_image":[{"width":1284,"height":540,"url":"https:\/\/quehacerpolitico.mx\/wp-content\/uploads\/2022\/10\/5105E517-E836-461D-9C70-B5FD0675A53E.jpeg","type":"image\/jpeg"}],"author":"Redacci\u00f3n QP","twitter_card":"summary_large_image","twitter_misc":{"Escrito por":"Redacci\u00f3n QP","Tiempo de lectura":"2 minutos"},"schema":{"@context":"https:\/\/schema.org","@graph":[{"@type":"Article","@id":"https:\/\/quehacerpolitico.mx\/?p=96349#article","isPartOf":{"@id":"https:\/\/quehacerpolitico.mx\/?p=96349"},"author":{"name":"Redacci\u00f3n QP","@id":"https:\/\/quehacerpolitico.mx\/#\/schema\/person\/496d8ad2d1d3f8036101dca7ee39e585"},"headline":"Internacionales\/\/\/Carolina Alonso Romei\/\/\/A trav\u00e9s de TikTok, estadounidenses amenazan con matar a inmigrantes","datePublished":"2022-10-14T18:57:16+00:00","dateModified":"2022-10-14T18:57:20+00:00","mainEntityOfPage":{"@id":"https:\/\/quehacerpolitico.mx\/?p=96349"},"wordCount":429,"commentCount":0,"image":{"@id":"https:\/\/quehacerpolitico.mx\/?p=96349#primaryimage"},"thumbnailUrl":"https:\/\/quehacerpolitico.mx\/wp-content\/uploads\/2022\/10\/5105E517-E836-461D-9C70-B5FD0675A53E.jpeg","articleSection":["Internacionales"],"inLanguage":"es","potentialAction":[{"@type":"CommentAction","name":"Comment","target":["https:\/\/quehacerpolitico.mx\/?p=96349#respond"]}]},{"@type":"WebPage","@id":"https:\/\/quehacerpolitico.mx\/?p=96349","url":"https:\/\/quehacerpolitico.mx\/?p=96349","name":"Internacionales\/\/\/Carolina Alonso Romei\/\/\/A trav\u00e9s de TikTok, estadounidenses amenazan con matar a inmigrantes -","isPartOf":{"@id":"https:\/\/quehacerpolitico.mx\/#website"},"primaryImageOfPage":{"@id":"https:\/\/quehacerpolitico.mx\/?p=96349#primaryimage"},"image":{"@id":"https:\/\/quehacerpolitico.mx\/?p=96349#primaryimage"},"thumbnailUrl":"https:\/\/quehacerpolitico.mx\/wp-content\/uploads\/2022\/10\/5105E517-E836-461D-9C70-B5FD0675A53E.jpeg","datePublished":"2022-10-14T18:57:16+00:00","dateModified":"2022-10-14T18:57:20+00:00","author":{"@id":"https:\/\/quehacerpolitico.mx\/#\/schema\/person\/496d8ad2d1d3f8036101dca7ee39e585"},"breadcrumb":{"@id":"https:\/\/quehacerpolitico.mx\/?p=96349#breadcrumb"},"inLanguage":"es","potentialAction":[{"@type":"ReadAction","target":["https:\/\/quehacerpolitico.mx\/?p=96349"]}]},{"@type":"ImageObject","inLanguage":"es","@id":"https:\/\/quehacerpolitico.mx\/?p=96349#primaryimage","url":"https:\/\/quehacerpolitico.mx\/wp-content\/uploads\/2022\/10\/5105E517-E836-461D-9C70-B5FD0675A53E.jpeg","contentUrl":"https:\/\/quehacerpolitico.mx\/wp-content\/uploads\/2022\/10\/5105E517-E836-461D-9C70-B5FD0675A53E.jpeg","width":1284,"height":540},{"@type":"BreadcrumbList","@id":"https:\/\/quehacerpolitico.mx\/?p=96349#breadcrumb","itemListElement":[{"@type":"ListItem","position":1,"name":"Inicio","item":"https:\/\/quehacerpolitico.mx\/"},{"@type":"ListItem","position":2,"name":"Internacionales\/\/\/Carolina Alonso Romei\/\/\/A trav\u00e9s de TikTok, estadounidenses amenazan con matar a inmigrantes"}]},{"@type":"WebSite","@id":"https:\/\/quehacerpolitico.mx\/#website","url":"https:\/\/quehacerpolitico.mx\/","name":"","description":"","potentialAction":[{"@type":"SearchAction","target":{"@type":"EntryPoint","urlTemplate":"https:\/\/quehacerpolitico.mx\/?s={search_term_string}"},"query-input":{"@type":"PropertyValueSpecification","valueRequired":true,"valueName":"search_term_string"}}],"inLanguage":"es"},{"@type":"Person","@id":"https:\/\/quehacerpolitico.mx\/#\/schema\/person\/496d8ad2d1d3f8036101dca7ee39e585","name":"Redacci\u00f3n QP","image":{"@type":"ImageObject","inLanguage":"es","@id":"https:\/\/secure.gravatar.com\/avatar\/c7164ed6fdec453195284ad24a5ae5b6e1eed2b848477fa2a4787ba9adf39a41?s=96&d=mm&r=g","url":"https:\/\/secure.gravatar.com\/avatar\/c7164ed6fdec453195284ad24a5ae5b6e1eed2b848477fa2a4787ba9adf39a41?s=96&d=mm&r=g","contentUrl":"https:\/\/secure.gravatar.com\/avatar\/c7164ed6fdec453195284ad24a5ae5b6e1eed2b848477fa2a4787ba9adf39a41?s=96&d=mm&r=g","caption":"Redacci\u00f3n QP"},"url":"https:\/\/quehacerpolitico.mx\/?author=2"}]}},"featured_image_urls":{"full":["https:\/\/quehacerpolitico.mx\/wp-content\/uploads\/2022\/10\/5105E517-E836-461D-9C70-B5FD0675A53E.jpeg",1284,540,false],"thumbnail":["https:\/\/quehacerpolitico.mx\/wp-content\/uploads\/2022\/10\/5105E517-E836-461D-9C70-B5FD0675A53E-150x150.jpeg",150,150,true],"medium":["https:\/\/quehacerpolitico.mx\/wp-content\/uploads\/2022\/10\/5105E517-E836-461D-9C70-B5FD0675A53E-300x126.jpeg",300,126,true],"medium_large":["https:\/\/quehacerpolitico.mx\/wp-content\/uploads\/2022\/10\/5105E517-E836-461D-9C70-B5FD0675A53E-768x323.jpeg",640,269,true],"large":["https:\/\/quehacerpolitico.mx\/wp-content\/uploads\/2022\/10\/5105E517-E836-461D-9C70-B5FD0675A53E-1024x431.jpeg",640,269,true],"1536x1536":["https:\/\/quehacerpolitico.mx\/wp-content\/uploads\/2022\/10\/5105E517-E836-461D-9C70-B5FD0675A53E.jpeg",1284,540,false],"2048x2048":["https:\/\/quehacerpolitico.mx\/wp-content\/uploads\/2022\/10\/5105E517-E836-461D-9C70-B5FD0675A53E.jpeg",1284,540,false],"covernews-featured":["https:\/\/quehacerpolitico.mx\/wp-content\/uploads\/2022\/10\/5105E517-E836-461D-9C70-B5FD0675A53E.jpeg",1024,431,false],"covernews-medium":["https:\/\/quehacerpolitico.mx\/wp-content\/uploads\/2022\/10\/5105E517-E836-461D-9C70-B5FD0675A53E.jpeg",540,227,false]},"author_info":{"display_name":"Redacci\u00f3n QP","author_link":"https:\/\/quehacerpolitico.mx\/?author=2"},"category_info":"<a href=\"https:\/\/quehacerpolitico.mx\/?cat=1\" rel=\"category\">Internacionales<\/a>","tag_info":"Internacionales","comment_count":"0","_links":{"self":[{"href":"https:\/\/quehacerpolitico.mx\/index.php?rest_route=\/wp\/v2\/posts\/96349","targetHints":{"allow":["GET"]}}],"collection":[{"href":"https:\/\/quehacerpolitico.mx\/index.php?rest_route=\/wp\/v2\/posts"}],"about":[{"href":"https:\/\/quehacerpolitico.mx\/index.php?rest_route=\/wp\/v2\/types\/post"}],"author":[{"embeddable":true,"href":"https:\/\/quehacerpolitico.mx\/index.php?rest_route=\/wp\/v2\/users\/2"}],"replies":[{"embeddable":true,"href":"https:\/\/quehacerpolitico.mx\/index.php?rest_route=%2Fwp%2Fv2%2Fcomments&post=96349"}],"version-history":[{"count":1,"href":"https:\/\/quehacerpolitico.mx\/index.php?rest_route=\/wp\/v2\/posts\/96349\/revisions"}],"predecessor-version":[{"id":96351,"href":"https:\/\/quehacerpolitico.mx\/index.php?rest_route=\/wp\/v2\/posts\/96349\/revisions\/96351"}],"wp:featuredmedia":[{"embeddable":true,"href":"https:\/\/quehacerpolitico.mx\/index.php?rest_route=\/wp\/v2\/media\/96350"}],"wp:attachment":[{"href":"https:\/\/quehacerpolitico.mx\/index.php?rest_route=%2Fwp%2Fv2%2Fmedia&parent=96349"}],"wp:term":[{"taxonomy":"category","embeddable":true,"href":"https:\/\/quehacerpolitico.mx\/index.php?rest_route=%2Fwp%2Fv2%2Fcategories&post=96349"},{"taxonomy":"post_tag","embeddable":true,"href":"https:\/\/quehacerpolitico.mx\/index.php?rest_route=%2Fwp%2Fv2%2Ftags&post=96349"}],"curies":[{"name":"wp","href":"https:\/\/api.w.org\/{rel}","templated":true}]}}