{"id":96337,"date":"2022-10-14T17:17:12","date_gmt":"2022-10-14T17:17:12","guid":{"rendered":"https:\/\/quehacerpolitico.mx\/?p=96337"},"modified":"2022-10-14T17:17:16","modified_gmt":"2022-10-14T17:17:16","slug":"ecologistas-lanzan-sopa-sobre-los-girasoles-de-van-gogh-video","status":"publish","type":"post","link":"https:\/\/quehacerpolitico.mx\/?p=96337","title":{"rendered":"Ecologistas lanzan sopa sobre &#8220;Los girasoles&#8221;, de Van Gogh (VIDEO)\u00a0"},"content":{"rendered":"\n<p>Por Redacci\u00f3n QP<\/p>\n\n\n\n<p>Dos militantes de &#8220;Just Stop Oil&#8221; trataron de da\u00f1ar la obra con la finalidad de llamar la atenci\u00f3n sobre su demanda de que el gobierno brit\u00e1nico detenga sus proyectos energ\u00e9ticos de petr\u00f3leo y gas<\/p>\n\n\n\n<p>Dos manifestantes ecologistas arrojaron sopa de tomate sobre el cuadro &#8220;Los girasoles&#8221; de Vincent van Gogh en la National Gallery de Londres el viernes, seg\u00fan muestran v\u00eddeos publicados en las redes sociales.<\/p>\n\n\n\n<p><strong>El grupo &#8220;Just\u00a0Stop\u00a0Oil&#8221; afirm\u00f3 en un comunicado que dos de sus activistas arrojaron dos latas de sopa de la marca\u00a0Heinz\u00a0sobre el lienzo, pintado en 1888 y aparentemente protegido por un cristal,<\/strong>\u00a0a las 11h00 locales (10h00 GMT).<\/p>\n\n\n\n<figure class=\"wp-block-embed is-type-video is-provider-youtube wp-block-embed-youtube wp-embed-aspect-16-9 wp-has-aspect-ratio\"><div class=\"wp-block-embed__wrapper\">\n<iframe loading=\"lazy\" title=\"Lanzan sopa a &quot;Los girasoles&quot; de Van Gogh en museo de Londres\" width=\"640\" height=\"360\" src=\"https:\/\/www.youtube.com\/embed\/cKkh7TBTmTo?feature=oembed\" frameborder=\"0\" allow=\"accelerometer; autoplay; clipboard-write; encrypted-media; gyroscope; picture-in-picture; web-share\" referrerpolicy=\"strict-origin-when-cross-origin\" allowfullscreen><\/iframe>\n<\/div><\/figure>\n\n\n\n<p>Seg\u00fan inform\u00f3 la polic\u00eda de Londres en Twitter, tras lanzar la sopa sobre el cuadro los manifestantes se pegaron con cola a la pared de la pinacoteca.<\/p>\n\n\n\n<p>La seguridad del museo lleg\u00f3 poco despu\u00e9s e hizo salir a los visitantes de la sala.&nbsp;<strong>Scotland&nbsp;Yardanunci\u00f3 posteriormente haber detenido a dos personas acusadas de &#8220;da\u00f1os criminales&#8221;.<\/strong><\/p>\n\n\n\n<p>Con esta acci\u00f3n los ecologistas del grupo de desobediencia civil &#8220;Just Stop Oil&#8221;\u00a0<strong>buscaban exigir que el gobierno brit\u00e1nico detenga todos los nuevos proyectos de petr\u00f3leo y gas,<\/strong>\u00a0precis\u00f3.<\/p>\n\n\n\n<p>Cada vez m\u00e1s cuestionada por sus decisiones pol\u00edticas, econ\u00f3micas y medioambientales, la nueva primera ministra conservadora brit\u00e1nica, Liz Truss, nombrada el 6 de septiembre como sucesora del controvertido Boris Johnson, anunci\u00f3 dos d\u00edas despu\u00e9s el&nbsp;<strong>levantamiento de una moratoria a la fractura hidr\u00e1ulica en el Reino Unido.<\/strong><\/p>\n\n\n\n<p>Adem\u00e1s de permitir este controvertido m\u00e9todo de extracci\u00f3n de combustibles f\u00f3siles que estaba hasta ahora prohibido en el pa\u00eds,\u00a0<strong>Truss anunci\u00f3 tambi\u00e9n un incremento de las licencias para la extracci\u00f3n de petr\u00f3leo y gas en el Mar del Norte entre sus medidas para luchar contra la crisis energ\u00e9tica<\/strong>.<\/p>\n\n\n\n<p>Con informaci\u00f3n de AFP<\/p>\n","protected":false},"excerpt":{"rendered":"<p>Por Redacci\u00f3n QP Dos militantes de &#8220;Just Stop Oil&#8221; trataron de da\u00f1ar la obra con&#8230;<\/p>\n","protected":false},"author":2,"featured_media":96338,"comment_status":"open","ping_status":"open","sticky":false,"template":"","format":"standard","meta":{"_monsterinsights_skip_tracking":false,"_monsterinsights_sitenote_active":false,"_monsterinsights_sitenote_note":"","_monsterinsights_sitenote_category":0,"footnotes":""},"categories":[58],"tags":[],"class_list":["post-96337","post","type-post","status-publish","format-standard","has-post-thumbnail","hentry","category-cultura"],"yoast_head":"<!-- This site is optimized with the Yoast SEO plugin v27.3 - https:\/\/yoast.com\/product\/yoast-seo-wordpress\/ -->\n<title>Ecologistas lanzan sopa sobre &quot;Los girasoles&quot;, de Van Gogh (VIDEO)\u00a0 -<\/title>\n<meta name=\"robots\" content=\"index, follow, max-snippet:-1, max-image-preview:large, max-video-preview:-1\" \/>\n<link rel=\"canonical\" href=\"https:\/\/quehacerpolitico.mx\/?p=96337\" \/>\n<meta property=\"og:locale\" content=\"es_MX\" \/>\n<meta property=\"og:type\" content=\"article\" \/>\n<meta property=\"og:title\" content=\"Ecologistas lanzan sopa sobre &quot;Los girasoles&quot;, de Van Gogh (VIDEO)\u00a0 -\" \/>\n<meta property=\"og:description\" content=\"Por Redacci\u00f3n QP Dos militantes de &#8220;Just Stop Oil&#8221; trataron de da\u00f1ar la obra con...\" \/>\n<meta property=\"og:url\" content=\"https:\/\/quehacerpolitico.mx\/?p=96337\" \/>\n<meta property=\"article:published_time\" content=\"2022-10-14T17:17:12+00:00\" \/>\n<meta property=\"article:modified_time\" content=\"2022-10-14T17:17:16+00:00\" \/>\n<meta property=\"og:image\" content=\"https:\/\/quehacerpolitico.mx\/wp-content\/uploads\/2022\/10\/F2F752BA-92B8-4E73-8F4D-6B35A6684C62.jpeg\" \/>\n\t<meta property=\"og:image:width\" content=\"1092\" \/>\n\t<meta property=\"og:image:height\" content=\"695\" \/>\n\t<meta property=\"og:image:type\" content=\"image\/jpeg\" \/>\n<meta name=\"author\" content=\"Redacci\u00f3n QP\" \/>\n<meta name=\"twitter:card\" content=\"summary_large_image\" \/>\n<meta name=\"twitter:label1\" content=\"Escrito por\" \/>\n\t<meta name=\"twitter:data1\" content=\"Redacci\u00f3n QP\" \/>\n\t<meta name=\"twitter:label2\" content=\"Tiempo de lectura\" \/>\n\t<meta name=\"twitter:data2\" content=\"2 minutos\" \/>\n<script type=\"application\/ld+json\" class=\"yoast-schema-graph\">{\"@context\":\"https:\\\/\\\/schema.org\",\"@graph\":[{\"@type\":\"Article\",\"@id\":\"https:\\\/\\\/quehacerpolitico.mx\\\/?p=96337#article\",\"isPartOf\":{\"@id\":\"https:\\\/\\\/quehacerpolitico.mx\\\/?p=96337\"},\"author\":{\"name\":\"Redacci\u00f3n QP\",\"@id\":\"https:\\\/\\\/quehacerpolitico.mx\\\/#\\\/schema\\\/person\\\/496d8ad2d1d3f8036101dca7ee39e585\"},\"headline\":\"Ecologistas lanzan sopa sobre &#8220;Los girasoles&#8221;, de Van Gogh (VIDEO)\u00a0\",\"datePublished\":\"2022-10-14T17:17:12+00:00\",\"dateModified\":\"2022-10-14T17:17:16+00:00\",\"mainEntityOfPage\":{\"@id\":\"https:\\\/\\\/quehacerpolitico.mx\\\/?p=96337\"},\"wordCount\":341,\"commentCount\":0,\"image\":{\"@id\":\"https:\\\/\\\/quehacerpolitico.mx\\\/?p=96337#primaryimage\"},\"thumbnailUrl\":\"https:\\\/\\\/quehacerpolitico.mx\\\/wp-content\\\/uploads\\\/2022\\\/10\\\/F2F752BA-92B8-4E73-8F4D-6B35A6684C62.jpeg\",\"articleSection\":[\"Cultura y Entretenimiento\"],\"inLanguage\":\"es\",\"potentialAction\":[{\"@type\":\"CommentAction\",\"name\":\"Comment\",\"target\":[\"https:\\\/\\\/quehacerpolitico.mx\\\/?p=96337#respond\"]}]},{\"@type\":\"WebPage\",\"@id\":\"https:\\\/\\\/quehacerpolitico.mx\\\/?p=96337\",\"url\":\"https:\\\/\\\/quehacerpolitico.mx\\\/?p=96337\",\"name\":\"Ecologistas lanzan sopa sobre \\\"Los girasoles\\\", de Van Gogh (VIDEO)\u00a0 -\",\"isPartOf\":{\"@id\":\"https:\\\/\\\/quehacerpolitico.mx\\\/#website\"},\"primaryImageOfPage\":{\"@id\":\"https:\\\/\\\/quehacerpolitico.mx\\\/?p=96337#primaryimage\"},\"image\":{\"@id\":\"https:\\\/\\\/quehacerpolitico.mx\\\/?p=96337#primaryimage\"},\"thumbnailUrl\":\"https:\\\/\\\/quehacerpolitico.mx\\\/wp-content\\\/uploads\\\/2022\\\/10\\\/F2F752BA-92B8-4E73-8F4D-6B35A6684C62.jpeg\",\"datePublished\":\"2022-10-14T17:17:12+00:00\",\"dateModified\":\"2022-10-14T17:17:16+00:00\",\"author\":{\"@id\":\"https:\\\/\\\/quehacerpolitico.mx\\\/#\\\/schema\\\/person\\\/496d8ad2d1d3f8036101dca7ee39e585\"},\"breadcrumb\":{\"@id\":\"https:\\\/\\\/quehacerpolitico.mx\\\/?p=96337#breadcrumb\"},\"inLanguage\":\"es\",\"potentialAction\":[{\"@type\":\"ReadAction\",\"target\":[\"https:\\\/\\\/quehacerpolitico.mx\\\/?p=96337\"]}]},{\"@type\":\"ImageObject\",\"inLanguage\":\"es\",\"@id\":\"https:\\\/\\\/quehacerpolitico.mx\\\/?p=96337#primaryimage\",\"url\":\"https:\\\/\\\/quehacerpolitico.mx\\\/wp-content\\\/uploads\\\/2022\\\/10\\\/F2F752BA-92B8-4E73-8F4D-6B35A6684C62.jpeg\",\"contentUrl\":\"https:\\\/\\\/quehacerpolitico.mx\\\/wp-content\\\/uploads\\\/2022\\\/10\\\/F2F752BA-92B8-4E73-8F4D-6B35A6684C62.jpeg\",\"width\":1092,\"height\":695},{\"@type\":\"BreadcrumbList\",\"@id\":\"https:\\\/\\\/quehacerpolitico.mx\\\/?p=96337#breadcrumb\",\"itemListElement\":[{\"@type\":\"ListItem\",\"position\":1,\"name\":\"Inicio\",\"item\":\"https:\\\/\\\/quehacerpolitico.mx\\\/\"},{\"@type\":\"ListItem\",\"position\":2,\"name\":\"Ecologistas lanzan sopa sobre &#8220;Los girasoles&#8221;, de Van Gogh (VIDEO)\u00a0\"}]},{\"@type\":\"WebSite\",\"@id\":\"https:\\\/\\\/quehacerpolitico.mx\\\/#website\",\"url\":\"https:\\\/\\\/quehacerpolitico.mx\\\/\",\"name\":\"\",\"description\":\"\",\"potentialAction\":[{\"@type\":\"SearchAction\",\"target\":{\"@type\":\"EntryPoint\",\"urlTemplate\":\"https:\\\/\\\/quehacerpolitico.mx\\\/?s={search_term_string}\"},\"query-input\":{\"@type\":\"PropertyValueSpecification\",\"valueRequired\":true,\"valueName\":\"search_term_string\"}}],\"inLanguage\":\"es\"},{\"@type\":\"Person\",\"@id\":\"https:\\\/\\\/quehacerpolitico.mx\\\/#\\\/schema\\\/person\\\/496d8ad2d1d3f8036101dca7ee39e585\",\"name\":\"Redacci\u00f3n QP\",\"image\":{\"@type\":\"ImageObject\",\"inLanguage\":\"es\",\"@id\":\"https:\\\/\\\/secure.gravatar.com\\\/avatar\\\/c7164ed6fdec453195284ad24a5ae5b6e1eed2b848477fa2a4787ba9adf39a41?s=96&d=mm&r=g\",\"url\":\"https:\\\/\\\/secure.gravatar.com\\\/avatar\\\/c7164ed6fdec453195284ad24a5ae5b6e1eed2b848477fa2a4787ba9adf39a41?s=96&d=mm&r=g\",\"contentUrl\":\"https:\\\/\\\/secure.gravatar.com\\\/avatar\\\/c7164ed6fdec453195284ad24a5ae5b6e1eed2b848477fa2a4787ba9adf39a41?s=96&d=mm&r=g\",\"caption\":\"Redacci\u00f3n QP\"},\"url\":\"https:\\\/\\\/quehacerpolitico.mx\\\/?author=2\"}]}<\/script>\n<!-- \/ Yoast SEO plugin. -->","yoast_head_json":{"title":"Ecologistas lanzan sopa sobre \"Los girasoles\", de Van Gogh (VIDEO)\u00a0 -","robots":{"index":"index","follow":"follow","max-snippet":"max-snippet:-1","max-image-preview":"max-image-preview:large","max-video-preview":"max-video-preview:-1"},"canonical":"https:\/\/quehacerpolitico.mx\/?p=96337","og_locale":"es_MX","og_type":"article","og_title":"Ecologistas lanzan sopa sobre \"Los girasoles\", de Van Gogh (VIDEO)\u00a0 -","og_description":"Por Redacci\u00f3n QP Dos militantes de &#8220;Just Stop Oil&#8221; trataron de da\u00f1ar la obra con...","og_url":"https:\/\/quehacerpolitico.mx\/?p=96337","article_published_time":"2022-10-14T17:17:12+00:00","article_modified_time":"2022-10-14T17:17:16+00:00","og_image":[{"width":1092,"height":695,"url":"https:\/\/quehacerpolitico.mx\/wp-content\/uploads\/2022\/10\/F2F752BA-92B8-4E73-8F4D-6B35A6684C62.jpeg","type":"image\/jpeg"}],"author":"Redacci\u00f3n QP","twitter_card":"summary_large_image","twitter_misc":{"Escrito por":"Redacci\u00f3n QP","Tiempo de lectura":"2 minutos"},"schema":{"@context":"https:\/\/schema.org","@graph":[{"@type":"Article","@id":"https:\/\/quehacerpolitico.mx\/?p=96337#article","isPartOf":{"@id":"https:\/\/quehacerpolitico.mx\/?p=96337"},"author":{"name":"Redacci\u00f3n QP","@id":"https:\/\/quehacerpolitico.mx\/#\/schema\/person\/496d8ad2d1d3f8036101dca7ee39e585"},"headline":"Ecologistas lanzan sopa sobre &#8220;Los girasoles&#8221;, de Van Gogh (VIDEO)\u00a0","datePublished":"2022-10-14T17:17:12+00:00","dateModified":"2022-10-14T17:17:16+00:00","mainEntityOfPage":{"@id":"https:\/\/quehacerpolitico.mx\/?p=96337"},"wordCount":341,"commentCount":0,"image":{"@id":"https:\/\/quehacerpolitico.mx\/?p=96337#primaryimage"},"thumbnailUrl":"https:\/\/quehacerpolitico.mx\/wp-content\/uploads\/2022\/10\/F2F752BA-92B8-4E73-8F4D-6B35A6684C62.jpeg","articleSection":["Cultura y Entretenimiento"],"inLanguage":"es","potentialAction":[{"@type":"CommentAction","name":"Comment","target":["https:\/\/quehacerpolitico.mx\/?p=96337#respond"]}]},{"@type":"WebPage","@id":"https:\/\/quehacerpolitico.mx\/?p=96337","url":"https:\/\/quehacerpolitico.mx\/?p=96337","name":"Ecologistas lanzan sopa sobre \"Los girasoles\", de Van Gogh (VIDEO)\u00a0 -","isPartOf":{"@id":"https:\/\/quehacerpolitico.mx\/#website"},"primaryImageOfPage":{"@id":"https:\/\/quehacerpolitico.mx\/?p=96337#primaryimage"},"image":{"@id":"https:\/\/quehacerpolitico.mx\/?p=96337#primaryimage"},"thumbnailUrl":"https:\/\/quehacerpolitico.mx\/wp-content\/uploads\/2022\/10\/F2F752BA-92B8-4E73-8F4D-6B35A6684C62.jpeg","datePublished":"2022-10-14T17:17:12+00:00","dateModified":"2022-10-14T17:17:16+00:00","author":{"@id":"https:\/\/quehacerpolitico.mx\/#\/schema\/person\/496d8ad2d1d3f8036101dca7ee39e585"},"breadcrumb":{"@id":"https:\/\/quehacerpolitico.mx\/?p=96337#breadcrumb"},"inLanguage":"es","potentialAction":[{"@type":"ReadAction","target":["https:\/\/quehacerpolitico.mx\/?p=96337"]}]},{"@type":"ImageObject","inLanguage":"es","@id":"https:\/\/quehacerpolitico.mx\/?p=96337#primaryimage","url":"https:\/\/quehacerpolitico.mx\/wp-content\/uploads\/2022\/10\/F2F752BA-92B8-4E73-8F4D-6B35A6684C62.jpeg","contentUrl":"https:\/\/quehacerpolitico.mx\/wp-content\/uploads\/2022\/10\/F2F752BA-92B8-4E73-8F4D-6B35A6684C62.jpeg","width":1092,"height":695},{"@type":"BreadcrumbList","@id":"https:\/\/quehacerpolitico.mx\/?p=96337#breadcrumb","itemListElement":[{"@type":"ListItem","position":1,"name":"Inicio","item":"https:\/\/quehacerpolitico.mx\/"},{"@type":"ListItem","position":2,"name":"Ecologistas lanzan sopa sobre &#8220;Los girasoles&#8221;, de Van Gogh (VIDEO)\u00a0"}]},{"@type":"WebSite","@id":"https:\/\/quehacerpolitico.mx\/#website","url":"https:\/\/quehacerpolitico.mx\/","name":"","description":"","potentialAction":[{"@type":"SearchAction","target":{"@type":"EntryPoint","urlTemplate":"https:\/\/quehacerpolitico.mx\/?s={search_term_string}"},"query-input":{"@type":"PropertyValueSpecification","valueRequired":true,"valueName":"search_term_string"}}],"inLanguage":"es"},{"@type":"Person","@id":"https:\/\/quehacerpolitico.mx\/#\/schema\/person\/496d8ad2d1d3f8036101dca7ee39e585","name":"Redacci\u00f3n QP","image":{"@type":"ImageObject","inLanguage":"es","@id":"https:\/\/secure.gravatar.com\/avatar\/c7164ed6fdec453195284ad24a5ae5b6e1eed2b848477fa2a4787ba9adf39a41?s=96&d=mm&r=g","url":"https:\/\/secure.gravatar.com\/avatar\/c7164ed6fdec453195284ad24a5ae5b6e1eed2b848477fa2a4787ba9adf39a41?s=96&d=mm&r=g","contentUrl":"https:\/\/secure.gravatar.com\/avatar\/c7164ed6fdec453195284ad24a5ae5b6e1eed2b848477fa2a4787ba9adf39a41?s=96&d=mm&r=g","caption":"Redacci\u00f3n QP"},"url":"https:\/\/quehacerpolitico.mx\/?author=2"}]}},"featured_image_urls":{"full":["https:\/\/quehacerpolitico.mx\/wp-content\/uploads\/2022\/10\/F2F752BA-92B8-4E73-8F4D-6B35A6684C62.jpeg",1092,695,false],"thumbnail":["https:\/\/quehacerpolitico.mx\/wp-content\/uploads\/2022\/10\/F2F752BA-92B8-4E73-8F4D-6B35A6684C62-150x150.jpeg",150,150,true],"medium":["https:\/\/quehacerpolitico.mx\/wp-content\/uploads\/2022\/10\/F2F752BA-92B8-4E73-8F4D-6B35A6684C62-300x191.jpeg",300,191,true],"medium_large":["https:\/\/quehacerpolitico.mx\/wp-content\/uploads\/2022\/10\/F2F752BA-92B8-4E73-8F4D-6B35A6684C62-768x489.jpeg",640,408,true],"large":["https:\/\/quehacerpolitico.mx\/wp-content\/uploads\/2022\/10\/F2F752BA-92B8-4E73-8F4D-6B35A6684C62-1024x652.jpeg",640,408,true],"1536x1536":["https:\/\/quehacerpolitico.mx\/wp-content\/uploads\/2022\/10\/F2F752BA-92B8-4E73-8F4D-6B35A6684C62.jpeg",1092,695,false],"2048x2048":["https:\/\/quehacerpolitico.mx\/wp-content\/uploads\/2022\/10\/F2F752BA-92B8-4E73-8F4D-6B35A6684C62.jpeg",1092,695,false],"covernews-featured":["https:\/\/quehacerpolitico.mx\/wp-content\/uploads\/2022\/10\/F2F752BA-92B8-4E73-8F4D-6B35A6684C62.jpeg",1024,652,false],"covernews-medium":["https:\/\/quehacerpolitico.mx\/wp-content\/uploads\/2022\/10\/F2F752BA-92B8-4E73-8F4D-6B35A6684C62.jpeg",534,340,false]},"author_info":{"display_name":"Redacci\u00f3n QP","author_link":"https:\/\/quehacerpolitico.mx\/?author=2"},"category_info":"<a href=\"https:\/\/quehacerpolitico.mx\/?cat=58\" rel=\"category\">Cultura y Entretenimiento<\/a>","tag_info":"Cultura y Entretenimiento","comment_count":"0","_links":{"self":[{"href":"https:\/\/quehacerpolitico.mx\/index.php?rest_route=\/wp\/v2\/posts\/96337","targetHints":{"allow":["GET"]}}],"collection":[{"href":"https:\/\/quehacerpolitico.mx\/index.php?rest_route=\/wp\/v2\/posts"}],"about":[{"href":"https:\/\/quehacerpolitico.mx\/index.php?rest_route=\/wp\/v2\/types\/post"}],"author":[{"embeddable":true,"href":"https:\/\/quehacerpolitico.mx\/index.php?rest_route=\/wp\/v2\/users\/2"}],"replies":[{"embeddable":true,"href":"https:\/\/quehacerpolitico.mx\/index.php?rest_route=%2Fwp%2Fv2%2Fcomments&post=96337"}],"version-history":[{"count":1,"href":"https:\/\/quehacerpolitico.mx\/index.php?rest_route=\/wp\/v2\/posts\/96337\/revisions"}],"predecessor-version":[{"id":96339,"href":"https:\/\/quehacerpolitico.mx\/index.php?rest_route=\/wp\/v2\/posts\/96337\/revisions\/96339"}],"wp:featuredmedia":[{"embeddable":true,"href":"https:\/\/quehacerpolitico.mx\/index.php?rest_route=\/wp\/v2\/media\/96338"}],"wp:attachment":[{"href":"https:\/\/quehacerpolitico.mx\/index.php?rest_route=%2Fwp%2Fv2%2Fmedia&parent=96337"}],"wp:term":[{"taxonomy":"category","embeddable":true,"href":"https:\/\/quehacerpolitico.mx\/index.php?rest_route=%2Fwp%2Fv2%2Fcategories&post=96337"},{"taxonomy":"post_tag","embeddable":true,"href":"https:\/\/quehacerpolitico.mx\/index.php?rest_route=%2Fwp%2Fv2%2Ftags&post=96337"}],"curies":[{"name":"wp","href":"https:\/\/api.w.org\/{rel}","templated":true}]}}