{"id":96329,"date":"2022-10-14T16:34:30","date_gmt":"2022-10-14T16:34:30","guid":{"rendered":"https:\/\/quehacerpolitico.mx\/?p=96329"},"modified":"2022-10-14T16:53:36","modified_gmt":"2022-10-14T16:53:36","slug":"lopez-obrador-confirma-salida-de-la-subsecretaria-de-economia-luz-maria-de-la-mora","status":"publish","type":"post","link":"https:\/\/quehacerpolitico.mx\/?p=96329","title":{"rendered":"L\u00f3pez Obrador confirma salida de la subsecretaria de Econom\u00eda, Luz Mar\u00eda de la Mora\u00a0"},"content":{"rendered":"\n<p>Por Redacci\u00f3n QP<\/p>\n\n\n\n<p>El Presidente de M\u00e9xico dijo que De la Mora ser\u00e1 substituida como parte de una serie de cambios en la Secretar\u00eda<\/p>\n\n\n\n<p>Luego de los rumores que hablaban sobre la salida de Luz Mar\u00eda de la Mora, subsecretaria de Econom\u00eda y una de las principales negociadoras en el T-MEC, este viernes el Presidente Andr\u00e9s Manuel L\u00f3pez Obrador lo confirm\u00f3.<\/p>\n\n\n\n<p>A pregunta expresa de la prensa durante la \u201cma\u00f1anera\u201d,&nbsp;<strong>L\u00f3pez Obrador confirm\u00f3 que De la Mora, quien se ocupaba del \u00e1rea de comercio exterior, ser\u00e1 substituida como parte de una serie de cambios en esa cartera<\/strong>.<\/p>\n\n\n\n<p>&#8220;Me informaron que ya se nombr\u00f3 al nuevo subsecretario de Econom\u00eda&#8221;, dijo L\u00f3pez Obrador al se\u00f1alar que en breve se conocer\u00e1 al nuevo encargado del comercio exterior.<\/p>\n\n\n\n<figure class=\"wp-block-embed is-type-video is-provider-youtube wp-block-embed-youtube wp-embed-aspect-16-9 wp-has-aspect-ratio\"><div class=\"wp-block-embed__wrapper\">\n<iframe loading=\"lazy\" title=\"Cambios en SE porque ya no es m\u00e1s de lo mismo, dice AMLO\" width=\"640\" height=\"360\" src=\"https:\/\/www.youtube.com\/embed\/CuS1X5WBXEY?feature=oembed\" frameborder=\"0\" allow=\"accelerometer; autoplay; clipboard-write; encrypted-media; gyroscope; picture-in-picture; web-share\" referrerpolicy=\"strict-origin-when-cross-origin\" allowfullscreen><\/iframe>\n<\/div><\/figure>\n\n\n\n<p>Explic\u00f3 que la renuncia de De la Mora fue decidida por Raquel Buenrostro, quien fue designada por el presidente como secretaria de Econom\u00eda luego de la renuncia, el 6 de octubre, de Tatiana Clouthier.<\/p>\n\n\n\n<p>Sin embargo, la prensa ha se\u00f1alado que estos cambios son parte de un &#8220;endurecimiento&#8221; de la postura de M\u00e9xico en la disputa con sus socios en el tratado comercial de Am\u00e9rica del Norte, lo que fue desestimado por L\u00f3pez Obrador.<\/p>\n\n\n\n<p><strong>M\u00e9xico mantiene consultas con Estados Unidos y Canad\u00e1 para resolver la controversia generada por las reformas<\/strong>&nbsp;con las que L\u00f3pez Obrador busca limitar la participaci\u00f3n extranjera en el sector energ\u00e9tico.<\/p>\n\n\n\n<p>Los gobiernos estadounidense y canadiense consideran que dichas medidas favorecen a la Comisi\u00f3n Federal de Electricidad (CFE) en detrimento de firmas privadas, lo que a su juicio violar\u00eda normas del T-MEC.<\/p>\n\n\n\n<p>Si no hay acuerdo durante la fase de consultas entre los tres socios, se convocar\u00eda un panel de arbitraje.<\/p>\n\n\n\n<p>Con informaci\u00f3n de AFP<\/p>\n","protected":false},"excerpt":{"rendered":"<p>Por Redacci\u00f3n QP El Presidente de M\u00e9xico dijo que De la Mora ser\u00e1 substituida como&#8230;<\/p>\n","protected":false},"author":2,"featured_media":96330,"comment_status":"open","ping_status":"open","sticky":false,"template":"","format":"standard","meta":{"_monsterinsights_skip_tracking":false,"_monsterinsights_sitenote_active":false,"_monsterinsights_sitenote_note":"","_monsterinsights_sitenote_category":0,"footnotes":""},"categories":[56],"tags":[],"class_list":["post-96329","post","type-post","status-publish","format-standard","has-post-thumbnail","hentry","category-economia"],"yoast_head":"<!-- This site is optimized with the Yoast SEO plugin v27.3 - https:\/\/yoast.com\/product\/yoast-seo-wordpress\/ -->\n<title>L\u00f3pez Obrador confirma salida de la subsecretaria de Econom\u00eda, Luz Mar\u00eda de la Mora\u00a0 -<\/title>\n<meta name=\"robots\" content=\"index, follow, max-snippet:-1, max-image-preview:large, max-video-preview:-1\" \/>\n<link rel=\"canonical\" href=\"https:\/\/quehacerpolitico.mx\/?p=96329\" \/>\n<meta property=\"og:locale\" content=\"es_MX\" \/>\n<meta property=\"og:type\" content=\"article\" \/>\n<meta property=\"og:title\" content=\"L\u00f3pez Obrador confirma salida de la subsecretaria de Econom\u00eda, Luz Mar\u00eda de la Mora\u00a0 -\" \/>\n<meta property=\"og:description\" content=\"Por Redacci\u00f3n QP El Presidente de M\u00e9xico dijo que De la Mora ser\u00e1 substituida como...\" \/>\n<meta property=\"og:url\" content=\"https:\/\/quehacerpolitico.mx\/?p=96329\" \/>\n<meta property=\"article:published_time\" content=\"2022-10-14T16:34:30+00:00\" \/>\n<meta property=\"article:modified_time\" content=\"2022-10-14T16:53:36+00:00\" \/>\n<meta property=\"og:image\" content=\"https:\/\/quehacerpolitico.mx\/wp-content\/uploads\/2022\/10\/F1E3BB75-99DC-4DCA-8647-2E0613CD61F2.jpeg\" \/>\n\t<meta property=\"og:image:width\" content=\"1103\" \/>\n\t<meta property=\"og:image:height\" content=\"618\" \/>\n\t<meta property=\"og:image:type\" content=\"image\/jpeg\" \/>\n<meta name=\"author\" content=\"Redacci\u00f3n QP\" \/>\n<meta name=\"twitter:card\" content=\"summary_large_image\" \/>\n<meta name=\"twitter:label1\" content=\"Escrito por\" \/>\n\t<meta name=\"twitter:data1\" content=\"Redacci\u00f3n QP\" \/>\n\t<meta name=\"twitter:label2\" content=\"Tiempo de lectura\" \/>\n\t<meta name=\"twitter:data2\" content=\"2 minutos\" \/>\n<script type=\"application\/ld+json\" class=\"yoast-schema-graph\">{\"@context\":\"https:\\\/\\\/schema.org\",\"@graph\":[{\"@type\":\"Article\",\"@id\":\"https:\\\/\\\/quehacerpolitico.mx\\\/?p=96329#article\",\"isPartOf\":{\"@id\":\"https:\\\/\\\/quehacerpolitico.mx\\\/?p=96329\"},\"author\":{\"name\":\"Redacci\u00f3n QP\",\"@id\":\"https:\\\/\\\/quehacerpolitico.mx\\\/#\\\/schema\\\/person\\\/496d8ad2d1d3f8036101dca7ee39e585\"},\"headline\":\"L\u00f3pez Obrador confirma salida de la subsecretaria de Econom\u00eda, Luz Mar\u00eda de la Mora\u00a0\",\"datePublished\":\"2022-10-14T16:34:30+00:00\",\"dateModified\":\"2022-10-14T16:53:36+00:00\",\"mainEntityOfPage\":{\"@id\":\"https:\\\/\\\/quehacerpolitico.mx\\\/?p=96329\"},\"wordCount\":331,\"commentCount\":0,\"image\":{\"@id\":\"https:\\\/\\\/quehacerpolitico.mx\\\/?p=96329#primaryimage\"},\"thumbnailUrl\":\"https:\\\/\\\/quehacerpolitico.mx\\\/wp-content\\\/uploads\\\/2022\\\/10\\\/F1E3BB75-99DC-4DCA-8647-2E0613CD61F2.jpeg\",\"articleSection\":[\"Econom\u00eda\"],\"inLanguage\":\"es\",\"potentialAction\":[{\"@type\":\"CommentAction\",\"name\":\"Comment\",\"target\":[\"https:\\\/\\\/quehacerpolitico.mx\\\/?p=96329#respond\"]}]},{\"@type\":\"WebPage\",\"@id\":\"https:\\\/\\\/quehacerpolitico.mx\\\/?p=96329\",\"url\":\"https:\\\/\\\/quehacerpolitico.mx\\\/?p=96329\",\"name\":\"L\u00f3pez Obrador confirma salida de la subsecretaria de Econom\u00eda, Luz Mar\u00eda de la Mora\u00a0 -\",\"isPartOf\":{\"@id\":\"https:\\\/\\\/quehacerpolitico.mx\\\/#website\"},\"primaryImageOfPage\":{\"@id\":\"https:\\\/\\\/quehacerpolitico.mx\\\/?p=96329#primaryimage\"},\"image\":{\"@id\":\"https:\\\/\\\/quehacerpolitico.mx\\\/?p=96329#primaryimage\"},\"thumbnailUrl\":\"https:\\\/\\\/quehacerpolitico.mx\\\/wp-content\\\/uploads\\\/2022\\\/10\\\/F1E3BB75-99DC-4DCA-8647-2E0613CD61F2.jpeg\",\"datePublished\":\"2022-10-14T16:34:30+00:00\",\"dateModified\":\"2022-10-14T16:53:36+00:00\",\"author\":{\"@id\":\"https:\\\/\\\/quehacerpolitico.mx\\\/#\\\/schema\\\/person\\\/496d8ad2d1d3f8036101dca7ee39e585\"},\"breadcrumb\":{\"@id\":\"https:\\\/\\\/quehacerpolitico.mx\\\/?p=96329#breadcrumb\"},\"inLanguage\":\"es\",\"potentialAction\":[{\"@type\":\"ReadAction\",\"target\":[\"https:\\\/\\\/quehacerpolitico.mx\\\/?p=96329\"]}]},{\"@type\":\"ImageObject\",\"inLanguage\":\"es\",\"@id\":\"https:\\\/\\\/quehacerpolitico.mx\\\/?p=96329#primaryimage\",\"url\":\"https:\\\/\\\/quehacerpolitico.mx\\\/wp-content\\\/uploads\\\/2022\\\/10\\\/F1E3BB75-99DC-4DCA-8647-2E0613CD61F2.jpeg\",\"contentUrl\":\"https:\\\/\\\/quehacerpolitico.mx\\\/wp-content\\\/uploads\\\/2022\\\/10\\\/F1E3BB75-99DC-4DCA-8647-2E0613CD61F2.jpeg\",\"width\":1103,\"height\":618},{\"@type\":\"BreadcrumbList\",\"@id\":\"https:\\\/\\\/quehacerpolitico.mx\\\/?p=96329#breadcrumb\",\"itemListElement\":[{\"@type\":\"ListItem\",\"position\":1,\"name\":\"Inicio\",\"item\":\"https:\\\/\\\/quehacerpolitico.mx\\\/\"},{\"@type\":\"ListItem\",\"position\":2,\"name\":\"L\u00f3pez Obrador confirma salida de la subsecretaria de Econom\u00eda, Luz Mar\u00eda de la Mora\u00a0\"}]},{\"@type\":\"WebSite\",\"@id\":\"https:\\\/\\\/quehacerpolitico.mx\\\/#website\",\"url\":\"https:\\\/\\\/quehacerpolitico.mx\\\/\",\"name\":\"\",\"description\":\"\",\"potentialAction\":[{\"@type\":\"SearchAction\",\"target\":{\"@type\":\"EntryPoint\",\"urlTemplate\":\"https:\\\/\\\/quehacerpolitico.mx\\\/?s={search_term_string}\"},\"query-input\":{\"@type\":\"PropertyValueSpecification\",\"valueRequired\":true,\"valueName\":\"search_term_string\"}}],\"inLanguage\":\"es\"},{\"@type\":\"Person\",\"@id\":\"https:\\\/\\\/quehacerpolitico.mx\\\/#\\\/schema\\\/person\\\/496d8ad2d1d3f8036101dca7ee39e585\",\"name\":\"Redacci\u00f3n QP\",\"image\":{\"@type\":\"ImageObject\",\"inLanguage\":\"es\",\"@id\":\"https:\\\/\\\/secure.gravatar.com\\\/avatar\\\/c7164ed6fdec453195284ad24a5ae5b6e1eed2b848477fa2a4787ba9adf39a41?s=96&d=mm&r=g\",\"url\":\"https:\\\/\\\/secure.gravatar.com\\\/avatar\\\/c7164ed6fdec453195284ad24a5ae5b6e1eed2b848477fa2a4787ba9adf39a41?s=96&d=mm&r=g\",\"contentUrl\":\"https:\\\/\\\/secure.gravatar.com\\\/avatar\\\/c7164ed6fdec453195284ad24a5ae5b6e1eed2b848477fa2a4787ba9adf39a41?s=96&d=mm&r=g\",\"caption\":\"Redacci\u00f3n QP\"},\"url\":\"https:\\\/\\\/quehacerpolitico.mx\\\/?author=2\"}]}<\/script>\n<!-- \/ Yoast SEO plugin. -->","yoast_head_json":{"title":"L\u00f3pez Obrador confirma salida de la subsecretaria de Econom\u00eda, Luz Mar\u00eda de la Mora\u00a0 -","robots":{"index":"index","follow":"follow","max-snippet":"max-snippet:-1","max-image-preview":"max-image-preview:large","max-video-preview":"max-video-preview:-1"},"canonical":"https:\/\/quehacerpolitico.mx\/?p=96329","og_locale":"es_MX","og_type":"article","og_title":"L\u00f3pez Obrador confirma salida de la subsecretaria de Econom\u00eda, Luz Mar\u00eda de la Mora\u00a0 -","og_description":"Por Redacci\u00f3n QP El Presidente de M\u00e9xico dijo que De la Mora ser\u00e1 substituida como...","og_url":"https:\/\/quehacerpolitico.mx\/?p=96329","article_published_time":"2022-10-14T16:34:30+00:00","article_modified_time":"2022-10-14T16:53:36+00:00","og_image":[{"width":1103,"height":618,"url":"https:\/\/quehacerpolitico.mx\/wp-content\/uploads\/2022\/10\/F1E3BB75-99DC-4DCA-8647-2E0613CD61F2.jpeg","type":"image\/jpeg"}],"author":"Redacci\u00f3n QP","twitter_card":"summary_large_image","twitter_misc":{"Escrito por":"Redacci\u00f3n QP","Tiempo de lectura":"2 minutos"},"schema":{"@context":"https:\/\/schema.org","@graph":[{"@type":"Article","@id":"https:\/\/quehacerpolitico.mx\/?p=96329#article","isPartOf":{"@id":"https:\/\/quehacerpolitico.mx\/?p=96329"},"author":{"name":"Redacci\u00f3n QP","@id":"https:\/\/quehacerpolitico.mx\/#\/schema\/person\/496d8ad2d1d3f8036101dca7ee39e585"},"headline":"L\u00f3pez Obrador confirma salida de la subsecretaria de Econom\u00eda, Luz Mar\u00eda de la Mora\u00a0","datePublished":"2022-10-14T16:34:30+00:00","dateModified":"2022-10-14T16:53:36+00:00","mainEntityOfPage":{"@id":"https:\/\/quehacerpolitico.mx\/?p=96329"},"wordCount":331,"commentCount":0,"image":{"@id":"https:\/\/quehacerpolitico.mx\/?p=96329#primaryimage"},"thumbnailUrl":"https:\/\/quehacerpolitico.mx\/wp-content\/uploads\/2022\/10\/F1E3BB75-99DC-4DCA-8647-2E0613CD61F2.jpeg","articleSection":["Econom\u00eda"],"inLanguage":"es","potentialAction":[{"@type":"CommentAction","name":"Comment","target":["https:\/\/quehacerpolitico.mx\/?p=96329#respond"]}]},{"@type":"WebPage","@id":"https:\/\/quehacerpolitico.mx\/?p=96329","url":"https:\/\/quehacerpolitico.mx\/?p=96329","name":"L\u00f3pez Obrador confirma salida de la subsecretaria de Econom\u00eda, Luz Mar\u00eda de la Mora\u00a0 -","isPartOf":{"@id":"https:\/\/quehacerpolitico.mx\/#website"},"primaryImageOfPage":{"@id":"https:\/\/quehacerpolitico.mx\/?p=96329#primaryimage"},"image":{"@id":"https:\/\/quehacerpolitico.mx\/?p=96329#primaryimage"},"thumbnailUrl":"https:\/\/quehacerpolitico.mx\/wp-content\/uploads\/2022\/10\/F1E3BB75-99DC-4DCA-8647-2E0613CD61F2.jpeg","datePublished":"2022-10-14T16:34:30+00:00","dateModified":"2022-10-14T16:53:36+00:00","author":{"@id":"https:\/\/quehacerpolitico.mx\/#\/schema\/person\/496d8ad2d1d3f8036101dca7ee39e585"},"breadcrumb":{"@id":"https:\/\/quehacerpolitico.mx\/?p=96329#breadcrumb"},"inLanguage":"es","potentialAction":[{"@type":"ReadAction","target":["https:\/\/quehacerpolitico.mx\/?p=96329"]}]},{"@type":"ImageObject","inLanguage":"es","@id":"https:\/\/quehacerpolitico.mx\/?p=96329#primaryimage","url":"https:\/\/quehacerpolitico.mx\/wp-content\/uploads\/2022\/10\/F1E3BB75-99DC-4DCA-8647-2E0613CD61F2.jpeg","contentUrl":"https:\/\/quehacerpolitico.mx\/wp-content\/uploads\/2022\/10\/F1E3BB75-99DC-4DCA-8647-2E0613CD61F2.jpeg","width":1103,"height":618},{"@type":"BreadcrumbList","@id":"https:\/\/quehacerpolitico.mx\/?p=96329#breadcrumb","itemListElement":[{"@type":"ListItem","position":1,"name":"Inicio","item":"https:\/\/quehacerpolitico.mx\/"},{"@type":"ListItem","position":2,"name":"L\u00f3pez Obrador confirma salida de la subsecretaria de Econom\u00eda, Luz Mar\u00eda de la Mora\u00a0"}]},{"@type":"WebSite","@id":"https:\/\/quehacerpolitico.mx\/#website","url":"https:\/\/quehacerpolitico.mx\/","name":"","description":"","potentialAction":[{"@type":"SearchAction","target":{"@type":"EntryPoint","urlTemplate":"https:\/\/quehacerpolitico.mx\/?s={search_term_string}"},"query-input":{"@type":"PropertyValueSpecification","valueRequired":true,"valueName":"search_term_string"}}],"inLanguage":"es"},{"@type":"Person","@id":"https:\/\/quehacerpolitico.mx\/#\/schema\/person\/496d8ad2d1d3f8036101dca7ee39e585","name":"Redacci\u00f3n QP","image":{"@type":"ImageObject","inLanguage":"es","@id":"https:\/\/secure.gravatar.com\/avatar\/c7164ed6fdec453195284ad24a5ae5b6e1eed2b848477fa2a4787ba9adf39a41?s=96&d=mm&r=g","url":"https:\/\/secure.gravatar.com\/avatar\/c7164ed6fdec453195284ad24a5ae5b6e1eed2b848477fa2a4787ba9adf39a41?s=96&d=mm&r=g","contentUrl":"https:\/\/secure.gravatar.com\/avatar\/c7164ed6fdec453195284ad24a5ae5b6e1eed2b848477fa2a4787ba9adf39a41?s=96&d=mm&r=g","caption":"Redacci\u00f3n QP"},"url":"https:\/\/quehacerpolitico.mx\/?author=2"}]}},"featured_image_urls":{"full":["https:\/\/quehacerpolitico.mx\/wp-content\/uploads\/2022\/10\/F1E3BB75-99DC-4DCA-8647-2E0613CD61F2.jpeg",1103,618,false],"thumbnail":["https:\/\/quehacerpolitico.mx\/wp-content\/uploads\/2022\/10\/F1E3BB75-99DC-4DCA-8647-2E0613CD61F2-150x150.jpeg",150,150,true],"medium":["https:\/\/quehacerpolitico.mx\/wp-content\/uploads\/2022\/10\/F1E3BB75-99DC-4DCA-8647-2E0613CD61F2-300x168.jpeg",300,168,true],"medium_large":["https:\/\/quehacerpolitico.mx\/wp-content\/uploads\/2022\/10\/F1E3BB75-99DC-4DCA-8647-2E0613CD61F2-768x430.jpeg",640,358,true],"large":["https:\/\/quehacerpolitico.mx\/wp-content\/uploads\/2022\/10\/F1E3BB75-99DC-4DCA-8647-2E0613CD61F2-1024x574.jpeg",640,359,true],"1536x1536":["https:\/\/quehacerpolitico.mx\/wp-content\/uploads\/2022\/10\/F1E3BB75-99DC-4DCA-8647-2E0613CD61F2.jpeg",1103,618,false],"2048x2048":["https:\/\/quehacerpolitico.mx\/wp-content\/uploads\/2022\/10\/F1E3BB75-99DC-4DCA-8647-2E0613CD61F2.jpeg",1103,618,false],"covernews-featured":["https:\/\/quehacerpolitico.mx\/wp-content\/uploads\/2022\/10\/F1E3BB75-99DC-4DCA-8647-2E0613CD61F2.jpeg",1024,574,false],"covernews-medium":["https:\/\/quehacerpolitico.mx\/wp-content\/uploads\/2022\/10\/F1E3BB75-99DC-4DCA-8647-2E0613CD61F2.jpeg",540,303,false]},"author_info":{"display_name":"Redacci\u00f3n QP","author_link":"https:\/\/quehacerpolitico.mx\/?author=2"},"category_info":"<a href=\"https:\/\/quehacerpolitico.mx\/?cat=56\" rel=\"category\">Econom\u00eda<\/a>","tag_info":"Econom\u00eda","comment_count":"0","_links":{"self":[{"href":"https:\/\/quehacerpolitico.mx\/index.php?rest_route=\/wp\/v2\/posts\/96329","targetHints":{"allow":["GET"]}}],"collection":[{"href":"https:\/\/quehacerpolitico.mx\/index.php?rest_route=\/wp\/v2\/posts"}],"about":[{"href":"https:\/\/quehacerpolitico.mx\/index.php?rest_route=\/wp\/v2\/types\/post"}],"author":[{"embeddable":true,"href":"https:\/\/quehacerpolitico.mx\/index.php?rest_route=\/wp\/v2\/users\/2"}],"replies":[{"embeddable":true,"href":"https:\/\/quehacerpolitico.mx\/index.php?rest_route=%2Fwp%2Fv2%2Fcomments&post=96329"}],"version-history":[{"count":2,"href":"https:\/\/quehacerpolitico.mx\/index.php?rest_route=\/wp\/v2\/posts\/96329\/revisions"}],"predecessor-version":[{"id":96332,"href":"https:\/\/quehacerpolitico.mx\/index.php?rest_route=\/wp\/v2\/posts\/96329\/revisions\/96332"}],"wp:featuredmedia":[{"embeddable":true,"href":"https:\/\/quehacerpolitico.mx\/index.php?rest_route=\/wp\/v2\/media\/96330"}],"wp:attachment":[{"href":"https:\/\/quehacerpolitico.mx\/index.php?rest_route=%2Fwp%2Fv2%2Fmedia&parent=96329"}],"wp:term":[{"taxonomy":"category","embeddable":true,"href":"https:\/\/quehacerpolitico.mx\/index.php?rest_route=%2Fwp%2Fv2%2Fcategories&post=96329"},{"taxonomy":"post_tag","embeddable":true,"href":"https:\/\/quehacerpolitico.mx\/index.php?rest_route=%2Fwp%2Fv2%2Ftags&post=96329"}],"curies":[{"name":"wp","href":"https:\/\/api.w.org\/{rel}","templated":true}]}}