{"id":96323,"date":"2022-10-14T16:09:37","date_gmt":"2022-10-14T16:09:37","guid":{"rendered":"https:\/\/quehacerpolitico.mx\/?p=96323"},"modified":"2022-10-14T16:09:41","modified_gmt":"2022-10-14T16:09:41","slug":"lopez-obrador-presume-de-trato-muy-especial-de-la-opep","status":"publish","type":"post","link":"https:\/\/quehacerpolitico.mx\/?p=96323","title":{"rendered":"L\u00f3pez Obrador presume de &#8220;trato muy especial&#8221; de la OPEP+\u00a0"},"content":{"rendered":"\n<p>Por Redacci\u00f3n QP<\/p>\n\n\n\n<p>Esto luego de que la semana pasada la OPEP+ acord\u00f3 reducir la producci\u00f3n de petr\u00f3leo, sin embargo, M\u00e9xico prolong\u00f3 su compromiso de mantener su producci\u00f3n<\/p>\n\n\n\n<p>El Presidente de M\u00e9xico, Andr\u00e9s Manuel L\u00f3pez Obrador, presumi\u00f3 este viernes del &#8220;trato muy especial&#8221; que ha recibido en la Organizaci\u00f3n de Pa\u00edses Exportadores de Petr\u00f3leo y aliados (OPEP+) para evitar reducir su producci\u00f3n.<\/p>\n\n\n\n<p>&#8220;Nos dan un trato muy especial. La verdad es que los pa\u00edses de OPEP y de no OPEP todos redujeron su volumen de producci\u00f3n de petr\u00f3leo y\u00a0<strong>el \u00fanico pa\u00eds que no redujo su volumen de producci\u00f3n fue M\u00e9xico, explicamos las razones y nos respetaron<\/strong>&#8220;, declar\u00f3 durante la &#8220;ma\u00f1anera&#8221; de hoy.<\/p>\n\n\n\n<p>L\u00f3pez Obrador se refiri\u00f3 a la decisi\u00f3n tomada la semana pasada por la OPEP+, liderada por Arabia Saud\u00ed y Rusia, y que agrupa a los 23 miembros de la Organizaci\u00f3n de Pa\u00edses Exportadores de Petr\u00f3leo y sus 10 aliados externos, de reducir la producci\u00f3n en dos millones de barriles.<\/p>\n\n\n\n<p>En el encuentro, M\u00e9xico no plante\u00f3 nuevos recortes, pero prolong\u00f3 su compromiso de mantener su producci\u00f3n por debajo de los 1.75 millones de barriles diarios.<\/p>\n\n\n\n<p><strong>L\u00f3pez Obrador asever\u00f3 que el pa\u00eds, con esta decisi\u00f3n, qued\u00f3 fuera de los conflictos geopol\u00edticos<\/strong>, como el choque del presidente estadounidense, Joe Biden, con los gobiernos de Rusia y Arabia Saud\u00ed.<\/p>\n\n\n\n<p>&#8220;Eso nos evit\u00f3 el cuestionamiento del Gobierno de Estados Unidos, que le reclam\u00f3 a Rusia y Arabia la reducci\u00f3n, y en el caso de M\u00e9xico no&#8221;, indic\u00f3 L\u00f3pez Obrador.<\/p>\n\n\n\n<p>A pesar de sus declaraciones, la producci\u00f3n de Petr\u00f3leos Mexicanos (Pemex) a\u00fan est\u00e1 lejos de la meta de producir dos millones de barriles de diarios que se hab\u00eda fijado para finales de 2021.<\/p>\n\n\n\n<p>&#8220;Hasta con los peores gobiernos, han tenido muchas consideraciones y respeto al Gobierno de M\u00e9xico&#8221;, pero &#8220;ahora se ha acrecentado el respeto por el Gobierno&#8221; y tambi\u00e9n &#8220;ha crecido mucho el amor hacia el pueblo de M\u00e9xico&#8221;.<\/p>\n\n\n\n<p>&#8220;Yo quiero agradecerles a todos, en este caso al gobierno de Rusia, a los gobiernos \u00e1rabes, a todos los gobiernos en los pa\u00edses donde se produce petr\u00f3leo por el respeto hacia M\u00e9xico y agradecerle tambi\u00e9n al presidente Biden porque ha sido muy respetuoso con nosotros&#8221;, concluy\u00f3.<\/p>\n\n\n\n<p>Con informaci\u00f3n de EFE<\/p>\n","protected":false},"excerpt":{"rendered":"<p>Por Redacci\u00f3n QP Esto luego de que la semana pasada la OPEP+ acord\u00f3 reducir la&#8230;<\/p>\n","protected":false},"author":2,"featured_media":96324,"comment_status":"open","ping_status":"open","sticky":false,"template":"","format":"standard","meta":{"_monsterinsights_skip_tracking":false,"_monsterinsights_sitenote_active":false,"_monsterinsights_sitenote_note":"","_monsterinsights_sitenote_category":0,"footnotes":""},"categories":[2],"tags":[],"class_list":["post-96323","post","type-post","status-publish","format-standard","has-post-thumbnail","hentry","category-noticias"],"yoast_head":"<!-- This site is optimized with the Yoast SEO plugin v27.3 - https:\/\/yoast.com\/product\/yoast-seo-wordpress\/ -->\n<title>L\u00f3pez Obrador presume de &quot;trato muy especial&quot; de la OPEP+\u00a0 -<\/title>\n<meta name=\"robots\" content=\"index, follow, max-snippet:-1, max-image-preview:large, max-video-preview:-1\" \/>\n<link rel=\"canonical\" href=\"https:\/\/quehacerpolitico.mx\/?p=96323\" \/>\n<meta property=\"og:locale\" content=\"es_MX\" \/>\n<meta property=\"og:type\" content=\"article\" \/>\n<meta property=\"og:title\" content=\"L\u00f3pez Obrador presume de &quot;trato muy especial&quot; de la OPEP+\u00a0 -\" \/>\n<meta property=\"og:description\" content=\"Por Redacci\u00f3n QP Esto luego de que la semana pasada la OPEP+ acord\u00f3 reducir la...\" \/>\n<meta property=\"og:url\" content=\"https:\/\/quehacerpolitico.mx\/?p=96323\" \/>\n<meta property=\"article:published_time\" content=\"2022-10-14T16:09:37+00:00\" \/>\n<meta property=\"article:modified_time\" content=\"2022-10-14T16:09:41+00:00\" \/>\n<meta property=\"og:image\" content=\"https:\/\/quehacerpolitico.mx\/wp-content\/uploads\/2022\/10\/6B0E2E01-1DDC-484C-B067-C33268A83342.jpeg\" \/>\n\t<meta property=\"og:image:width\" content=\"1284\" \/>\n\t<meta property=\"og:image:height\" content=\"704\" \/>\n\t<meta property=\"og:image:type\" content=\"image\/jpeg\" \/>\n<meta name=\"author\" content=\"Redacci\u00f3n QP\" \/>\n<meta name=\"twitter:card\" content=\"summary_large_image\" \/>\n<meta name=\"twitter:label1\" content=\"Escrito por\" \/>\n\t<meta name=\"twitter:data1\" content=\"Redacci\u00f3n QP\" \/>\n\t<meta name=\"twitter:label2\" content=\"Tiempo de lectura\" \/>\n\t<meta name=\"twitter:data2\" content=\"2 minutos\" \/>\n<script type=\"application\/ld+json\" class=\"yoast-schema-graph\">{\"@context\":\"https:\\\/\\\/schema.org\",\"@graph\":[{\"@type\":\"Article\",\"@id\":\"https:\\\/\\\/quehacerpolitico.mx\\\/?p=96323#article\",\"isPartOf\":{\"@id\":\"https:\\\/\\\/quehacerpolitico.mx\\\/?p=96323\"},\"author\":{\"name\":\"Redacci\u00f3n QP\",\"@id\":\"https:\\\/\\\/quehacerpolitico.mx\\\/#\\\/schema\\\/person\\\/496d8ad2d1d3f8036101dca7ee39e585\"},\"headline\":\"L\u00f3pez Obrador presume de &#8220;trato muy especial&#8221; de la OPEP+\u00a0\",\"datePublished\":\"2022-10-14T16:09:37+00:00\",\"dateModified\":\"2022-10-14T16:09:41+00:00\",\"mainEntityOfPage\":{\"@id\":\"https:\\\/\\\/quehacerpolitico.mx\\\/?p=96323\"},\"wordCount\":420,\"commentCount\":0,\"image\":{\"@id\":\"https:\\\/\\\/quehacerpolitico.mx\\\/?p=96323#primaryimage\"},\"thumbnailUrl\":\"https:\\\/\\\/quehacerpolitico.mx\\\/wp-content\\\/uploads\\\/2022\\\/10\\\/6B0E2E01-1DDC-484C-B067-C33268A83342.jpeg\",\"articleSection\":[\"Noticias\"],\"inLanguage\":\"es\",\"potentialAction\":[{\"@type\":\"CommentAction\",\"name\":\"Comment\",\"target\":[\"https:\\\/\\\/quehacerpolitico.mx\\\/?p=96323#respond\"]}]},{\"@type\":\"WebPage\",\"@id\":\"https:\\\/\\\/quehacerpolitico.mx\\\/?p=96323\",\"url\":\"https:\\\/\\\/quehacerpolitico.mx\\\/?p=96323\",\"name\":\"L\u00f3pez Obrador presume de \\\"trato muy especial\\\" de la OPEP+\u00a0 -\",\"isPartOf\":{\"@id\":\"https:\\\/\\\/quehacerpolitico.mx\\\/#website\"},\"primaryImageOfPage\":{\"@id\":\"https:\\\/\\\/quehacerpolitico.mx\\\/?p=96323#primaryimage\"},\"image\":{\"@id\":\"https:\\\/\\\/quehacerpolitico.mx\\\/?p=96323#primaryimage\"},\"thumbnailUrl\":\"https:\\\/\\\/quehacerpolitico.mx\\\/wp-content\\\/uploads\\\/2022\\\/10\\\/6B0E2E01-1DDC-484C-B067-C33268A83342.jpeg\",\"datePublished\":\"2022-10-14T16:09:37+00:00\",\"dateModified\":\"2022-10-14T16:09:41+00:00\",\"author\":{\"@id\":\"https:\\\/\\\/quehacerpolitico.mx\\\/#\\\/schema\\\/person\\\/496d8ad2d1d3f8036101dca7ee39e585\"},\"breadcrumb\":{\"@id\":\"https:\\\/\\\/quehacerpolitico.mx\\\/?p=96323#breadcrumb\"},\"inLanguage\":\"es\",\"potentialAction\":[{\"@type\":\"ReadAction\",\"target\":[\"https:\\\/\\\/quehacerpolitico.mx\\\/?p=96323\"]}]},{\"@type\":\"ImageObject\",\"inLanguage\":\"es\",\"@id\":\"https:\\\/\\\/quehacerpolitico.mx\\\/?p=96323#primaryimage\",\"url\":\"https:\\\/\\\/quehacerpolitico.mx\\\/wp-content\\\/uploads\\\/2022\\\/10\\\/6B0E2E01-1DDC-484C-B067-C33268A83342.jpeg\",\"contentUrl\":\"https:\\\/\\\/quehacerpolitico.mx\\\/wp-content\\\/uploads\\\/2022\\\/10\\\/6B0E2E01-1DDC-484C-B067-C33268A83342.jpeg\",\"width\":1284,\"height\":704},{\"@type\":\"BreadcrumbList\",\"@id\":\"https:\\\/\\\/quehacerpolitico.mx\\\/?p=96323#breadcrumb\",\"itemListElement\":[{\"@type\":\"ListItem\",\"position\":1,\"name\":\"Inicio\",\"item\":\"https:\\\/\\\/quehacerpolitico.mx\\\/\"},{\"@type\":\"ListItem\",\"position\":2,\"name\":\"L\u00f3pez Obrador presume de &#8220;trato muy especial&#8221; de la OPEP+\u00a0\"}]},{\"@type\":\"WebSite\",\"@id\":\"https:\\\/\\\/quehacerpolitico.mx\\\/#website\",\"url\":\"https:\\\/\\\/quehacerpolitico.mx\\\/\",\"name\":\"\",\"description\":\"\",\"potentialAction\":[{\"@type\":\"SearchAction\",\"target\":{\"@type\":\"EntryPoint\",\"urlTemplate\":\"https:\\\/\\\/quehacerpolitico.mx\\\/?s={search_term_string}\"},\"query-input\":{\"@type\":\"PropertyValueSpecification\",\"valueRequired\":true,\"valueName\":\"search_term_string\"}}],\"inLanguage\":\"es\"},{\"@type\":\"Person\",\"@id\":\"https:\\\/\\\/quehacerpolitico.mx\\\/#\\\/schema\\\/person\\\/496d8ad2d1d3f8036101dca7ee39e585\",\"name\":\"Redacci\u00f3n QP\",\"image\":{\"@type\":\"ImageObject\",\"inLanguage\":\"es\",\"@id\":\"https:\\\/\\\/secure.gravatar.com\\\/avatar\\\/c7164ed6fdec453195284ad24a5ae5b6e1eed2b848477fa2a4787ba9adf39a41?s=96&d=mm&r=g\",\"url\":\"https:\\\/\\\/secure.gravatar.com\\\/avatar\\\/c7164ed6fdec453195284ad24a5ae5b6e1eed2b848477fa2a4787ba9adf39a41?s=96&d=mm&r=g\",\"contentUrl\":\"https:\\\/\\\/secure.gravatar.com\\\/avatar\\\/c7164ed6fdec453195284ad24a5ae5b6e1eed2b848477fa2a4787ba9adf39a41?s=96&d=mm&r=g\",\"caption\":\"Redacci\u00f3n QP\"},\"url\":\"https:\\\/\\\/quehacerpolitico.mx\\\/?author=2\"}]}<\/script>\n<!-- \/ Yoast SEO plugin. -->","yoast_head_json":{"title":"L\u00f3pez Obrador presume de \"trato muy especial\" de la OPEP+\u00a0 -","robots":{"index":"index","follow":"follow","max-snippet":"max-snippet:-1","max-image-preview":"max-image-preview:large","max-video-preview":"max-video-preview:-1"},"canonical":"https:\/\/quehacerpolitico.mx\/?p=96323","og_locale":"es_MX","og_type":"article","og_title":"L\u00f3pez Obrador presume de \"trato muy especial\" de la OPEP+\u00a0 -","og_description":"Por Redacci\u00f3n QP Esto luego de que la semana pasada la OPEP+ acord\u00f3 reducir la...","og_url":"https:\/\/quehacerpolitico.mx\/?p=96323","article_published_time":"2022-10-14T16:09:37+00:00","article_modified_time":"2022-10-14T16:09:41+00:00","og_image":[{"width":1284,"height":704,"url":"https:\/\/quehacerpolitico.mx\/wp-content\/uploads\/2022\/10\/6B0E2E01-1DDC-484C-B067-C33268A83342.jpeg","type":"image\/jpeg"}],"author":"Redacci\u00f3n QP","twitter_card":"summary_large_image","twitter_misc":{"Escrito por":"Redacci\u00f3n QP","Tiempo de lectura":"2 minutos"},"schema":{"@context":"https:\/\/schema.org","@graph":[{"@type":"Article","@id":"https:\/\/quehacerpolitico.mx\/?p=96323#article","isPartOf":{"@id":"https:\/\/quehacerpolitico.mx\/?p=96323"},"author":{"name":"Redacci\u00f3n QP","@id":"https:\/\/quehacerpolitico.mx\/#\/schema\/person\/496d8ad2d1d3f8036101dca7ee39e585"},"headline":"L\u00f3pez Obrador presume de &#8220;trato muy especial&#8221; de la OPEP+\u00a0","datePublished":"2022-10-14T16:09:37+00:00","dateModified":"2022-10-14T16:09:41+00:00","mainEntityOfPage":{"@id":"https:\/\/quehacerpolitico.mx\/?p=96323"},"wordCount":420,"commentCount":0,"image":{"@id":"https:\/\/quehacerpolitico.mx\/?p=96323#primaryimage"},"thumbnailUrl":"https:\/\/quehacerpolitico.mx\/wp-content\/uploads\/2022\/10\/6B0E2E01-1DDC-484C-B067-C33268A83342.jpeg","articleSection":["Noticias"],"inLanguage":"es","potentialAction":[{"@type":"CommentAction","name":"Comment","target":["https:\/\/quehacerpolitico.mx\/?p=96323#respond"]}]},{"@type":"WebPage","@id":"https:\/\/quehacerpolitico.mx\/?p=96323","url":"https:\/\/quehacerpolitico.mx\/?p=96323","name":"L\u00f3pez Obrador presume de \"trato muy especial\" de la OPEP+\u00a0 -","isPartOf":{"@id":"https:\/\/quehacerpolitico.mx\/#website"},"primaryImageOfPage":{"@id":"https:\/\/quehacerpolitico.mx\/?p=96323#primaryimage"},"image":{"@id":"https:\/\/quehacerpolitico.mx\/?p=96323#primaryimage"},"thumbnailUrl":"https:\/\/quehacerpolitico.mx\/wp-content\/uploads\/2022\/10\/6B0E2E01-1DDC-484C-B067-C33268A83342.jpeg","datePublished":"2022-10-14T16:09:37+00:00","dateModified":"2022-10-14T16:09:41+00:00","author":{"@id":"https:\/\/quehacerpolitico.mx\/#\/schema\/person\/496d8ad2d1d3f8036101dca7ee39e585"},"breadcrumb":{"@id":"https:\/\/quehacerpolitico.mx\/?p=96323#breadcrumb"},"inLanguage":"es","potentialAction":[{"@type":"ReadAction","target":["https:\/\/quehacerpolitico.mx\/?p=96323"]}]},{"@type":"ImageObject","inLanguage":"es","@id":"https:\/\/quehacerpolitico.mx\/?p=96323#primaryimage","url":"https:\/\/quehacerpolitico.mx\/wp-content\/uploads\/2022\/10\/6B0E2E01-1DDC-484C-B067-C33268A83342.jpeg","contentUrl":"https:\/\/quehacerpolitico.mx\/wp-content\/uploads\/2022\/10\/6B0E2E01-1DDC-484C-B067-C33268A83342.jpeg","width":1284,"height":704},{"@type":"BreadcrumbList","@id":"https:\/\/quehacerpolitico.mx\/?p=96323#breadcrumb","itemListElement":[{"@type":"ListItem","position":1,"name":"Inicio","item":"https:\/\/quehacerpolitico.mx\/"},{"@type":"ListItem","position":2,"name":"L\u00f3pez Obrador presume de &#8220;trato muy especial&#8221; de la OPEP+\u00a0"}]},{"@type":"WebSite","@id":"https:\/\/quehacerpolitico.mx\/#website","url":"https:\/\/quehacerpolitico.mx\/","name":"","description":"","potentialAction":[{"@type":"SearchAction","target":{"@type":"EntryPoint","urlTemplate":"https:\/\/quehacerpolitico.mx\/?s={search_term_string}"},"query-input":{"@type":"PropertyValueSpecification","valueRequired":true,"valueName":"search_term_string"}}],"inLanguage":"es"},{"@type":"Person","@id":"https:\/\/quehacerpolitico.mx\/#\/schema\/person\/496d8ad2d1d3f8036101dca7ee39e585","name":"Redacci\u00f3n QP","image":{"@type":"ImageObject","inLanguage":"es","@id":"https:\/\/secure.gravatar.com\/avatar\/c7164ed6fdec453195284ad24a5ae5b6e1eed2b848477fa2a4787ba9adf39a41?s=96&d=mm&r=g","url":"https:\/\/secure.gravatar.com\/avatar\/c7164ed6fdec453195284ad24a5ae5b6e1eed2b848477fa2a4787ba9adf39a41?s=96&d=mm&r=g","contentUrl":"https:\/\/secure.gravatar.com\/avatar\/c7164ed6fdec453195284ad24a5ae5b6e1eed2b848477fa2a4787ba9adf39a41?s=96&d=mm&r=g","caption":"Redacci\u00f3n QP"},"url":"https:\/\/quehacerpolitico.mx\/?author=2"}]}},"featured_image_urls":{"full":["https:\/\/quehacerpolitico.mx\/wp-content\/uploads\/2022\/10\/6B0E2E01-1DDC-484C-B067-C33268A83342.jpeg",1284,704,false],"thumbnail":["https:\/\/quehacerpolitico.mx\/wp-content\/uploads\/2022\/10\/6B0E2E01-1DDC-484C-B067-C33268A83342-150x150.jpeg",150,150,true],"medium":["https:\/\/quehacerpolitico.mx\/wp-content\/uploads\/2022\/10\/6B0E2E01-1DDC-484C-B067-C33268A83342-300x164.jpeg",300,164,true],"medium_large":["https:\/\/quehacerpolitico.mx\/wp-content\/uploads\/2022\/10\/6B0E2E01-1DDC-484C-B067-C33268A83342-768x421.jpeg",640,351,true],"large":["https:\/\/quehacerpolitico.mx\/wp-content\/uploads\/2022\/10\/6B0E2E01-1DDC-484C-B067-C33268A83342-1024x561.jpeg",640,351,true],"1536x1536":["https:\/\/quehacerpolitico.mx\/wp-content\/uploads\/2022\/10\/6B0E2E01-1DDC-484C-B067-C33268A83342.jpeg",1284,704,false],"2048x2048":["https:\/\/quehacerpolitico.mx\/wp-content\/uploads\/2022\/10\/6B0E2E01-1DDC-484C-B067-C33268A83342.jpeg",1284,704,false],"covernews-featured":["https:\/\/quehacerpolitico.mx\/wp-content\/uploads\/2022\/10\/6B0E2E01-1DDC-484C-B067-C33268A83342.jpeg",1024,561,false],"covernews-medium":["https:\/\/quehacerpolitico.mx\/wp-content\/uploads\/2022\/10\/6B0E2E01-1DDC-484C-B067-C33268A83342.jpeg",540,296,false]},"author_info":{"display_name":"Redacci\u00f3n QP","author_link":"https:\/\/quehacerpolitico.mx\/?author=2"},"category_info":"<a href=\"https:\/\/quehacerpolitico.mx\/?cat=2\" rel=\"category\">Noticias<\/a>","tag_info":"Noticias","comment_count":"0","_links":{"self":[{"href":"https:\/\/quehacerpolitico.mx\/index.php?rest_route=\/wp\/v2\/posts\/96323","targetHints":{"allow":["GET"]}}],"collection":[{"href":"https:\/\/quehacerpolitico.mx\/index.php?rest_route=\/wp\/v2\/posts"}],"about":[{"href":"https:\/\/quehacerpolitico.mx\/index.php?rest_route=\/wp\/v2\/types\/post"}],"author":[{"embeddable":true,"href":"https:\/\/quehacerpolitico.mx\/index.php?rest_route=\/wp\/v2\/users\/2"}],"replies":[{"embeddable":true,"href":"https:\/\/quehacerpolitico.mx\/index.php?rest_route=%2Fwp%2Fv2%2Fcomments&post=96323"}],"version-history":[{"count":1,"href":"https:\/\/quehacerpolitico.mx\/index.php?rest_route=\/wp\/v2\/posts\/96323\/revisions"}],"predecessor-version":[{"id":96325,"href":"https:\/\/quehacerpolitico.mx\/index.php?rest_route=\/wp\/v2\/posts\/96323\/revisions\/96325"}],"wp:featuredmedia":[{"embeddable":true,"href":"https:\/\/quehacerpolitico.mx\/index.php?rest_route=\/wp\/v2\/media\/96324"}],"wp:attachment":[{"href":"https:\/\/quehacerpolitico.mx\/index.php?rest_route=%2Fwp%2Fv2%2Fmedia&parent=96323"}],"wp:term":[{"taxonomy":"category","embeddable":true,"href":"https:\/\/quehacerpolitico.mx\/index.php?rest_route=%2Fwp%2Fv2%2Fcategories&post=96323"},{"taxonomy":"post_tag","embeddable":true,"href":"https:\/\/quehacerpolitico.mx\/index.php?rest_route=%2Fwp%2Fv2%2Ftags&post=96323"}],"curies":[{"name":"wp","href":"https:\/\/api.w.org\/{rel}","templated":true}]}}