{"id":96317,"date":"2022-10-14T01:30:41","date_gmt":"2022-10-14T01:30:41","guid":{"rendered":"https:\/\/quehacerpolitico.mx\/?p=96317"},"modified":"2022-10-14T01:30:50","modified_gmt":"2022-10-14T01:30:50","slug":"afores-responden-a-amlo-jubilados-ya-reciben-mejores-pensiones","status":"publish","type":"post","link":"https:\/\/quehacerpolitico.mx\/?p=96317","title":{"rendered":"Afores responden a AMLO: Jubilados ya reciben mejores pensiones\u00a0"},"content":{"rendered":"\n<p>Por Redacci\u00f3n QP<\/p>\n\n\n\n<p>La Amafore asegur\u00f3 que los cambios legales efectuados ya est\u00e1n beneficiando a los trabajadores<\/p>\n\n\n\n<p>Luego de que el Presidente Andr\u00e9s Manuel L\u00f3pez Obrador anunciara una revisi\u00f3n de la reforma al sistema de pensiones de 2020, ante las minusval\u00edas por 473 mil millones de pesos que han acumulado las Afores entre enero y septiembre de este a\u00f1o, las administradoras respondieron que los cambios legales efectuados ya est\u00e1n beneficiando a los trabajadores.<\/p>\n\n\n\n<p>&#8220;Hoy, gracias a la reforma impulsada por el Presidente, adem\u00e1s de las comisiones m\u00e1s bajas del mundo, los resultados son una realidad para la primera generaci\u00f3n de trabajadores jubilados bajo este r\u00e9gimen, que obtuvieron ya m\u00e1s y mejores pensiones&#8221;, dijo la Asociaci\u00f3n Mexicana de Afores (Amafore).<\/p>\n\n\n\n<figure class=\"wp-block-embed is-type-rich is-provider-twitter wp-block-embed-twitter\"><div class=\"wp-block-embed__wrapper\">\nhttps:\/\/twitter.com\/adafprdo\/status\/1580548613238771712?s=46&#038;t=9258ycnj3EWBwZikjXQKjg\n<\/div><\/figure>\n\n\n\n<p>El organismo resalt\u00f3 que la reforma del Sistema de Ahorro para el Retiro (SAR), impulsada por el Presidente L\u00f3pez Obrador en 2020, acompa\u00f1ada del compromiso de los empresarios para incrementar las aportaciones para el retiro de sus trabajadores y que redujo el cobro de comisiones por parte de las Afores, ha sido reconocida por gobiernos y organismos internacionales como la soluci\u00f3n para la viabilidad futura de las pensiones y permite a las y los trabajadores mexicanos alcanzar pensiones acorde con su salario mientras protege las finanzas p\u00fablicas y a las generaciones futuras.<\/p>\n\n\n\n<p>&#8220;Las Afores estamos comprometidas con obtener los mejores resultados de largo plazo para maximizar los ahorros de los trabajadores. Continuamos invirtiendo los recursos en favor de los trabajadores en nuestro pa\u00eds y estamos seguros de que los resultados de la reforma ser\u00e1n positivos&#8221;, dijo el organismo.<\/p>\n\n\n\n<p>Debido a la elevada volatilidad que ha permanecido en los mercados financieros ante la inflaci\u00f3n global y el alza de tasas de los bancos centrales, adem\u00e1s de la guerra entre Ucrania y Rusia, 2022 se perfila como uno de los peores a\u00f1os en la historia de las Afores, que las llevar\u00edan a cerrar con n\u00fameros rojos.<\/p>\n\n\n\n<p>Con informaci\u00f3n de SUN<\/p>\n","protected":false},"excerpt":{"rendered":"<p>Por Redacci\u00f3n QP La Amafore asegur\u00f3 que los cambios legales efectuados ya est\u00e1n beneficiando a&#8230;<\/p>\n","protected":false},"author":2,"featured_media":96318,"comment_status":"open","ping_status":"open","sticky":false,"template":"","format":"standard","meta":{"_monsterinsights_skip_tracking":false,"_monsterinsights_sitenote_active":false,"_monsterinsights_sitenote_note":"","_monsterinsights_sitenote_category":0,"footnotes":""},"categories":[2],"tags":[],"class_list":["post-96317","post","type-post","status-publish","format-standard","has-post-thumbnail","hentry","category-noticias"],"yoast_head":"<!-- This site is optimized with the Yoast SEO plugin v27.3 - https:\/\/yoast.com\/product\/yoast-seo-wordpress\/ -->\n<title>Afores responden a AMLO: Jubilados ya reciben mejores pensiones\u00a0 -<\/title>\n<meta name=\"robots\" content=\"index, follow, max-snippet:-1, max-image-preview:large, max-video-preview:-1\" \/>\n<link rel=\"canonical\" href=\"https:\/\/quehacerpolitico.mx\/?p=96317\" \/>\n<meta property=\"og:locale\" content=\"es_MX\" \/>\n<meta property=\"og:type\" content=\"article\" \/>\n<meta property=\"og:title\" content=\"Afores responden a AMLO: Jubilados ya reciben mejores pensiones\u00a0 -\" \/>\n<meta property=\"og:description\" content=\"Por Redacci\u00f3n QP La Amafore asegur\u00f3 que los cambios legales efectuados ya est\u00e1n beneficiando a...\" \/>\n<meta property=\"og:url\" content=\"https:\/\/quehacerpolitico.mx\/?p=96317\" \/>\n<meta property=\"article:published_time\" content=\"2022-10-14T01:30:41+00:00\" \/>\n<meta property=\"article:modified_time\" content=\"2022-10-14T01:30:50+00:00\" \/>\n<meta property=\"og:image\" content=\"https:\/\/quehacerpolitico.mx\/wp-content\/uploads\/2022\/10\/EADCAFA1-59F1-4C3C-9ECA-9EEBCE6A826B.jpeg\" \/>\n\t<meta property=\"og:image:width\" content=\"783\" \/>\n\t<meta property=\"og:image:height\" content=\"391\" \/>\n\t<meta property=\"og:image:type\" content=\"image\/jpeg\" \/>\n<meta name=\"author\" content=\"Redacci\u00f3n QP\" \/>\n<meta name=\"twitter:card\" content=\"summary_large_image\" \/>\n<meta name=\"twitter:label1\" content=\"Escrito por\" \/>\n\t<meta name=\"twitter:data1\" content=\"Redacci\u00f3n QP\" \/>\n\t<meta name=\"twitter:label2\" content=\"Tiempo de lectura\" \/>\n\t<meta name=\"twitter:data2\" content=\"2 minutos\" \/>\n<script type=\"application\/ld+json\" class=\"yoast-schema-graph\">{\"@context\":\"https:\\\/\\\/schema.org\",\"@graph\":[{\"@type\":\"Article\",\"@id\":\"https:\\\/\\\/quehacerpolitico.mx\\\/?p=96317#article\",\"isPartOf\":{\"@id\":\"https:\\\/\\\/quehacerpolitico.mx\\\/?p=96317\"},\"author\":{\"name\":\"Redacci\u00f3n QP\",\"@id\":\"https:\\\/\\\/quehacerpolitico.mx\\\/#\\\/schema\\\/person\\\/496d8ad2d1d3f8036101dca7ee39e585\"},\"headline\":\"Afores responden a AMLO: Jubilados ya reciben mejores pensiones\u00a0\",\"datePublished\":\"2022-10-14T01:30:41+00:00\",\"dateModified\":\"2022-10-14T01:30:50+00:00\",\"mainEntityOfPage\":{\"@id\":\"https:\\\/\\\/quehacerpolitico.mx\\\/?p=96317\"},\"wordCount\":358,\"commentCount\":0,\"image\":{\"@id\":\"https:\\\/\\\/quehacerpolitico.mx\\\/?p=96317#primaryimage\"},\"thumbnailUrl\":\"https:\\\/\\\/quehacerpolitico.mx\\\/wp-content\\\/uploads\\\/2022\\\/10\\\/EADCAFA1-59F1-4C3C-9ECA-9EEBCE6A826B.jpeg\",\"articleSection\":[\"Noticias\"],\"inLanguage\":\"es\",\"potentialAction\":[{\"@type\":\"CommentAction\",\"name\":\"Comment\",\"target\":[\"https:\\\/\\\/quehacerpolitico.mx\\\/?p=96317#respond\"]}]},{\"@type\":\"WebPage\",\"@id\":\"https:\\\/\\\/quehacerpolitico.mx\\\/?p=96317\",\"url\":\"https:\\\/\\\/quehacerpolitico.mx\\\/?p=96317\",\"name\":\"Afores responden a AMLO: Jubilados ya reciben mejores pensiones\u00a0 -\",\"isPartOf\":{\"@id\":\"https:\\\/\\\/quehacerpolitico.mx\\\/#website\"},\"primaryImageOfPage\":{\"@id\":\"https:\\\/\\\/quehacerpolitico.mx\\\/?p=96317#primaryimage\"},\"image\":{\"@id\":\"https:\\\/\\\/quehacerpolitico.mx\\\/?p=96317#primaryimage\"},\"thumbnailUrl\":\"https:\\\/\\\/quehacerpolitico.mx\\\/wp-content\\\/uploads\\\/2022\\\/10\\\/EADCAFA1-59F1-4C3C-9ECA-9EEBCE6A826B.jpeg\",\"datePublished\":\"2022-10-14T01:30:41+00:00\",\"dateModified\":\"2022-10-14T01:30:50+00:00\",\"author\":{\"@id\":\"https:\\\/\\\/quehacerpolitico.mx\\\/#\\\/schema\\\/person\\\/496d8ad2d1d3f8036101dca7ee39e585\"},\"breadcrumb\":{\"@id\":\"https:\\\/\\\/quehacerpolitico.mx\\\/?p=96317#breadcrumb\"},\"inLanguage\":\"es\",\"potentialAction\":[{\"@type\":\"ReadAction\",\"target\":[\"https:\\\/\\\/quehacerpolitico.mx\\\/?p=96317\"]}]},{\"@type\":\"ImageObject\",\"inLanguage\":\"es\",\"@id\":\"https:\\\/\\\/quehacerpolitico.mx\\\/?p=96317#primaryimage\",\"url\":\"https:\\\/\\\/quehacerpolitico.mx\\\/wp-content\\\/uploads\\\/2022\\\/10\\\/EADCAFA1-59F1-4C3C-9ECA-9EEBCE6A826B.jpeg\",\"contentUrl\":\"https:\\\/\\\/quehacerpolitico.mx\\\/wp-content\\\/uploads\\\/2022\\\/10\\\/EADCAFA1-59F1-4C3C-9ECA-9EEBCE6A826B.jpeg\",\"width\":783,\"height\":391},{\"@type\":\"BreadcrumbList\",\"@id\":\"https:\\\/\\\/quehacerpolitico.mx\\\/?p=96317#breadcrumb\",\"itemListElement\":[{\"@type\":\"ListItem\",\"position\":1,\"name\":\"Inicio\",\"item\":\"https:\\\/\\\/quehacerpolitico.mx\\\/\"},{\"@type\":\"ListItem\",\"position\":2,\"name\":\"Afores responden a AMLO: Jubilados ya reciben mejores pensiones\u00a0\"}]},{\"@type\":\"WebSite\",\"@id\":\"https:\\\/\\\/quehacerpolitico.mx\\\/#website\",\"url\":\"https:\\\/\\\/quehacerpolitico.mx\\\/\",\"name\":\"\",\"description\":\"\",\"potentialAction\":[{\"@type\":\"SearchAction\",\"target\":{\"@type\":\"EntryPoint\",\"urlTemplate\":\"https:\\\/\\\/quehacerpolitico.mx\\\/?s={search_term_string}\"},\"query-input\":{\"@type\":\"PropertyValueSpecification\",\"valueRequired\":true,\"valueName\":\"search_term_string\"}}],\"inLanguage\":\"es\"},{\"@type\":\"Person\",\"@id\":\"https:\\\/\\\/quehacerpolitico.mx\\\/#\\\/schema\\\/person\\\/496d8ad2d1d3f8036101dca7ee39e585\",\"name\":\"Redacci\u00f3n QP\",\"image\":{\"@type\":\"ImageObject\",\"inLanguage\":\"es\",\"@id\":\"https:\\\/\\\/secure.gravatar.com\\\/avatar\\\/c7164ed6fdec453195284ad24a5ae5b6e1eed2b848477fa2a4787ba9adf39a41?s=96&d=mm&r=g\",\"url\":\"https:\\\/\\\/secure.gravatar.com\\\/avatar\\\/c7164ed6fdec453195284ad24a5ae5b6e1eed2b848477fa2a4787ba9adf39a41?s=96&d=mm&r=g\",\"contentUrl\":\"https:\\\/\\\/secure.gravatar.com\\\/avatar\\\/c7164ed6fdec453195284ad24a5ae5b6e1eed2b848477fa2a4787ba9adf39a41?s=96&d=mm&r=g\",\"caption\":\"Redacci\u00f3n QP\"},\"url\":\"https:\\\/\\\/quehacerpolitico.mx\\\/?author=2\"}]}<\/script>\n<!-- \/ Yoast SEO plugin. -->","yoast_head_json":{"title":"Afores responden a AMLO: Jubilados ya reciben mejores pensiones\u00a0 -","robots":{"index":"index","follow":"follow","max-snippet":"max-snippet:-1","max-image-preview":"max-image-preview:large","max-video-preview":"max-video-preview:-1"},"canonical":"https:\/\/quehacerpolitico.mx\/?p=96317","og_locale":"es_MX","og_type":"article","og_title":"Afores responden a AMLO: Jubilados ya reciben mejores pensiones\u00a0 -","og_description":"Por Redacci\u00f3n QP La Amafore asegur\u00f3 que los cambios legales efectuados ya est\u00e1n beneficiando a...","og_url":"https:\/\/quehacerpolitico.mx\/?p=96317","article_published_time":"2022-10-14T01:30:41+00:00","article_modified_time":"2022-10-14T01:30:50+00:00","og_image":[{"width":783,"height":391,"url":"https:\/\/quehacerpolitico.mx\/wp-content\/uploads\/2022\/10\/EADCAFA1-59F1-4C3C-9ECA-9EEBCE6A826B.jpeg","type":"image\/jpeg"}],"author":"Redacci\u00f3n QP","twitter_card":"summary_large_image","twitter_misc":{"Escrito por":"Redacci\u00f3n QP","Tiempo de lectura":"2 minutos"},"schema":{"@context":"https:\/\/schema.org","@graph":[{"@type":"Article","@id":"https:\/\/quehacerpolitico.mx\/?p=96317#article","isPartOf":{"@id":"https:\/\/quehacerpolitico.mx\/?p=96317"},"author":{"name":"Redacci\u00f3n QP","@id":"https:\/\/quehacerpolitico.mx\/#\/schema\/person\/496d8ad2d1d3f8036101dca7ee39e585"},"headline":"Afores responden a AMLO: Jubilados ya reciben mejores pensiones\u00a0","datePublished":"2022-10-14T01:30:41+00:00","dateModified":"2022-10-14T01:30:50+00:00","mainEntityOfPage":{"@id":"https:\/\/quehacerpolitico.mx\/?p=96317"},"wordCount":358,"commentCount":0,"image":{"@id":"https:\/\/quehacerpolitico.mx\/?p=96317#primaryimage"},"thumbnailUrl":"https:\/\/quehacerpolitico.mx\/wp-content\/uploads\/2022\/10\/EADCAFA1-59F1-4C3C-9ECA-9EEBCE6A826B.jpeg","articleSection":["Noticias"],"inLanguage":"es","potentialAction":[{"@type":"CommentAction","name":"Comment","target":["https:\/\/quehacerpolitico.mx\/?p=96317#respond"]}]},{"@type":"WebPage","@id":"https:\/\/quehacerpolitico.mx\/?p=96317","url":"https:\/\/quehacerpolitico.mx\/?p=96317","name":"Afores responden a AMLO: Jubilados ya reciben mejores pensiones\u00a0 -","isPartOf":{"@id":"https:\/\/quehacerpolitico.mx\/#website"},"primaryImageOfPage":{"@id":"https:\/\/quehacerpolitico.mx\/?p=96317#primaryimage"},"image":{"@id":"https:\/\/quehacerpolitico.mx\/?p=96317#primaryimage"},"thumbnailUrl":"https:\/\/quehacerpolitico.mx\/wp-content\/uploads\/2022\/10\/EADCAFA1-59F1-4C3C-9ECA-9EEBCE6A826B.jpeg","datePublished":"2022-10-14T01:30:41+00:00","dateModified":"2022-10-14T01:30:50+00:00","author":{"@id":"https:\/\/quehacerpolitico.mx\/#\/schema\/person\/496d8ad2d1d3f8036101dca7ee39e585"},"breadcrumb":{"@id":"https:\/\/quehacerpolitico.mx\/?p=96317#breadcrumb"},"inLanguage":"es","potentialAction":[{"@type":"ReadAction","target":["https:\/\/quehacerpolitico.mx\/?p=96317"]}]},{"@type":"ImageObject","inLanguage":"es","@id":"https:\/\/quehacerpolitico.mx\/?p=96317#primaryimage","url":"https:\/\/quehacerpolitico.mx\/wp-content\/uploads\/2022\/10\/EADCAFA1-59F1-4C3C-9ECA-9EEBCE6A826B.jpeg","contentUrl":"https:\/\/quehacerpolitico.mx\/wp-content\/uploads\/2022\/10\/EADCAFA1-59F1-4C3C-9ECA-9EEBCE6A826B.jpeg","width":783,"height":391},{"@type":"BreadcrumbList","@id":"https:\/\/quehacerpolitico.mx\/?p=96317#breadcrumb","itemListElement":[{"@type":"ListItem","position":1,"name":"Inicio","item":"https:\/\/quehacerpolitico.mx\/"},{"@type":"ListItem","position":2,"name":"Afores responden a AMLO: Jubilados ya reciben mejores pensiones\u00a0"}]},{"@type":"WebSite","@id":"https:\/\/quehacerpolitico.mx\/#website","url":"https:\/\/quehacerpolitico.mx\/","name":"","description":"","potentialAction":[{"@type":"SearchAction","target":{"@type":"EntryPoint","urlTemplate":"https:\/\/quehacerpolitico.mx\/?s={search_term_string}"},"query-input":{"@type":"PropertyValueSpecification","valueRequired":true,"valueName":"search_term_string"}}],"inLanguage":"es"},{"@type":"Person","@id":"https:\/\/quehacerpolitico.mx\/#\/schema\/person\/496d8ad2d1d3f8036101dca7ee39e585","name":"Redacci\u00f3n QP","image":{"@type":"ImageObject","inLanguage":"es","@id":"https:\/\/secure.gravatar.com\/avatar\/c7164ed6fdec453195284ad24a5ae5b6e1eed2b848477fa2a4787ba9adf39a41?s=96&d=mm&r=g","url":"https:\/\/secure.gravatar.com\/avatar\/c7164ed6fdec453195284ad24a5ae5b6e1eed2b848477fa2a4787ba9adf39a41?s=96&d=mm&r=g","contentUrl":"https:\/\/secure.gravatar.com\/avatar\/c7164ed6fdec453195284ad24a5ae5b6e1eed2b848477fa2a4787ba9adf39a41?s=96&d=mm&r=g","caption":"Redacci\u00f3n QP"},"url":"https:\/\/quehacerpolitico.mx\/?author=2"}]}},"featured_image_urls":{"full":["https:\/\/quehacerpolitico.mx\/wp-content\/uploads\/2022\/10\/EADCAFA1-59F1-4C3C-9ECA-9EEBCE6A826B.jpeg",783,391,false],"thumbnail":["https:\/\/quehacerpolitico.mx\/wp-content\/uploads\/2022\/10\/EADCAFA1-59F1-4C3C-9ECA-9EEBCE6A826B-150x150.jpeg",150,150,true],"medium":["https:\/\/quehacerpolitico.mx\/wp-content\/uploads\/2022\/10\/EADCAFA1-59F1-4C3C-9ECA-9EEBCE6A826B-300x150.jpeg",300,150,true],"medium_large":["https:\/\/quehacerpolitico.mx\/wp-content\/uploads\/2022\/10\/EADCAFA1-59F1-4C3C-9ECA-9EEBCE6A826B-768x384.jpeg",640,320,true],"large":["https:\/\/quehacerpolitico.mx\/wp-content\/uploads\/2022\/10\/EADCAFA1-59F1-4C3C-9ECA-9EEBCE6A826B.jpeg",640,320,false],"1536x1536":["https:\/\/quehacerpolitico.mx\/wp-content\/uploads\/2022\/10\/EADCAFA1-59F1-4C3C-9ECA-9EEBCE6A826B.jpeg",783,391,false],"2048x2048":["https:\/\/quehacerpolitico.mx\/wp-content\/uploads\/2022\/10\/EADCAFA1-59F1-4C3C-9ECA-9EEBCE6A826B.jpeg",783,391,false],"covernews-featured":["https:\/\/quehacerpolitico.mx\/wp-content\/uploads\/2022\/10\/EADCAFA1-59F1-4C3C-9ECA-9EEBCE6A826B.jpeg",783,391,false],"covernews-medium":["https:\/\/quehacerpolitico.mx\/wp-content\/uploads\/2022\/10\/EADCAFA1-59F1-4C3C-9ECA-9EEBCE6A826B.jpeg",540,270,false]},"author_info":{"display_name":"Redacci\u00f3n QP","author_link":"https:\/\/quehacerpolitico.mx\/?author=2"},"category_info":"<a href=\"https:\/\/quehacerpolitico.mx\/?cat=2\" rel=\"category\">Noticias<\/a>","tag_info":"Noticias","comment_count":"0","_links":{"self":[{"href":"https:\/\/quehacerpolitico.mx\/index.php?rest_route=\/wp\/v2\/posts\/96317","targetHints":{"allow":["GET"]}}],"collection":[{"href":"https:\/\/quehacerpolitico.mx\/index.php?rest_route=\/wp\/v2\/posts"}],"about":[{"href":"https:\/\/quehacerpolitico.mx\/index.php?rest_route=\/wp\/v2\/types\/post"}],"author":[{"embeddable":true,"href":"https:\/\/quehacerpolitico.mx\/index.php?rest_route=\/wp\/v2\/users\/2"}],"replies":[{"embeddable":true,"href":"https:\/\/quehacerpolitico.mx\/index.php?rest_route=%2Fwp%2Fv2%2Fcomments&post=96317"}],"version-history":[{"count":1,"href":"https:\/\/quehacerpolitico.mx\/index.php?rest_route=\/wp\/v2\/posts\/96317\/revisions"}],"predecessor-version":[{"id":96319,"href":"https:\/\/quehacerpolitico.mx\/index.php?rest_route=\/wp\/v2\/posts\/96317\/revisions\/96319"}],"wp:featuredmedia":[{"embeddable":true,"href":"https:\/\/quehacerpolitico.mx\/index.php?rest_route=\/wp\/v2\/media\/96318"}],"wp:attachment":[{"href":"https:\/\/quehacerpolitico.mx\/index.php?rest_route=%2Fwp%2Fv2%2Fmedia&parent=96317"}],"wp:term":[{"taxonomy":"category","embeddable":true,"href":"https:\/\/quehacerpolitico.mx\/index.php?rest_route=%2Fwp%2Fv2%2Fcategories&post=96317"},{"taxonomy":"post_tag","embeddable":true,"href":"https:\/\/quehacerpolitico.mx\/index.php?rest_route=%2Fwp%2Fv2%2Ftags&post=96317"}],"curies":[{"name":"wp","href":"https:\/\/api.w.org\/{rel}","templated":true}]}}