{"id":96313,"date":"2022-10-14T01:14:04","date_gmt":"2022-10-14T01:14:04","guid":{"rendered":"https:\/\/quehacerpolitico.mx\/?p=96313"},"modified":"2022-10-14T01:14:06","modified_gmt":"2022-10-14T01:14:06","slug":"guardia-nacional-otorgan-primera-suspension-contra-adhesion-a-la-sedena","status":"publish","type":"post","link":"https:\/\/quehacerpolitico.mx\/?p=96313","title":{"rendered":"Guardia Nacional: Otorgan primera suspensi\u00f3n contra adhesi\u00f3n a la Sedena\u00a0"},"content":{"rendered":"\n<p>Por Redacci\u00f3n QP<\/p>\n\n\n\n<p>La decisi\u00f3n del juez significa el primer rev\u00e9s a la reforma aprobada en San L\u00e1zaro<\/p>\n\n\n\n<p>Un juez federal de Guanajuato otorg\u00f3 a un grupo de organizaciones de la sociedad civil la primera suspensi\u00f3n provisional en los 53 juicios de amparo colectivos que interpusieron con el fin de que se declare inconstitucional el traspaso de la\u00a0Guardia Nacional\u00a0al\u00a0<strong>Ej\u00e9rcito<\/strong>.<\/p>\n\n\n\n<figure class=\"wp-block-embed is-type-rich is-provider-twitter wp-block-embed-twitter\"><div class=\"wp-block-embed__wrapper\">\n<blockquote class=\"twitter-tweet\" data-width=\"550\" data-dnt=\"true\"><p lang=\"es\" dir=\"ltr\"><a href=\"https:\/\/twitter.com\/hashtag\/EsNoticia?src=hash&amp;ref_src=twsrc%5Etfw\">#EsNoticia<\/a> otorgan a <a href=\"https:\/\/twitter.com\/UcMexico?ref_src=twsrc%5Etfw\">@UcMexico<\/a> suspensi\u00f3n provisional en contra de la incorporaci\u00f3n de la guardia nacional a la <a href=\"https:\/\/twitter.com\/SEDENAmx?ref_src=twsrc%5Etfw\">@SEDENAmx<\/a> . Amparo 1161\/2022 del 9o juzgado de distrito en Irapuato. Es un reves a la militarizaci\u00f3n en M\u00e9xico. <a href=\"https:\/\/twitter.com\/hashtag\/NoALaMilitarizaci%C3%B3n?src=hash&amp;ref_src=twsrc%5Etfw\">#NoALaMilitarizaci\u00f3n<\/a> <a href=\"https:\/\/t.co\/ibcVxwl72A\">pic.twitter.com\/ibcVxwl72A<\/a><\/p>&mdash; Lourdes mendoza (@lumendoz) <a href=\"https:\/\/twitter.com\/lumendoz\/status\/1580652381724762112?ref_src=twsrc%5Etfw\">October 13, 2022<\/a><\/blockquote><script async src=\"https:\/\/platform.twitter.com\/widgets.js\" charset=\"utf-8\"><\/script>\n<\/div><\/figure>\n\n\n\n<p>El pasado 26 de septiembre, Fuerza Ciudadana Uniendo Caminos M\u00e9xico, Uni\u00f3n C\u00edvica 1 pa\u00eds, Firma Jur\u00eddica ACyAC A Asociados, Tojil, EeK, y ciudadanos recurrieron a la protecci\u00f3n de la justicia contra la medida reci\u00e9n entrada en vigor.<\/p>\n\n\n\n<figure class=\"wp-block-image size-large\"><img loading=\"lazy\" decoding=\"async\" width=\"746\" height=\"1024\" src=\"https:\/\/quehacerpolitico.mx\/wp-content\/uploads\/2022\/10\/image-53-746x1024.jpeg\" alt=\"\" class=\"wp-image-96314\" srcset=\"https:\/\/quehacerpolitico.mx\/wp-content\/uploads\/2022\/10\/image-53-746x1024.jpeg 746w, https:\/\/quehacerpolitico.mx\/wp-content\/uploads\/2022\/10\/image-53-219x300.jpeg 219w, https:\/\/quehacerpolitico.mx\/wp-content\/uploads\/2022\/10\/image-53-768x1054.jpeg 768w, https:\/\/quehacerpolitico.mx\/wp-content\/uploads\/2022\/10\/image-53-106x146.jpeg 106w, https:\/\/quehacerpolitico.mx\/wp-content\/uploads\/2022\/10\/image-53-36x50.jpeg 36w, https:\/\/quehacerpolitico.mx\/wp-content\/uploads\/2022\/10\/image-53-55x75.jpeg 55w, https:\/\/quehacerpolitico.mx\/wp-content\/uploads\/2022\/10\/image-53.jpeg 895w\" sizes=\"auto, (max-width: 746px) 100vw, 746px\" \/><\/figure>\n\n\n\n<p>El recurso fue admitido a tr\u00e1mite y el pasado lunes\u00a0el juez les concedi\u00f3 la suspensi\u00f3n provisional contra el decreto por el que se reforman, adicionan y derogan diversas disposiciones\u00a0de la Ley Org\u00e1nica de la Administraci\u00f3n P\u00fablica Federal; de la Ley de la Guardia Nacional; de la Ley Org\u00e1nica del Ej\u00e9rcito y Fuerza A\u00e9rea Mexicanos y de la Ley de Asenso y Recompensas del Ej\u00e9rcito y Fuerza A\u00e9rea Mexicanos, en Materia de Guardia Nacional y Seguridad P\u00fablica.<\/p>\n\n\n\n<p>El mes pasado, la<strong>\u00a0C\u00e1mara de Diputados<\/strong>\u00a0y el\u00a0<strong>Senado\u00a0<\/strong>aprobaron dicho decreto publicado por el Presidente\u00a0<strong>Andr\u00e9s Manuel L\u00f3pez Obrador<\/strong>\u00a0en el Diario Oficial de la Federaci\u00f3n para su entrada en vigor.<\/p>\n\n\n\n<p>Mediante un comunicado, las organizaciones sociales se\u00f1alaron que se han mantenido luchando jur\u00eddicamente desde la aprobaci\u00f3n de la\u00a0<strong>Ley de Seguridad Interior<\/strong>, promovida en el sexenio del expresidente,\u00a0<strong>Enrique Pe\u00f1a Nieto<\/strong>, y los acuerdos militares de colaboraci\u00f3n de seguridad p\u00fablica promovidos por el presidente\u00a0<strong>Andr\u00e9s Manuel L\u00f3pez Obrador<\/strong>.<\/p>\n\n\n\n<p>Advirtieron que seguir\u00e1n insistiendo que la militarizaci\u00f3n de la seguridad p\u00fablica en el pa\u00eds no es la soluci\u00f3n, sino que debe de acompa\u00f1arse a las\u00a0<strong>Fuerzas Armadas<\/strong>\u00a0en conjunto con la\u00a0<strong>Seguridad P\u00fablica Civil<\/strong>.<\/p>\n\n\n\n<p>Con informaci\u00f3n de SUN<\/p>\n","protected":false},"excerpt":{"rendered":"<p>Por Redacci\u00f3n QP La decisi\u00f3n del juez significa el primer rev\u00e9s a la reforma aprobada&#8230;<\/p>\n","protected":false},"author":2,"featured_media":96315,"comment_status":"open","ping_status":"open","sticky":false,"template":"","format":"standard","meta":{"_monsterinsights_skip_tracking":false,"_monsterinsights_sitenote_active":false,"_monsterinsights_sitenote_note":"","_monsterinsights_sitenote_category":0,"footnotes":""},"categories":[2],"tags":[],"class_list":["post-96313","post","type-post","status-publish","format-standard","has-post-thumbnail","hentry","category-noticias"],"yoast_head":"<!-- This site is optimized with the Yoast SEO plugin v27.3 - https:\/\/yoast.com\/product\/yoast-seo-wordpress\/ -->\n<title>Guardia Nacional: Otorgan primera suspensi\u00f3n contra adhesi\u00f3n a la Sedena\u00a0 -<\/title>\n<meta name=\"robots\" content=\"index, follow, max-snippet:-1, max-image-preview:large, max-video-preview:-1\" \/>\n<link rel=\"canonical\" href=\"https:\/\/quehacerpolitico.mx\/?p=96313\" \/>\n<meta property=\"og:locale\" content=\"es_MX\" \/>\n<meta property=\"og:type\" content=\"article\" \/>\n<meta property=\"og:title\" content=\"Guardia Nacional: Otorgan primera suspensi\u00f3n contra adhesi\u00f3n a la Sedena\u00a0 -\" \/>\n<meta property=\"og:description\" content=\"Por Redacci\u00f3n QP La decisi\u00f3n del juez significa el primer rev\u00e9s a la reforma aprobada...\" \/>\n<meta property=\"og:url\" content=\"https:\/\/quehacerpolitico.mx\/?p=96313\" \/>\n<meta property=\"article:published_time\" content=\"2022-10-14T01:14:04+00:00\" \/>\n<meta property=\"article:modified_time\" content=\"2022-10-14T01:14:06+00:00\" \/>\n<meta property=\"og:image\" content=\"https:\/\/quehacerpolitico.mx\/wp-content\/uploads\/2022\/10\/AD704846-5830-41AD-B306-430358584DFA.jpeg\" \/>\n\t<meta property=\"og:image:width\" content=\"400\" \/>\n\t<meta property=\"og:image:height\" content=\"225\" \/>\n\t<meta property=\"og:image:type\" content=\"image\/jpeg\" \/>\n<meta name=\"author\" content=\"Redacci\u00f3n QP\" \/>\n<meta name=\"twitter:card\" content=\"summary_large_image\" \/>\n<meta name=\"twitter:label1\" content=\"Escrito por\" \/>\n\t<meta name=\"twitter:data1\" content=\"Redacci\u00f3n QP\" \/>\n\t<meta name=\"twitter:label2\" content=\"Tiempo de lectura\" \/>\n\t<meta name=\"twitter:data2\" content=\"2 minutos\" \/>\n<script type=\"application\/ld+json\" class=\"yoast-schema-graph\">{\"@context\":\"https:\\\/\\\/schema.org\",\"@graph\":[{\"@type\":\"Article\",\"@id\":\"https:\\\/\\\/quehacerpolitico.mx\\\/?p=96313#article\",\"isPartOf\":{\"@id\":\"https:\\\/\\\/quehacerpolitico.mx\\\/?p=96313\"},\"author\":{\"name\":\"Redacci\u00f3n QP\",\"@id\":\"https:\\\/\\\/quehacerpolitico.mx\\\/#\\\/schema\\\/person\\\/496d8ad2d1d3f8036101dca7ee39e585\"},\"headline\":\"Guardia Nacional: Otorgan primera suspensi\u00f3n contra adhesi\u00f3n a la Sedena\u00a0\",\"datePublished\":\"2022-10-14T01:14:04+00:00\",\"dateModified\":\"2022-10-14T01:14:06+00:00\",\"mainEntityOfPage\":{\"@id\":\"https:\\\/\\\/quehacerpolitico.mx\\\/?p=96313\"},\"wordCount\":362,\"commentCount\":0,\"image\":{\"@id\":\"https:\\\/\\\/quehacerpolitico.mx\\\/?p=96313#primaryimage\"},\"thumbnailUrl\":\"https:\\\/\\\/quehacerpolitico.mx\\\/wp-content\\\/uploads\\\/2022\\\/10\\\/AD704846-5830-41AD-B306-430358584DFA.jpeg\",\"articleSection\":[\"Noticias\"],\"inLanguage\":\"es\",\"potentialAction\":[{\"@type\":\"CommentAction\",\"name\":\"Comment\",\"target\":[\"https:\\\/\\\/quehacerpolitico.mx\\\/?p=96313#respond\"]}]},{\"@type\":\"WebPage\",\"@id\":\"https:\\\/\\\/quehacerpolitico.mx\\\/?p=96313\",\"url\":\"https:\\\/\\\/quehacerpolitico.mx\\\/?p=96313\",\"name\":\"Guardia Nacional: Otorgan primera suspensi\u00f3n contra adhesi\u00f3n a la Sedena\u00a0 -\",\"isPartOf\":{\"@id\":\"https:\\\/\\\/quehacerpolitico.mx\\\/#website\"},\"primaryImageOfPage\":{\"@id\":\"https:\\\/\\\/quehacerpolitico.mx\\\/?p=96313#primaryimage\"},\"image\":{\"@id\":\"https:\\\/\\\/quehacerpolitico.mx\\\/?p=96313#primaryimage\"},\"thumbnailUrl\":\"https:\\\/\\\/quehacerpolitico.mx\\\/wp-content\\\/uploads\\\/2022\\\/10\\\/AD704846-5830-41AD-B306-430358584DFA.jpeg\",\"datePublished\":\"2022-10-14T01:14:04+00:00\",\"dateModified\":\"2022-10-14T01:14:06+00:00\",\"author\":{\"@id\":\"https:\\\/\\\/quehacerpolitico.mx\\\/#\\\/schema\\\/person\\\/496d8ad2d1d3f8036101dca7ee39e585\"},\"breadcrumb\":{\"@id\":\"https:\\\/\\\/quehacerpolitico.mx\\\/?p=96313#breadcrumb\"},\"inLanguage\":\"es\",\"potentialAction\":[{\"@type\":\"ReadAction\",\"target\":[\"https:\\\/\\\/quehacerpolitico.mx\\\/?p=96313\"]}]},{\"@type\":\"ImageObject\",\"inLanguage\":\"es\",\"@id\":\"https:\\\/\\\/quehacerpolitico.mx\\\/?p=96313#primaryimage\",\"url\":\"https:\\\/\\\/quehacerpolitico.mx\\\/wp-content\\\/uploads\\\/2022\\\/10\\\/AD704846-5830-41AD-B306-430358584DFA.jpeg\",\"contentUrl\":\"https:\\\/\\\/quehacerpolitico.mx\\\/wp-content\\\/uploads\\\/2022\\\/10\\\/AD704846-5830-41AD-B306-430358584DFA.jpeg\",\"width\":400,\"height\":225},{\"@type\":\"BreadcrumbList\",\"@id\":\"https:\\\/\\\/quehacerpolitico.mx\\\/?p=96313#breadcrumb\",\"itemListElement\":[{\"@type\":\"ListItem\",\"position\":1,\"name\":\"Inicio\",\"item\":\"https:\\\/\\\/quehacerpolitico.mx\\\/\"},{\"@type\":\"ListItem\",\"position\":2,\"name\":\"Guardia Nacional: Otorgan primera suspensi\u00f3n contra adhesi\u00f3n a la Sedena\u00a0\"}]},{\"@type\":\"WebSite\",\"@id\":\"https:\\\/\\\/quehacerpolitico.mx\\\/#website\",\"url\":\"https:\\\/\\\/quehacerpolitico.mx\\\/\",\"name\":\"\",\"description\":\"\",\"potentialAction\":[{\"@type\":\"SearchAction\",\"target\":{\"@type\":\"EntryPoint\",\"urlTemplate\":\"https:\\\/\\\/quehacerpolitico.mx\\\/?s={search_term_string}\"},\"query-input\":{\"@type\":\"PropertyValueSpecification\",\"valueRequired\":true,\"valueName\":\"search_term_string\"}}],\"inLanguage\":\"es\"},{\"@type\":\"Person\",\"@id\":\"https:\\\/\\\/quehacerpolitico.mx\\\/#\\\/schema\\\/person\\\/496d8ad2d1d3f8036101dca7ee39e585\",\"name\":\"Redacci\u00f3n QP\",\"image\":{\"@type\":\"ImageObject\",\"inLanguage\":\"es\",\"@id\":\"https:\\\/\\\/secure.gravatar.com\\\/avatar\\\/c7164ed6fdec453195284ad24a5ae5b6e1eed2b848477fa2a4787ba9adf39a41?s=96&d=mm&r=g\",\"url\":\"https:\\\/\\\/secure.gravatar.com\\\/avatar\\\/c7164ed6fdec453195284ad24a5ae5b6e1eed2b848477fa2a4787ba9adf39a41?s=96&d=mm&r=g\",\"contentUrl\":\"https:\\\/\\\/secure.gravatar.com\\\/avatar\\\/c7164ed6fdec453195284ad24a5ae5b6e1eed2b848477fa2a4787ba9adf39a41?s=96&d=mm&r=g\",\"caption\":\"Redacci\u00f3n QP\"},\"url\":\"https:\\\/\\\/quehacerpolitico.mx\\\/?author=2\"}]}<\/script>\n<!-- \/ Yoast SEO plugin. -->","yoast_head_json":{"title":"Guardia Nacional: Otorgan primera suspensi\u00f3n contra adhesi\u00f3n a la Sedena\u00a0 -","robots":{"index":"index","follow":"follow","max-snippet":"max-snippet:-1","max-image-preview":"max-image-preview:large","max-video-preview":"max-video-preview:-1"},"canonical":"https:\/\/quehacerpolitico.mx\/?p=96313","og_locale":"es_MX","og_type":"article","og_title":"Guardia Nacional: Otorgan primera suspensi\u00f3n contra adhesi\u00f3n a la Sedena\u00a0 -","og_description":"Por Redacci\u00f3n QP La decisi\u00f3n del juez significa el primer rev\u00e9s a la reforma aprobada...","og_url":"https:\/\/quehacerpolitico.mx\/?p=96313","article_published_time":"2022-10-14T01:14:04+00:00","article_modified_time":"2022-10-14T01:14:06+00:00","og_image":[{"width":400,"height":225,"url":"https:\/\/quehacerpolitico.mx\/wp-content\/uploads\/2022\/10\/AD704846-5830-41AD-B306-430358584DFA.jpeg","type":"image\/jpeg"}],"author":"Redacci\u00f3n QP","twitter_card":"summary_large_image","twitter_misc":{"Escrito por":"Redacci\u00f3n QP","Tiempo de lectura":"2 minutos"},"schema":{"@context":"https:\/\/schema.org","@graph":[{"@type":"Article","@id":"https:\/\/quehacerpolitico.mx\/?p=96313#article","isPartOf":{"@id":"https:\/\/quehacerpolitico.mx\/?p=96313"},"author":{"name":"Redacci\u00f3n QP","@id":"https:\/\/quehacerpolitico.mx\/#\/schema\/person\/496d8ad2d1d3f8036101dca7ee39e585"},"headline":"Guardia Nacional: Otorgan primera suspensi\u00f3n contra adhesi\u00f3n a la Sedena\u00a0","datePublished":"2022-10-14T01:14:04+00:00","dateModified":"2022-10-14T01:14:06+00:00","mainEntityOfPage":{"@id":"https:\/\/quehacerpolitico.mx\/?p=96313"},"wordCount":362,"commentCount":0,"image":{"@id":"https:\/\/quehacerpolitico.mx\/?p=96313#primaryimage"},"thumbnailUrl":"https:\/\/quehacerpolitico.mx\/wp-content\/uploads\/2022\/10\/AD704846-5830-41AD-B306-430358584DFA.jpeg","articleSection":["Noticias"],"inLanguage":"es","potentialAction":[{"@type":"CommentAction","name":"Comment","target":["https:\/\/quehacerpolitico.mx\/?p=96313#respond"]}]},{"@type":"WebPage","@id":"https:\/\/quehacerpolitico.mx\/?p=96313","url":"https:\/\/quehacerpolitico.mx\/?p=96313","name":"Guardia Nacional: Otorgan primera suspensi\u00f3n contra adhesi\u00f3n a la Sedena\u00a0 -","isPartOf":{"@id":"https:\/\/quehacerpolitico.mx\/#website"},"primaryImageOfPage":{"@id":"https:\/\/quehacerpolitico.mx\/?p=96313#primaryimage"},"image":{"@id":"https:\/\/quehacerpolitico.mx\/?p=96313#primaryimage"},"thumbnailUrl":"https:\/\/quehacerpolitico.mx\/wp-content\/uploads\/2022\/10\/AD704846-5830-41AD-B306-430358584DFA.jpeg","datePublished":"2022-10-14T01:14:04+00:00","dateModified":"2022-10-14T01:14:06+00:00","author":{"@id":"https:\/\/quehacerpolitico.mx\/#\/schema\/person\/496d8ad2d1d3f8036101dca7ee39e585"},"breadcrumb":{"@id":"https:\/\/quehacerpolitico.mx\/?p=96313#breadcrumb"},"inLanguage":"es","potentialAction":[{"@type":"ReadAction","target":["https:\/\/quehacerpolitico.mx\/?p=96313"]}]},{"@type":"ImageObject","inLanguage":"es","@id":"https:\/\/quehacerpolitico.mx\/?p=96313#primaryimage","url":"https:\/\/quehacerpolitico.mx\/wp-content\/uploads\/2022\/10\/AD704846-5830-41AD-B306-430358584DFA.jpeg","contentUrl":"https:\/\/quehacerpolitico.mx\/wp-content\/uploads\/2022\/10\/AD704846-5830-41AD-B306-430358584DFA.jpeg","width":400,"height":225},{"@type":"BreadcrumbList","@id":"https:\/\/quehacerpolitico.mx\/?p=96313#breadcrumb","itemListElement":[{"@type":"ListItem","position":1,"name":"Inicio","item":"https:\/\/quehacerpolitico.mx\/"},{"@type":"ListItem","position":2,"name":"Guardia Nacional: Otorgan primera suspensi\u00f3n contra adhesi\u00f3n a la Sedena\u00a0"}]},{"@type":"WebSite","@id":"https:\/\/quehacerpolitico.mx\/#website","url":"https:\/\/quehacerpolitico.mx\/","name":"","description":"","potentialAction":[{"@type":"SearchAction","target":{"@type":"EntryPoint","urlTemplate":"https:\/\/quehacerpolitico.mx\/?s={search_term_string}"},"query-input":{"@type":"PropertyValueSpecification","valueRequired":true,"valueName":"search_term_string"}}],"inLanguage":"es"},{"@type":"Person","@id":"https:\/\/quehacerpolitico.mx\/#\/schema\/person\/496d8ad2d1d3f8036101dca7ee39e585","name":"Redacci\u00f3n QP","image":{"@type":"ImageObject","inLanguage":"es","@id":"https:\/\/secure.gravatar.com\/avatar\/c7164ed6fdec453195284ad24a5ae5b6e1eed2b848477fa2a4787ba9adf39a41?s=96&d=mm&r=g","url":"https:\/\/secure.gravatar.com\/avatar\/c7164ed6fdec453195284ad24a5ae5b6e1eed2b848477fa2a4787ba9adf39a41?s=96&d=mm&r=g","contentUrl":"https:\/\/secure.gravatar.com\/avatar\/c7164ed6fdec453195284ad24a5ae5b6e1eed2b848477fa2a4787ba9adf39a41?s=96&d=mm&r=g","caption":"Redacci\u00f3n QP"},"url":"https:\/\/quehacerpolitico.mx\/?author=2"}]}},"featured_image_urls":{"full":["https:\/\/quehacerpolitico.mx\/wp-content\/uploads\/2022\/10\/AD704846-5830-41AD-B306-430358584DFA.jpeg",400,225,false],"thumbnail":["https:\/\/quehacerpolitico.mx\/wp-content\/uploads\/2022\/10\/AD704846-5830-41AD-B306-430358584DFA-150x150.jpeg",150,150,true],"medium":["https:\/\/quehacerpolitico.mx\/wp-content\/uploads\/2022\/10\/AD704846-5830-41AD-B306-430358584DFA-300x169.jpeg",300,169,true],"medium_large":["https:\/\/quehacerpolitico.mx\/wp-content\/uploads\/2022\/10\/AD704846-5830-41AD-B306-430358584DFA.jpeg",400,225,false],"large":["https:\/\/quehacerpolitico.mx\/wp-content\/uploads\/2022\/10\/AD704846-5830-41AD-B306-430358584DFA.jpeg",400,225,false],"1536x1536":["https:\/\/quehacerpolitico.mx\/wp-content\/uploads\/2022\/10\/AD704846-5830-41AD-B306-430358584DFA.jpeg",400,225,false],"2048x2048":["https:\/\/quehacerpolitico.mx\/wp-content\/uploads\/2022\/10\/AD704846-5830-41AD-B306-430358584DFA.jpeg",400,225,false],"covernews-featured":["https:\/\/quehacerpolitico.mx\/wp-content\/uploads\/2022\/10\/AD704846-5830-41AD-B306-430358584DFA.jpeg",400,225,false],"covernews-medium":["https:\/\/quehacerpolitico.mx\/wp-content\/uploads\/2022\/10\/AD704846-5830-41AD-B306-430358584DFA.jpeg",400,225,false]},"author_info":{"display_name":"Redacci\u00f3n QP","author_link":"https:\/\/quehacerpolitico.mx\/?author=2"},"category_info":"<a href=\"https:\/\/quehacerpolitico.mx\/?cat=2\" rel=\"category\">Noticias<\/a>","tag_info":"Noticias","comment_count":"0","_links":{"self":[{"href":"https:\/\/quehacerpolitico.mx\/index.php?rest_route=\/wp\/v2\/posts\/96313","targetHints":{"allow":["GET"]}}],"collection":[{"href":"https:\/\/quehacerpolitico.mx\/index.php?rest_route=\/wp\/v2\/posts"}],"about":[{"href":"https:\/\/quehacerpolitico.mx\/index.php?rest_route=\/wp\/v2\/types\/post"}],"author":[{"embeddable":true,"href":"https:\/\/quehacerpolitico.mx\/index.php?rest_route=\/wp\/v2\/users\/2"}],"replies":[{"embeddable":true,"href":"https:\/\/quehacerpolitico.mx\/index.php?rest_route=%2Fwp%2Fv2%2Fcomments&post=96313"}],"version-history":[{"count":1,"href":"https:\/\/quehacerpolitico.mx\/index.php?rest_route=\/wp\/v2\/posts\/96313\/revisions"}],"predecessor-version":[{"id":96316,"href":"https:\/\/quehacerpolitico.mx\/index.php?rest_route=\/wp\/v2\/posts\/96313\/revisions\/96316"}],"wp:featuredmedia":[{"embeddable":true,"href":"https:\/\/quehacerpolitico.mx\/index.php?rest_route=\/wp\/v2\/media\/96315"}],"wp:attachment":[{"href":"https:\/\/quehacerpolitico.mx\/index.php?rest_route=%2Fwp%2Fv2%2Fmedia&parent=96313"}],"wp:term":[{"taxonomy":"category","embeddable":true,"href":"https:\/\/quehacerpolitico.mx\/index.php?rest_route=%2Fwp%2Fv2%2Fcategories&post=96313"},{"taxonomy":"post_tag","embeddable":true,"href":"https:\/\/quehacerpolitico.mx\/index.php?rest_route=%2Fwp%2Fv2%2Ftags&post=96313"}],"curies":[{"name":"wp","href":"https:\/\/api.w.org\/{rel}","templated":true}]}}