{"id":96310,"date":"2022-10-14T00:55:18","date_gmt":"2022-10-14T00:55:18","guid":{"rendered":"https:\/\/quehacerpolitico.mx\/?p=96310"},"modified":"2022-10-14T00:55:22","modified_gmt":"2022-10-14T00:55:22","slug":"el-pan-denunciaran-penalmente-a-circulo-de-lopez-obrador-por-el-rey-del-cash","status":"publish","type":"post","link":"https:\/\/quehacerpolitico.mx\/?p=96310","title":{"rendered":"El PAN denunciar\u00e1n penalmente a c\u00edrculo de L\u00f3pez Obrador por &#8220;El Rey del Cash&#8221;\u00a0"},"content":{"rendered":"\n<p>Por Redacci\u00f3n QP<\/p>\n\n\n\n<p>Luego de evidenciar\u00a0un esquema de financiamiento ilegal y en efectivo que permiti\u00f3 al actual Mandatario realizar una campa\u00f1a durante 12 a\u00f1os y lograr el triunfo electoral en el 2018<\/p>\n\n\n\n<p>Senadores del PAN realizar\u00e1n un marcaje especial sobre la situaci\u00f3n patrimonial y una denuncia penal a personales del c\u00edrculo cercano del Presidente\u00a0Andres Manuel Lopez Obrador\u00a0conformado por funcionarios, exfuncionarios y empresarios que\u00a0<strong>son mencionados en el libro &#8220;El Rey del Cash&#8221; y que habr\u00edan sido operadores y beneficiarios de un esquema que financi\u00f3 al Movimiento de la Cuarta Transformaci\u00f3n<\/strong>.<\/p>\n\n\n\n<p>En rueda de prensa ayer 12 de octubre, la vicecoordinadora del PAN, Kenia L\u00f3pez,\u00a0<strong>lament\u00f3 las descalificaciones del Presidente Andr\u00e9s Manuel L\u00f3pez Obrador al libro de Luz Elena Ch\u00e1vez<\/strong>, donde se evidencia\u00a0<strong>un esquema de financiamiento ilegal y en efectivo que permiti\u00f3 al actual Mandatario realizar una campa\u00f1a durante 12 a\u00f1os y lograr el triunfo electoral en el 2018<\/strong>.<\/p>\n\n\n\n<figure class=\"wp-block-embed is-type-rich is-provider-twitter wp-block-embed-twitter\"><div class=\"wp-block-embed__wrapper\">\n<blockquote class=\"twitter-tweet\" data-width=\"550\" data-dnt=\"true\"><p lang=\"pt\" dir=\"ltr\">\ud83d\udd34 Conferencia de prensa de <a href=\"https:\/\/twitter.com\/SenadoresdelPAN?ref_src=twsrc%5Etfw\">@SenadoresdelPAN<\/a>. <a href=\"https:\/\/t.co\/y4m2NTv6zW\">https:\/\/t.co\/y4m2NTv6zW<\/a><\/p>&mdash; Senado de M\u00e9xico (@senadomexicano) <a href=\"https:\/\/twitter.com\/senadomexicano\/status\/1580227545991086087?ref_src=twsrc%5Etfw\">October 12, 2022<\/a><\/blockquote><script async src=\"https:\/\/platform.twitter.com\/widgets.js\" charset=\"utf-8\"><\/script>\n<\/div><\/figure>\n\n\n\n<p><strong>&#8220;Hoy nuevamente volvi\u00f3 a cuestionar, a quejarse de la promoci\u00f3n que se est\u00e1 haciendo del libro. Hoy nuevamente el Presidente sigue molesto, porque \u00e9l no ha fijado la agenda, la ha fijado una periodista a prop\u00f3sito de su libro&#8221;<\/strong>, coment\u00f3 en la sede del Senado.<\/p>\n\n\n\n<p><\/p>\n\n\n\n<p>Por su parte,&nbsp;<strong>la senadora del PAN, X\u00f3chitl G\u00e1lvez, insisti\u00f3 en que se prepara una denuncia de hechos que se presentar\u00e1 ante la Fiscal\u00eda General de la Rep\u00fablica<\/strong>&nbsp;contra los funcionarios y exfuncionarios que se mencionan en este libro.<\/p>\n\n\n\n<p>&#8220;Hay funcionarios que recibieron cash, que ahora se asegura, tienen propiedades y, se puede hacer una autor\u00eda de su evoluci\u00f3n patrimonial&#8221;, apunt\u00f3.\u00a0<strong>&#8220;No es chisme&#8221;<\/strong>.<\/p>\n\n\n\n<p>&#8220;Nosotros creemos que ese testimonio no es el chisme, es de una mujer que vivi\u00f3 de cerca toda esta situaci\u00f3n y le consta lo que pas\u00f3. Entonces,\u00a0<strong>tiene un gran valor ese libro, en el sentido de que le puede dar grandes pistas a la Fiscal\u00eda<\/strong>\u00a0y, la Fiscal\u00eda como en otros casos -donde el presidente por una sola nota period\u00edstica ha inculpado a personas o por un testimonio de un testigo protegido ha dicho fulano de tal recibi\u00f3 dinero-, est\u00e1n los Imaz, que recibieron cash, desde ah\u00ed viene el tema, est\u00e1n los hermanos del presidente, est\u00e1 Bejarano, que no venga el presidente que es un chisme&#8221;.<\/p>\n\n\n\n<p>Argument\u00f3 que as\u00ed como L\u00f3pez Obrador us\u00f3 cash para su campa\u00f1a de 12 a\u00f1os,<strong>\u00a0hoy se usa efectivo l\u00edquido para las campa\u00f1as que est\u00e1n en curso, como es el caso de la jefa de Gobierno, quien tiene propaganda en todo el pa\u00eds<\/strong>.<\/p>\n\n\n\n<p>En este contexto, ret\u00f3 a Claudia Sheinbaum a que &#8220;nos presente la jefa de Gobierno las facturas con las que ha pagado todos los espectaculares que est\u00e1n por todo el pa\u00eds&#8221;.<\/p>\n\n\n\n<h2 class=\"wp-block-heading\">Nada sustenta lo publicado en el libro &#8220;El Rey del Cash&#8221;: Delgado<\/h2>\n\n\n\n<p><strong>El dirigente de Morena, Mario Delgado, neg\u00f3 haber participado en un supuesto entramado de financiamiento en efectivo para la campa\u00f1a de Andr\u00e9s Manuel L\u00f3pez Obrador en 2006<\/strong>, como revel\u00f3 el libro &#8220;El Rey del Cash&#8221;.<\/p>\n\n\n\n<p>Al ser cuestionado en conferencia de prensa, se\u00f1al\u00f3 que\u00a0<strong>no hay pruebas que sustenten lo publicado en el libro de Elena Ch\u00e1vez<\/strong>.<\/p>\n\n\n\n<p><strong>&#8220;Se ve la mano peluda de los conservadores. Es el mismo argumento, lo mismo otra vez, el financiamiento de Morena&#8221;<\/strong>, expres\u00f3.<\/p>\n\n\n\n<p>El l\u00edder morenista record\u00f3 que el partido se fund\u00f3 con el esfuerzo de la ciudadan\u00eda, incluso recursos en algunos casos.<\/p>\n\n\n\n<p><strong>&#8220;Imag\u00ednense si hubi\u00e9ramos tenido maletas. No, no somos iguales; los de las maletas son quienes compraban votos para las reformas en las C\u00e1maras&#8221;<\/strong>, subray\u00f3.<\/p>\n\n\n\n<p>Asimismo, Delgado anunci\u00f3 que se reunir\u00e1 con todos los comit\u00e9s estatales para establecer la estrategia de trabajo rumbo a las elecciones de 2024.<\/p>\n\n\n\n<p>Con informaci\u00f3n de SUN<\/p>\n","protected":false},"excerpt":{"rendered":"<p>Por Redacci\u00f3n QP Luego de evidenciar\u00a0un esquema de financiamiento ilegal y en efectivo que permiti\u00f3&#8230;<\/p>\n","protected":false},"author":2,"featured_media":96311,"comment_status":"open","ping_status":"open","sticky":false,"template":"","format":"standard","meta":{"_monsterinsights_skip_tracking":false,"_monsterinsights_sitenote_active":false,"_monsterinsights_sitenote_note":"","_monsterinsights_sitenote_category":0,"footnotes":""},"categories":[2],"tags":[],"class_list":["post-96310","post","type-post","status-publish","format-standard","has-post-thumbnail","hentry","category-noticias"],"yoast_head":"<!-- This site is optimized with the Yoast SEO plugin v27.3 - https:\/\/yoast.com\/product\/yoast-seo-wordpress\/ -->\n<title>El PAN denunciar\u00e1n penalmente a c\u00edrculo de L\u00f3pez Obrador por &quot;El Rey del Cash&quot;\u00a0 -<\/title>\n<meta name=\"robots\" content=\"index, follow, max-snippet:-1, max-image-preview:large, max-video-preview:-1\" \/>\n<link rel=\"canonical\" href=\"https:\/\/quehacerpolitico.mx\/?p=96310\" \/>\n<meta property=\"og:locale\" content=\"es_MX\" \/>\n<meta property=\"og:type\" content=\"article\" \/>\n<meta property=\"og:title\" content=\"El PAN denunciar\u00e1n penalmente a c\u00edrculo de L\u00f3pez Obrador por &quot;El Rey del Cash&quot;\u00a0 -\" \/>\n<meta property=\"og:description\" content=\"Por Redacci\u00f3n QP Luego de evidenciar\u00a0un esquema de financiamiento ilegal y en efectivo que permiti\u00f3...\" \/>\n<meta property=\"og:url\" content=\"https:\/\/quehacerpolitico.mx\/?p=96310\" \/>\n<meta property=\"article:published_time\" content=\"2022-10-14T00:55:18+00:00\" \/>\n<meta property=\"article:modified_time\" content=\"2022-10-14T00:55:22+00:00\" \/>\n<meta property=\"og:image\" content=\"https:\/\/quehacerpolitico.mx\/wp-content\/uploads\/2022\/10\/AE4439B0-1053-4430-B815-9ABD86B78A41.jpeg\" \/>\n\t<meta property=\"og:image:width\" content=\"739\" \/>\n\t<meta property=\"og:image:height\" content=\"415\" \/>\n\t<meta property=\"og:image:type\" content=\"image\/jpeg\" \/>\n<meta name=\"author\" content=\"Redacci\u00f3n QP\" \/>\n<meta name=\"twitter:card\" content=\"summary_large_image\" \/>\n<meta name=\"twitter:label1\" content=\"Escrito por\" \/>\n\t<meta name=\"twitter:data1\" content=\"Redacci\u00f3n QP\" \/>\n\t<meta name=\"twitter:label2\" content=\"Tiempo de lectura\" \/>\n\t<meta name=\"twitter:data2\" content=\"3 minutos\" \/>\n<script type=\"application\/ld+json\" class=\"yoast-schema-graph\">{\"@context\":\"https:\\\/\\\/schema.org\",\"@graph\":[{\"@type\":\"Article\",\"@id\":\"https:\\\/\\\/quehacerpolitico.mx\\\/?p=96310#article\",\"isPartOf\":{\"@id\":\"https:\\\/\\\/quehacerpolitico.mx\\\/?p=96310\"},\"author\":{\"name\":\"Redacci\u00f3n QP\",\"@id\":\"https:\\\/\\\/quehacerpolitico.mx\\\/#\\\/schema\\\/person\\\/496d8ad2d1d3f8036101dca7ee39e585\"},\"headline\":\"El PAN denunciar\u00e1n penalmente a c\u00edrculo de L\u00f3pez Obrador por &#8220;El Rey del Cash&#8221;\u00a0\",\"datePublished\":\"2022-10-14T00:55:18+00:00\",\"dateModified\":\"2022-10-14T00:55:22+00:00\",\"mainEntityOfPage\":{\"@id\":\"https:\\\/\\\/quehacerpolitico.mx\\\/?p=96310\"},\"wordCount\":672,\"commentCount\":0,\"image\":{\"@id\":\"https:\\\/\\\/quehacerpolitico.mx\\\/?p=96310#primaryimage\"},\"thumbnailUrl\":\"https:\\\/\\\/quehacerpolitico.mx\\\/wp-content\\\/uploads\\\/2022\\\/10\\\/AE4439B0-1053-4430-B815-9ABD86B78A41.jpeg\",\"articleSection\":[\"Noticias\"],\"inLanguage\":\"es\",\"potentialAction\":[{\"@type\":\"CommentAction\",\"name\":\"Comment\",\"target\":[\"https:\\\/\\\/quehacerpolitico.mx\\\/?p=96310#respond\"]}]},{\"@type\":\"WebPage\",\"@id\":\"https:\\\/\\\/quehacerpolitico.mx\\\/?p=96310\",\"url\":\"https:\\\/\\\/quehacerpolitico.mx\\\/?p=96310\",\"name\":\"El PAN denunciar\u00e1n penalmente a c\u00edrculo de L\u00f3pez Obrador por \\\"El Rey del Cash\\\"\u00a0 -\",\"isPartOf\":{\"@id\":\"https:\\\/\\\/quehacerpolitico.mx\\\/#website\"},\"primaryImageOfPage\":{\"@id\":\"https:\\\/\\\/quehacerpolitico.mx\\\/?p=96310#primaryimage\"},\"image\":{\"@id\":\"https:\\\/\\\/quehacerpolitico.mx\\\/?p=96310#primaryimage\"},\"thumbnailUrl\":\"https:\\\/\\\/quehacerpolitico.mx\\\/wp-content\\\/uploads\\\/2022\\\/10\\\/AE4439B0-1053-4430-B815-9ABD86B78A41.jpeg\",\"datePublished\":\"2022-10-14T00:55:18+00:00\",\"dateModified\":\"2022-10-14T00:55:22+00:00\",\"author\":{\"@id\":\"https:\\\/\\\/quehacerpolitico.mx\\\/#\\\/schema\\\/person\\\/496d8ad2d1d3f8036101dca7ee39e585\"},\"breadcrumb\":{\"@id\":\"https:\\\/\\\/quehacerpolitico.mx\\\/?p=96310#breadcrumb\"},\"inLanguage\":\"es\",\"potentialAction\":[{\"@type\":\"ReadAction\",\"target\":[\"https:\\\/\\\/quehacerpolitico.mx\\\/?p=96310\"]}]},{\"@type\":\"ImageObject\",\"inLanguage\":\"es\",\"@id\":\"https:\\\/\\\/quehacerpolitico.mx\\\/?p=96310#primaryimage\",\"url\":\"https:\\\/\\\/quehacerpolitico.mx\\\/wp-content\\\/uploads\\\/2022\\\/10\\\/AE4439B0-1053-4430-B815-9ABD86B78A41.jpeg\",\"contentUrl\":\"https:\\\/\\\/quehacerpolitico.mx\\\/wp-content\\\/uploads\\\/2022\\\/10\\\/AE4439B0-1053-4430-B815-9ABD86B78A41.jpeg\",\"width\":739,\"height\":415},{\"@type\":\"BreadcrumbList\",\"@id\":\"https:\\\/\\\/quehacerpolitico.mx\\\/?p=96310#breadcrumb\",\"itemListElement\":[{\"@type\":\"ListItem\",\"position\":1,\"name\":\"Inicio\",\"item\":\"https:\\\/\\\/quehacerpolitico.mx\\\/\"},{\"@type\":\"ListItem\",\"position\":2,\"name\":\"El PAN denunciar\u00e1n penalmente a c\u00edrculo de L\u00f3pez Obrador por &#8220;El Rey del Cash&#8221;\u00a0\"}]},{\"@type\":\"WebSite\",\"@id\":\"https:\\\/\\\/quehacerpolitico.mx\\\/#website\",\"url\":\"https:\\\/\\\/quehacerpolitico.mx\\\/\",\"name\":\"\",\"description\":\"\",\"potentialAction\":[{\"@type\":\"SearchAction\",\"target\":{\"@type\":\"EntryPoint\",\"urlTemplate\":\"https:\\\/\\\/quehacerpolitico.mx\\\/?s={search_term_string}\"},\"query-input\":{\"@type\":\"PropertyValueSpecification\",\"valueRequired\":true,\"valueName\":\"search_term_string\"}}],\"inLanguage\":\"es\"},{\"@type\":\"Person\",\"@id\":\"https:\\\/\\\/quehacerpolitico.mx\\\/#\\\/schema\\\/person\\\/496d8ad2d1d3f8036101dca7ee39e585\",\"name\":\"Redacci\u00f3n QP\",\"image\":{\"@type\":\"ImageObject\",\"inLanguage\":\"es\",\"@id\":\"https:\\\/\\\/secure.gravatar.com\\\/avatar\\\/c7164ed6fdec453195284ad24a5ae5b6e1eed2b848477fa2a4787ba9adf39a41?s=96&d=mm&r=g\",\"url\":\"https:\\\/\\\/secure.gravatar.com\\\/avatar\\\/c7164ed6fdec453195284ad24a5ae5b6e1eed2b848477fa2a4787ba9adf39a41?s=96&d=mm&r=g\",\"contentUrl\":\"https:\\\/\\\/secure.gravatar.com\\\/avatar\\\/c7164ed6fdec453195284ad24a5ae5b6e1eed2b848477fa2a4787ba9adf39a41?s=96&d=mm&r=g\",\"caption\":\"Redacci\u00f3n QP\"},\"url\":\"https:\\\/\\\/quehacerpolitico.mx\\\/?author=2\"}]}<\/script>\n<!-- \/ Yoast SEO plugin. -->","yoast_head_json":{"title":"El PAN denunciar\u00e1n penalmente a c\u00edrculo de L\u00f3pez Obrador por \"El Rey del Cash\"\u00a0 -","robots":{"index":"index","follow":"follow","max-snippet":"max-snippet:-1","max-image-preview":"max-image-preview:large","max-video-preview":"max-video-preview:-1"},"canonical":"https:\/\/quehacerpolitico.mx\/?p=96310","og_locale":"es_MX","og_type":"article","og_title":"El PAN denunciar\u00e1n penalmente a c\u00edrculo de L\u00f3pez Obrador por \"El Rey del Cash\"\u00a0 -","og_description":"Por Redacci\u00f3n QP Luego de evidenciar\u00a0un esquema de financiamiento ilegal y en efectivo que permiti\u00f3...","og_url":"https:\/\/quehacerpolitico.mx\/?p=96310","article_published_time":"2022-10-14T00:55:18+00:00","article_modified_time":"2022-10-14T00:55:22+00:00","og_image":[{"width":739,"height":415,"url":"https:\/\/quehacerpolitico.mx\/wp-content\/uploads\/2022\/10\/AE4439B0-1053-4430-B815-9ABD86B78A41.jpeg","type":"image\/jpeg"}],"author":"Redacci\u00f3n QP","twitter_card":"summary_large_image","twitter_misc":{"Escrito por":"Redacci\u00f3n QP","Tiempo de lectura":"3 minutos"},"schema":{"@context":"https:\/\/schema.org","@graph":[{"@type":"Article","@id":"https:\/\/quehacerpolitico.mx\/?p=96310#article","isPartOf":{"@id":"https:\/\/quehacerpolitico.mx\/?p=96310"},"author":{"name":"Redacci\u00f3n QP","@id":"https:\/\/quehacerpolitico.mx\/#\/schema\/person\/496d8ad2d1d3f8036101dca7ee39e585"},"headline":"El PAN denunciar\u00e1n penalmente a c\u00edrculo de L\u00f3pez Obrador por &#8220;El Rey del Cash&#8221;\u00a0","datePublished":"2022-10-14T00:55:18+00:00","dateModified":"2022-10-14T00:55:22+00:00","mainEntityOfPage":{"@id":"https:\/\/quehacerpolitico.mx\/?p=96310"},"wordCount":672,"commentCount":0,"image":{"@id":"https:\/\/quehacerpolitico.mx\/?p=96310#primaryimage"},"thumbnailUrl":"https:\/\/quehacerpolitico.mx\/wp-content\/uploads\/2022\/10\/AE4439B0-1053-4430-B815-9ABD86B78A41.jpeg","articleSection":["Noticias"],"inLanguage":"es","potentialAction":[{"@type":"CommentAction","name":"Comment","target":["https:\/\/quehacerpolitico.mx\/?p=96310#respond"]}]},{"@type":"WebPage","@id":"https:\/\/quehacerpolitico.mx\/?p=96310","url":"https:\/\/quehacerpolitico.mx\/?p=96310","name":"El PAN denunciar\u00e1n penalmente a c\u00edrculo de L\u00f3pez Obrador por \"El Rey del Cash\"\u00a0 -","isPartOf":{"@id":"https:\/\/quehacerpolitico.mx\/#website"},"primaryImageOfPage":{"@id":"https:\/\/quehacerpolitico.mx\/?p=96310#primaryimage"},"image":{"@id":"https:\/\/quehacerpolitico.mx\/?p=96310#primaryimage"},"thumbnailUrl":"https:\/\/quehacerpolitico.mx\/wp-content\/uploads\/2022\/10\/AE4439B0-1053-4430-B815-9ABD86B78A41.jpeg","datePublished":"2022-10-14T00:55:18+00:00","dateModified":"2022-10-14T00:55:22+00:00","author":{"@id":"https:\/\/quehacerpolitico.mx\/#\/schema\/person\/496d8ad2d1d3f8036101dca7ee39e585"},"breadcrumb":{"@id":"https:\/\/quehacerpolitico.mx\/?p=96310#breadcrumb"},"inLanguage":"es","potentialAction":[{"@type":"ReadAction","target":["https:\/\/quehacerpolitico.mx\/?p=96310"]}]},{"@type":"ImageObject","inLanguage":"es","@id":"https:\/\/quehacerpolitico.mx\/?p=96310#primaryimage","url":"https:\/\/quehacerpolitico.mx\/wp-content\/uploads\/2022\/10\/AE4439B0-1053-4430-B815-9ABD86B78A41.jpeg","contentUrl":"https:\/\/quehacerpolitico.mx\/wp-content\/uploads\/2022\/10\/AE4439B0-1053-4430-B815-9ABD86B78A41.jpeg","width":739,"height":415},{"@type":"BreadcrumbList","@id":"https:\/\/quehacerpolitico.mx\/?p=96310#breadcrumb","itemListElement":[{"@type":"ListItem","position":1,"name":"Inicio","item":"https:\/\/quehacerpolitico.mx\/"},{"@type":"ListItem","position":2,"name":"El PAN denunciar\u00e1n penalmente a c\u00edrculo de L\u00f3pez Obrador por &#8220;El Rey del Cash&#8221;\u00a0"}]},{"@type":"WebSite","@id":"https:\/\/quehacerpolitico.mx\/#website","url":"https:\/\/quehacerpolitico.mx\/","name":"","description":"","potentialAction":[{"@type":"SearchAction","target":{"@type":"EntryPoint","urlTemplate":"https:\/\/quehacerpolitico.mx\/?s={search_term_string}"},"query-input":{"@type":"PropertyValueSpecification","valueRequired":true,"valueName":"search_term_string"}}],"inLanguage":"es"},{"@type":"Person","@id":"https:\/\/quehacerpolitico.mx\/#\/schema\/person\/496d8ad2d1d3f8036101dca7ee39e585","name":"Redacci\u00f3n QP","image":{"@type":"ImageObject","inLanguage":"es","@id":"https:\/\/secure.gravatar.com\/avatar\/c7164ed6fdec453195284ad24a5ae5b6e1eed2b848477fa2a4787ba9adf39a41?s=96&d=mm&r=g","url":"https:\/\/secure.gravatar.com\/avatar\/c7164ed6fdec453195284ad24a5ae5b6e1eed2b848477fa2a4787ba9adf39a41?s=96&d=mm&r=g","contentUrl":"https:\/\/secure.gravatar.com\/avatar\/c7164ed6fdec453195284ad24a5ae5b6e1eed2b848477fa2a4787ba9adf39a41?s=96&d=mm&r=g","caption":"Redacci\u00f3n QP"},"url":"https:\/\/quehacerpolitico.mx\/?author=2"}]}},"featured_image_urls":{"full":["https:\/\/quehacerpolitico.mx\/wp-content\/uploads\/2022\/10\/AE4439B0-1053-4430-B815-9ABD86B78A41.jpeg",739,415,false],"thumbnail":["https:\/\/quehacerpolitico.mx\/wp-content\/uploads\/2022\/10\/AE4439B0-1053-4430-B815-9ABD86B78A41-150x150.jpeg",150,150,true],"medium":["https:\/\/quehacerpolitico.mx\/wp-content\/uploads\/2022\/10\/AE4439B0-1053-4430-B815-9ABD86B78A41-300x168.jpeg",300,168,true],"medium_large":["https:\/\/quehacerpolitico.mx\/wp-content\/uploads\/2022\/10\/AE4439B0-1053-4430-B815-9ABD86B78A41.jpeg",640,359,false],"large":["https:\/\/quehacerpolitico.mx\/wp-content\/uploads\/2022\/10\/AE4439B0-1053-4430-B815-9ABD86B78A41.jpeg",640,359,false],"1536x1536":["https:\/\/quehacerpolitico.mx\/wp-content\/uploads\/2022\/10\/AE4439B0-1053-4430-B815-9ABD86B78A41.jpeg",739,415,false],"2048x2048":["https:\/\/quehacerpolitico.mx\/wp-content\/uploads\/2022\/10\/AE4439B0-1053-4430-B815-9ABD86B78A41.jpeg",739,415,false],"covernews-featured":["https:\/\/quehacerpolitico.mx\/wp-content\/uploads\/2022\/10\/AE4439B0-1053-4430-B815-9ABD86B78A41.jpeg",739,415,false],"covernews-medium":["https:\/\/quehacerpolitico.mx\/wp-content\/uploads\/2022\/10\/AE4439B0-1053-4430-B815-9ABD86B78A41.jpeg",540,303,false]},"author_info":{"display_name":"Redacci\u00f3n QP","author_link":"https:\/\/quehacerpolitico.mx\/?author=2"},"category_info":"<a href=\"https:\/\/quehacerpolitico.mx\/?cat=2\" rel=\"category\">Noticias<\/a>","tag_info":"Noticias","comment_count":"0","_links":{"self":[{"href":"https:\/\/quehacerpolitico.mx\/index.php?rest_route=\/wp\/v2\/posts\/96310","targetHints":{"allow":["GET"]}}],"collection":[{"href":"https:\/\/quehacerpolitico.mx\/index.php?rest_route=\/wp\/v2\/posts"}],"about":[{"href":"https:\/\/quehacerpolitico.mx\/index.php?rest_route=\/wp\/v2\/types\/post"}],"author":[{"embeddable":true,"href":"https:\/\/quehacerpolitico.mx\/index.php?rest_route=\/wp\/v2\/users\/2"}],"replies":[{"embeddable":true,"href":"https:\/\/quehacerpolitico.mx\/index.php?rest_route=%2Fwp%2Fv2%2Fcomments&post=96310"}],"version-history":[{"count":1,"href":"https:\/\/quehacerpolitico.mx\/index.php?rest_route=\/wp\/v2\/posts\/96310\/revisions"}],"predecessor-version":[{"id":96312,"href":"https:\/\/quehacerpolitico.mx\/index.php?rest_route=\/wp\/v2\/posts\/96310\/revisions\/96312"}],"wp:featuredmedia":[{"embeddable":true,"href":"https:\/\/quehacerpolitico.mx\/index.php?rest_route=\/wp\/v2\/media\/96311"}],"wp:attachment":[{"href":"https:\/\/quehacerpolitico.mx\/index.php?rest_route=%2Fwp%2Fv2%2Fmedia&parent=96310"}],"wp:term":[{"taxonomy":"category","embeddable":true,"href":"https:\/\/quehacerpolitico.mx\/index.php?rest_route=%2Fwp%2Fv2%2Fcategories&post=96310"},{"taxonomy":"post_tag","embeddable":true,"href":"https:\/\/quehacerpolitico.mx\/index.php?rest_route=%2Fwp%2Fv2%2Ftags&post=96310"}],"curies":[{"name":"wp","href":"https:\/\/api.w.org\/{rel}","templated":true}]}}