{"id":96293,"date":"2022-10-13T18:43:26","date_gmt":"2022-10-13T18:43:26","guid":{"rendered":"https:\/\/quehacerpolitico.mx\/?p=96293"},"modified":"2022-10-13T18:43:30","modified_gmt":"2022-10-13T18:43:30","slug":"internacionales-carolina-alonso-romei-es-prioritario-detener-el-trafico-de-armas-a-mexico-ebrard","status":"publish","type":"post","link":"https:\/\/quehacerpolitico.mx\/?p=96293","title":{"rendered":"Internacionales\/\/\/Carolina Alonso Romei\/\/\/Es prioritario detener el trafico de armas a Mexico: Ebrard"},"content":{"rendered":"\n<p>Por Carolina Alonso Romei<\/p>\n\n\n\n<p>Internacionalista <\/p>\n\n\n\n<p>El canciller Marcelo Ebrard insisti\u00f3 al Gobierno de Estados Unidos en la importancia de detener el tr\u00e1fico de armas a M\u00e9xico<\/p>\n\n\n\n<p>Marcelo Ebrard, titular de la\u00a0<strong>Secretar\u00eda de Relaciones Exteriores<\/strong>\u00a0(<strong>SRE<\/strong>), insisti\u00f3 al Gobierno de\u00a0<strong>Estados Unidos<\/strong>\u00a0que es es \u201csumamente importante\u201d\u00a0<strong>detener<\/strong>\u00a0el\u00a0<strong>tr\u00e1fico de armas<\/strong>\u00a0a\u00a0<strong>M\u00e9xico<\/strong>.<\/p>\n\n\n\n<p>Lo anterior fue detallado previo al arranque de la segunda edici\u00f3n del<strong>\u00a0Di\u00e1logo de Alto Nivel en\u00a0<\/strong>Seguridad Mexico-Estados Unidos\u00a0que se celebra este jueves en Washington D.C., con la presencia del secretario de Estado de Estados Unidos,\u00a0<strong>Antony Blinken<\/strong>, y altos funcionarios de ambos Gobiernos.<\/p>\n\n\n\n<p>\u201cEs algo que no se puede lograr sin trabajar juntos\u201d, indic\u00f3 el secretario de Relaciones Exteriores.<\/p>\n\n\n\n<figure class=\"wp-block-embed is-type-rich is-provider-twitter wp-block-embed-twitter\"><div class=\"wp-block-embed__wrapper\">\n<blockquote class=\"twitter-tweet\" data-width=\"550\" data-dnt=\"true\"><p lang=\"en\" dir=\"ltr\">Live now! <a href=\"https:\/\/twitter.com\/SecBlinken?ref_src=twsrc%5Etfw\">@SecBlinken<\/a> delivers opening remarks at the U.S.-Mexico High-Level Security Dialogue at the State Department. Also streaming on YouTube at: <a href=\"https:\/\/t.co\/UUvkOwJwR9\">https:\/\/t.co\/UUvkOwJwR9<\/a>. <a href=\"https:\/\/t.co\/kV8Cs0WcNb\">https:\/\/t.co\/kV8Cs0WcNb<\/a><\/p>&mdash; Department of State (@StateDept) <a href=\"https:\/\/twitter.com\/StateDept\/status\/1580572040645451777?ref_src=twsrc%5Etfw\">October 13, 2022<\/a><\/blockquote><script async src=\"https:\/\/platform.twitter.com\/widgets.js\" charset=\"utf-8\"><\/script>\n<\/div><\/figure>\n\n\n\n<p>El canciller explic\u00f3 que durante el \u00faltimo a\u00f1o ambos pa\u00edses decomisaron 32.000 armas, lo que permiti\u00f3 una reducci\u00f3n del 9 por ciento en los asesinatos en M\u00e9xico.<\/p>\n\n\n\n<p>\u201cSi estas 32 mil armas estuvieran en M\u00e9xico, no tendr\u00edamos una reducci\u00f3n (de homicidios). Esas 32 mil armas significan 17 millones de cartuchos y cada cartucho puede matar a alguien en M\u00e9xico. Es algo sumamente importante. No son cifras, son personas\u201d, expres\u00f3 Ebrard.<\/p>\n\n\n\n<p>Por su parte, Blinken admiti\u00f3 que ambos pa\u00edses deben \u201cintensificar los esfuerzos para interrumpir el tr\u00e1fico il\u00edcito de armas\u201d, pues, seg\u00fan los datos que maneja, m\u00e1s de dos tercios de los 33 mil homicidios ocurridos en M\u00e9xico el a\u00f1o pasado fueron causados por armas de fuego.<\/p>\n\n\n\n<p>El l\u00edder de la diplomacia estadounidense puso tambi\u00e9n sobre la mesa la gran preocupaci\u00f3n de Estados Unidos, que consiste en el tr\u00e1fico de drogas sint\u00e9ticas, especialmente del fentanilo.<\/p>\n\n\n\n<p>El secretario de Estado de EE.UU. remarc\u00f3 que el a\u00f1o pasado 108 mil personas murieron en su pa\u00eds por sobredosis de opi\u00e1ceos.<\/p>\n\n\n\n<p>Nuestra capacidad para proteger a nuestra gente depender\u00e1 del trabajo efectivo que hagamos juntos, por eso estamos hoy aqu\u00ed\u201d, subray\u00f3 Blinken.<\/p>\n\n\n\n<p>La reuni\u00f3n, conocida como Di\u00e1logo de Alto Nivel de Seguridad, sirve para evaluar la implementaci\u00f3n desde hace un a\u00f1o del Acuerdo Bicentenario, la nueva estrategia integral de seguridad entre ambos pa\u00edses que sustituy\u00f3 la Iniciativa M\u00e9rida, muy centrada en el enfoque militar.<\/p>\n\n\n\n<p>Del lado mexicano, participan en el encuentro los titulaes de Seguridad,&nbsp;<strong>Rosa Icela Rodr\u00edguez<\/strong>; de la Defensa (Sedena),&nbsp;<strong>Luis Cresencio Sandoval<\/strong>, y de la Marina (Semar),&nbsp;<strong>Jos\u00e9 Rafael Ojeda Dur\u00e1n<\/strong>, adem\u00e1s del titular de la Fiscal\u00eda General de la Rep\u00fablica (FGR),&nbsp;<strong>Alejandro Gertz Manero<\/strong>.<\/p>\n\n\n\n<p>Por Estados Unidos, se encuentran el secretario de Seguridad Nacional,&nbsp;<strong>Alejandro Mayorkas<\/strong>; el fiscal general,&nbsp;<strong>Merrick Garland<\/strong>, el subsecretario adjunto de la Oficina de Asuntos del Hemisferio Occidental del Departamento de Estado,&nbsp;<strong>Ricardo Z\u00fa\u00f1iga<\/strong>, adem\u00e1s del enviado de Estados Unidos para asuntos clim\u00e1ticos,<strong>&nbsp;John Kerry<\/strong>.<\/p>\n","protected":false},"excerpt":{"rendered":"<p>Por Carolina Alonso Romei Internacionalista El canciller Marcelo Ebrard insisti\u00f3 al Gobierno de Estados Unidos&#8230;<\/p>\n","protected":false},"author":2,"featured_media":96294,"comment_status":"open","ping_status":"open","sticky":false,"template":"","format":"standard","meta":{"_monsterinsights_skip_tracking":false,"_monsterinsights_sitenote_active":false,"_monsterinsights_sitenote_note":"","_monsterinsights_sitenote_category":0,"footnotes":""},"categories":[1],"tags":[],"class_list":["post-96293","post","type-post","status-publish","format-standard","has-post-thumbnail","hentry","category-sin-categoria"],"yoast_head":"<!-- This site is optimized with the Yoast SEO plugin v27.3 - https:\/\/yoast.com\/product\/yoast-seo-wordpress\/ -->\n<title>Internacionales\/\/\/Carolina Alonso Romei\/\/\/Es prioritario detener el trafico de armas a Mexico: Ebrard -<\/title>\n<meta name=\"robots\" content=\"index, follow, max-snippet:-1, max-image-preview:large, max-video-preview:-1\" \/>\n<link rel=\"canonical\" href=\"https:\/\/quehacerpolitico.mx\/?p=96293\" \/>\n<meta property=\"og:locale\" content=\"es_MX\" \/>\n<meta property=\"og:type\" content=\"article\" \/>\n<meta property=\"og:title\" content=\"Internacionales\/\/\/Carolina Alonso Romei\/\/\/Es prioritario detener el trafico de armas a Mexico: Ebrard -\" \/>\n<meta property=\"og:description\" content=\"Por Carolina Alonso Romei Internacionalista El canciller Marcelo Ebrard insisti\u00f3 al Gobierno de Estados Unidos...\" \/>\n<meta property=\"og:url\" content=\"https:\/\/quehacerpolitico.mx\/?p=96293\" \/>\n<meta property=\"article:published_time\" content=\"2022-10-13T18:43:26+00:00\" \/>\n<meta property=\"article:modified_time\" content=\"2022-10-13T18:43:30+00:00\" \/>\n<meta property=\"og:image\" content=\"https:\/\/quehacerpolitico.mx\/wp-content\/uploads\/2022\/10\/BFD7E66E-9F6A-4F1E-B601-6D3C84453DAB.jpeg\" \/>\n\t<meta property=\"og:image:width\" content=\"639\" \/>\n\t<meta property=\"og:image:height\" content=\"434\" \/>\n\t<meta property=\"og:image:type\" content=\"image\/jpeg\" \/>\n<meta name=\"author\" content=\"Redacci\u00f3n QP\" \/>\n<meta name=\"twitter:card\" content=\"summary_large_image\" \/>\n<meta name=\"twitter:label1\" content=\"Escrito por\" \/>\n\t<meta name=\"twitter:data1\" content=\"Redacci\u00f3n QP\" \/>\n\t<meta name=\"twitter:label2\" content=\"Tiempo de lectura\" \/>\n\t<meta name=\"twitter:data2\" content=\"2 minutos\" \/>\n<script type=\"application\/ld+json\" class=\"yoast-schema-graph\">{\"@context\":\"https:\\\/\\\/schema.org\",\"@graph\":[{\"@type\":\"Article\",\"@id\":\"https:\\\/\\\/quehacerpolitico.mx\\\/?p=96293#article\",\"isPartOf\":{\"@id\":\"https:\\\/\\\/quehacerpolitico.mx\\\/?p=96293\"},\"author\":{\"name\":\"Redacci\u00f3n QP\",\"@id\":\"https:\\\/\\\/quehacerpolitico.mx\\\/#\\\/schema\\\/person\\\/496d8ad2d1d3f8036101dca7ee39e585\"},\"headline\":\"Internacionales\\\/\\\/\\\/Carolina Alonso Romei\\\/\\\/\\\/Es prioritario detener el trafico de armas a Mexico: Ebrard\",\"datePublished\":\"2022-10-13T18:43:26+00:00\",\"dateModified\":\"2022-10-13T18:43:30+00:00\",\"mainEntityOfPage\":{\"@id\":\"https:\\\/\\\/quehacerpolitico.mx\\\/?p=96293\"},\"wordCount\":506,\"commentCount\":0,\"image\":{\"@id\":\"https:\\\/\\\/quehacerpolitico.mx\\\/?p=96293#primaryimage\"},\"thumbnailUrl\":\"https:\\\/\\\/quehacerpolitico.mx\\\/wp-content\\\/uploads\\\/2022\\\/10\\\/BFD7E66E-9F6A-4F1E-B601-6D3C84453DAB.jpeg\",\"articleSection\":[\"Internacionales\"],\"inLanguage\":\"es\",\"potentialAction\":[{\"@type\":\"CommentAction\",\"name\":\"Comment\",\"target\":[\"https:\\\/\\\/quehacerpolitico.mx\\\/?p=96293#respond\"]}]},{\"@type\":\"WebPage\",\"@id\":\"https:\\\/\\\/quehacerpolitico.mx\\\/?p=96293\",\"url\":\"https:\\\/\\\/quehacerpolitico.mx\\\/?p=96293\",\"name\":\"Internacionales\\\/\\\/\\\/Carolina Alonso Romei\\\/\\\/\\\/Es prioritario detener el trafico de armas a Mexico: Ebrard -\",\"isPartOf\":{\"@id\":\"https:\\\/\\\/quehacerpolitico.mx\\\/#website\"},\"primaryImageOfPage\":{\"@id\":\"https:\\\/\\\/quehacerpolitico.mx\\\/?p=96293#primaryimage\"},\"image\":{\"@id\":\"https:\\\/\\\/quehacerpolitico.mx\\\/?p=96293#primaryimage\"},\"thumbnailUrl\":\"https:\\\/\\\/quehacerpolitico.mx\\\/wp-content\\\/uploads\\\/2022\\\/10\\\/BFD7E66E-9F6A-4F1E-B601-6D3C84453DAB.jpeg\",\"datePublished\":\"2022-10-13T18:43:26+00:00\",\"dateModified\":\"2022-10-13T18:43:30+00:00\",\"author\":{\"@id\":\"https:\\\/\\\/quehacerpolitico.mx\\\/#\\\/schema\\\/person\\\/496d8ad2d1d3f8036101dca7ee39e585\"},\"breadcrumb\":{\"@id\":\"https:\\\/\\\/quehacerpolitico.mx\\\/?p=96293#breadcrumb\"},\"inLanguage\":\"es\",\"potentialAction\":[{\"@type\":\"ReadAction\",\"target\":[\"https:\\\/\\\/quehacerpolitico.mx\\\/?p=96293\"]}]},{\"@type\":\"ImageObject\",\"inLanguage\":\"es\",\"@id\":\"https:\\\/\\\/quehacerpolitico.mx\\\/?p=96293#primaryimage\",\"url\":\"https:\\\/\\\/quehacerpolitico.mx\\\/wp-content\\\/uploads\\\/2022\\\/10\\\/BFD7E66E-9F6A-4F1E-B601-6D3C84453DAB.jpeg\",\"contentUrl\":\"https:\\\/\\\/quehacerpolitico.mx\\\/wp-content\\\/uploads\\\/2022\\\/10\\\/BFD7E66E-9F6A-4F1E-B601-6D3C84453DAB.jpeg\",\"width\":639,\"height\":434},{\"@type\":\"BreadcrumbList\",\"@id\":\"https:\\\/\\\/quehacerpolitico.mx\\\/?p=96293#breadcrumb\",\"itemListElement\":[{\"@type\":\"ListItem\",\"position\":1,\"name\":\"Inicio\",\"item\":\"https:\\\/\\\/quehacerpolitico.mx\\\/\"},{\"@type\":\"ListItem\",\"position\":2,\"name\":\"Internacionales\\\/\\\/\\\/Carolina Alonso Romei\\\/\\\/\\\/Es prioritario detener el trafico de armas a Mexico: Ebrard\"}]},{\"@type\":\"WebSite\",\"@id\":\"https:\\\/\\\/quehacerpolitico.mx\\\/#website\",\"url\":\"https:\\\/\\\/quehacerpolitico.mx\\\/\",\"name\":\"\",\"description\":\"\",\"potentialAction\":[{\"@type\":\"SearchAction\",\"target\":{\"@type\":\"EntryPoint\",\"urlTemplate\":\"https:\\\/\\\/quehacerpolitico.mx\\\/?s={search_term_string}\"},\"query-input\":{\"@type\":\"PropertyValueSpecification\",\"valueRequired\":true,\"valueName\":\"search_term_string\"}}],\"inLanguage\":\"es\"},{\"@type\":\"Person\",\"@id\":\"https:\\\/\\\/quehacerpolitico.mx\\\/#\\\/schema\\\/person\\\/496d8ad2d1d3f8036101dca7ee39e585\",\"name\":\"Redacci\u00f3n QP\",\"image\":{\"@type\":\"ImageObject\",\"inLanguage\":\"es\",\"@id\":\"https:\\\/\\\/secure.gravatar.com\\\/avatar\\\/c7164ed6fdec453195284ad24a5ae5b6e1eed2b848477fa2a4787ba9adf39a41?s=96&d=mm&r=g\",\"url\":\"https:\\\/\\\/secure.gravatar.com\\\/avatar\\\/c7164ed6fdec453195284ad24a5ae5b6e1eed2b848477fa2a4787ba9adf39a41?s=96&d=mm&r=g\",\"contentUrl\":\"https:\\\/\\\/secure.gravatar.com\\\/avatar\\\/c7164ed6fdec453195284ad24a5ae5b6e1eed2b848477fa2a4787ba9adf39a41?s=96&d=mm&r=g\",\"caption\":\"Redacci\u00f3n QP\"},\"url\":\"https:\\\/\\\/quehacerpolitico.mx\\\/?author=2\"}]}<\/script>\n<!-- \/ Yoast SEO plugin. -->","yoast_head_json":{"title":"Internacionales\/\/\/Carolina Alonso Romei\/\/\/Es prioritario detener el trafico de armas a Mexico: Ebrard -","robots":{"index":"index","follow":"follow","max-snippet":"max-snippet:-1","max-image-preview":"max-image-preview:large","max-video-preview":"max-video-preview:-1"},"canonical":"https:\/\/quehacerpolitico.mx\/?p=96293","og_locale":"es_MX","og_type":"article","og_title":"Internacionales\/\/\/Carolina Alonso Romei\/\/\/Es prioritario detener el trafico de armas a Mexico: Ebrard -","og_description":"Por Carolina Alonso Romei Internacionalista El canciller Marcelo Ebrard insisti\u00f3 al Gobierno de Estados Unidos...","og_url":"https:\/\/quehacerpolitico.mx\/?p=96293","article_published_time":"2022-10-13T18:43:26+00:00","article_modified_time":"2022-10-13T18:43:30+00:00","og_image":[{"width":639,"height":434,"url":"https:\/\/quehacerpolitico.mx\/wp-content\/uploads\/2022\/10\/BFD7E66E-9F6A-4F1E-B601-6D3C84453DAB.jpeg","type":"image\/jpeg"}],"author":"Redacci\u00f3n QP","twitter_card":"summary_large_image","twitter_misc":{"Escrito por":"Redacci\u00f3n QP","Tiempo de lectura":"2 minutos"},"schema":{"@context":"https:\/\/schema.org","@graph":[{"@type":"Article","@id":"https:\/\/quehacerpolitico.mx\/?p=96293#article","isPartOf":{"@id":"https:\/\/quehacerpolitico.mx\/?p=96293"},"author":{"name":"Redacci\u00f3n QP","@id":"https:\/\/quehacerpolitico.mx\/#\/schema\/person\/496d8ad2d1d3f8036101dca7ee39e585"},"headline":"Internacionales\/\/\/Carolina Alonso Romei\/\/\/Es prioritario detener el trafico de armas a Mexico: Ebrard","datePublished":"2022-10-13T18:43:26+00:00","dateModified":"2022-10-13T18:43:30+00:00","mainEntityOfPage":{"@id":"https:\/\/quehacerpolitico.mx\/?p=96293"},"wordCount":506,"commentCount":0,"image":{"@id":"https:\/\/quehacerpolitico.mx\/?p=96293#primaryimage"},"thumbnailUrl":"https:\/\/quehacerpolitico.mx\/wp-content\/uploads\/2022\/10\/BFD7E66E-9F6A-4F1E-B601-6D3C84453DAB.jpeg","articleSection":["Internacionales"],"inLanguage":"es","potentialAction":[{"@type":"CommentAction","name":"Comment","target":["https:\/\/quehacerpolitico.mx\/?p=96293#respond"]}]},{"@type":"WebPage","@id":"https:\/\/quehacerpolitico.mx\/?p=96293","url":"https:\/\/quehacerpolitico.mx\/?p=96293","name":"Internacionales\/\/\/Carolina Alonso Romei\/\/\/Es prioritario detener el trafico de armas a Mexico: Ebrard -","isPartOf":{"@id":"https:\/\/quehacerpolitico.mx\/#website"},"primaryImageOfPage":{"@id":"https:\/\/quehacerpolitico.mx\/?p=96293#primaryimage"},"image":{"@id":"https:\/\/quehacerpolitico.mx\/?p=96293#primaryimage"},"thumbnailUrl":"https:\/\/quehacerpolitico.mx\/wp-content\/uploads\/2022\/10\/BFD7E66E-9F6A-4F1E-B601-6D3C84453DAB.jpeg","datePublished":"2022-10-13T18:43:26+00:00","dateModified":"2022-10-13T18:43:30+00:00","author":{"@id":"https:\/\/quehacerpolitico.mx\/#\/schema\/person\/496d8ad2d1d3f8036101dca7ee39e585"},"breadcrumb":{"@id":"https:\/\/quehacerpolitico.mx\/?p=96293#breadcrumb"},"inLanguage":"es","potentialAction":[{"@type":"ReadAction","target":["https:\/\/quehacerpolitico.mx\/?p=96293"]}]},{"@type":"ImageObject","inLanguage":"es","@id":"https:\/\/quehacerpolitico.mx\/?p=96293#primaryimage","url":"https:\/\/quehacerpolitico.mx\/wp-content\/uploads\/2022\/10\/BFD7E66E-9F6A-4F1E-B601-6D3C84453DAB.jpeg","contentUrl":"https:\/\/quehacerpolitico.mx\/wp-content\/uploads\/2022\/10\/BFD7E66E-9F6A-4F1E-B601-6D3C84453DAB.jpeg","width":639,"height":434},{"@type":"BreadcrumbList","@id":"https:\/\/quehacerpolitico.mx\/?p=96293#breadcrumb","itemListElement":[{"@type":"ListItem","position":1,"name":"Inicio","item":"https:\/\/quehacerpolitico.mx\/"},{"@type":"ListItem","position":2,"name":"Internacionales\/\/\/Carolina Alonso Romei\/\/\/Es prioritario detener el trafico de armas a Mexico: Ebrard"}]},{"@type":"WebSite","@id":"https:\/\/quehacerpolitico.mx\/#website","url":"https:\/\/quehacerpolitico.mx\/","name":"","description":"","potentialAction":[{"@type":"SearchAction","target":{"@type":"EntryPoint","urlTemplate":"https:\/\/quehacerpolitico.mx\/?s={search_term_string}"},"query-input":{"@type":"PropertyValueSpecification","valueRequired":true,"valueName":"search_term_string"}}],"inLanguage":"es"},{"@type":"Person","@id":"https:\/\/quehacerpolitico.mx\/#\/schema\/person\/496d8ad2d1d3f8036101dca7ee39e585","name":"Redacci\u00f3n QP","image":{"@type":"ImageObject","inLanguage":"es","@id":"https:\/\/secure.gravatar.com\/avatar\/c7164ed6fdec453195284ad24a5ae5b6e1eed2b848477fa2a4787ba9adf39a41?s=96&d=mm&r=g","url":"https:\/\/secure.gravatar.com\/avatar\/c7164ed6fdec453195284ad24a5ae5b6e1eed2b848477fa2a4787ba9adf39a41?s=96&d=mm&r=g","contentUrl":"https:\/\/secure.gravatar.com\/avatar\/c7164ed6fdec453195284ad24a5ae5b6e1eed2b848477fa2a4787ba9adf39a41?s=96&d=mm&r=g","caption":"Redacci\u00f3n QP"},"url":"https:\/\/quehacerpolitico.mx\/?author=2"}]}},"featured_image_urls":{"full":["https:\/\/quehacerpolitico.mx\/wp-content\/uploads\/2022\/10\/BFD7E66E-9F6A-4F1E-B601-6D3C84453DAB.jpeg",639,434,false],"thumbnail":["https:\/\/quehacerpolitico.mx\/wp-content\/uploads\/2022\/10\/BFD7E66E-9F6A-4F1E-B601-6D3C84453DAB-150x150.jpeg",150,150,true],"medium":["https:\/\/quehacerpolitico.mx\/wp-content\/uploads\/2022\/10\/BFD7E66E-9F6A-4F1E-B601-6D3C84453DAB-300x204.jpeg",300,204,true],"medium_large":["https:\/\/quehacerpolitico.mx\/wp-content\/uploads\/2022\/10\/BFD7E66E-9F6A-4F1E-B601-6D3C84453DAB.jpeg",639,434,false],"large":["https:\/\/quehacerpolitico.mx\/wp-content\/uploads\/2022\/10\/BFD7E66E-9F6A-4F1E-B601-6D3C84453DAB.jpeg",639,434,false],"1536x1536":["https:\/\/quehacerpolitico.mx\/wp-content\/uploads\/2022\/10\/BFD7E66E-9F6A-4F1E-B601-6D3C84453DAB.jpeg",639,434,false],"2048x2048":["https:\/\/quehacerpolitico.mx\/wp-content\/uploads\/2022\/10\/BFD7E66E-9F6A-4F1E-B601-6D3C84453DAB.jpeg",639,434,false],"covernews-featured":["https:\/\/quehacerpolitico.mx\/wp-content\/uploads\/2022\/10\/BFD7E66E-9F6A-4F1E-B601-6D3C84453DAB.jpeg",639,434,false],"covernews-medium":["https:\/\/quehacerpolitico.mx\/wp-content\/uploads\/2022\/10\/BFD7E66E-9F6A-4F1E-B601-6D3C84453DAB.jpeg",501,340,false]},"author_info":{"display_name":"Redacci\u00f3n QP","author_link":"https:\/\/quehacerpolitico.mx\/?author=2"},"category_info":"<a href=\"https:\/\/quehacerpolitico.mx\/?cat=1\" rel=\"category\">Internacionales<\/a>","tag_info":"Internacionales","comment_count":"0","_links":{"self":[{"href":"https:\/\/quehacerpolitico.mx\/index.php?rest_route=\/wp\/v2\/posts\/96293","targetHints":{"allow":["GET"]}}],"collection":[{"href":"https:\/\/quehacerpolitico.mx\/index.php?rest_route=\/wp\/v2\/posts"}],"about":[{"href":"https:\/\/quehacerpolitico.mx\/index.php?rest_route=\/wp\/v2\/types\/post"}],"author":[{"embeddable":true,"href":"https:\/\/quehacerpolitico.mx\/index.php?rest_route=\/wp\/v2\/users\/2"}],"replies":[{"embeddable":true,"href":"https:\/\/quehacerpolitico.mx\/index.php?rest_route=%2Fwp%2Fv2%2Fcomments&post=96293"}],"version-history":[{"count":1,"href":"https:\/\/quehacerpolitico.mx\/index.php?rest_route=\/wp\/v2\/posts\/96293\/revisions"}],"predecessor-version":[{"id":96295,"href":"https:\/\/quehacerpolitico.mx\/index.php?rest_route=\/wp\/v2\/posts\/96293\/revisions\/96295"}],"wp:featuredmedia":[{"embeddable":true,"href":"https:\/\/quehacerpolitico.mx\/index.php?rest_route=\/wp\/v2\/media\/96294"}],"wp:attachment":[{"href":"https:\/\/quehacerpolitico.mx\/index.php?rest_route=%2Fwp%2Fv2%2Fmedia&parent=96293"}],"wp:term":[{"taxonomy":"category","embeddable":true,"href":"https:\/\/quehacerpolitico.mx\/index.php?rest_route=%2Fwp%2Fv2%2Fcategories&post=96293"},{"taxonomy":"post_tag","embeddable":true,"href":"https:\/\/quehacerpolitico.mx\/index.php?rest_route=%2Fwp%2Fv2%2Ftags&post=96293"}],"curies":[{"name":"wp","href":"https:\/\/api.w.org\/{rel}","templated":true}]}}