{"id":96287,"date":"2022-10-13T17:35:32","date_gmt":"2022-10-13T17:35:32","guid":{"rendered":"https:\/\/quehacerpolitico.mx\/?p=96287"},"modified":"2022-10-13T17:35:36","modified_gmt":"2022-10-13T17:35:36","slug":"que-se-conmemora-hoy-13-de-octubre","status":"publish","type":"post","link":"https:\/\/quehacerpolitico.mx\/?p=96287","title":{"rendered":"\u00bfQu\u00e9 se conmemora hoy, 13 de octubre?\u00a0"},"content":{"rendered":"\n<p>Por Redacci\u00f3n QP<\/p>\n\n\n\n<p>Nacimientos, sucesos pol\u00edticos y tragedias hist\u00f3ricas&nbsp;son hechos que acontecieron un 13&nbsp;de octubre, y que recordamos&nbsp;por su relevancia<\/p>\n\n\n\n<p><strong>\u00bfQu\u00e9 pasaba en el mundo un d\u00eda como hoy, pero de hace muchos a\u00f1os?<\/strong>&nbsp;El 13&nbsp;de octubre ocurrieron diversos sucesos que se quedaron marcados en el almanaque de la historia internacional.&nbsp;Desde descubrimientos cient\u00edficos, nacimientos de celebridades y&nbsp;hasta tr\u00e1gicas muertes,&nbsp;<strong>esto fue&nbsp;lo ocurri\u00f3 en la historia, un d\u00eda como hoy.<\/strong><\/p>\n\n\n\n<h2 class=\"wp-block-heading\">Efem\u00e9rides, 13&nbsp;de octubre:<\/h2>\n\n\n\n<p>1792.- Se coloca la primera piedra del edificio que se convertir\u00eda en la Casa Blanca.<\/p>\n\n\n\n<p>1879.- Bolivia y Paraguay firman un tratado de l\u00edmites sobre el Chaco que, al no ser ratificado, origin\u00f3 un sangriento conflicto entre ambos pa\u00edses.<\/p>\n\n\n\n<p>1884.- El meridiano de Greenwich es adoptado como referencia para medir las longitudes de la Tierra en una conferencia internacional celebrada en Washington.<\/p>\n\n\n\n<p>1908.- El qu\u00edmico alem\u00e1n Fritz Haber registra la patente del amoniaco.<\/p>\n\n\n\n<p>1950.- Estreno oficial en Nueva York de la pel\u00edcula &#8220;Eva al desnudo&#8221; (&#8220;All about Eve&#8221;).<\/p>\n\n\n\n<p>1972.- Un avi\u00f3n en el que viajaban 45 personas, entre ellas el equipo de rugby uruguayo Old Christian Club, se estrella en los Andes. Durante dos meses los supervivientes se alimentaron de restos humanos para sobrevivir.<\/p>\n\n\n\n<p>1980.- El argentino Adolfo P\u00e9rez Esquivel, Premio Nobel de la Paz.<\/p>\n\n\n\n<p>1983.- Entra en funcionamiento el primer sistema de telefon\u00eda celular, Sistema M\u00f3vil Avanzado (AMPS, siglas en ingl\u00e9s).<\/p>\n\n\n\n<p>1987.- El costarricense \u00d3scar Arias, Premio Nobel de la Paz.<\/p>\n\n\n\n<p>1992.- Un Concorde franc\u00e9s concluye la vuelta al mundo en 32 horas y 49 minutos, r\u00e9cord de la aviaci\u00f3n.<\/p>\n\n\n\n<p>1994.- Se lanza el primer navegador web comercial, el Mosaic Netscape 0.9.<\/p>\n\n\n\n<p>1999.- Detenido en Colombia Fabio Ochoa, uno de los mayores narcotraficantes del mundo.<\/p>\n\n\n\n<p>2006.- El surcoreano Ban Ki-moon sustituye al ghan\u00e9s Kofi Annan como secretario general de la ONU.<\/p>\n\n\n\n<p>.- Abimael Guzm\u00e1n, conocido como &#8220;presidente Gonzalo&#8221; fundador del grupo terrorista Sendero Luminoso, condenado a cadena perpetua por un tribunal peruano.<\/p>\n\n\n\n<p>2008.- El economista estadounidense Paul Krugman, Premio Nobel de Econom\u00eda 2008.<\/p>\n\n\n\n<p>2009.- Pl\u00e1cido Domingo recibe el mayor premio de la m\u00fasica cl\u00e1sica, el de la Fundaci\u00f3n Birgit Nilsson.<\/p>\n\n\n\n<p>2010.- Finaliza la operaci\u00f3n de rescate de los 33 mineros atrapados durante 70 d\u00edas, desde el 5 de agosto, en el yacimiento de la mina San Jos\u00e9 (norte de Chile).<\/p>\n\n\n\n<p>2014.- Evo Morales logra tercer mandato en Bolivia.<\/p>\n\n\n\n<p>2015.- El grupo terrorista Estado Isl\u00e1mico insta a los musulmanes a la &#8220;guerra santa&#8221; contra Rusia y EEUU.<\/p>\n\n\n\n<p>2016.- Bob Dylan, Premio Nobel de Literatura.<\/p>\n\n\n\n<p>2020.- Apple presenta el iPhone 12, primero compatible con 5G.<\/p>\n\n\n\n<p>2021.- Un hombre armado con arco y flechas mata a cinco personas en la ciudad noruega de Kongsberg.<\/p>\n\n\n\n<h2 class=\"wp-block-heading\">NACIMIENTOS<\/h2>\n\n\n\n<p>1789.- Manuel Eduardo de Gorostiza, escritor mexicano.<\/p>\n\n\n\n<p>1921.- Yves Montand, actor y cantante franc\u00e9s.<\/p>\n\n\n\n<p>1925.- Margaret Thatcher, ex primera ministra brit\u00e1nica.<\/p>\n\n\n\n<p>1934.- Nana Mouskouri, cantante griega.<\/p>\n\n\n\n<p>1940.- Pharoah Sanders, saxofonista estadounidense.<\/p>\n\n\n\n<p>1941.- Paul Simon, cantante estadounidense.<\/p>\n\n\n\n<p>1948.- Nusrat Fateh Ali Khan, cantante pakistan\u00ed, el &#8220;emperador del qawwali&#8221;.<\/p>\n\n\n\n<p>1967.- Javier Sotomayor, atleta cubano.<\/p>\n\n\n\n<p>1971.- Sacha Baron Cohen, &#8220;Borat&#8221;, humorista brit\u00e1nico.<\/p>\n\n\n\n<p>1982.- Ian Thorpe, nadador australiano.<\/p>\n\n\n\n<p>DEFUNCIONES<\/p>\n\n\n\n<p>1688.- Pedro de Mena, escultor espa\u00f1ol.<\/p>\n\n\n\n<p>1938.- Elzie Crisler Segar, dibujante estadounidense, creador de &#8220;Popeye&#8221;.<\/p>\n\n\n\n<p>1991.- Daniel Oduber, expresidente de Costa Rica.<\/p>\n\n\n\n<p>2003.- Bertram Brockhouse, Premio Nobel de F\u00edsica estadounidense.<\/p>\n\n\n\n<p>2007.- Vernon Bellecourt, l\u00edder del movimiento indio estadounidense.<\/p>\n\n\n\n<p>2008.- Guillaume Depardieu, actor franc\u00e9s.<\/p>\n\n\n\n<p>2014.- Antonio Cafiero, hist\u00f3rico dirigente peronista argentino.<\/p>\n\n\n\n<p>2016.- Dario Fo, dramaturgo italiano, premio Nobel de Literatura.<\/p>\n\n\n\n<p>.- Bhumibol Adulyadej, rey de Tailandia.<\/p>\n\n\n\n<p>2018.- Jim Taylor, exjugador de f\u00fatbol americano.&nbsp;<\/p>\n\n\n\n<h2 class=\"wp-block-heading\">\u00bfQu\u00e9 se celebra hoy, 13 de octubre?&nbsp;<\/h2>\n\n\n\n<ul class=\"wp-block-list\"><li>D\u00eda Mundial de la Visi\u00f3n<\/li><li>D\u00eda Internacional para la Reducci\u00f3n de los Desastres<\/li><li>D\u00eda Mundial de la Trombosis<\/li><li>D\u00eda Internacional del Lenguaje Claro<\/li><li>D\u00eda Sin Sujetador &#8211; No Bra Day<\/li><\/ul>\n","protected":false},"excerpt":{"rendered":"<p>Por Redacci\u00f3n QP Nacimientos, sucesos pol\u00edticos y tragedias hist\u00f3ricas&nbsp;son hechos que acontecieron un 13&nbsp;de octubre,&#8230;<\/p>\n","protected":false},"author":2,"featured_media":96288,"comment_status":"open","ping_status":"open","sticky":false,"template":"","format":"standard","meta":{"_monsterinsights_skip_tracking":false,"_monsterinsights_sitenote_active":false,"_monsterinsights_sitenote_note":"","_monsterinsights_sitenote_category":0,"footnotes":""},"categories":[58],"tags":[],"class_list":["post-96287","post","type-post","status-publish","format-standard","has-post-thumbnail","hentry","category-cultura"],"yoast_head":"<!-- This site is optimized with the Yoast SEO plugin v27.3 - https:\/\/yoast.com\/product\/yoast-seo-wordpress\/ -->\n<title>\u00bfQu\u00e9 se conmemora hoy, 13 de octubre?\u00a0 -<\/title>\n<meta name=\"robots\" content=\"index, follow, max-snippet:-1, max-image-preview:large, max-video-preview:-1\" \/>\n<link rel=\"canonical\" href=\"https:\/\/quehacerpolitico.mx\/?p=96287\" \/>\n<meta property=\"og:locale\" content=\"es_MX\" \/>\n<meta property=\"og:type\" content=\"article\" \/>\n<meta property=\"og:title\" content=\"\u00bfQu\u00e9 se conmemora hoy, 13 de octubre?\u00a0 -\" \/>\n<meta property=\"og:description\" content=\"Por Redacci\u00f3n QP Nacimientos, sucesos pol\u00edticos y tragedias hist\u00f3ricas&nbsp;son hechos que acontecieron un 13&nbsp;de octubre,...\" \/>\n<meta property=\"og:url\" content=\"https:\/\/quehacerpolitico.mx\/?p=96287\" \/>\n<meta property=\"article:published_time\" content=\"2022-10-13T17:35:32+00:00\" \/>\n<meta property=\"article:modified_time\" content=\"2022-10-13T17:35:36+00:00\" \/>\n<meta property=\"og:image\" content=\"https:\/\/quehacerpolitico.mx\/wp-content\/uploads\/2022\/10\/952E26C1-5987-4143-8E80-F5D4188E97AD.jpeg\" \/>\n\t<meta property=\"og:image:width\" content=\"2046\" \/>\n\t<meta property=\"og:image:height\" content=\"1145\" \/>\n\t<meta property=\"og:image:type\" content=\"image\/jpeg\" \/>\n<meta name=\"author\" content=\"Redacci\u00f3n QP\" \/>\n<meta name=\"twitter:card\" content=\"summary_large_image\" \/>\n<meta name=\"twitter:label1\" content=\"Escrito por\" \/>\n\t<meta name=\"twitter:data1\" content=\"Redacci\u00f3n QP\" \/>\n\t<meta name=\"twitter:label2\" content=\"Tiempo de lectura\" \/>\n\t<meta name=\"twitter:data2\" content=\"3 minutos\" \/>\n<script type=\"application\/ld+json\" class=\"yoast-schema-graph\">{\"@context\":\"https:\\\/\\\/schema.org\",\"@graph\":[{\"@type\":\"Article\",\"@id\":\"https:\\\/\\\/quehacerpolitico.mx\\\/?p=96287#article\",\"isPartOf\":{\"@id\":\"https:\\\/\\\/quehacerpolitico.mx\\\/?p=96287\"},\"author\":{\"name\":\"Redacci\u00f3n QP\",\"@id\":\"https:\\\/\\\/quehacerpolitico.mx\\\/#\\\/schema\\\/person\\\/496d8ad2d1d3f8036101dca7ee39e585\"},\"headline\":\"\u00bfQu\u00e9 se conmemora hoy, 13 de octubre?\u00a0\",\"datePublished\":\"2022-10-13T17:35:32+00:00\",\"dateModified\":\"2022-10-13T17:35:36+00:00\",\"mainEntityOfPage\":{\"@id\":\"https:\\\/\\\/quehacerpolitico.mx\\\/?p=96287\"},\"wordCount\":671,\"commentCount\":0,\"image\":{\"@id\":\"https:\\\/\\\/quehacerpolitico.mx\\\/?p=96287#primaryimage\"},\"thumbnailUrl\":\"https:\\\/\\\/quehacerpolitico.mx\\\/wp-content\\\/uploads\\\/2022\\\/10\\\/952E26C1-5987-4143-8E80-F5D4188E97AD.jpeg\",\"articleSection\":[\"Cultura y Entretenimiento\"],\"inLanguage\":\"es\",\"potentialAction\":[{\"@type\":\"CommentAction\",\"name\":\"Comment\",\"target\":[\"https:\\\/\\\/quehacerpolitico.mx\\\/?p=96287#respond\"]}]},{\"@type\":\"WebPage\",\"@id\":\"https:\\\/\\\/quehacerpolitico.mx\\\/?p=96287\",\"url\":\"https:\\\/\\\/quehacerpolitico.mx\\\/?p=96287\",\"name\":\"\u00bfQu\u00e9 se conmemora hoy, 13 de octubre?\u00a0 -\",\"isPartOf\":{\"@id\":\"https:\\\/\\\/quehacerpolitico.mx\\\/#website\"},\"primaryImageOfPage\":{\"@id\":\"https:\\\/\\\/quehacerpolitico.mx\\\/?p=96287#primaryimage\"},\"image\":{\"@id\":\"https:\\\/\\\/quehacerpolitico.mx\\\/?p=96287#primaryimage\"},\"thumbnailUrl\":\"https:\\\/\\\/quehacerpolitico.mx\\\/wp-content\\\/uploads\\\/2022\\\/10\\\/952E26C1-5987-4143-8E80-F5D4188E97AD.jpeg\",\"datePublished\":\"2022-10-13T17:35:32+00:00\",\"dateModified\":\"2022-10-13T17:35:36+00:00\",\"author\":{\"@id\":\"https:\\\/\\\/quehacerpolitico.mx\\\/#\\\/schema\\\/person\\\/496d8ad2d1d3f8036101dca7ee39e585\"},\"breadcrumb\":{\"@id\":\"https:\\\/\\\/quehacerpolitico.mx\\\/?p=96287#breadcrumb\"},\"inLanguage\":\"es\",\"potentialAction\":[{\"@type\":\"ReadAction\",\"target\":[\"https:\\\/\\\/quehacerpolitico.mx\\\/?p=96287\"]}]},{\"@type\":\"ImageObject\",\"inLanguage\":\"es\",\"@id\":\"https:\\\/\\\/quehacerpolitico.mx\\\/?p=96287#primaryimage\",\"url\":\"https:\\\/\\\/quehacerpolitico.mx\\\/wp-content\\\/uploads\\\/2022\\\/10\\\/952E26C1-5987-4143-8E80-F5D4188E97AD.jpeg\",\"contentUrl\":\"https:\\\/\\\/quehacerpolitico.mx\\\/wp-content\\\/uploads\\\/2022\\\/10\\\/952E26C1-5987-4143-8E80-F5D4188E97AD.jpeg\",\"width\":2046,\"height\":1145},{\"@type\":\"BreadcrumbList\",\"@id\":\"https:\\\/\\\/quehacerpolitico.mx\\\/?p=96287#breadcrumb\",\"itemListElement\":[{\"@type\":\"ListItem\",\"position\":1,\"name\":\"Inicio\",\"item\":\"https:\\\/\\\/quehacerpolitico.mx\\\/\"},{\"@type\":\"ListItem\",\"position\":2,\"name\":\"\u00bfQu\u00e9 se conmemora hoy, 13 de octubre?\u00a0\"}]},{\"@type\":\"WebSite\",\"@id\":\"https:\\\/\\\/quehacerpolitico.mx\\\/#website\",\"url\":\"https:\\\/\\\/quehacerpolitico.mx\\\/\",\"name\":\"\",\"description\":\"\",\"potentialAction\":[{\"@type\":\"SearchAction\",\"target\":{\"@type\":\"EntryPoint\",\"urlTemplate\":\"https:\\\/\\\/quehacerpolitico.mx\\\/?s={search_term_string}\"},\"query-input\":{\"@type\":\"PropertyValueSpecification\",\"valueRequired\":true,\"valueName\":\"search_term_string\"}}],\"inLanguage\":\"es\"},{\"@type\":\"Person\",\"@id\":\"https:\\\/\\\/quehacerpolitico.mx\\\/#\\\/schema\\\/person\\\/496d8ad2d1d3f8036101dca7ee39e585\",\"name\":\"Redacci\u00f3n QP\",\"image\":{\"@type\":\"ImageObject\",\"inLanguage\":\"es\",\"@id\":\"https:\\\/\\\/secure.gravatar.com\\\/avatar\\\/c7164ed6fdec453195284ad24a5ae5b6e1eed2b848477fa2a4787ba9adf39a41?s=96&d=mm&r=g\",\"url\":\"https:\\\/\\\/secure.gravatar.com\\\/avatar\\\/c7164ed6fdec453195284ad24a5ae5b6e1eed2b848477fa2a4787ba9adf39a41?s=96&d=mm&r=g\",\"contentUrl\":\"https:\\\/\\\/secure.gravatar.com\\\/avatar\\\/c7164ed6fdec453195284ad24a5ae5b6e1eed2b848477fa2a4787ba9adf39a41?s=96&d=mm&r=g\",\"caption\":\"Redacci\u00f3n QP\"},\"url\":\"https:\\\/\\\/quehacerpolitico.mx\\\/?author=2\"}]}<\/script>\n<!-- \/ Yoast SEO plugin. -->","yoast_head_json":{"title":"\u00bfQu\u00e9 se conmemora hoy, 13 de octubre?\u00a0 -","robots":{"index":"index","follow":"follow","max-snippet":"max-snippet:-1","max-image-preview":"max-image-preview:large","max-video-preview":"max-video-preview:-1"},"canonical":"https:\/\/quehacerpolitico.mx\/?p=96287","og_locale":"es_MX","og_type":"article","og_title":"\u00bfQu\u00e9 se conmemora hoy, 13 de octubre?\u00a0 -","og_description":"Por Redacci\u00f3n QP Nacimientos, sucesos pol\u00edticos y tragedias hist\u00f3ricas&nbsp;son hechos que acontecieron un 13&nbsp;de octubre,...","og_url":"https:\/\/quehacerpolitico.mx\/?p=96287","article_published_time":"2022-10-13T17:35:32+00:00","article_modified_time":"2022-10-13T17:35:36+00:00","og_image":[{"width":2046,"height":1145,"url":"https:\/\/quehacerpolitico.mx\/wp-content\/uploads\/2022\/10\/952E26C1-5987-4143-8E80-F5D4188E97AD.jpeg","type":"image\/jpeg"}],"author":"Redacci\u00f3n QP","twitter_card":"summary_large_image","twitter_misc":{"Escrito por":"Redacci\u00f3n QP","Tiempo de lectura":"3 minutos"},"schema":{"@context":"https:\/\/schema.org","@graph":[{"@type":"Article","@id":"https:\/\/quehacerpolitico.mx\/?p=96287#article","isPartOf":{"@id":"https:\/\/quehacerpolitico.mx\/?p=96287"},"author":{"name":"Redacci\u00f3n QP","@id":"https:\/\/quehacerpolitico.mx\/#\/schema\/person\/496d8ad2d1d3f8036101dca7ee39e585"},"headline":"\u00bfQu\u00e9 se conmemora hoy, 13 de octubre?\u00a0","datePublished":"2022-10-13T17:35:32+00:00","dateModified":"2022-10-13T17:35:36+00:00","mainEntityOfPage":{"@id":"https:\/\/quehacerpolitico.mx\/?p=96287"},"wordCount":671,"commentCount":0,"image":{"@id":"https:\/\/quehacerpolitico.mx\/?p=96287#primaryimage"},"thumbnailUrl":"https:\/\/quehacerpolitico.mx\/wp-content\/uploads\/2022\/10\/952E26C1-5987-4143-8E80-F5D4188E97AD.jpeg","articleSection":["Cultura y Entretenimiento"],"inLanguage":"es","potentialAction":[{"@type":"CommentAction","name":"Comment","target":["https:\/\/quehacerpolitico.mx\/?p=96287#respond"]}]},{"@type":"WebPage","@id":"https:\/\/quehacerpolitico.mx\/?p=96287","url":"https:\/\/quehacerpolitico.mx\/?p=96287","name":"\u00bfQu\u00e9 se conmemora hoy, 13 de octubre?\u00a0 -","isPartOf":{"@id":"https:\/\/quehacerpolitico.mx\/#website"},"primaryImageOfPage":{"@id":"https:\/\/quehacerpolitico.mx\/?p=96287#primaryimage"},"image":{"@id":"https:\/\/quehacerpolitico.mx\/?p=96287#primaryimage"},"thumbnailUrl":"https:\/\/quehacerpolitico.mx\/wp-content\/uploads\/2022\/10\/952E26C1-5987-4143-8E80-F5D4188E97AD.jpeg","datePublished":"2022-10-13T17:35:32+00:00","dateModified":"2022-10-13T17:35:36+00:00","author":{"@id":"https:\/\/quehacerpolitico.mx\/#\/schema\/person\/496d8ad2d1d3f8036101dca7ee39e585"},"breadcrumb":{"@id":"https:\/\/quehacerpolitico.mx\/?p=96287#breadcrumb"},"inLanguage":"es","potentialAction":[{"@type":"ReadAction","target":["https:\/\/quehacerpolitico.mx\/?p=96287"]}]},{"@type":"ImageObject","inLanguage":"es","@id":"https:\/\/quehacerpolitico.mx\/?p=96287#primaryimage","url":"https:\/\/quehacerpolitico.mx\/wp-content\/uploads\/2022\/10\/952E26C1-5987-4143-8E80-F5D4188E97AD.jpeg","contentUrl":"https:\/\/quehacerpolitico.mx\/wp-content\/uploads\/2022\/10\/952E26C1-5987-4143-8E80-F5D4188E97AD.jpeg","width":2046,"height":1145},{"@type":"BreadcrumbList","@id":"https:\/\/quehacerpolitico.mx\/?p=96287#breadcrumb","itemListElement":[{"@type":"ListItem","position":1,"name":"Inicio","item":"https:\/\/quehacerpolitico.mx\/"},{"@type":"ListItem","position":2,"name":"\u00bfQu\u00e9 se conmemora hoy, 13 de octubre?\u00a0"}]},{"@type":"WebSite","@id":"https:\/\/quehacerpolitico.mx\/#website","url":"https:\/\/quehacerpolitico.mx\/","name":"","description":"","potentialAction":[{"@type":"SearchAction","target":{"@type":"EntryPoint","urlTemplate":"https:\/\/quehacerpolitico.mx\/?s={search_term_string}"},"query-input":{"@type":"PropertyValueSpecification","valueRequired":true,"valueName":"search_term_string"}}],"inLanguage":"es"},{"@type":"Person","@id":"https:\/\/quehacerpolitico.mx\/#\/schema\/person\/496d8ad2d1d3f8036101dca7ee39e585","name":"Redacci\u00f3n QP","image":{"@type":"ImageObject","inLanguage":"es","@id":"https:\/\/secure.gravatar.com\/avatar\/c7164ed6fdec453195284ad24a5ae5b6e1eed2b848477fa2a4787ba9adf39a41?s=96&d=mm&r=g","url":"https:\/\/secure.gravatar.com\/avatar\/c7164ed6fdec453195284ad24a5ae5b6e1eed2b848477fa2a4787ba9adf39a41?s=96&d=mm&r=g","contentUrl":"https:\/\/secure.gravatar.com\/avatar\/c7164ed6fdec453195284ad24a5ae5b6e1eed2b848477fa2a4787ba9adf39a41?s=96&d=mm&r=g","caption":"Redacci\u00f3n QP"},"url":"https:\/\/quehacerpolitico.mx\/?author=2"}]}},"featured_image_urls":{"full":["https:\/\/quehacerpolitico.mx\/wp-content\/uploads\/2022\/10\/952E26C1-5987-4143-8E80-F5D4188E97AD.jpeg",2046,1145,false],"thumbnail":["https:\/\/quehacerpolitico.mx\/wp-content\/uploads\/2022\/10\/952E26C1-5987-4143-8E80-F5D4188E97AD-150x150.jpeg",150,150,true],"medium":["https:\/\/quehacerpolitico.mx\/wp-content\/uploads\/2022\/10\/952E26C1-5987-4143-8E80-F5D4188E97AD-300x168.jpeg",300,168,true],"medium_large":["https:\/\/quehacerpolitico.mx\/wp-content\/uploads\/2022\/10\/952E26C1-5987-4143-8E80-F5D4188E97AD-768x430.jpeg",640,358,true],"large":["https:\/\/quehacerpolitico.mx\/wp-content\/uploads\/2022\/10\/952E26C1-5987-4143-8E80-F5D4188E97AD-1024x573.jpeg",640,358,true],"1536x1536":["https:\/\/quehacerpolitico.mx\/wp-content\/uploads\/2022\/10\/952E26C1-5987-4143-8E80-F5D4188E97AD-1536x860.jpeg",1536,860,true],"2048x2048":["https:\/\/quehacerpolitico.mx\/wp-content\/uploads\/2022\/10\/952E26C1-5987-4143-8E80-F5D4188E97AD.jpeg",2046,1145,false],"covernews-featured":["https:\/\/quehacerpolitico.mx\/wp-content\/uploads\/2022\/10\/952E26C1-5987-4143-8E80-F5D4188E97AD.jpeg",1024,573,false],"covernews-medium":["https:\/\/quehacerpolitico.mx\/wp-content\/uploads\/2022\/10\/952E26C1-5987-4143-8E80-F5D4188E97AD.jpeg",540,302,false]},"author_info":{"display_name":"Redacci\u00f3n QP","author_link":"https:\/\/quehacerpolitico.mx\/?author=2"},"category_info":"<a href=\"https:\/\/quehacerpolitico.mx\/?cat=58\" rel=\"category\">Cultura y Entretenimiento<\/a>","tag_info":"Cultura y Entretenimiento","comment_count":"0","_links":{"self":[{"href":"https:\/\/quehacerpolitico.mx\/index.php?rest_route=\/wp\/v2\/posts\/96287","targetHints":{"allow":["GET"]}}],"collection":[{"href":"https:\/\/quehacerpolitico.mx\/index.php?rest_route=\/wp\/v2\/posts"}],"about":[{"href":"https:\/\/quehacerpolitico.mx\/index.php?rest_route=\/wp\/v2\/types\/post"}],"author":[{"embeddable":true,"href":"https:\/\/quehacerpolitico.mx\/index.php?rest_route=\/wp\/v2\/users\/2"}],"replies":[{"embeddable":true,"href":"https:\/\/quehacerpolitico.mx\/index.php?rest_route=%2Fwp%2Fv2%2Fcomments&post=96287"}],"version-history":[{"count":1,"href":"https:\/\/quehacerpolitico.mx\/index.php?rest_route=\/wp\/v2\/posts\/96287\/revisions"}],"predecessor-version":[{"id":96289,"href":"https:\/\/quehacerpolitico.mx\/index.php?rest_route=\/wp\/v2\/posts\/96287\/revisions\/96289"}],"wp:featuredmedia":[{"embeddable":true,"href":"https:\/\/quehacerpolitico.mx\/index.php?rest_route=\/wp\/v2\/media\/96288"}],"wp:attachment":[{"href":"https:\/\/quehacerpolitico.mx\/index.php?rest_route=%2Fwp%2Fv2%2Fmedia&parent=96287"}],"wp:term":[{"taxonomy":"category","embeddable":true,"href":"https:\/\/quehacerpolitico.mx\/index.php?rest_route=%2Fwp%2Fv2%2Fcategories&post=96287"},{"taxonomy":"post_tag","embeddable":true,"href":"https:\/\/quehacerpolitico.mx\/index.php?rest_route=%2Fwp%2Fv2%2Ftags&post=96287"}],"curies":[{"name":"wp","href":"https:\/\/api.w.org\/{rel}","templated":true}]}}