{"id":96284,"date":"2022-10-13T17:13:05","date_gmt":"2022-10-13T17:13:05","guid":{"rendered":"https:\/\/quehacerpolitico.mx\/?p=96284"},"modified":"2022-10-13T17:13:08","modified_gmt":"2022-10-13T17:13:08","slug":"inflacion-en-mexico-durara-mas-de-lo-previsto","status":"publish","type":"post","link":"https:\/\/quehacerpolitico.mx\/?p=96284","title":{"rendered":"Inflaci\u00f3n en M\u00e9xico durar\u00e1 m\u00e1s de lo previsto\u00a0"},"content":{"rendered":"\n<p>Por Redacci\u00f3n QP<\/p>\n\n\n\n<p>Reconocen la situaci\u00f3n de\u00a0inflaci\u00f3n actual\u00a0m\u00e1s grande de lo pronosticado<\/p>\n\n\n\n<p>La inflaci\u00f3n de este 2022 es reconocida de\u00a0<strong>mayor complejidad y durabilidad que lo previsto<\/strong>\u00a0por la Junta de Gobierno del Banco de M\u00e9xico (Banxico), por lo que no se alcanzar\u00e1 una\u00a0<strong>tasa general del 3% anual hasta 2024.<\/strong><\/p>\n\n\n\n<p>La inflaci\u00f3n esperada como transitoria,&nbsp;<strong>se ha mantenido en el 8,7% anual,<\/strong>&nbsp;el nivel m\u00e1s elevado para un pediodo igual de los \u00faltimos 22 a\u00f1os en el pa\u00eds. Banxico pronuncia la persistencia de la inflaci\u00f3n actual aunada a presiones inflacionarias externas dadas por el Covid-19 y el conflicto geopol\u00edtico.<\/p>\n\n\n\n<p>Se dio a conocer el encuentro del banco central celebrado el pasado 29 de septiembre, cuando\u00a0<strong>elevaron la tasa de inter\u00e9s al 9,25%, cifra que no se hab\u00eda presentado nunca antes.<\/strong>\u00a0Dicha tasa representa el und\u00e9cimo incremento consecutivo y el tercero de 75 puntos base.<\/p>\n\n\n\n<p>&#8220;Ante choques inflacionarios de una magnitud mayor a la anticipada y la perspectiva de que sus efectos sean m\u00e1s duraderos de lo previsto, los pron\u00f3sticos para las inflaciones general y subyacente se revisaron al alza para todo el horizonte de pron\u00f3stico&#8221;, se\u00f1al\u00f3 la Junta de Gobierno en la minuta de su \u00faltima reuni\u00f3n.<\/p>\n\n\n\n<p>&#8220;En este contexto, la mayor\u00eda mencion\u00f3 que el balance de riesgos respecto de la trayectoria prevista para la inflaci\u00f3n en el horizonte de pron\u00f3stico contin\u00faa con un considerable\u00a0<strong>sesgo al alza&#8221;,<\/strong>\u00a0consider\u00f3 la Junta de Gobierno.<\/p>\n\n\n\n<p>Banxico prev\u00e9 ahora que&nbsp;la inflaci\u00f3n general promedie un 8,6 % anual en el \u00faltimo trimestre de 2022 tras la expectativa anterior de 8,1 %&nbsp;<\/p>\n\n\n\n<p>&#8220;No obstante, apunt\u00f3 que<strong>\u00a0en julio la actividad econ\u00f3mica se recuper\u00f3,<\/strong>\u00a0luego de la debilidad registrada en mayo y junio&#8221;, matiz\u00f3. Entre los factores positivos para la econom\u00eda mexicana, el banco central resalt\u00f3 &#8220;el buen desempe\u00f1o de las exportaciones&#8221;, una recuperaci\u00f3n en la inversi\u00f3n y una mejora en los indicadores del mercado laboral, que est\u00e1 en una situaci\u00f3n similar a la de antes de la pandemia.<\/p>\n\n\n\n<p>Por otro lado, la mayor\u00eda de la Junta de Gobierno pronostic\u00f3 que el crecimiento de la actividad econ\u00f3mica en el tercer trimestre de 2022 se desacelerar\u00e1 frente a lo observado en la primera mitad del a\u00f1o, cuando\u00a0<strong>el producto interior bruto (PIB) de M\u00e9xico creci\u00f3 un 1,9 % interanual.<\/strong><\/p>\n\n\n\n<p>Con informaci\u00f3n de EFE<\/p>\n","protected":false},"excerpt":{"rendered":"<p>Por Redacci\u00f3n QP Reconocen la situaci\u00f3n de\u00a0inflaci\u00f3n actual\u00a0m\u00e1s grande de lo pronosticado La inflaci\u00f3n de&#8230;<\/p>\n","protected":false},"author":2,"featured_media":96285,"comment_status":"open","ping_status":"open","sticky":false,"template":"","format":"standard","meta":{"_monsterinsights_skip_tracking":false,"_monsterinsights_sitenote_active":false,"_monsterinsights_sitenote_note":"","_monsterinsights_sitenote_category":0,"footnotes":""},"categories":[56],"tags":[],"class_list":["post-96284","post","type-post","status-publish","format-standard","has-post-thumbnail","hentry","category-economia"],"yoast_head":"<!-- This site is optimized with the Yoast SEO plugin v27.3 - https:\/\/yoast.com\/product\/yoast-seo-wordpress\/ -->\n<title>Inflaci\u00f3n en M\u00e9xico durar\u00e1 m\u00e1s de lo previsto\u00a0 -<\/title>\n<meta name=\"robots\" content=\"index, follow, max-snippet:-1, max-image-preview:large, max-video-preview:-1\" \/>\n<link rel=\"canonical\" href=\"https:\/\/quehacerpolitico.mx\/?p=96284\" \/>\n<meta property=\"og:locale\" content=\"es_MX\" \/>\n<meta property=\"og:type\" content=\"article\" \/>\n<meta property=\"og:title\" content=\"Inflaci\u00f3n en M\u00e9xico durar\u00e1 m\u00e1s de lo previsto\u00a0 -\" \/>\n<meta property=\"og:description\" content=\"Por Redacci\u00f3n QP Reconocen la situaci\u00f3n de\u00a0inflaci\u00f3n actual\u00a0m\u00e1s grande de lo pronosticado La inflaci\u00f3n de...\" \/>\n<meta property=\"og:url\" content=\"https:\/\/quehacerpolitico.mx\/?p=96284\" \/>\n<meta property=\"article:published_time\" content=\"2022-10-13T17:13:05+00:00\" \/>\n<meta property=\"article:modified_time\" content=\"2022-10-13T17:13:08+00:00\" \/>\n<meta property=\"og:image\" content=\"https:\/\/quehacerpolitico.mx\/wp-content\/uploads\/2022\/10\/69F13A56-7650-48B6-BFE0-8C88CBCE941C.jpeg\" \/>\n\t<meta property=\"og:image:width\" content=\"701\" \/>\n\t<meta property=\"og:image:height\" content=\"438\" \/>\n\t<meta property=\"og:image:type\" content=\"image\/jpeg\" \/>\n<meta name=\"author\" content=\"Redacci\u00f3n QP\" \/>\n<meta name=\"twitter:card\" content=\"summary_large_image\" \/>\n<meta name=\"twitter:label1\" content=\"Escrito por\" \/>\n\t<meta name=\"twitter:data1\" content=\"Redacci\u00f3n QP\" \/>\n\t<meta name=\"twitter:label2\" content=\"Tiempo de lectura\" \/>\n\t<meta name=\"twitter:data2\" content=\"2 minutos\" \/>\n<script type=\"application\/ld+json\" class=\"yoast-schema-graph\">{\"@context\":\"https:\\\/\\\/schema.org\",\"@graph\":[{\"@type\":\"Article\",\"@id\":\"https:\\\/\\\/quehacerpolitico.mx\\\/?p=96284#article\",\"isPartOf\":{\"@id\":\"https:\\\/\\\/quehacerpolitico.mx\\\/?p=96284\"},\"author\":{\"name\":\"Redacci\u00f3n QP\",\"@id\":\"https:\\\/\\\/quehacerpolitico.mx\\\/#\\\/schema\\\/person\\\/496d8ad2d1d3f8036101dca7ee39e585\"},\"headline\":\"Inflaci\u00f3n en M\u00e9xico durar\u00e1 m\u00e1s de lo previsto\u00a0\",\"datePublished\":\"2022-10-13T17:13:05+00:00\",\"dateModified\":\"2022-10-13T17:13:08+00:00\",\"mainEntityOfPage\":{\"@id\":\"https:\\\/\\\/quehacerpolitico.mx\\\/?p=96284\"},\"wordCount\":415,\"commentCount\":0,\"image\":{\"@id\":\"https:\\\/\\\/quehacerpolitico.mx\\\/?p=96284#primaryimage\"},\"thumbnailUrl\":\"https:\\\/\\\/quehacerpolitico.mx\\\/wp-content\\\/uploads\\\/2022\\\/10\\\/69F13A56-7650-48B6-BFE0-8C88CBCE941C.jpeg\",\"articleSection\":[\"Econom\u00eda\"],\"inLanguage\":\"es\",\"potentialAction\":[{\"@type\":\"CommentAction\",\"name\":\"Comment\",\"target\":[\"https:\\\/\\\/quehacerpolitico.mx\\\/?p=96284#respond\"]}]},{\"@type\":\"WebPage\",\"@id\":\"https:\\\/\\\/quehacerpolitico.mx\\\/?p=96284\",\"url\":\"https:\\\/\\\/quehacerpolitico.mx\\\/?p=96284\",\"name\":\"Inflaci\u00f3n en M\u00e9xico durar\u00e1 m\u00e1s de lo previsto\u00a0 -\",\"isPartOf\":{\"@id\":\"https:\\\/\\\/quehacerpolitico.mx\\\/#website\"},\"primaryImageOfPage\":{\"@id\":\"https:\\\/\\\/quehacerpolitico.mx\\\/?p=96284#primaryimage\"},\"image\":{\"@id\":\"https:\\\/\\\/quehacerpolitico.mx\\\/?p=96284#primaryimage\"},\"thumbnailUrl\":\"https:\\\/\\\/quehacerpolitico.mx\\\/wp-content\\\/uploads\\\/2022\\\/10\\\/69F13A56-7650-48B6-BFE0-8C88CBCE941C.jpeg\",\"datePublished\":\"2022-10-13T17:13:05+00:00\",\"dateModified\":\"2022-10-13T17:13:08+00:00\",\"author\":{\"@id\":\"https:\\\/\\\/quehacerpolitico.mx\\\/#\\\/schema\\\/person\\\/496d8ad2d1d3f8036101dca7ee39e585\"},\"breadcrumb\":{\"@id\":\"https:\\\/\\\/quehacerpolitico.mx\\\/?p=96284#breadcrumb\"},\"inLanguage\":\"es\",\"potentialAction\":[{\"@type\":\"ReadAction\",\"target\":[\"https:\\\/\\\/quehacerpolitico.mx\\\/?p=96284\"]}]},{\"@type\":\"ImageObject\",\"inLanguage\":\"es\",\"@id\":\"https:\\\/\\\/quehacerpolitico.mx\\\/?p=96284#primaryimage\",\"url\":\"https:\\\/\\\/quehacerpolitico.mx\\\/wp-content\\\/uploads\\\/2022\\\/10\\\/69F13A56-7650-48B6-BFE0-8C88CBCE941C.jpeg\",\"contentUrl\":\"https:\\\/\\\/quehacerpolitico.mx\\\/wp-content\\\/uploads\\\/2022\\\/10\\\/69F13A56-7650-48B6-BFE0-8C88CBCE941C.jpeg\",\"width\":701,\"height\":438},{\"@type\":\"BreadcrumbList\",\"@id\":\"https:\\\/\\\/quehacerpolitico.mx\\\/?p=96284#breadcrumb\",\"itemListElement\":[{\"@type\":\"ListItem\",\"position\":1,\"name\":\"Inicio\",\"item\":\"https:\\\/\\\/quehacerpolitico.mx\\\/\"},{\"@type\":\"ListItem\",\"position\":2,\"name\":\"Inflaci\u00f3n en M\u00e9xico durar\u00e1 m\u00e1s de lo previsto\u00a0\"}]},{\"@type\":\"WebSite\",\"@id\":\"https:\\\/\\\/quehacerpolitico.mx\\\/#website\",\"url\":\"https:\\\/\\\/quehacerpolitico.mx\\\/\",\"name\":\"\",\"description\":\"\",\"potentialAction\":[{\"@type\":\"SearchAction\",\"target\":{\"@type\":\"EntryPoint\",\"urlTemplate\":\"https:\\\/\\\/quehacerpolitico.mx\\\/?s={search_term_string}\"},\"query-input\":{\"@type\":\"PropertyValueSpecification\",\"valueRequired\":true,\"valueName\":\"search_term_string\"}}],\"inLanguage\":\"es\"},{\"@type\":\"Person\",\"@id\":\"https:\\\/\\\/quehacerpolitico.mx\\\/#\\\/schema\\\/person\\\/496d8ad2d1d3f8036101dca7ee39e585\",\"name\":\"Redacci\u00f3n QP\",\"image\":{\"@type\":\"ImageObject\",\"inLanguage\":\"es\",\"@id\":\"https:\\\/\\\/secure.gravatar.com\\\/avatar\\\/c7164ed6fdec453195284ad24a5ae5b6e1eed2b848477fa2a4787ba9adf39a41?s=96&d=mm&r=g\",\"url\":\"https:\\\/\\\/secure.gravatar.com\\\/avatar\\\/c7164ed6fdec453195284ad24a5ae5b6e1eed2b848477fa2a4787ba9adf39a41?s=96&d=mm&r=g\",\"contentUrl\":\"https:\\\/\\\/secure.gravatar.com\\\/avatar\\\/c7164ed6fdec453195284ad24a5ae5b6e1eed2b848477fa2a4787ba9adf39a41?s=96&d=mm&r=g\",\"caption\":\"Redacci\u00f3n QP\"},\"url\":\"https:\\\/\\\/quehacerpolitico.mx\\\/?author=2\"}]}<\/script>\n<!-- \/ Yoast SEO plugin. -->","yoast_head_json":{"title":"Inflaci\u00f3n en M\u00e9xico durar\u00e1 m\u00e1s de lo previsto\u00a0 -","robots":{"index":"index","follow":"follow","max-snippet":"max-snippet:-1","max-image-preview":"max-image-preview:large","max-video-preview":"max-video-preview:-1"},"canonical":"https:\/\/quehacerpolitico.mx\/?p=96284","og_locale":"es_MX","og_type":"article","og_title":"Inflaci\u00f3n en M\u00e9xico durar\u00e1 m\u00e1s de lo previsto\u00a0 -","og_description":"Por Redacci\u00f3n QP Reconocen la situaci\u00f3n de\u00a0inflaci\u00f3n actual\u00a0m\u00e1s grande de lo pronosticado La inflaci\u00f3n de...","og_url":"https:\/\/quehacerpolitico.mx\/?p=96284","article_published_time":"2022-10-13T17:13:05+00:00","article_modified_time":"2022-10-13T17:13:08+00:00","og_image":[{"width":701,"height":438,"url":"https:\/\/quehacerpolitico.mx\/wp-content\/uploads\/2022\/10\/69F13A56-7650-48B6-BFE0-8C88CBCE941C.jpeg","type":"image\/jpeg"}],"author":"Redacci\u00f3n QP","twitter_card":"summary_large_image","twitter_misc":{"Escrito por":"Redacci\u00f3n QP","Tiempo de lectura":"2 minutos"},"schema":{"@context":"https:\/\/schema.org","@graph":[{"@type":"Article","@id":"https:\/\/quehacerpolitico.mx\/?p=96284#article","isPartOf":{"@id":"https:\/\/quehacerpolitico.mx\/?p=96284"},"author":{"name":"Redacci\u00f3n QP","@id":"https:\/\/quehacerpolitico.mx\/#\/schema\/person\/496d8ad2d1d3f8036101dca7ee39e585"},"headline":"Inflaci\u00f3n en M\u00e9xico durar\u00e1 m\u00e1s de lo previsto\u00a0","datePublished":"2022-10-13T17:13:05+00:00","dateModified":"2022-10-13T17:13:08+00:00","mainEntityOfPage":{"@id":"https:\/\/quehacerpolitico.mx\/?p=96284"},"wordCount":415,"commentCount":0,"image":{"@id":"https:\/\/quehacerpolitico.mx\/?p=96284#primaryimage"},"thumbnailUrl":"https:\/\/quehacerpolitico.mx\/wp-content\/uploads\/2022\/10\/69F13A56-7650-48B6-BFE0-8C88CBCE941C.jpeg","articleSection":["Econom\u00eda"],"inLanguage":"es","potentialAction":[{"@type":"CommentAction","name":"Comment","target":["https:\/\/quehacerpolitico.mx\/?p=96284#respond"]}]},{"@type":"WebPage","@id":"https:\/\/quehacerpolitico.mx\/?p=96284","url":"https:\/\/quehacerpolitico.mx\/?p=96284","name":"Inflaci\u00f3n en M\u00e9xico durar\u00e1 m\u00e1s de lo previsto\u00a0 -","isPartOf":{"@id":"https:\/\/quehacerpolitico.mx\/#website"},"primaryImageOfPage":{"@id":"https:\/\/quehacerpolitico.mx\/?p=96284#primaryimage"},"image":{"@id":"https:\/\/quehacerpolitico.mx\/?p=96284#primaryimage"},"thumbnailUrl":"https:\/\/quehacerpolitico.mx\/wp-content\/uploads\/2022\/10\/69F13A56-7650-48B6-BFE0-8C88CBCE941C.jpeg","datePublished":"2022-10-13T17:13:05+00:00","dateModified":"2022-10-13T17:13:08+00:00","author":{"@id":"https:\/\/quehacerpolitico.mx\/#\/schema\/person\/496d8ad2d1d3f8036101dca7ee39e585"},"breadcrumb":{"@id":"https:\/\/quehacerpolitico.mx\/?p=96284#breadcrumb"},"inLanguage":"es","potentialAction":[{"@type":"ReadAction","target":["https:\/\/quehacerpolitico.mx\/?p=96284"]}]},{"@type":"ImageObject","inLanguage":"es","@id":"https:\/\/quehacerpolitico.mx\/?p=96284#primaryimage","url":"https:\/\/quehacerpolitico.mx\/wp-content\/uploads\/2022\/10\/69F13A56-7650-48B6-BFE0-8C88CBCE941C.jpeg","contentUrl":"https:\/\/quehacerpolitico.mx\/wp-content\/uploads\/2022\/10\/69F13A56-7650-48B6-BFE0-8C88CBCE941C.jpeg","width":701,"height":438},{"@type":"BreadcrumbList","@id":"https:\/\/quehacerpolitico.mx\/?p=96284#breadcrumb","itemListElement":[{"@type":"ListItem","position":1,"name":"Inicio","item":"https:\/\/quehacerpolitico.mx\/"},{"@type":"ListItem","position":2,"name":"Inflaci\u00f3n en M\u00e9xico durar\u00e1 m\u00e1s de lo previsto\u00a0"}]},{"@type":"WebSite","@id":"https:\/\/quehacerpolitico.mx\/#website","url":"https:\/\/quehacerpolitico.mx\/","name":"","description":"","potentialAction":[{"@type":"SearchAction","target":{"@type":"EntryPoint","urlTemplate":"https:\/\/quehacerpolitico.mx\/?s={search_term_string}"},"query-input":{"@type":"PropertyValueSpecification","valueRequired":true,"valueName":"search_term_string"}}],"inLanguage":"es"},{"@type":"Person","@id":"https:\/\/quehacerpolitico.mx\/#\/schema\/person\/496d8ad2d1d3f8036101dca7ee39e585","name":"Redacci\u00f3n QP","image":{"@type":"ImageObject","inLanguage":"es","@id":"https:\/\/secure.gravatar.com\/avatar\/c7164ed6fdec453195284ad24a5ae5b6e1eed2b848477fa2a4787ba9adf39a41?s=96&d=mm&r=g","url":"https:\/\/secure.gravatar.com\/avatar\/c7164ed6fdec453195284ad24a5ae5b6e1eed2b848477fa2a4787ba9adf39a41?s=96&d=mm&r=g","contentUrl":"https:\/\/secure.gravatar.com\/avatar\/c7164ed6fdec453195284ad24a5ae5b6e1eed2b848477fa2a4787ba9adf39a41?s=96&d=mm&r=g","caption":"Redacci\u00f3n QP"},"url":"https:\/\/quehacerpolitico.mx\/?author=2"}]}},"featured_image_urls":{"full":["https:\/\/quehacerpolitico.mx\/wp-content\/uploads\/2022\/10\/69F13A56-7650-48B6-BFE0-8C88CBCE941C.jpeg",701,438,false],"thumbnail":["https:\/\/quehacerpolitico.mx\/wp-content\/uploads\/2022\/10\/69F13A56-7650-48B6-BFE0-8C88CBCE941C-150x150.jpeg",150,150,true],"medium":["https:\/\/quehacerpolitico.mx\/wp-content\/uploads\/2022\/10\/69F13A56-7650-48B6-BFE0-8C88CBCE941C-300x187.jpeg",300,187,true],"medium_large":["https:\/\/quehacerpolitico.mx\/wp-content\/uploads\/2022\/10\/69F13A56-7650-48B6-BFE0-8C88CBCE941C.jpeg",640,400,false],"large":["https:\/\/quehacerpolitico.mx\/wp-content\/uploads\/2022\/10\/69F13A56-7650-48B6-BFE0-8C88CBCE941C.jpeg",640,400,false],"1536x1536":["https:\/\/quehacerpolitico.mx\/wp-content\/uploads\/2022\/10\/69F13A56-7650-48B6-BFE0-8C88CBCE941C.jpeg",701,438,false],"2048x2048":["https:\/\/quehacerpolitico.mx\/wp-content\/uploads\/2022\/10\/69F13A56-7650-48B6-BFE0-8C88CBCE941C.jpeg",701,438,false],"covernews-featured":["https:\/\/quehacerpolitico.mx\/wp-content\/uploads\/2022\/10\/69F13A56-7650-48B6-BFE0-8C88CBCE941C.jpeg",701,438,false],"covernews-medium":["https:\/\/quehacerpolitico.mx\/wp-content\/uploads\/2022\/10\/69F13A56-7650-48B6-BFE0-8C88CBCE941C.jpeg",540,337,false]},"author_info":{"display_name":"Redacci\u00f3n QP","author_link":"https:\/\/quehacerpolitico.mx\/?author=2"},"category_info":"<a href=\"https:\/\/quehacerpolitico.mx\/?cat=56\" rel=\"category\">Econom\u00eda<\/a>","tag_info":"Econom\u00eda","comment_count":"0","_links":{"self":[{"href":"https:\/\/quehacerpolitico.mx\/index.php?rest_route=\/wp\/v2\/posts\/96284","targetHints":{"allow":["GET"]}}],"collection":[{"href":"https:\/\/quehacerpolitico.mx\/index.php?rest_route=\/wp\/v2\/posts"}],"about":[{"href":"https:\/\/quehacerpolitico.mx\/index.php?rest_route=\/wp\/v2\/types\/post"}],"author":[{"embeddable":true,"href":"https:\/\/quehacerpolitico.mx\/index.php?rest_route=\/wp\/v2\/users\/2"}],"replies":[{"embeddable":true,"href":"https:\/\/quehacerpolitico.mx\/index.php?rest_route=%2Fwp%2Fv2%2Fcomments&post=96284"}],"version-history":[{"count":1,"href":"https:\/\/quehacerpolitico.mx\/index.php?rest_route=\/wp\/v2\/posts\/96284\/revisions"}],"predecessor-version":[{"id":96286,"href":"https:\/\/quehacerpolitico.mx\/index.php?rest_route=\/wp\/v2\/posts\/96284\/revisions\/96286"}],"wp:featuredmedia":[{"embeddable":true,"href":"https:\/\/quehacerpolitico.mx\/index.php?rest_route=\/wp\/v2\/media\/96285"}],"wp:attachment":[{"href":"https:\/\/quehacerpolitico.mx\/index.php?rest_route=%2Fwp%2Fv2%2Fmedia&parent=96284"}],"wp:term":[{"taxonomy":"category","embeddable":true,"href":"https:\/\/quehacerpolitico.mx\/index.php?rest_route=%2Fwp%2Fv2%2Fcategories&post=96284"},{"taxonomy":"post_tag","embeddable":true,"href":"https:\/\/quehacerpolitico.mx\/index.php?rest_route=%2Fwp%2Fv2%2Ftags&post=96284"}],"curies":[{"name":"wp","href":"https:\/\/api.w.org\/{rel}","templated":true}]}}