{"id":96218,"date":"2022-10-12T17:18:48","date_gmt":"2022-10-12T17:18:48","guid":{"rendered":"https:\/\/quehacerpolitico.mx\/?p=96218"},"modified":"2022-10-12T17:18:52","modified_gmt":"2022-10-12T17:18:52","slug":"que-se-conmemora-hoy-12-de-octubre","status":"publish","type":"post","link":"https:\/\/quehacerpolitico.mx\/?p=96218","title":{"rendered":"\u00bfQu\u00e9 se conmemora hoy, 12 de octubre?\u00a0"},"content":{"rendered":"\n<p>Por Redacci\u00f3n QP<\/p>\n\n\n\n<p>Nacimientos, sucesos pol\u00edticos y tragedias hist\u00f3ricas\u00a0son hechos que acontecieron un 12\u00a0de octubre, y que recordamos\u00a0por su relevancia<\/p>\n\n\n\n<p><strong>\u00bfQu\u00e9 pasaba en el mundo un d\u00eda como hoy, pero de hace muchos a\u00f1os?<\/strong>\u00a0El 12\u00a0de octubre ocurrieron diversos sucesos que se quedaron marcados en el almanaque de la historia internacional.\u00a0Desde descubrimientos cient\u00edficos, nacimientos de celebridades y\u00a0hasta tr\u00e1gicas muertes,\u00a0<strong>esto fue\u00a0lo ocurri\u00f3 en la historia, un d\u00eda como hoy.<\/strong><\/p>\n\n\n\n<h2 class=\"wp-block-heading\">Efem\u00e9rides, 12&nbsp;de octubre:<\/h2>\n\n\n\n<p>1492: El primer viaje de Crist\u00f3bal Col\u00f3n llega a Am\u00e9rica, a la isla Guanahan\u00ed (Bahamas), con la expedici\u00f3n formada por los tres nav\u00edos Santa Mar\u00eda, Pinta y Ni\u00f1a.<\/p>\n\n\n\n<p>1825.- Batalla de Sarandi (Uruguay), en la que los uruguayos vencen a los brasile\u00f1os.<\/p>\n\n\n\n<p>1923.- Se funda la Academia Costarricense de la Lengua.<\/p>\n\n\n\n<p>1927.- Fundaci\u00f3n de la Academia Dominicana de la Lengua.<\/p>\n\n\n\n<p>1931.- Se inaugura la estatua de El Cristo en el monte del Corcovado (R\u00edo de Janeiro, Brasil).<\/p>\n\n\n\n<p>1964.- La Uni\u00f3n Sovi\u00e9tica lanza al espacio a tres cosmonautas en la Vosjod-1, primera nave espacial con capacidad para m\u00e1s de un tripulante.<\/p>\n\n\n\n<p>1968.- Independencia de Guinea Ecuatorial tras 180 a\u00f1os de soberan\u00eda espa\u00f1ola.<\/p>\n\n\n\n<p>1973.- Juan Domingo Per\u00f3n asume en Argentina su tercera presidencia.<\/p>\n\n\n\n<p>1984.- La primera ministra brit\u00e1nica, Margaret Thatcher, sale ilesa de un atentado del IRA en el Grand Hotel de Brighton, que cost\u00f3 la vida a cuatro personas.<\/p>\n\n\n\n<p>1990.- Bolivia y Paraguay se unen al Grupo de R\u00edo.<\/p>\n\n\n\n<p>1998.- Fallece Matthew Shepard, universitario estadounidense agredido brutalmente d\u00edas antes por ser homosexual. Una ley contra cr\u00edmenes de odio lleva su nombre.<\/p>\n\n\n\n<p>1999.- La ONU calcula que en esta fecha nace el habitante 6 mil&nbsp;millones de la Tierra.<\/p>\n\n\n\n<p>2000.- El dramaturgo chino exiliado en Francia Gao Xingjian es galardonado con el Nobel de Literatura.<\/p>\n\n\n\n<p>2002.- Un atentado del grupo yihadista Jemaa Islamiya en una discoteca en Bali (Indonesia) causa 202 muertos.<\/p>\n\n\n\n<p>2006.- La Academia Sueca de la Lengua anuncia la concesi\u00f3n del Premio Nobel de Literatura al escritor turco Orhan Pamuk.<\/p>\n\n\n\n<p>2007.- El exvicepresidente de EU&nbsp;Al Gore y el Grupo Intergubernamental sobre el Cambio Clim\u00e1tico de la ONU obtienen el Premio Nobel de la Paz.<\/p>\n\n\n\n<p>2010.- Se lanza el primer videojuego desarrollado en Latinoam\u00e9rica, &#8220;Lucha Libre AAA: h\u00e9roes del ring&#8221;.<\/p>\n\n\n\n<p>2017.- Estados Unidos anuncia que abandona la Organizaci\u00f3n de las Naciones Unidas para la Educaci\u00f3n, la Ciencia y la Cultura (Unesco), una decisi\u00f3n secundada por Israel.<\/p>\n\n\n\n<p>2021.- Muere en prisi\u00f3n Ra\u00fal Baduel, militar y pol\u00edtico venezolano, considerado &#8220;preso pol\u00edtico&#8221; desde su detenci\u00f3n en 2009.<\/p>\n\n\n\n<h2 class=\"wp-block-heading\">NACIMIENTOS<\/h2>\n\n\n\n<p>1745.- F\u00e9lix Mar\u00eda Samaniego, fabulista espa\u00f1ol.<\/p>\n\n\n\n<p>1798.- Pedro I, emperador de Brasil.<\/p>\n\n\n\n<p>1912.- Dionisio Ridruejo, escritor y pol\u00edtico espa\u00f1ol.<\/p>\n\n\n\n<p>1918.- Francisco Javier Sa\u00e9nz de Oiza, arquitecto espa\u00f1ol.<\/p>\n\n\n\n<p>1934.- Richard Alan Meier, arquitecto estadounidense.<\/p>\n\n\n\n<p>1935.- Luciano Pavarotti, tenor italiano.<\/p>\n\n\n\n<p>1941.- Jos\u00e9 Mar\u00eda Gonz\u00e1lez Sinde, productor y director de cine espa\u00f1ol.<\/p>\n\n\n\n<p>1949.- Ilich Ram\u00edrez S\u00e1nchez, terrorista venezolano conocido por &#8220;Carlos&#8221; o &#8220;Chacal&#8221;.<\/p>\n\n\n\n<p>1952.- Jos\u00e9 Luis Turina, compositor espa\u00f1ol, nieto de Joaqu\u00edn Turina.<\/p>\n\n\n\n<p>1968.- Hugh Jackman, actor australiano.<\/p>\n\n\n\n<h2 class=\"wp-block-heading\">DEFUNCIONES<\/h2>\n\n\n\n<p>1492.- Piero della Francesca, pintor italiano.<\/p>\n\n\n\n<p>1869.- Juli\u00e1n Sanz del R\u00edo, fil\u00f3sofo espa\u00f1ol.<\/p>\n\n\n\n<p>1870.- Robert Edward Lee, &#8220;General Lee&#8221;, militar estadounidense.<\/p>\n\n\n\n<p>1924.- Anatole France, escritor franc\u00e9s.<\/p>\n\n\n\n<p>1997.- John Denver, cantante &#8220;country&#8221; estadounidense.<\/p>\n\n\n\n<p>2002.- Ray Conniff, compositor y director de orquesta estadounidense.<\/p>\n\n\n\n<p>2007.- Carlos Victoria, escritor cubano.<\/p>\n\n\n\n<p>&#8211; Manuela Vargas, bailaora espa\u00f1ola.<\/p>\n\n\n\n<p>2013.- \u00d3scar Hijuelos, escritor estadounidense de origen cubano, ganador del Pulitzer.<\/p>\n\n\n\n<p>2015.- Manuel Fern\u00e1ndez Mota, poeta espa\u00f1ol.<\/p>\n\n\n\n<p>2020.- Conchata Ferrell, actriz estadounidense.<\/p>\n\n\n\n<p>2021.- Emiliano Aguirre, paleont\u00f3logo espa\u00f1ol, el &#8220;padre&#8221; de los yacimientos de Atapuerca.<\/p>\n\n\n\n<h2 class=\"wp-block-heading\">\u00bfQu\u00e9 pasaba en M\u00e9xico?<\/h2>\n\n\n\n<p>1925.- Inauguraci\u00f3n de la Universidad mexicana de Guadalajara.<\/p>\n\n\n\n<p>1968: Se inauguran los XIX Juegos Ol\u00edmpicos, en la Ciudad de M\u00e9xico.<\/p>\n\n\n\n<h2 class=\"wp-block-heading\">\u00bfQu\u00e9 se celebra hoy, 12 de octubre?<\/h2>\n\n\n\n<ul class=\"wp-block-list\"><li>D\u00eda de la Raza<\/li><li>D\u00eda Mundial de la Artritis Reumatoide<\/li><li>D\u00eda Internacional contra la Gesti\u00f3n Digital de Restricciones (DRM)<\/li><\/ul>\n","protected":false},"excerpt":{"rendered":"<p>Por Redacci\u00f3n QP Nacimientos, sucesos pol\u00edticos y tragedias hist\u00f3ricas\u00a0son hechos que acontecieron un 12\u00a0de octubre,&#8230;<\/p>\n","protected":false},"author":2,"featured_media":96219,"comment_status":"open","ping_status":"open","sticky":false,"template":"","format":"standard","meta":{"_monsterinsights_skip_tracking":false,"_monsterinsights_sitenote_active":false,"_monsterinsights_sitenote_note":"","_monsterinsights_sitenote_category":0,"footnotes":""},"categories":[56],"tags":[],"class_list":["post-96218","post","type-post","status-publish","format-standard","has-post-thumbnail","hentry","category-economia"],"yoast_head":"<!-- This site is optimized with the Yoast SEO plugin v27.3 - https:\/\/yoast.com\/product\/yoast-seo-wordpress\/ -->\n<title>\u00bfQu\u00e9 se conmemora hoy, 12 de octubre?\u00a0 -<\/title>\n<meta name=\"robots\" content=\"index, follow, max-snippet:-1, max-image-preview:large, max-video-preview:-1\" \/>\n<link rel=\"canonical\" href=\"https:\/\/quehacerpolitico.mx\/?p=96218\" \/>\n<meta property=\"og:locale\" content=\"es_MX\" \/>\n<meta property=\"og:type\" content=\"article\" \/>\n<meta property=\"og:title\" content=\"\u00bfQu\u00e9 se conmemora hoy, 12 de octubre?\u00a0 -\" \/>\n<meta property=\"og:description\" content=\"Por Redacci\u00f3n QP Nacimientos, sucesos pol\u00edticos y tragedias hist\u00f3ricas\u00a0son hechos que acontecieron un 12\u00a0de octubre,...\" \/>\n<meta property=\"og:url\" content=\"https:\/\/quehacerpolitico.mx\/?p=96218\" \/>\n<meta property=\"article:published_time\" content=\"2022-10-12T17:18:48+00:00\" \/>\n<meta property=\"article:modified_time\" content=\"2022-10-12T17:18:52+00:00\" \/>\n<meta property=\"og:image\" content=\"https:\/\/quehacerpolitico.mx\/wp-content\/uploads\/2022\/10\/53C7B4F1-2036-4E69-9252-B4FF7E2B1942.jpeg\" \/>\n\t<meta property=\"og:image:width\" content=\"739\" \/>\n\t<meta property=\"og:image:height\" content=\"415\" \/>\n\t<meta property=\"og:image:type\" content=\"image\/jpeg\" \/>\n<meta name=\"author\" content=\"Redacci\u00f3n QP\" \/>\n<meta name=\"twitter:card\" content=\"summary_large_image\" \/>\n<meta name=\"twitter:label1\" content=\"Escrito por\" \/>\n\t<meta name=\"twitter:data1\" content=\"Redacci\u00f3n QP\" \/>\n\t<meta name=\"twitter:label2\" content=\"Tiempo de lectura\" \/>\n\t<meta name=\"twitter:data2\" content=\"3 minutos\" \/>\n<script type=\"application\/ld+json\" class=\"yoast-schema-graph\">{\"@context\":\"https:\\\/\\\/schema.org\",\"@graph\":[{\"@type\":\"Article\",\"@id\":\"https:\\\/\\\/quehacerpolitico.mx\\\/?p=96218#article\",\"isPartOf\":{\"@id\":\"https:\\\/\\\/quehacerpolitico.mx\\\/?p=96218\"},\"author\":{\"name\":\"Redacci\u00f3n QP\",\"@id\":\"https:\\\/\\\/quehacerpolitico.mx\\\/#\\\/schema\\\/person\\\/496d8ad2d1d3f8036101dca7ee39e585\"},\"headline\":\"\u00bfQu\u00e9 se conmemora hoy, 12 de octubre?\u00a0\",\"datePublished\":\"2022-10-12T17:18:48+00:00\",\"dateModified\":\"2022-10-12T17:18:52+00:00\",\"mainEntityOfPage\":{\"@id\":\"https:\\\/\\\/quehacerpolitico.mx\\\/?p=96218\"},\"wordCount\":699,\"commentCount\":0,\"image\":{\"@id\":\"https:\\\/\\\/quehacerpolitico.mx\\\/?p=96218#primaryimage\"},\"thumbnailUrl\":\"https:\\\/\\\/quehacerpolitico.mx\\\/wp-content\\\/uploads\\\/2022\\\/10\\\/53C7B4F1-2036-4E69-9252-B4FF7E2B1942.jpeg\",\"articleSection\":[\"Econom\u00eda\"],\"inLanguage\":\"es\",\"potentialAction\":[{\"@type\":\"CommentAction\",\"name\":\"Comment\",\"target\":[\"https:\\\/\\\/quehacerpolitico.mx\\\/?p=96218#respond\"]}]},{\"@type\":\"WebPage\",\"@id\":\"https:\\\/\\\/quehacerpolitico.mx\\\/?p=96218\",\"url\":\"https:\\\/\\\/quehacerpolitico.mx\\\/?p=96218\",\"name\":\"\u00bfQu\u00e9 se conmemora hoy, 12 de octubre?\u00a0 -\",\"isPartOf\":{\"@id\":\"https:\\\/\\\/quehacerpolitico.mx\\\/#website\"},\"primaryImageOfPage\":{\"@id\":\"https:\\\/\\\/quehacerpolitico.mx\\\/?p=96218#primaryimage\"},\"image\":{\"@id\":\"https:\\\/\\\/quehacerpolitico.mx\\\/?p=96218#primaryimage\"},\"thumbnailUrl\":\"https:\\\/\\\/quehacerpolitico.mx\\\/wp-content\\\/uploads\\\/2022\\\/10\\\/53C7B4F1-2036-4E69-9252-B4FF7E2B1942.jpeg\",\"datePublished\":\"2022-10-12T17:18:48+00:00\",\"dateModified\":\"2022-10-12T17:18:52+00:00\",\"author\":{\"@id\":\"https:\\\/\\\/quehacerpolitico.mx\\\/#\\\/schema\\\/person\\\/496d8ad2d1d3f8036101dca7ee39e585\"},\"breadcrumb\":{\"@id\":\"https:\\\/\\\/quehacerpolitico.mx\\\/?p=96218#breadcrumb\"},\"inLanguage\":\"es\",\"potentialAction\":[{\"@type\":\"ReadAction\",\"target\":[\"https:\\\/\\\/quehacerpolitico.mx\\\/?p=96218\"]}]},{\"@type\":\"ImageObject\",\"inLanguage\":\"es\",\"@id\":\"https:\\\/\\\/quehacerpolitico.mx\\\/?p=96218#primaryimage\",\"url\":\"https:\\\/\\\/quehacerpolitico.mx\\\/wp-content\\\/uploads\\\/2022\\\/10\\\/53C7B4F1-2036-4E69-9252-B4FF7E2B1942.jpeg\",\"contentUrl\":\"https:\\\/\\\/quehacerpolitico.mx\\\/wp-content\\\/uploads\\\/2022\\\/10\\\/53C7B4F1-2036-4E69-9252-B4FF7E2B1942.jpeg\",\"width\":739,\"height\":415},{\"@type\":\"BreadcrumbList\",\"@id\":\"https:\\\/\\\/quehacerpolitico.mx\\\/?p=96218#breadcrumb\",\"itemListElement\":[{\"@type\":\"ListItem\",\"position\":1,\"name\":\"Inicio\",\"item\":\"https:\\\/\\\/quehacerpolitico.mx\\\/\"},{\"@type\":\"ListItem\",\"position\":2,\"name\":\"\u00bfQu\u00e9 se conmemora hoy, 12 de octubre?\u00a0\"}]},{\"@type\":\"WebSite\",\"@id\":\"https:\\\/\\\/quehacerpolitico.mx\\\/#website\",\"url\":\"https:\\\/\\\/quehacerpolitico.mx\\\/\",\"name\":\"\",\"description\":\"\",\"potentialAction\":[{\"@type\":\"SearchAction\",\"target\":{\"@type\":\"EntryPoint\",\"urlTemplate\":\"https:\\\/\\\/quehacerpolitico.mx\\\/?s={search_term_string}\"},\"query-input\":{\"@type\":\"PropertyValueSpecification\",\"valueRequired\":true,\"valueName\":\"search_term_string\"}}],\"inLanguage\":\"es\"},{\"@type\":\"Person\",\"@id\":\"https:\\\/\\\/quehacerpolitico.mx\\\/#\\\/schema\\\/person\\\/496d8ad2d1d3f8036101dca7ee39e585\",\"name\":\"Redacci\u00f3n QP\",\"image\":{\"@type\":\"ImageObject\",\"inLanguage\":\"es\",\"@id\":\"https:\\\/\\\/secure.gravatar.com\\\/avatar\\\/c7164ed6fdec453195284ad24a5ae5b6e1eed2b848477fa2a4787ba9adf39a41?s=96&d=mm&r=g\",\"url\":\"https:\\\/\\\/secure.gravatar.com\\\/avatar\\\/c7164ed6fdec453195284ad24a5ae5b6e1eed2b848477fa2a4787ba9adf39a41?s=96&d=mm&r=g\",\"contentUrl\":\"https:\\\/\\\/secure.gravatar.com\\\/avatar\\\/c7164ed6fdec453195284ad24a5ae5b6e1eed2b848477fa2a4787ba9adf39a41?s=96&d=mm&r=g\",\"caption\":\"Redacci\u00f3n QP\"},\"url\":\"https:\\\/\\\/quehacerpolitico.mx\\\/?author=2\"}]}<\/script>\n<!-- \/ Yoast SEO plugin. -->","yoast_head_json":{"title":"\u00bfQu\u00e9 se conmemora hoy, 12 de octubre?\u00a0 -","robots":{"index":"index","follow":"follow","max-snippet":"max-snippet:-1","max-image-preview":"max-image-preview:large","max-video-preview":"max-video-preview:-1"},"canonical":"https:\/\/quehacerpolitico.mx\/?p=96218","og_locale":"es_MX","og_type":"article","og_title":"\u00bfQu\u00e9 se conmemora hoy, 12 de octubre?\u00a0 -","og_description":"Por Redacci\u00f3n QP Nacimientos, sucesos pol\u00edticos y tragedias hist\u00f3ricas\u00a0son hechos que acontecieron un 12\u00a0de octubre,...","og_url":"https:\/\/quehacerpolitico.mx\/?p=96218","article_published_time":"2022-10-12T17:18:48+00:00","article_modified_time":"2022-10-12T17:18:52+00:00","og_image":[{"width":739,"height":415,"url":"https:\/\/quehacerpolitico.mx\/wp-content\/uploads\/2022\/10\/53C7B4F1-2036-4E69-9252-B4FF7E2B1942.jpeg","type":"image\/jpeg"}],"author":"Redacci\u00f3n QP","twitter_card":"summary_large_image","twitter_misc":{"Escrito por":"Redacci\u00f3n QP","Tiempo de lectura":"3 minutos"},"schema":{"@context":"https:\/\/schema.org","@graph":[{"@type":"Article","@id":"https:\/\/quehacerpolitico.mx\/?p=96218#article","isPartOf":{"@id":"https:\/\/quehacerpolitico.mx\/?p=96218"},"author":{"name":"Redacci\u00f3n QP","@id":"https:\/\/quehacerpolitico.mx\/#\/schema\/person\/496d8ad2d1d3f8036101dca7ee39e585"},"headline":"\u00bfQu\u00e9 se conmemora hoy, 12 de octubre?\u00a0","datePublished":"2022-10-12T17:18:48+00:00","dateModified":"2022-10-12T17:18:52+00:00","mainEntityOfPage":{"@id":"https:\/\/quehacerpolitico.mx\/?p=96218"},"wordCount":699,"commentCount":0,"image":{"@id":"https:\/\/quehacerpolitico.mx\/?p=96218#primaryimage"},"thumbnailUrl":"https:\/\/quehacerpolitico.mx\/wp-content\/uploads\/2022\/10\/53C7B4F1-2036-4E69-9252-B4FF7E2B1942.jpeg","articleSection":["Econom\u00eda"],"inLanguage":"es","potentialAction":[{"@type":"CommentAction","name":"Comment","target":["https:\/\/quehacerpolitico.mx\/?p=96218#respond"]}]},{"@type":"WebPage","@id":"https:\/\/quehacerpolitico.mx\/?p=96218","url":"https:\/\/quehacerpolitico.mx\/?p=96218","name":"\u00bfQu\u00e9 se conmemora hoy, 12 de octubre?\u00a0 -","isPartOf":{"@id":"https:\/\/quehacerpolitico.mx\/#website"},"primaryImageOfPage":{"@id":"https:\/\/quehacerpolitico.mx\/?p=96218#primaryimage"},"image":{"@id":"https:\/\/quehacerpolitico.mx\/?p=96218#primaryimage"},"thumbnailUrl":"https:\/\/quehacerpolitico.mx\/wp-content\/uploads\/2022\/10\/53C7B4F1-2036-4E69-9252-B4FF7E2B1942.jpeg","datePublished":"2022-10-12T17:18:48+00:00","dateModified":"2022-10-12T17:18:52+00:00","author":{"@id":"https:\/\/quehacerpolitico.mx\/#\/schema\/person\/496d8ad2d1d3f8036101dca7ee39e585"},"breadcrumb":{"@id":"https:\/\/quehacerpolitico.mx\/?p=96218#breadcrumb"},"inLanguage":"es","potentialAction":[{"@type":"ReadAction","target":["https:\/\/quehacerpolitico.mx\/?p=96218"]}]},{"@type":"ImageObject","inLanguage":"es","@id":"https:\/\/quehacerpolitico.mx\/?p=96218#primaryimage","url":"https:\/\/quehacerpolitico.mx\/wp-content\/uploads\/2022\/10\/53C7B4F1-2036-4E69-9252-B4FF7E2B1942.jpeg","contentUrl":"https:\/\/quehacerpolitico.mx\/wp-content\/uploads\/2022\/10\/53C7B4F1-2036-4E69-9252-B4FF7E2B1942.jpeg","width":739,"height":415},{"@type":"BreadcrumbList","@id":"https:\/\/quehacerpolitico.mx\/?p=96218#breadcrumb","itemListElement":[{"@type":"ListItem","position":1,"name":"Inicio","item":"https:\/\/quehacerpolitico.mx\/"},{"@type":"ListItem","position":2,"name":"\u00bfQu\u00e9 se conmemora hoy, 12 de octubre?\u00a0"}]},{"@type":"WebSite","@id":"https:\/\/quehacerpolitico.mx\/#website","url":"https:\/\/quehacerpolitico.mx\/","name":"","description":"","potentialAction":[{"@type":"SearchAction","target":{"@type":"EntryPoint","urlTemplate":"https:\/\/quehacerpolitico.mx\/?s={search_term_string}"},"query-input":{"@type":"PropertyValueSpecification","valueRequired":true,"valueName":"search_term_string"}}],"inLanguage":"es"},{"@type":"Person","@id":"https:\/\/quehacerpolitico.mx\/#\/schema\/person\/496d8ad2d1d3f8036101dca7ee39e585","name":"Redacci\u00f3n QP","image":{"@type":"ImageObject","inLanguage":"es","@id":"https:\/\/secure.gravatar.com\/avatar\/c7164ed6fdec453195284ad24a5ae5b6e1eed2b848477fa2a4787ba9adf39a41?s=96&d=mm&r=g","url":"https:\/\/secure.gravatar.com\/avatar\/c7164ed6fdec453195284ad24a5ae5b6e1eed2b848477fa2a4787ba9adf39a41?s=96&d=mm&r=g","contentUrl":"https:\/\/secure.gravatar.com\/avatar\/c7164ed6fdec453195284ad24a5ae5b6e1eed2b848477fa2a4787ba9adf39a41?s=96&d=mm&r=g","caption":"Redacci\u00f3n QP"},"url":"https:\/\/quehacerpolitico.mx\/?author=2"}]}},"featured_image_urls":{"full":["https:\/\/quehacerpolitico.mx\/wp-content\/uploads\/2022\/10\/53C7B4F1-2036-4E69-9252-B4FF7E2B1942.jpeg",739,415,false],"thumbnail":["https:\/\/quehacerpolitico.mx\/wp-content\/uploads\/2022\/10\/53C7B4F1-2036-4E69-9252-B4FF7E2B1942-150x150.jpeg",150,150,true],"medium":["https:\/\/quehacerpolitico.mx\/wp-content\/uploads\/2022\/10\/53C7B4F1-2036-4E69-9252-B4FF7E2B1942-300x168.jpeg",300,168,true],"medium_large":["https:\/\/quehacerpolitico.mx\/wp-content\/uploads\/2022\/10\/53C7B4F1-2036-4E69-9252-B4FF7E2B1942.jpeg",640,359,false],"large":["https:\/\/quehacerpolitico.mx\/wp-content\/uploads\/2022\/10\/53C7B4F1-2036-4E69-9252-B4FF7E2B1942.jpeg",640,359,false],"1536x1536":["https:\/\/quehacerpolitico.mx\/wp-content\/uploads\/2022\/10\/53C7B4F1-2036-4E69-9252-B4FF7E2B1942.jpeg",739,415,false],"2048x2048":["https:\/\/quehacerpolitico.mx\/wp-content\/uploads\/2022\/10\/53C7B4F1-2036-4E69-9252-B4FF7E2B1942.jpeg",739,415,false],"covernews-featured":["https:\/\/quehacerpolitico.mx\/wp-content\/uploads\/2022\/10\/53C7B4F1-2036-4E69-9252-B4FF7E2B1942.jpeg",739,415,false],"covernews-medium":["https:\/\/quehacerpolitico.mx\/wp-content\/uploads\/2022\/10\/53C7B4F1-2036-4E69-9252-B4FF7E2B1942.jpeg",540,303,false]},"author_info":{"display_name":"Redacci\u00f3n QP","author_link":"https:\/\/quehacerpolitico.mx\/?author=2"},"category_info":"<a href=\"https:\/\/quehacerpolitico.mx\/?cat=56\" rel=\"category\">Econom\u00eda<\/a>","tag_info":"Econom\u00eda","comment_count":"0","_links":{"self":[{"href":"https:\/\/quehacerpolitico.mx\/index.php?rest_route=\/wp\/v2\/posts\/96218","targetHints":{"allow":["GET"]}}],"collection":[{"href":"https:\/\/quehacerpolitico.mx\/index.php?rest_route=\/wp\/v2\/posts"}],"about":[{"href":"https:\/\/quehacerpolitico.mx\/index.php?rest_route=\/wp\/v2\/types\/post"}],"author":[{"embeddable":true,"href":"https:\/\/quehacerpolitico.mx\/index.php?rest_route=\/wp\/v2\/users\/2"}],"replies":[{"embeddable":true,"href":"https:\/\/quehacerpolitico.mx\/index.php?rest_route=%2Fwp%2Fv2%2Fcomments&post=96218"}],"version-history":[{"count":1,"href":"https:\/\/quehacerpolitico.mx\/index.php?rest_route=\/wp\/v2\/posts\/96218\/revisions"}],"predecessor-version":[{"id":96220,"href":"https:\/\/quehacerpolitico.mx\/index.php?rest_route=\/wp\/v2\/posts\/96218\/revisions\/96220"}],"wp:featuredmedia":[{"embeddable":true,"href":"https:\/\/quehacerpolitico.mx\/index.php?rest_route=\/wp\/v2\/media\/96219"}],"wp:attachment":[{"href":"https:\/\/quehacerpolitico.mx\/index.php?rest_route=%2Fwp%2Fv2%2Fmedia&parent=96218"}],"wp:term":[{"taxonomy":"category","embeddable":true,"href":"https:\/\/quehacerpolitico.mx\/index.php?rest_route=%2Fwp%2Fv2%2Fcategories&post=96218"},{"taxonomy":"post_tag","embeddable":true,"href":"https:\/\/quehacerpolitico.mx\/index.php?rest_route=%2Fwp%2Fv2%2Ftags&post=96218"}],"curies":[{"name":"wp","href":"https:\/\/api.w.org\/{rel}","templated":true}]}}