{"id":96215,"date":"2022-10-12T17:04:20","date_gmt":"2022-10-12T17:04:20","guid":{"rendered":"https:\/\/quehacerpolitico.mx\/?p=96215"},"modified":"2022-10-12T17:04:23","modified_gmt":"2022-10-12T17:04:23","slug":"como-afecta-si-la-economia-crece-en-menor-medida-en-2023","status":"publish","type":"post","link":"https:\/\/quehacerpolitico.mx\/?p=96215","title":{"rendered":"\u00bfC\u00f3mo afecta si la econom\u00eda crece en menor medida en 2023?\u00a0"},"content":{"rendered":"\n<p>Por Redacci\u00f3n QP<\/p>\n\n\n\n<p>Prev\u00e9n menos proyectos econ\u00f3micos y habr\u00eda recorte de personal en algunos casos<\/p>\n\n\n\n<p>La perspectiva econ\u00f3mica para el a\u00f1o que viene en M\u00e9xico no es muy alentadora. Luego del profundo bache que represent\u00f3 la crisis generada por la pandemia, la actividad productiva ven\u00eda recuper\u00e1ndose paulatinamente, sin embargo, el dif\u00edcil contexto mundial y la inflaci\u00f3n han empa\u00f1ado el escenario para 2023.<\/p>\n\n\n\n<p>Para el pr\u00f3ximo a\u00f1o&nbsp;<strong>se espera que el dinamismo de la econom\u00eda sea menor al de este a\u00f1o<\/strong>, lo que tendr\u00e1 varias repercusiones para los negocios, los emprendedores, los trabajadores, las familias y para la poblaci\u00f3n en general.<\/p>\n\n\n\n<p>El que la econom\u00eda crezca menos implica que la actividad empresarial en el pa\u00eds ser\u00e1 menor por lo que sus ingresos tender\u00e1n a disminuir.\u00a0Esto significa que no contar\u00e1n con recursos suficientes para echar a andar nuevos proyectos, ampliar su actividad o contratar m\u00e1s personal e incluso podr\u00eda haber recortes en la plantilla laboral.<\/p>\n\n\n\n<p>Lo anterior tiene mayor impacto en los peque\u00f1os y micro negocios que cuentan con menores capacidades para superar la contracci\u00f3n del mercado. Lo anterior es de llamar la atenci\u00f3n si tomamos en cuenta que este tipo de empresas&nbsp;<strong>son responsables de m\u00e1s de 70% del empleo en el pa\u00eds<\/strong>.<\/p>\n\n\n\n<h4 class=\"wp-block-heading\"><strong>Menos empleos de calidad y m\u00e1s informalidad<\/strong><\/h4>\n\n\n\n<p>En este contexto,\u00a0la econom\u00eda tendr\u00e1 una menor capacidad de generar empleos de calidad, con prestaciones y salarios suficientes, por lo que los ingresos laborales podr\u00edan ser m\u00e1s precarios de lo que son actualmente.<\/p>\n\n\n\n<p>Con la menor oportunidad de empleos formales tender\u00edan a aumentar los empleos informales y la desocupaci\u00f3n, lo que<strong>&nbsp;impacta en el ingreso familiar con una menor capacidad para cubrir sus necesidades<\/strong>. Lo anterior es especialmente grave en un contexto de alta inflaci\u00f3n como la que se estima que todav\u00eda vamos a padecer el a\u00f1o entrante.<\/p>\n\n\n\n<p>Los menores ingresos y capacidad de compra de las familias reducir\u00e1n la demanda de bienes y servicios, lo que agudizar\u00e1 el menor dinamismo de empresas y negocios.<\/p>\n\n\n\n<h4 class=\"wp-block-heading\"><strong>Bajo crecimiento nacional<\/strong><\/h4>\n\n\n\n<p>El Fondo Monetario Internacional ajust\u00f3 el pron\u00f3stico de crecimiento para M\u00e9xico para este a\u00f1o y mantuvo sin cambio el correspondiente a 2023.\u00a0La pandemia que persiste por COVID-19 est\u00e1 pesando mucho sobre las perspectivas. Para la econom\u00eda de Estados Unidos, el FMI espera un crecimiento de 1.6% para el presente a\u00f1o, y de 1% para el siguiente. Las econom\u00edas de Alemania e Italia aparecen como las \u00fanicas con una contracci\u00f3n. \u00a0 \u00a0 \u00a0 \u00a0 \u00a0 \u00a0 \u00a0 \u00a0 \u00a0 \u00a0 \u00a0 \u00a0 \u00a0 \u00a0 \u00a0 \u00a0 \u00a0 \u00a0 \u00a0 \u00a0 \u00a0 \u00a0 \u00a0 \u00a0 \u00a0 \u00a0 \u00a0 \u00a0 \u00a0 \u00a0 \u00a0 \u00a0 \u00a0 \u00a0 \u00a0 \u00a0 \u00a0 \u00a0 \u00a0 \u00a0 \u00a0 \u00a0 \u00a0 \u00a0 \u00a0 \u00a0 \u00a0 \u00a0 \u00a0 \u00a0 \u00a0 \u00a0 \u00a0 \u00a0 \u00a0 \u00a0 \u00a0 \u00a0 \u00a0 \u00a0 \u00a0 \u00a0 \u00a0 \u00a0 \u00a0 \u00a0 \u00a0 \u00a0 \u00a0 \u00a0 \u00a0 \u00a0 \u00a0 \u00a0 \u00a0 \u00a0 \u00a0 \u00a0 \u00a0 \u00a0 \u00a0 \u00a0 \u00a0 \u00a0 \u00a0 \u00a0 \u00a0 \u00a0 \u00a0 \u00a0 \u00a0 \u00a0 \u00a0 \u00a0 \u00a0 \u00a0 \u00a0 \u00a0 \u00a0 \u00a0 \u00a0 \u00a0 \u00a0 \u00a0 \u00a0 \u00a0 \u00a0 \u00a0 \u00a0 \u00a0 \u00a0 \u00a0 \u00a0 \u00a0 \u00a0 \u00a0 \u00a0 \u00a0 \u00a0 \u00a0<\/p>\n\n\n\n<h4 class=\"wp-block-heading\"><strong>Claves<br>FMI ajusta a la&nbsp;baja PIB de M\u00e9xico<\/strong><\/h4>\n\n\n\n<ul class=\"wp-block-list\"><li><strong>Crisis&nbsp;<\/strong>&#8211; El Fondo Monetario Internacional (FMI) advirti\u00f3 que las econom\u00edas de todo el mundo padecer\u00e1n una crisis en el costo de la vida por la alta inflaci\u00f3n, los efectos de la guerra en Ucrania y la persistente pandemia de COVID-19.<\/li><li><strong>M\u00e9xico<\/strong>&nbsp;&#8211; Respecto a sus previsiones para nuestro pa\u00eds, para el 2022 pas\u00f3 de 2.4% que preve\u00eda en julio a 2.1% en la actualizaci\u00f3n del reporte de Expectativas Econ\u00f3micas Mundiales que dio a conocer ayer en el arranque de la reuni\u00f3n anual del FMI y el Banco Mundial.<\/li><li><strong>Estancado<\/strong>&nbsp;&#8211; Mientras que para el Producto Interno Bruto nacional del siguiente a\u00f1o ve un estancamiento al conservar su estimaci\u00f3n de 1.2% para nuestro pa\u00eds, mismo que consider\u00f3 hace tres meses.<\/li><li><strong>Retos<\/strong>&nbsp;&#8211; En el documento titulado \u201cPerspectivas de la econom\u00eda mundial, de octubre del 2022: Contrarrestando la crisis del costo de la vida\u201d, advirti\u00f3 que en el plano global estamos experimentando una serie de desaf\u00edos turbulentos.<\/li><li><strong>Global<\/strong>&nbsp;&#8211; Lo anterior debido a una inflaci\u00f3n que no se ve\u00eda en varias d\u00e9cadas que est\u00e1 endureciendo las condiciones financieras en la mayor\u00eda de las regiones.<\/li><li><strong>Expectativa<\/strong>&nbsp;&#8211; As\u00ed est\u00e1 anticipando que el crecimiento mundial para el 2022 se estancar\u00e1 al mantener su expectativa en 3.2%, y recortar de 2.9% a 2.7% el PIB mundial para el 2023.<\/li><li><strong>Abajo<\/strong>&nbsp;&#8211; Este es el perfil de crecimiento m\u00e1s d\u00e9bil desde 2001, destac\u00f3, excepto por la crisis financiera mundial y la aguda fase de la pandemia por COVID-19.<\/li><li><strong>Aumenta<\/strong>&nbsp;&#8211; Refleja desaceleraci\u00f3n significativa para las econom\u00edas m\u00e1s grandes, alert\u00f3, ya que se espera una contracci\u00f3n del PIB de Estados Unidos en el primer semestre y bloqueos en China con una creciente crisis del sector inmobiliario.<br>&nbsp;<\/li><\/ul>\n\n\n\n<h4 class=\"wp-block-heading\"><strong>Tel\u00f3n de fondo<\/strong><\/h4>\n\n\n\n<h4 class=\"wp-block-heading\"><strong>Desaceleran las grandes econom\u00edas del mundo&nbsp;<\/strong><\/h4>\n\n\n\n<p>Las principales econom\u00edas del mundo registran una desaceleraci\u00f3n, resultado de la inflaci\u00f3n, incremento de las tasas de inter\u00e9s y de la ca\u00edda de los mercados burs\u00e1tiles, dijo la Organizaci\u00f3n para la Cooperaci\u00f3n y el Desarrollo Econ\u00f3micos (OCDE).<\/p>\n\n\n\n<p>Todo esto tiene que ver con la persistencia de incertidumbre por el impacto de la guerra en Ucrania, lo que genera volatilidad en los mercados energ\u00e9ticos, adem\u00e1s de que a\u00fan sigue la pandemia de COVID-19, todo genera fluctuaciones en el comportamiento de las econom\u00edas.<\/p>\n\n\n\n<figure class=\"wp-block-image\"><img decoding=\"async\" src=\"https:\/\/www.informador.mx\/__export\/1665566750279\/sites\/elinformador\/img\/2022\/10\/12\/imagen_imagen_rs842962_age-2020-06-26-20-21-74_cmyk.jpg_560477824.jpg\" alt=\"\"\/><figcaption>La pandemia de COVID-19 y el conflicto en Ucrania afectan la actividad financiera de pr\u00e1cticamente todo el planeta. EL INFORMADOR\/ Archivo&nbsp;<\/figcaption><\/figure>\n\n\n\n<p>El organismo dijo que de acuerdo con los Indicadores L\u00edderes Compuestos al mes de septiembre de 2022&nbsp;<strong>se observa una ca\u00edda en el crecimiento en las econom\u00edas m\u00e1s fuertes del mundo<\/strong>.<\/p>\n\n\n\n<p>Por ejemplo, en Estados Unidos, Canad\u00e1, Reino Unido, as\u00ed como en algunos pa\u00edses de la zona euro como son Francia, Alemania e Italia. Mientras que en Jap\u00f3n se anticipa un crecimiento estable.<\/p>\n\n\n\n<p>Entre las econom\u00edas emergentes m\u00e1s grandes se registraron una p\u00e9rdida del momento de crecimiento, como lo es en China y Brasil, mientras que India mantiene una estabilidad en su actividad productiva.<\/p>\n\n\n\n<p>Todo esto tiene que ver con la persistencia de incertidumbre por el impacto de la guerra en Ucrania, lo que genera volatilidad en los mercados energ\u00e9ticos, adem\u00e1s de que a\u00fan sigue la pandemia de&nbsp;COVID-19, todo lo cual genera fluctuaciones en el comportamiento de las econom\u00edas.<\/p>\n\n\n\n<p>En el m\u00e1s reciente estudio econ\u00f3mico del organismo, de septiembre de 2022,&nbsp;<strong>se estim\u00f3 un crecimiento para M\u00e9xico de 1.5% en 2023 y de 2.1% para este a\u00f1o<\/strong>. &nbsp; &nbsp; &nbsp; &nbsp; &nbsp; &nbsp; &nbsp;<\/p>\n","protected":false},"excerpt":{"rendered":"<p>Por Redacci\u00f3n QP Prev\u00e9n menos proyectos econ\u00f3micos y habr\u00eda recorte de personal en algunos casos&#8230;<\/p>\n","protected":false},"author":2,"featured_media":96216,"comment_status":"open","ping_status":"open","sticky":false,"template":"","format":"standard","meta":{"_monsterinsights_skip_tracking":false,"_monsterinsights_sitenote_active":false,"_monsterinsights_sitenote_note":"","_monsterinsights_sitenote_category":0,"footnotes":""},"categories":[56],"tags":[],"class_list":["post-96215","post","type-post","status-publish","format-standard","has-post-thumbnail","hentry","category-economia"],"yoast_head":"<!-- This site is optimized with the Yoast SEO plugin v27.3 - https:\/\/yoast.com\/product\/yoast-seo-wordpress\/ -->\n<title>\u00bfC\u00f3mo afecta si la econom\u00eda crece en menor medida en 2023?\u00a0 -<\/title>\n<meta name=\"robots\" content=\"index, follow, max-snippet:-1, max-image-preview:large, max-video-preview:-1\" \/>\n<link rel=\"canonical\" href=\"https:\/\/quehacerpolitico.mx\/?p=96215\" \/>\n<meta property=\"og:locale\" content=\"es_MX\" \/>\n<meta property=\"og:type\" content=\"article\" \/>\n<meta property=\"og:title\" content=\"\u00bfC\u00f3mo afecta si la econom\u00eda crece en menor medida en 2023?\u00a0 -\" \/>\n<meta property=\"og:description\" content=\"Por Redacci\u00f3n QP Prev\u00e9n menos proyectos econ\u00f3micos y habr\u00eda recorte de personal en algunos casos...\" \/>\n<meta property=\"og:url\" content=\"https:\/\/quehacerpolitico.mx\/?p=96215\" \/>\n<meta property=\"article:published_time\" content=\"2022-10-12T17:04:20+00:00\" \/>\n<meta property=\"article:modified_time\" content=\"2022-10-12T17:04:23+00:00\" \/>\n<meta property=\"og:image\" content=\"https:\/\/quehacerpolitico.mx\/wp-content\/uploads\/2022\/10\/37EFCDC0-4262-442A-BAFB-0F3A7DCAF633.jpeg\" \/>\n\t<meta property=\"og:image:width\" content=\"715\" \/>\n\t<meta property=\"og:image:height\" content=\"429\" \/>\n\t<meta property=\"og:image:type\" content=\"image\/jpeg\" \/>\n<meta name=\"author\" content=\"Redacci\u00f3n QP\" \/>\n<meta name=\"twitter:card\" content=\"summary_large_image\" \/>\n<meta name=\"twitter:label1\" content=\"Escrito por\" \/>\n\t<meta name=\"twitter:data1\" content=\"Redacci\u00f3n QP\" \/>\n\t<meta name=\"twitter:label2\" content=\"Tiempo de lectura\" \/>\n\t<meta name=\"twitter:data2\" content=\"5 minutos\" \/>\n<script type=\"application\/ld+json\" class=\"yoast-schema-graph\">{\"@context\":\"https:\\\/\\\/schema.org\",\"@graph\":[{\"@type\":\"Article\",\"@id\":\"https:\\\/\\\/quehacerpolitico.mx\\\/?p=96215#article\",\"isPartOf\":{\"@id\":\"https:\\\/\\\/quehacerpolitico.mx\\\/?p=96215\"},\"author\":{\"name\":\"Redacci\u00f3n QP\",\"@id\":\"https:\\\/\\\/quehacerpolitico.mx\\\/#\\\/schema\\\/person\\\/496d8ad2d1d3f8036101dca7ee39e585\"},\"headline\":\"\u00bfC\u00f3mo afecta si la econom\u00eda crece en menor medida en 2023?\u00a0\",\"datePublished\":\"2022-10-12T17:04:20+00:00\",\"dateModified\":\"2022-10-12T17:04:23+00:00\",\"mainEntityOfPage\":{\"@id\":\"https:\\\/\\\/quehacerpolitico.mx\\\/?p=96215\"},\"wordCount\":1085,\"commentCount\":0,\"image\":{\"@id\":\"https:\\\/\\\/quehacerpolitico.mx\\\/?p=96215#primaryimage\"},\"thumbnailUrl\":\"https:\\\/\\\/quehacerpolitico.mx\\\/wp-content\\\/uploads\\\/2022\\\/10\\\/37EFCDC0-4262-442A-BAFB-0F3A7DCAF633.jpeg\",\"articleSection\":[\"Econom\u00eda\"],\"inLanguage\":\"es\",\"potentialAction\":[{\"@type\":\"CommentAction\",\"name\":\"Comment\",\"target\":[\"https:\\\/\\\/quehacerpolitico.mx\\\/?p=96215#respond\"]}]},{\"@type\":\"WebPage\",\"@id\":\"https:\\\/\\\/quehacerpolitico.mx\\\/?p=96215\",\"url\":\"https:\\\/\\\/quehacerpolitico.mx\\\/?p=96215\",\"name\":\"\u00bfC\u00f3mo afecta si la econom\u00eda crece en menor medida en 2023?\u00a0 -\",\"isPartOf\":{\"@id\":\"https:\\\/\\\/quehacerpolitico.mx\\\/#website\"},\"primaryImageOfPage\":{\"@id\":\"https:\\\/\\\/quehacerpolitico.mx\\\/?p=96215#primaryimage\"},\"image\":{\"@id\":\"https:\\\/\\\/quehacerpolitico.mx\\\/?p=96215#primaryimage\"},\"thumbnailUrl\":\"https:\\\/\\\/quehacerpolitico.mx\\\/wp-content\\\/uploads\\\/2022\\\/10\\\/37EFCDC0-4262-442A-BAFB-0F3A7DCAF633.jpeg\",\"datePublished\":\"2022-10-12T17:04:20+00:00\",\"dateModified\":\"2022-10-12T17:04:23+00:00\",\"author\":{\"@id\":\"https:\\\/\\\/quehacerpolitico.mx\\\/#\\\/schema\\\/person\\\/496d8ad2d1d3f8036101dca7ee39e585\"},\"breadcrumb\":{\"@id\":\"https:\\\/\\\/quehacerpolitico.mx\\\/?p=96215#breadcrumb\"},\"inLanguage\":\"es\",\"potentialAction\":[{\"@type\":\"ReadAction\",\"target\":[\"https:\\\/\\\/quehacerpolitico.mx\\\/?p=96215\"]}]},{\"@type\":\"ImageObject\",\"inLanguage\":\"es\",\"@id\":\"https:\\\/\\\/quehacerpolitico.mx\\\/?p=96215#primaryimage\",\"url\":\"https:\\\/\\\/quehacerpolitico.mx\\\/wp-content\\\/uploads\\\/2022\\\/10\\\/37EFCDC0-4262-442A-BAFB-0F3A7DCAF633.jpeg\",\"contentUrl\":\"https:\\\/\\\/quehacerpolitico.mx\\\/wp-content\\\/uploads\\\/2022\\\/10\\\/37EFCDC0-4262-442A-BAFB-0F3A7DCAF633.jpeg\",\"width\":715,\"height\":429},{\"@type\":\"BreadcrumbList\",\"@id\":\"https:\\\/\\\/quehacerpolitico.mx\\\/?p=96215#breadcrumb\",\"itemListElement\":[{\"@type\":\"ListItem\",\"position\":1,\"name\":\"Inicio\",\"item\":\"https:\\\/\\\/quehacerpolitico.mx\\\/\"},{\"@type\":\"ListItem\",\"position\":2,\"name\":\"\u00bfC\u00f3mo afecta si la econom\u00eda crece en menor medida en 2023?\u00a0\"}]},{\"@type\":\"WebSite\",\"@id\":\"https:\\\/\\\/quehacerpolitico.mx\\\/#website\",\"url\":\"https:\\\/\\\/quehacerpolitico.mx\\\/\",\"name\":\"\",\"description\":\"\",\"potentialAction\":[{\"@type\":\"SearchAction\",\"target\":{\"@type\":\"EntryPoint\",\"urlTemplate\":\"https:\\\/\\\/quehacerpolitico.mx\\\/?s={search_term_string}\"},\"query-input\":{\"@type\":\"PropertyValueSpecification\",\"valueRequired\":true,\"valueName\":\"search_term_string\"}}],\"inLanguage\":\"es\"},{\"@type\":\"Person\",\"@id\":\"https:\\\/\\\/quehacerpolitico.mx\\\/#\\\/schema\\\/person\\\/496d8ad2d1d3f8036101dca7ee39e585\",\"name\":\"Redacci\u00f3n QP\",\"image\":{\"@type\":\"ImageObject\",\"inLanguage\":\"es\",\"@id\":\"https:\\\/\\\/secure.gravatar.com\\\/avatar\\\/c7164ed6fdec453195284ad24a5ae5b6e1eed2b848477fa2a4787ba9adf39a41?s=96&d=mm&r=g\",\"url\":\"https:\\\/\\\/secure.gravatar.com\\\/avatar\\\/c7164ed6fdec453195284ad24a5ae5b6e1eed2b848477fa2a4787ba9adf39a41?s=96&d=mm&r=g\",\"contentUrl\":\"https:\\\/\\\/secure.gravatar.com\\\/avatar\\\/c7164ed6fdec453195284ad24a5ae5b6e1eed2b848477fa2a4787ba9adf39a41?s=96&d=mm&r=g\",\"caption\":\"Redacci\u00f3n QP\"},\"url\":\"https:\\\/\\\/quehacerpolitico.mx\\\/?author=2\"}]}<\/script>\n<!-- \/ Yoast SEO plugin. -->","yoast_head_json":{"title":"\u00bfC\u00f3mo afecta si la econom\u00eda crece en menor medida en 2023?\u00a0 -","robots":{"index":"index","follow":"follow","max-snippet":"max-snippet:-1","max-image-preview":"max-image-preview:large","max-video-preview":"max-video-preview:-1"},"canonical":"https:\/\/quehacerpolitico.mx\/?p=96215","og_locale":"es_MX","og_type":"article","og_title":"\u00bfC\u00f3mo afecta si la econom\u00eda crece en menor medida en 2023?\u00a0 -","og_description":"Por Redacci\u00f3n QP Prev\u00e9n menos proyectos econ\u00f3micos y habr\u00eda recorte de personal en algunos casos...","og_url":"https:\/\/quehacerpolitico.mx\/?p=96215","article_published_time":"2022-10-12T17:04:20+00:00","article_modified_time":"2022-10-12T17:04:23+00:00","og_image":[{"width":715,"height":429,"url":"https:\/\/quehacerpolitico.mx\/wp-content\/uploads\/2022\/10\/37EFCDC0-4262-442A-BAFB-0F3A7DCAF633.jpeg","type":"image\/jpeg"}],"author":"Redacci\u00f3n QP","twitter_card":"summary_large_image","twitter_misc":{"Escrito por":"Redacci\u00f3n QP","Tiempo de lectura":"5 minutos"},"schema":{"@context":"https:\/\/schema.org","@graph":[{"@type":"Article","@id":"https:\/\/quehacerpolitico.mx\/?p=96215#article","isPartOf":{"@id":"https:\/\/quehacerpolitico.mx\/?p=96215"},"author":{"name":"Redacci\u00f3n QP","@id":"https:\/\/quehacerpolitico.mx\/#\/schema\/person\/496d8ad2d1d3f8036101dca7ee39e585"},"headline":"\u00bfC\u00f3mo afecta si la econom\u00eda crece en menor medida en 2023?\u00a0","datePublished":"2022-10-12T17:04:20+00:00","dateModified":"2022-10-12T17:04:23+00:00","mainEntityOfPage":{"@id":"https:\/\/quehacerpolitico.mx\/?p=96215"},"wordCount":1085,"commentCount":0,"image":{"@id":"https:\/\/quehacerpolitico.mx\/?p=96215#primaryimage"},"thumbnailUrl":"https:\/\/quehacerpolitico.mx\/wp-content\/uploads\/2022\/10\/37EFCDC0-4262-442A-BAFB-0F3A7DCAF633.jpeg","articleSection":["Econom\u00eda"],"inLanguage":"es","potentialAction":[{"@type":"CommentAction","name":"Comment","target":["https:\/\/quehacerpolitico.mx\/?p=96215#respond"]}]},{"@type":"WebPage","@id":"https:\/\/quehacerpolitico.mx\/?p=96215","url":"https:\/\/quehacerpolitico.mx\/?p=96215","name":"\u00bfC\u00f3mo afecta si la econom\u00eda crece en menor medida en 2023?\u00a0 -","isPartOf":{"@id":"https:\/\/quehacerpolitico.mx\/#website"},"primaryImageOfPage":{"@id":"https:\/\/quehacerpolitico.mx\/?p=96215#primaryimage"},"image":{"@id":"https:\/\/quehacerpolitico.mx\/?p=96215#primaryimage"},"thumbnailUrl":"https:\/\/quehacerpolitico.mx\/wp-content\/uploads\/2022\/10\/37EFCDC0-4262-442A-BAFB-0F3A7DCAF633.jpeg","datePublished":"2022-10-12T17:04:20+00:00","dateModified":"2022-10-12T17:04:23+00:00","author":{"@id":"https:\/\/quehacerpolitico.mx\/#\/schema\/person\/496d8ad2d1d3f8036101dca7ee39e585"},"breadcrumb":{"@id":"https:\/\/quehacerpolitico.mx\/?p=96215#breadcrumb"},"inLanguage":"es","potentialAction":[{"@type":"ReadAction","target":["https:\/\/quehacerpolitico.mx\/?p=96215"]}]},{"@type":"ImageObject","inLanguage":"es","@id":"https:\/\/quehacerpolitico.mx\/?p=96215#primaryimage","url":"https:\/\/quehacerpolitico.mx\/wp-content\/uploads\/2022\/10\/37EFCDC0-4262-442A-BAFB-0F3A7DCAF633.jpeg","contentUrl":"https:\/\/quehacerpolitico.mx\/wp-content\/uploads\/2022\/10\/37EFCDC0-4262-442A-BAFB-0F3A7DCAF633.jpeg","width":715,"height":429},{"@type":"BreadcrumbList","@id":"https:\/\/quehacerpolitico.mx\/?p=96215#breadcrumb","itemListElement":[{"@type":"ListItem","position":1,"name":"Inicio","item":"https:\/\/quehacerpolitico.mx\/"},{"@type":"ListItem","position":2,"name":"\u00bfC\u00f3mo afecta si la econom\u00eda crece en menor medida en 2023?\u00a0"}]},{"@type":"WebSite","@id":"https:\/\/quehacerpolitico.mx\/#website","url":"https:\/\/quehacerpolitico.mx\/","name":"","description":"","potentialAction":[{"@type":"SearchAction","target":{"@type":"EntryPoint","urlTemplate":"https:\/\/quehacerpolitico.mx\/?s={search_term_string}"},"query-input":{"@type":"PropertyValueSpecification","valueRequired":true,"valueName":"search_term_string"}}],"inLanguage":"es"},{"@type":"Person","@id":"https:\/\/quehacerpolitico.mx\/#\/schema\/person\/496d8ad2d1d3f8036101dca7ee39e585","name":"Redacci\u00f3n QP","image":{"@type":"ImageObject","inLanguage":"es","@id":"https:\/\/secure.gravatar.com\/avatar\/c7164ed6fdec453195284ad24a5ae5b6e1eed2b848477fa2a4787ba9adf39a41?s=96&d=mm&r=g","url":"https:\/\/secure.gravatar.com\/avatar\/c7164ed6fdec453195284ad24a5ae5b6e1eed2b848477fa2a4787ba9adf39a41?s=96&d=mm&r=g","contentUrl":"https:\/\/secure.gravatar.com\/avatar\/c7164ed6fdec453195284ad24a5ae5b6e1eed2b848477fa2a4787ba9adf39a41?s=96&d=mm&r=g","caption":"Redacci\u00f3n QP"},"url":"https:\/\/quehacerpolitico.mx\/?author=2"}]}},"featured_image_urls":{"full":["https:\/\/quehacerpolitico.mx\/wp-content\/uploads\/2022\/10\/37EFCDC0-4262-442A-BAFB-0F3A7DCAF633.jpeg",715,429,false],"thumbnail":["https:\/\/quehacerpolitico.mx\/wp-content\/uploads\/2022\/10\/37EFCDC0-4262-442A-BAFB-0F3A7DCAF633-150x150.jpeg",150,150,true],"medium":["https:\/\/quehacerpolitico.mx\/wp-content\/uploads\/2022\/10\/37EFCDC0-4262-442A-BAFB-0F3A7DCAF633-300x180.jpeg",300,180,true],"medium_large":["https:\/\/quehacerpolitico.mx\/wp-content\/uploads\/2022\/10\/37EFCDC0-4262-442A-BAFB-0F3A7DCAF633.jpeg",640,384,false],"large":["https:\/\/quehacerpolitico.mx\/wp-content\/uploads\/2022\/10\/37EFCDC0-4262-442A-BAFB-0F3A7DCAF633.jpeg",640,384,false],"1536x1536":["https:\/\/quehacerpolitico.mx\/wp-content\/uploads\/2022\/10\/37EFCDC0-4262-442A-BAFB-0F3A7DCAF633.jpeg",715,429,false],"2048x2048":["https:\/\/quehacerpolitico.mx\/wp-content\/uploads\/2022\/10\/37EFCDC0-4262-442A-BAFB-0F3A7DCAF633.jpeg",715,429,false],"covernews-featured":["https:\/\/quehacerpolitico.mx\/wp-content\/uploads\/2022\/10\/37EFCDC0-4262-442A-BAFB-0F3A7DCAF633.jpeg",715,429,false],"covernews-medium":["https:\/\/quehacerpolitico.mx\/wp-content\/uploads\/2022\/10\/37EFCDC0-4262-442A-BAFB-0F3A7DCAF633.jpeg",540,324,false]},"author_info":{"display_name":"Redacci\u00f3n QP","author_link":"https:\/\/quehacerpolitico.mx\/?author=2"},"category_info":"<a href=\"https:\/\/quehacerpolitico.mx\/?cat=56\" rel=\"category\">Econom\u00eda<\/a>","tag_info":"Econom\u00eda","comment_count":"0","_links":{"self":[{"href":"https:\/\/quehacerpolitico.mx\/index.php?rest_route=\/wp\/v2\/posts\/96215","targetHints":{"allow":["GET"]}}],"collection":[{"href":"https:\/\/quehacerpolitico.mx\/index.php?rest_route=\/wp\/v2\/posts"}],"about":[{"href":"https:\/\/quehacerpolitico.mx\/index.php?rest_route=\/wp\/v2\/types\/post"}],"author":[{"embeddable":true,"href":"https:\/\/quehacerpolitico.mx\/index.php?rest_route=\/wp\/v2\/users\/2"}],"replies":[{"embeddable":true,"href":"https:\/\/quehacerpolitico.mx\/index.php?rest_route=%2Fwp%2Fv2%2Fcomments&post=96215"}],"version-history":[{"count":1,"href":"https:\/\/quehacerpolitico.mx\/index.php?rest_route=\/wp\/v2\/posts\/96215\/revisions"}],"predecessor-version":[{"id":96217,"href":"https:\/\/quehacerpolitico.mx\/index.php?rest_route=\/wp\/v2\/posts\/96215\/revisions\/96217"}],"wp:featuredmedia":[{"embeddable":true,"href":"https:\/\/quehacerpolitico.mx\/index.php?rest_route=\/wp\/v2\/media\/96216"}],"wp:attachment":[{"href":"https:\/\/quehacerpolitico.mx\/index.php?rest_route=%2Fwp%2Fv2%2Fmedia&parent=96215"}],"wp:term":[{"taxonomy":"category","embeddable":true,"href":"https:\/\/quehacerpolitico.mx\/index.php?rest_route=%2Fwp%2Fv2%2Fcategories&post=96215"},{"taxonomy":"post_tag","embeddable":true,"href":"https:\/\/quehacerpolitico.mx\/index.php?rest_route=%2Fwp%2Fv2%2Ftags&post=96215"}],"curies":[{"name":"wp","href":"https:\/\/api.w.org\/{rel}","templated":true}]}}