{"id":96212,"date":"2022-10-12T16:51:18","date_gmt":"2022-10-12T16:51:18","guid":{"rendered":"https:\/\/quehacerpolitico.mx\/?p=96212"},"modified":"2022-10-12T16:51:22","modified_gmt":"2022-10-12T16:51:22","slug":"yon-de-luisa-sentencia-si-un-jugador-esta-lesionado-no-ira-al-mundial","status":"publish","type":"post","link":"https:\/\/quehacerpolitico.mx\/?p=96212","title":{"rendered":"Yon de Luisa sentencia: Si un jugador est\u00e1 lesionado no ir\u00e1 al Mundial\u00a0"},"content":{"rendered":"\n<p>Por Redacci\u00f3n QP<\/p>\n\n\n\n<p>El presidente de la FMF fue claro al hablar de los jugadores que podr\u00e1n ser convocados por la Selecci\u00f3n Mexicana; esto dijo<\/p>\n\n\n\n<p>El presidente de\u00a0la Federaci\u00f3n Mexicana de Futbol (FMF),\u00a0Yon de Luisa, fue claro al mencionar que ning\u00fan jugador que no est\u00e9 f\u00edsicamente listo asistir\u00e1 al Mundial de Qatar 2022.<\/p>\n\n\n\n<p>Raul Jimenez\u00a0tendr\u00e1 una evaluaci\u00f3n m\u00e9dica de parte de los doctores de la Selecci\u00f3n Mexicana, del Wolverhampton y una cl\u00ednica en Los \u00c1ngeles donde es atendido. Esto ser\u00e1 en quince d\u00edas y\u00a0<strong>si no est\u00e1 listo, se tomar\u00e1n decisiones.<\/strong><\/p>\n\n\n\n<p>Se espera el permiso de Jes\u00fas Manuel Corona para que Sevilla lo preste y venga a recuperarse a M\u00e9xico.<\/p>\n\n\n\n<p>Y H\u00e9ctor Herrera se espera este recuperado para la pr\u00f3xima semana.<\/p>\n\n\n\n<p><strong>&#8220;Ra\u00fal est\u00e1 en M\u00e9xico, el diagn\u00f3stico es pubalgia.<\/strong>Estar\u00e1 15 d\u00edas trabajando en M\u00e9xico y despu\u00e9s se va a hacer otra revisi\u00f3n con los doctores. Aqu\u00ed hay un tri\u00e1ngulo de doctores de la\u00a0<strong>Selecci\u00f3n<\/strong>, Wolves y Los \u00c1ngeles, ah\u00ed tendremos un diagn\u00f3stico m\u00e1s acertado&#8221;, coment\u00f3 el presidente de la\u00a0FMF<\/p>\n\n\n\n<p>En el caso del &#8220;Tecatito&#8221;,&nbsp;<strong>&#8220;sigue su proceso de recuperaci\u00f3n en Sevilla, nuestros m\u00e9dicos est\u00e1n todas las semanas en contacto, las pr\u00f3ximas semanas ser\u00e1n determinantes, sabemos que fue una lesi\u00f3n fuerte&#8221;.<\/strong><\/p>\n\n\n\n<p>Y sobre Herrera coment\u00f3: &#8220;Es un tema muscular y se le dar\u00e1 seguimiento con nuestros m\u00e9dicos&#8221;.<\/p>\n\n\n\n<p>Reiter\u00f3:&nbsp;<strong>&#8220;En el tema de las lesiones, no hay manera de acelerar, cuando est\u00e1, est\u00e1, no hay manera de acelerar,<\/strong>&nbsp;el meterlo y arriesgar la t\u00e1cticamente a un equipo no vale. Primero est\u00e1 la salud de los jugadores. Nadie arriesgar\u00e1 la salud de un jugador por ir al Mundial no la t\u00e1ctica de un equipo&#8221;.<\/p>\n\n\n\n<h2 class=\"wp-block-heading\">El viernes, primer d\u00eda &#8220;D&#8221;, para jugadores, la lista de 55 seleccionados<\/h2>\n\n\n\n<p>El pr\u00f3ximo viernes la Federaci\u00f3n Mexicana de Futbol mandar\u00e1 a la FIFA una lista de 55 futbolistas, de los cuales saldr\u00e1n los 26 que ir\u00e1n a la\u00a0Copa del Mundo de Qatar 2022<\/p>\n\n\n\n<p>Yon de Luisa, presidente de la FMF, fue muy claro al mencionar: &#8220;El primer universo ser\u00e1 de 55 jugadores, es muy importante, porque despu\u00e9s de esta lista,&nbsp;<strong>no hay manera de incluir a nadie m\u00e1s, cualquier cambio debe de estar en esta lista de 55, ser\u00e1 un momento importante dentro del camino a Qatar&#8221;.<\/strong><\/p>\n\n\n\n<p><strong>De esta lista se podr\u00e1n tomar a los jugadores que podr\u00e1n sustituir a un lesionado o enfermero de los 26 que acudan a la Copa del Mundo.<\/strong><\/p>\n\n\n\n<p>Yon de Luisa indic\u00f3 que esta lista&nbsp;<strong>ser\u00e1 formada por jugadores comprometidos, que quieren ir a la Copa del Mundo.<\/strong><\/p>\n\n\n\n<p>&#8220;De c\u00f3mo empez\u00f3 el cuatrienio y c\u00f3mo estamos, no hay jugador que no quiera ir, como s\u00ed nos pas\u00f3 en la Copa del 2019 (con la negativa de Carlos Vela y otros jugadores que pidieron vacaciones), no se nos olvide que todo empez\u00f3 muy positivo, luego se nos vino la pandemia, tuvimos unos extraordinarios partidos. Creo que hoy tenemos esta oportunidad de tener un gran vestidor. Tenemos hoy ocho calificaciones a Mundiales, somos los \u00fanicos junto con Brasil, en pasar desde el 94 de primera ronda y tenemos la intenci\u00f3n de mantener esa racha&#8221;.<\/p>\n\n\n\n<p>Con informaci\u00f3n de SUN<\/p>\n","protected":false},"excerpt":{"rendered":"<p>Por Redacci\u00f3n QP El presidente de la FMF fue claro al hablar de los jugadores&#8230;<\/p>\n","protected":false},"author":2,"featured_media":96213,"comment_status":"open","ping_status":"open","sticky":false,"template":"","format":"standard","meta":{"_monsterinsights_skip_tracking":false,"_monsterinsights_sitenote_active":false,"_monsterinsights_sitenote_note":"","_monsterinsights_sitenote_category":0,"footnotes":""},"categories":[54],"tags":[],"class_list":["post-96212","post","type-post","status-publish","format-standard","has-post-thumbnail","hentry","category-deportes"],"yoast_head":"<!-- This site is optimized with the Yoast SEO plugin v27.3 - https:\/\/yoast.com\/product\/yoast-seo-wordpress\/ -->\n<title>Yon de Luisa sentencia: Si un jugador est\u00e1 lesionado no ir\u00e1 al Mundial\u00a0 -<\/title>\n<meta name=\"robots\" content=\"index, follow, max-snippet:-1, max-image-preview:large, max-video-preview:-1\" \/>\n<link rel=\"canonical\" href=\"https:\/\/quehacerpolitico.mx\/?p=96212\" \/>\n<meta property=\"og:locale\" content=\"es_MX\" \/>\n<meta property=\"og:type\" content=\"article\" \/>\n<meta property=\"og:title\" content=\"Yon de Luisa sentencia: Si un jugador est\u00e1 lesionado no ir\u00e1 al Mundial\u00a0 -\" \/>\n<meta property=\"og:description\" content=\"Por Redacci\u00f3n QP El presidente de la FMF fue claro al hablar de los jugadores...\" \/>\n<meta property=\"og:url\" content=\"https:\/\/quehacerpolitico.mx\/?p=96212\" \/>\n<meta property=\"article:published_time\" content=\"2022-10-12T16:51:18+00:00\" \/>\n<meta property=\"article:modified_time\" content=\"2022-10-12T16:51:22+00:00\" \/>\n<meta property=\"og:image\" content=\"https:\/\/quehacerpolitico.mx\/wp-content\/uploads\/2022\/10\/43A8F528-A67D-41AF-8DE3-C0BBAE4A36B7.jpeg\" \/>\n\t<meta property=\"og:image:width\" content=\"738\" \/>\n\t<meta property=\"og:image:height\" content=\"415\" \/>\n\t<meta property=\"og:image:type\" content=\"image\/jpeg\" \/>\n<meta name=\"author\" content=\"Redacci\u00f3n QP\" \/>\n<meta name=\"twitter:card\" content=\"summary_large_image\" \/>\n<meta name=\"twitter:label1\" content=\"Escrito por\" \/>\n\t<meta name=\"twitter:data1\" content=\"Redacci\u00f3n QP\" \/>\n\t<meta name=\"twitter:label2\" content=\"Tiempo de lectura\" \/>\n\t<meta name=\"twitter:data2\" content=\"3 minutos\" \/>\n<script type=\"application\/ld+json\" class=\"yoast-schema-graph\">{\"@context\":\"https:\\\/\\\/schema.org\",\"@graph\":[{\"@type\":\"Article\",\"@id\":\"https:\\\/\\\/quehacerpolitico.mx\\\/?p=96212#article\",\"isPartOf\":{\"@id\":\"https:\\\/\\\/quehacerpolitico.mx\\\/?p=96212\"},\"author\":{\"name\":\"Redacci\u00f3n QP\",\"@id\":\"https:\\\/\\\/quehacerpolitico.mx\\\/#\\\/schema\\\/person\\\/496d8ad2d1d3f8036101dca7ee39e585\"},\"headline\":\"Yon de Luisa sentencia: Si un jugador est\u00e1 lesionado no ir\u00e1 al Mundial\u00a0\",\"datePublished\":\"2022-10-12T16:51:18+00:00\",\"dateModified\":\"2022-10-12T16:51:22+00:00\",\"mainEntityOfPage\":{\"@id\":\"https:\\\/\\\/quehacerpolitico.mx\\\/?p=96212\"},\"wordCount\":576,\"commentCount\":0,\"image\":{\"@id\":\"https:\\\/\\\/quehacerpolitico.mx\\\/?p=96212#primaryimage\"},\"thumbnailUrl\":\"https:\\\/\\\/quehacerpolitico.mx\\\/wp-content\\\/uploads\\\/2022\\\/10\\\/43A8F528-A67D-41AF-8DE3-C0BBAE4A36B7.jpeg\",\"articleSection\":[\"Deportes\"],\"inLanguage\":\"es\",\"potentialAction\":[{\"@type\":\"CommentAction\",\"name\":\"Comment\",\"target\":[\"https:\\\/\\\/quehacerpolitico.mx\\\/?p=96212#respond\"]}]},{\"@type\":\"WebPage\",\"@id\":\"https:\\\/\\\/quehacerpolitico.mx\\\/?p=96212\",\"url\":\"https:\\\/\\\/quehacerpolitico.mx\\\/?p=96212\",\"name\":\"Yon de Luisa sentencia: Si un jugador est\u00e1 lesionado no ir\u00e1 al Mundial\u00a0 -\",\"isPartOf\":{\"@id\":\"https:\\\/\\\/quehacerpolitico.mx\\\/#website\"},\"primaryImageOfPage\":{\"@id\":\"https:\\\/\\\/quehacerpolitico.mx\\\/?p=96212#primaryimage\"},\"image\":{\"@id\":\"https:\\\/\\\/quehacerpolitico.mx\\\/?p=96212#primaryimage\"},\"thumbnailUrl\":\"https:\\\/\\\/quehacerpolitico.mx\\\/wp-content\\\/uploads\\\/2022\\\/10\\\/43A8F528-A67D-41AF-8DE3-C0BBAE4A36B7.jpeg\",\"datePublished\":\"2022-10-12T16:51:18+00:00\",\"dateModified\":\"2022-10-12T16:51:22+00:00\",\"author\":{\"@id\":\"https:\\\/\\\/quehacerpolitico.mx\\\/#\\\/schema\\\/person\\\/496d8ad2d1d3f8036101dca7ee39e585\"},\"breadcrumb\":{\"@id\":\"https:\\\/\\\/quehacerpolitico.mx\\\/?p=96212#breadcrumb\"},\"inLanguage\":\"es\",\"potentialAction\":[{\"@type\":\"ReadAction\",\"target\":[\"https:\\\/\\\/quehacerpolitico.mx\\\/?p=96212\"]}]},{\"@type\":\"ImageObject\",\"inLanguage\":\"es\",\"@id\":\"https:\\\/\\\/quehacerpolitico.mx\\\/?p=96212#primaryimage\",\"url\":\"https:\\\/\\\/quehacerpolitico.mx\\\/wp-content\\\/uploads\\\/2022\\\/10\\\/43A8F528-A67D-41AF-8DE3-C0BBAE4A36B7.jpeg\",\"contentUrl\":\"https:\\\/\\\/quehacerpolitico.mx\\\/wp-content\\\/uploads\\\/2022\\\/10\\\/43A8F528-A67D-41AF-8DE3-C0BBAE4A36B7.jpeg\",\"width\":738,\"height\":415},{\"@type\":\"BreadcrumbList\",\"@id\":\"https:\\\/\\\/quehacerpolitico.mx\\\/?p=96212#breadcrumb\",\"itemListElement\":[{\"@type\":\"ListItem\",\"position\":1,\"name\":\"Inicio\",\"item\":\"https:\\\/\\\/quehacerpolitico.mx\\\/\"},{\"@type\":\"ListItem\",\"position\":2,\"name\":\"Yon de Luisa sentencia: Si un jugador est\u00e1 lesionado no ir\u00e1 al Mundial\u00a0\"}]},{\"@type\":\"WebSite\",\"@id\":\"https:\\\/\\\/quehacerpolitico.mx\\\/#website\",\"url\":\"https:\\\/\\\/quehacerpolitico.mx\\\/\",\"name\":\"\",\"description\":\"\",\"potentialAction\":[{\"@type\":\"SearchAction\",\"target\":{\"@type\":\"EntryPoint\",\"urlTemplate\":\"https:\\\/\\\/quehacerpolitico.mx\\\/?s={search_term_string}\"},\"query-input\":{\"@type\":\"PropertyValueSpecification\",\"valueRequired\":true,\"valueName\":\"search_term_string\"}}],\"inLanguage\":\"es\"},{\"@type\":\"Person\",\"@id\":\"https:\\\/\\\/quehacerpolitico.mx\\\/#\\\/schema\\\/person\\\/496d8ad2d1d3f8036101dca7ee39e585\",\"name\":\"Redacci\u00f3n QP\",\"image\":{\"@type\":\"ImageObject\",\"inLanguage\":\"es\",\"@id\":\"https:\\\/\\\/secure.gravatar.com\\\/avatar\\\/c7164ed6fdec453195284ad24a5ae5b6e1eed2b848477fa2a4787ba9adf39a41?s=96&d=mm&r=g\",\"url\":\"https:\\\/\\\/secure.gravatar.com\\\/avatar\\\/c7164ed6fdec453195284ad24a5ae5b6e1eed2b848477fa2a4787ba9adf39a41?s=96&d=mm&r=g\",\"contentUrl\":\"https:\\\/\\\/secure.gravatar.com\\\/avatar\\\/c7164ed6fdec453195284ad24a5ae5b6e1eed2b848477fa2a4787ba9adf39a41?s=96&d=mm&r=g\",\"caption\":\"Redacci\u00f3n QP\"},\"url\":\"https:\\\/\\\/quehacerpolitico.mx\\\/?author=2\"}]}<\/script>\n<!-- \/ Yoast SEO plugin. -->","yoast_head_json":{"title":"Yon de Luisa sentencia: Si un jugador est\u00e1 lesionado no ir\u00e1 al Mundial\u00a0 -","robots":{"index":"index","follow":"follow","max-snippet":"max-snippet:-1","max-image-preview":"max-image-preview:large","max-video-preview":"max-video-preview:-1"},"canonical":"https:\/\/quehacerpolitico.mx\/?p=96212","og_locale":"es_MX","og_type":"article","og_title":"Yon de Luisa sentencia: Si un jugador est\u00e1 lesionado no ir\u00e1 al Mundial\u00a0 -","og_description":"Por Redacci\u00f3n QP El presidente de la FMF fue claro al hablar de los jugadores...","og_url":"https:\/\/quehacerpolitico.mx\/?p=96212","article_published_time":"2022-10-12T16:51:18+00:00","article_modified_time":"2022-10-12T16:51:22+00:00","og_image":[{"width":738,"height":415,"url":"https:\/\/quehacerpolitico.mx\/wp-content\/uploads\/2022\/10\/43A8F528-A67D-41AF-8DE3-C0BBAE4A36B7.jpeg","type":"image\/jpeg"}],"author":"Redacci\u00f3n QP","twitter_card":"summary_large_image","twitter_misc":{"Escrito por":"Redacci\u00f3n QP","Tiempo de lectura":"3 minutos"},"schema":{"@context":"https:\/\/schema.org","@graph":[{"@type":"Article","@id":"https:\/\/quehacerpolitico.mx\/?p=96212#article","isPartOf":{"@id":"https:\/\/quehacerpolitico.mx\/?p=96212"},"author":{"name":"Redacci\u00f3n QP","@id":"https:\/\/quehacerpolitico.mx\/#\/schema\/person\/496d8ad2d1d3f8036101dca7ee39e585"},"headline":"Yon de Luisa sentencia: Si un jugador est\u00e1 lesionado no ir\u00e1 al Mundial\u00a0","datePublished":"2022-10-12T16:51:18+00:00","dateModified":"2022-10-12T16:51:22+00:00","mainEntityOfPage":{"@id":"https:\/\/quehacerpolitico.mx\/?p=96212"},"wordCount":576,"commentCount":0,"image":{"@id":"https:\/\/quehacerpolitico.mx\/?p=96212#primaryimage"},"thumbnailUrl":"https:\/\/quehacerpolitico.mx\/wp-content\/uploads\/2022\/10\/43A8F528-A67D-41AF-8DE3-C0BBAE4A36B7.jpeg","articleSection":["Deportes"],"inLanguage":"es","potentialAction":[{"@type":"CommentAction","name":"Comment","target":["https:\/\/quehacerpolitico.mx\/?p=96212#respond"]}]},{"@type":"WebPage","@id":"https:\/\/quehacerpolitico.mx\/?p=96212","url":"https:\/\/quehacerpolitico.mx\/?p=96212","name":"Yon de Luisa sentencia: Si un jugador est\u00e1 lesionado no ir\u00e1 al Mundial\u00a0 -","isPartOf":{"@id":"https:\/\/quehacerpolitico.mx\/#website"},"primaryImageOfPage":{"@id":"https:\/\/quehacerpolitico.mx\/?p=96212#primaryimage"},"image":{"@id":"https:\/\/quehacerpolitico.mx\/?p=96212#primaryimage"},"thumbnailUrl":"https:\/\/quehacerpolitico.mx\/wp-content\/uploads\/2022\/10\/43A8F528-A67D-41AF-8DE3-C0BBAE4A36B7.jpeg","datePublished":"2022-10-12T16:51:18+00:00","dateModified":"2022-10-12T16:51:22+00:00","author":{"@id":"https:\/\/quehacerpolitico.mx\/#\/schema\/person\/496d8ad2d1d3f8036101dca7ee39e585"},"breadcrumb":{"@id":"https:\/\/quehacerpolitico.mx\/?p=96212#breadcrumb"},"inLanguage":"es","potentialAction":[{"@type":"ReadAction","target":["https:\/\/quehacerpolitico.mx\/?p=96212"]}]},{"@type":"ImageObject","inLanguage":"es","@id":"https:\/\/quehacerpolitico.mx\/?p=96212#primaryimage","url":"https:\/\/quehacerpolitico.mx\/wp-content\/uploads\/2022\/10\/43A8F528-A67D-41AF-8DE3-C0BBAE4A36B7.jpeg","contentUrl":"https:\/\/quehacerpolitico.mx\/wp-content\/uploads\/2022\/10\/43A8F528-A67D-41AF-8DE3-C0BBAE4A36B7.jpeg","width":738,"height":415},{"@type":"BreadcrumbList","@id":"https:\/\/quehacerpolitico.mx\/?p=96212#breadcrumb","itemListElement":[{"@type":"ListItem","position":1,"name":"Inicio","item":"https:\/\/quehacerpolitico.mx\/"},{"@type":"ListItem","position":2,"name":"Yon de Luisa sentencia: Si un jugador est\u00e1 lesionado no ir\u00e1 al Mundial\u00a0"}]},{"@type":"WebSite","@id":"https:\/\/quehacerpolitico.mx\/#website","url":"https:\/\/quehacerpolitico.mx\/","name":"","description":"","potentialAction":[{"@type":"SearchAction","target":{"@type":"EntryPoint","urlTemplate":"https:\/\/quehacerpolitico.mx\/?s={search_term_string}"},"query-input":{"@type":"PropertyValueSpecification","valueRequired":true,"valueName":"search_term_string"}}],"inLanguage":"es"},{"@type":"Person","@id":"https:\/\/quehacerpolitico.mx\/#\/schema\/person\/496d8ad2d1d3f8036101dca7ee39e585","name":"Redacci\u00f3n QP","image":{"@type":"ImageObject","inLanguage":"es","@id":"https:\/\/secure.gravatar.com\/avatar\/c7164ed6fdec453195284ad24a5ae5b6e1eed2b848477fa2a4787ba9adf39a41?s=96&d=mm&r=g","url":"https:\/\/secure.gravatar.com\/avatar\/c7164ed6fdec453195284ad24a5ae5b6e1eed2b848477fa2a4787ba9adf39a41?s=96&d=mm&r=g","contentUrl":"https:\/\/secure.gravatar.com\/avatar\/c7164ed6fdec453195284ad24a5ae5b6e1eed2b848477fa2a4787ba9adf39a41?s=96&d=mm&r=g","caption":"Redacci\u00f3n QP"},"url":"https:\/\/quehacerpolitico.mx\/?author=2"}]}},"featured_image_urls":{"full":["https:\/\/quehacerpolitico.mx\/wp-content\/uploads\/2022\/10\/43A8F528-A67D-41AF-8DE3-C0BBAE4A36B7.jpeg",738,415,false],"thumbnail":["https:\/\/quehacerpolitico.mx\/wp-content\/uploads\/2022\/10\/43A8F528-A67D-41AF-8DE3-C0BBAE4A36B7-150x150.jpeg",150,150,true],"medium":["https:\/\/quehacerpolitico.mx\/wp-content\/uploads\/2022\/10\/43A8F528-A67D-41AF-8DE3-C0BBAE4A36B7-300x169.jpeg",300,169,true],"medium_large":["https:\/\/quehacerpolitico.mx\/wp-content\/uploads\/2022\/10\/43A8F528-A67D-41AF-8DE3-C0BBAE4A36B7.jpeg",640,360,false],"large":["https:\/\/quehacerpolitico.mx\/wp-content\/uploads\/2022\/10\/43A8F528-A67D-41AF-8DE3-C0BBAE4A36B7.jpeg",640,360,false],"1536x1536":["https:\/\/quehacerpolitico.mx\/wp-content\/uploads\/2022\/10\/43A8F528-A67D-41AF-8DE3-C0BBAE4A36B7.jpeg",738,415,false],"2048x2048":["https:\/\/quehacerpolitico.mx\/wp-content\/uploads\/2022\/10\/43A8F528-A67D-41AF-8DE3-C0BBAE4A36B7.jpeg",738,415,false],"covernews-featured":["https:\/\/quehacerpolitico.mx\/wp-content\/uploads\/2022\/10\/43A8F528-A67D-41AF-8DE3-C0BBAE4A36B7.jpeg",738,415,false],"covernews-medium":["https:\/\/quehacerpolitico.mx\/wp-content\/uploads\/2022\/10\/43A8F528-A67D-41AF-8DE3-C0BBAE4A36B7.jpeg",540,304,false]},"author_info":{"display_name":"Redacci\u00f3n QP","author_link":"https:\/\/quehacerpolitico.mx\/?author=2"},"category_info":"<a href=\"https:\/\/quehacerpolitico.mx\/?cat=54\" rel=\"category\">Deportes<\/a>","tag_info":"Deportes","comment_count":"0","_links":{"self":[{"href":"https:\/\/quehacerpolitico.mx\/index.php?rest_route=\/wp\/v2\/posts\/96212","targetHints":{"allow":["GET"]}}],"collection":[{"href":"https:\/\/quehacerpolitico.mx\/index.php?rest_route=\/wp\/v2\/posts"}],"about":[{"href":"https:\/\/quehacerpolitico.mx\/index.php?rest_route=\/wp\/v2\/types\/post"}],"author":[{"embeddable":true,"href":"https:\/\/quehacerpolitico.mx\/index.php?rest_route=\/wp\/v2\/users\/2"}],"replies":[{"embeddable":true,"href":"https:\/\/quehacerpolitico.mx\/index.php?rest_route=%2Fwp%2Fv2%2Fcomments&post=96212"}],"version-history":[{"count":1,"href":"https:\/\/quehacerpolitico.mx\/index.php?rest_route=\/wp\/v2\/posts\/96212\/revisions"}],"predecessor-version":[{"id":96214,"href":"https:\/\/quehacerpolitico.mx\/index.php?rest_route=\/wp\/v2\/posts\/96212\/revisions\/96214"}],"wp:featuredmedia":[{"embeddable":true,"href":"https:\/\/quehacerpolitico.mx\/index.php?rest_route=\/wp\/v2\/media\/96213"}],"wp:attachment":[{"href":"https:\/\/quehacerpolitico.mx\/index.php?rest_route=%2Fwp%2Fv2%2Fmedia&parent=96212"}],"wp:term":[{"taxonomy":"category","embeddable":true,"href":"https:\/\/quehacerpolitico.mx\/index.php?rest_route=%2Fwp%2Fv2%2Fcategories&post=96212"},{"taxonomy":"post_tag","embeddable":true,"href":"https:\/\/quehacerpolitico.mx\/index.php?rest_route=%2Fwp%2Fv2%2Ftags&post=96212"}],"curies":[{"name":"wp","href":"https:\/\/api.w.org\/{rel}","templated":true}]}}